{"id":112947,"date":"2026-02-03T13:38:22","date_gmt":"2026-02-03T12:38:22","guid":{"rendered":"https:\/\/batijournal.com\/?p=112947"},"modified":"2026-02-03T13:57:49","modified_gmt":"2026-02-03T12:57:49","slug":"chili-une-porte-strategique-vers-le-secteur-forestier-latino-americain","status":"publish","type":"post","link":"https:\/\/batijournal.com\/index.php\/chili-une-porte-strategique-vers-le-secteur-forestier-latino-americain\/112947\/","title":{"rendered":"Chili : une porte strat\u00e9gique vers le secteur forestier latino-am\u00e9ricain\u00a0"},"content":{"rendered":"<div>avec Enrico Gallo, pr\u00e9sident de Chilean Wood Corporation (CORMA)<\/div>\n<div><\/div>\n<div><\/div>\n<div>\u00c0 l\u2019occasion sur salon Eurobois, qui se tient \u00e0 Lyon Eurexpo du 3 au 6 f\u00e9vrier 2026, les \u00e9quipes de batijournal TV sont pr\u00e9sentes avec une nouvelle \u00e9dition de son plateau TV. A l\u2019occasion de cette rencontre d\u00e9di\u00e9e \u00e0 la fili\u00e8re bois, batijournal est en direct sur la Wood Arena. Tout au long de l\u2019\u00e9v\u00e9nement, retrouvez interviews, \u00e9changes et temps forts autour de l\u2019actualit\u00e9 de la fili\u00e8re.<\/div>\n<div><\/div>\n<div><\/div>\n<p><iframe loading=\"lazy\" title=\"Chili : votre porte strat\u00e9gique vers le secteur forestier latino-am\u00e9ricain.\" width=\"1080\" height=\"608\" src=\"https:\/\/www.youtube.com\/embed\/w2zfbXEPXOY?feature=oembed\"  allow=\"accelerometer; autoplay; clipboard-write; encrypted-media; gyroscope; picture-in-picture; web-share\" referrerpolicy=\"strict-origin-when-cross-origin\" allowfullscreen><\/iframe><\/p>\n","protected":false},"excerpt":{"rendered":"<p>avec Enrico Gallo, pr\u00e9sident de Chilean Wood Corporation (CORMA) \u00c0 l\u2019occasion sur salon Eurobois, qui se tient \u00e0 Lyon Eurexpo du 3 au 6 f\u00e9vrier 2026, les \u00e9quipes de batijournal TV sont pr\u00e9sentes avec une nouvelle \u00e9dition de son plateau TV. A l\u2019occasion de cette rencontre d\u00e9di\u00e9e \u00e0 la fili\u00e8re bois, batijournal est en direct [&hellip;]<\/p>\n","protected":false},"author":18,"featured_media":112949,"comment_status":"closed","ping_status":"closed","sticky":false,"template":"","format":"standard","meta":{"_et_pb_use_builder":"","_et_pb_old_content":"","_et_gb_content_width":"","footnotes":""},"categories":[10736,10530,11200],"tags":[],"class_list":["post-112947","post","type-post","status-publish","format-standard","has-post-thumbnail","hentry","category-a-la-une","category-actualites","category-batijournal-tv"],"yoast_head":"<!-- This site is optimized with the Yoast SEO plugin v27.4 - https:\/\/yoast.com\/product\/yoast-seo-wordpress\/ -->\n<title>Chili : une porte strat\u00e9gique vers le secteur forestier latino-am\u00e9ricain\u00a0<\/title>\n<meta name=\"robots\" content=\"index, follow, max-snippet:-1, max-image-preview:large, max-video-preview:-1\" \/>\n<link rel=\"canonical\" href=\"https:\/\/batijournal.com\/index.php\/chili-une-porte-strategique-vers-le-secteur-forestier-latino-americain\/112947\/\" \/>\n<meta property=\"og:locale\" content=\"fr_FR\" \/>\n<meta property=\"og:type\" content=\"article\" \/>\n<meta property=\"og:title\" content=\"Chili : une porte strat\u00e9gique vers le secteur forestier latino-am\u00e9ricain\u00a0\" \/>\n<meta property=\"og:description\" content=\"avec Enrico Gallo, pr\u00e9sident de Chilean Wood Corporation (CORMA) \u00c0 l\u2019occasion sur salon Eurobois, qui se tient \u00e0 Lyon Eurexpo du 3 au 6 f\u00e9vrier 2026, les \u00e9quipes de batijournal TV sont pr\u00e9sentes avec une nouvelle \u00e9dition de son plateau TV. A l\u2019occasion de cette rencontre d\u00e9di\u00e9e \u00e0 la fili\u00e8re bois, batijournal est en direct [&hellip;]\" \/>\n<meta property=\"og:url\" content=\"https:\/\/batijournal.com\/index.php\/chili-une-porte-strategique-vers-le-secteur-forestier-latino-americain\/112947\/\" \/>\n<meta property=\"og:site_name\" content=\"Batijournal\" \/>\n<meta property=\"article:published_time\" content=\"2026-02-03T12:38:22+00:00\" \/>\n<meta property=\"article:modified_time\" content=\"2026-02-03T12:57:49+00:00\" \/>\n<meta property=\"og:image\" content=\"https:\/\/batijournal.com\/wp-content\/uploads\/2026\/02\/Capture-decran-2026-02-03-a-13.49.22-e1770123007711.png\" \/>\n\t<meta property=\"og:image:width\" content=\"1000\" \/>\n\t<meta property=\"og:image:height\" content=\"551\" \/>\n\t<meta property=\"og:image:type\" content=\"image\/png\" \/>\n<meta name=\"author\" content=\"Lucien B\" \/>\n<meta name=\"twitter:card\" content=\"summary_large_image\" \/>\n<meta name=\"twitter:creator\" content=\"@bati_journal\" \/>\n<meta name=\"twitter:site\" content=\"@bati_journal\" \/>\n<meta name=\"twitter:label1\" content=\"\u00c9crit par\" \/>\n\t<meta name=\"twitter:data1\" content=\"Lucien B\" \/>\n\t<meta name=\"twitter:label2\" content=\"Dur\u00e9e de lecture estim\u00e9e\" \/>\n\t<meta name=\"twitter:data2\" content=\"1 minute\" \/>\n<script type=\"application\/ld+json\" class=\"yoast-schema-graph\">{\"@context\":\"https:\\\/\\\/schema.org\",\"@graph\":[{\"@type\":\"Article\",\"@id\":\"https:\\\/\\\/batijournal.com\\\/index.php\\\/chili-une-porte-strategique-vers-le-secteur-forestier-latino-americain\\\/112947\\\/#article\",\"isPartOf\":{\"@id\":\"https:\\\/\\\/batijournal.com\\\/index.php\\\/chili-une-porte-strategique-vers-le-secteur-forestier-latino-americain\\\/112947\\\/\"},\"author\":{\"name\":\"Lucien B\",\"@id\":\"https:\\\/\\\/batijournal.com\\\/#\\\/schema\\\/person\\\/4c7c7cef61be850f1b82b3492a006f17\"},\"headline\":\"Chili : une porte strat\u00e9gique vers le secteur forestier latino-am\u00e9ricain\u00a0\",\"datePublished\":\"2026-02-03T12:38:22+00:00\",\"dateModified\":\"2026-02-03T12:57:49+00:00\",\"mainEntityOfPage\":{\"@id\":\"https:\\\/\\\/batijournal.com\\\/index.php\\\/chili-une-porte-strategique-vers-le-secteur-forestier-latino-americain\\\/112947\\\/\"},\"wordCount\":101,\"image\":{\"@id\":\"https:\\\/\\\/batijournal.com\\\/index.php\\\/chili-une-porte-strategique-vers-le-secteur-forestier-latino-americain\\\/112947\\\/#primaryimage\"},\"thumbnailUrl\":\"https:\\\/\\\/batijournal.com\\\/wp-content\\\/uploads\\\/2026\\\/02\\\/Capture-decran-2026-02-03-a-13.49.22-e1770123007711.png\",\"articleSection\":[\"A la Une\",\"Actualit\u00e9s\",\"batijournal TV\"],\"inLanguage\":\"fr-FR\"},{\"@type\":\"WebPage\",\"@id\":\"https:\\\/\\\/batijournal.com\\\/index.php\\\/chili-une-porte-strategique-vers-le-secteur-forestier-latino-americain\\\/112947\\\/\",\"url\":\"https:\\\/\\\/batijournal.com\\\/index.php\\\/chili-une-porte-strategique-vers-le-secteur-forestier-latino-americain\\\/112947\\\/\",\"name\":\"Chili : une porte strat\u00e9gique vers le secteur forestier latino-am\u00e9ricain\u00a0\",\"isPartOf\":{\"@id\":\"https:\\\/\\\/batijournal.com\\\/#website\"},\"primaryImageOfPage\":{\"@id\":\"https:\\\/\\\/batijournal.com\\\/index.php\\\/chili-une-porte-strategique-vers-le-secteur-forestier-latino-americain\\\/112947\\\/#primaryimage\"},\"image\":{\"@id\":\"https:\\\/\\\/batijournal.com\\\/index.php\\\/chili-une-porte-strategique-vers-le-secteur-forestier-latino-americain\\\/112947\\\/#primaryimage\"},\"thumbnailUrl\":\"https:\\\/\\\/batijournal.com\\\/wp-content\\\/uploads\\\/2026\\\/02\\\/Capture-decran-2026-02-03-a-13.49.22-e1770123007711.png\",\"datePublished\":\"2026-02-03T12:38:22+00:00\",\"dateModified\":\"2026-02-03T12:57:49+00:00\",\"author\":{\"@id\":\"https:\\\/\\\/batijournal.com\\\/#\\\/schema\\\/person\\\/4c7c7cef61be850f1b82b3492a006f17\"},\"breadcrumb\":{\"@id\":\"https:\\\/\\\/batijournal.com\\\/index.php\\\/chili-une-porte-strategique-vers-le-secteur-forestier-latino-americain\\\/112947\\\/#breadcrumb\"},\"inLanguage\":\"fr-FR\",\"potentialAction\":[{\"@type\":\"ReadAction\",\"target\":[\"https:\\\/\\\/batijournal.com\\\/index.php\\\/chili-une-porte-strategique-vers-le-secteur-forestier-latino-americain\\\/112947\\\/\"]}]},{\"@type\":\"ImageObject\",\"inLanguage\":\"fr-FR\",\"@id\":\"https:\\\/\\\/batijournal.com\\\/index.php\\\/chili-une-porte-strategique-vers-le-secteur-forestier-latino-americain\\\/112947\\\/#primaryimage\",\"url\":\"https:\\\/\\\/batijournal.com\\\/wp-content\\\/uploads\\\/2026\\\/02\\\/Capture-decran-2026-02-03-a-13.49.22-e1770123007711.png\",\"contentUrl\":\"https:\\\/\\\/batijournal.com\\\/wp-content\\\/uploads\\\/2026\\\/02\\\/Capture-decran-2026-02-03-a-13.49.22-e1770123007711.png\",\"width\":1000,\"height\":551},{\"@type\":\"BreadcrumbList\",\"@id\":\"https:\\\/\\\/batijournal.com\\\/index.php\\\/chili-une-porte-strategique-vers-le-secteur-forestier-latino-americain\\\/112947\\\/#breadcrumb\",\"itemListElement\":[{\"@type\":\"ListItem\",\"position\":1,\"name\":\"Accueil\",\"item\":\"https:\\\/\\\/batijournal.com\\\/\"},{\"@type\":\"ListItem\",\"position\":2,\"name\":\"A la Une\",\"item\":\"https:\\\/\\\/batijournal.com\\\/index.php\\\/category\\\/a-la-une\\\/\"},{\"@type\":\"ListItem\",\"position\":3,\"name\":\"Chili : une porte strat\u00e9gique vers le secteur forestier latino-am\u00e9ricain\u00a0\"}]},{\"@type\":\"WebSite\",\"@id\":\"https:\\\/\\\/batijournal.com\\\/#website\",\"url\":\"https:\\\/\\\/batijournal.com\\\/\",\"name\":\"Batijournal\",\"description\":\"L&#039;actualit\u00e9 du b\u00e2timent\",\"potentialAction\":[{\"@type\":\"SearchAction\",\"target\":{\"@type\":\"EntryPoint\",\"urlTemplate\":\"https:\\\/\\\/batijournal.com\\\/?s={search_term_string}\"},\"query-input\":{\"@type\":\"PropertyValueSpecification\",\"valueRequired\":true,\"valueName\":\"search_term_string\"}}],\"inLanguage\":\"fr-FR\"},{\"@type\":\"Person\",\"@id\":\"https:\\\/\\\/batijournal.com\\\/#\\\/schema\\\/person\\\/4c7c7cef61be850f1b82b3492a006f17\",\"name\":\"Lucien B\",\"image\":{\"@type\":\"ImageObject\",\"inLanguage\":\"fr-FR\",\"@id\":\"https:\\\/\\\/secure.gravatar.com\\\/avatar\\\/7e53691871877667ca1b4481ee38eed4e735d5de53ad94ab51ac26fd8125e321?s=96&d=mm&r=g\",\"url\":\"https:\\\/\\\/secure.gravatar.com\\\/avatar\\\/7e53691871877667ca1b4481ee38eed4e735d5de53ad94ab51ac26fd8125e321?s=96&d=mm&r=g\",\"contentUrl\":\"https:\\\/\\\/secure.gravatar.com\\\/avatar\\\/7e53691871877667ca1b4481ee38eed4e735d5de53ad94ab51ac26fd8125e321?s=96&d=mm&r=g\",\"caption\":\"Lucien B\"},\"url\":\"https:\\\/\\\/batijournal.com\\\/index.php\\\/author\\\/victor\\\/\"}]}<\/script>\n<!-- \/ Yoast SEO plugin. -->","yoast_head_json":{"title":"Chili : une porte strat\u00e9gique vers le secteur forestier latino-am\u00e9ricain\u00a0","robots":{"index":"index","follow":"follow","max-snippet":"max-snippet:-1","max-image-preview":"max-image-preview:large","max-video-preview":"max-video-preview:-1"},"canonical":"https:\/\/batijournal.com\/index.php\/chili-une-porte-strategique-vers-le-secteur-forestier-latino-americain\/112947\/","og_locale":"fr_FR","og_type":"article","og_title":"Chili : une porte strat\u00e9gique vers le secteur forestier latino-am\u00e9ricain\u00a0","og_description":"avec Enrico Gallo, pr\u00e9sident de Chilean Wood Corporation (CORMA) \u00c0 l\u2019occasion sur salon Eurobois, qui se tient \u00e0 Lyon Eurexpo du 3 au 6 f\u00e9vrier 2026, les \u00e9quipes de batijournal TV sont pr\u00e9sentes avec une nouvelle \u00e9dition de son plateau TV. A l\u2019occasion de cette rencontre d\u00e9di\u00e9e \u00e0 la fili\u00e8re bois, batijournal est en direct [&hellip;]","og_url":"https:\/\/batijournal.com\/index.php\/chili-une-porte-strategique-vers-le-secteur-forestier-latino-americain\/112947\/","og_site_name":"Batijournal","article_published_time":"2026-02-03T12:38:22+00:00","article_modified_time":"2026-02-03T12:57:49+00:00","og_image":[{"width":1000,"height":551,"url":"https:\/\/batijournal.com\/wp-content\/uploads\/2026\/02\/Capture-decran-2026-02-03-a-13.49.22-e1770123007711.png","type":"image\/png"}],"author":"Lucien B","twitter_card":"summary_large_image","twitter_creator":"@bati_journal","twitter_site":"@bati_journal","twitter_misc":{"\u00c9crit par":"Lucien B","Dur\u00e9e de lecture estim\u00e9e":"1 minute"},"schema":{"@context":"https:\/\/schema.org","@graph":[{"@type":"Article","@id":"https:\/\/batijournal.com\/index.php\/chili-une-porte-strategique-vers-le-secteur-forestier-latino-americain\/112947\/#article","isPartOf":{"@id":"https:\/\/batijournal.com\/index.php\/chili-une-porte-strategique-vers-le-secteur-forestier-latino-americain\/112947\/"},"author":{"name":"Lucien B","@id":"https:\/\/batijournal.com\/#\/schema\/person\/4c7c7cef61be850f1b82b3492a006f17"},"headline":"Chili : une porte strat\u00e9gique vers le secteur forestier latino-am\u00e9ricain\u00a0","datePublished":"2026-02-03T12:38:22+00:00","dateModified":"2026-02-03T12:57:49+00:00","mainEntityOfPage":{"@id":"https:\/\/batijournal.com\/index.php\/chili-une-porte-strategique-vers-le-secteur-forestier-latino-americain\/112947\/"},"wordCount":101,"image":{"@id":"https:\/\/batijournal.com\/index.php\/chili-une-porte-strategique-vers-le-secteur-forestier-latino-americain\/112947\/#primaryimage"},"thumbnailUrl":"https:\/\/batijournal.com\/wp-content\/uploads\/2026\/02\/Capture-decran-2026-02-03-a-13.49.22-e1770123007711.png","articleSection":["A la Une","Actualit\u00e9s","batijournal TV"],"inLanguage":"fr-FR"},{"@type":"WebPage","@id":"https:\/\/batijournal.com\/index.php\/chili-une-porte-strategique-vers-le-secteur-forestier-latino-americain\/112947\/","url":"https:\/\/batijournal.com\/index.php\/chili-une-porte-strategique-vers-le-secteur-forestier-latino-americain\/112947\/","name":"Chili : une porte strat\u00e9gique vers le secteur forestier latino-am\u00e9ricain\u00a0","isPartOf":{"@id":"https:\/\/batijournal.com\/#website"},"primaryImageOfPage":{"@id":"https:\/\/batijournal.com\/index.php\/chili-une-porte-strategique-vers-le-secteur-forestier-latino-americain\/112947\/#primaryimage"},"image":{"@id":"https:\/\/batijournal.com\/index.php\/chili-une-porte-strategique-vers-le-secteur-forestier-latino-americain\/112947\/#primaryimage"},"thumbnailUrl":"https:\/\/batijournal.com\/wp-content\/uploads\/2026\/02\/Capture-decran-2026-02-03-a-13.49.22-e1770123007711.png","datePublished":"2026-02-03T12:38:22+00:00","dateModified":"2026-02-03T12:57:49+00:00","author":{"@id":"https:\/\/batijournal.com\/#\/schema\/person\/4c7c7cef61be850f1b82b3492a006f17"},"breadcrumb":{"@id":"https:\/\/batijournal.com\/index.php\/chili-une-porte-strategique-vers-le-secteur-forestier-latino-americain\/112947\/#breadcrumb"},"inLanguage":"fr-FR","potentialAction":[{"@type":"ReadAction","target":["https:\/\/batijournal.com\/index.php\/chili-une-porte-strategique-vers-le-secteur-forestier-latino-americain\/112947\/"]}]},{"@type":"ImageObject","inLanguage":"fr-FR","@id":"https:\/\/batijournal.com\/index.php\/chili-une-porte-strategique-vers-le-secteur-forestier-latino-americain\/112947\/#primaryimage","url":"https:\/\/batijournal.com\/wp-content\/uploads\/2026\/02\/Capture-decran-2026-02-03-a-13.49.22-e1770123007711.png","contentUrl":"https:\/\/batijournal.com\/wp-content\/uploads\/2026\/02\/Capture-decran-2026-02-03-a-13.49.22-e1770123007711.png","width":1000,"height":551},{"@type":"BreadcrumbList","@id":"https:\/\/batijournal.com\/index.php\/chili-une-porte-strategique-vers-le-secteur-forestier-latino-americain\/112947\/#breadcrumb","itemListElement":[{"@type":"ListItem","position":1,"name":"Accueil","item":"https:\/\/batijournal.com\/"},{"@type":"ListItem","position":2,"name":"A la Une","item":"https:\/\/batijournal.com\/index.php\/category\/a-la-une\/"},{"@type":"ListItem","position":3,"name":"Chili : une porte strat\u00e9gique vers le secteur forestier latino-am\u00e9ricain\u00a0"}]},{"@type":"WebSite","@id":"https:\/\/batijournal.com\/#website","url":"https:\/\/batijournal.com\/","name":"Batijournal","description":"L&#039;actualit\u00e9 du b\u00e2timent","potentialAction":[{"@type":"SearchAction","target":{"@type":"EntryPoint","urlTemplate":"https:\/\/batijournal.com\/?s={search_term_string}"},"query-input":{"@type":"PropertyValueSpecification","valueRequired":true,"valueName":"search_term_string"}}],"inLanguage":"fr-FR"},{"@type":"Person","@id":"https:\/\/batijournal.com\/#\/schema\/person\/4c7c7cef61be850f1b82b3492a006f17","name":"Lucien B","image":{"@type":"ImageObject","inLanguage":"fr-FR","@id":"https:\/\/secure.gravatar.com\/avatar\/7e53691871877667ca1b4481ee38eed4e735d5de53ad94ab51ac26fd8125e321?s=96&d=mm&r=g","url":"https:\/\/secure.gravatar.com\/avatar\/7e53691871877667ca1b4481ee38eed4e735d5de53ad94ab51ac26fd8125e321?s=96&d=mm&r=g","contentUrl":"https:\/\/secure.gravatar.com\/avatar\/7e53691871877667ca1b4481ee38eed4e735d5de53ad94ab51ac26fd8125e321?s=96&d=mm&r=g","caption":"Lucien B"},"url":"https:\/\/batijournal.com\/index.php\/author\/victor\/"}]}},"_links":{"self":[{"href":"https:\/\/batijournal.com\/index.php\/wp-json\/wp\/v2\/posts\/112947","targetHints":{"allow":["GET"]}}],"collection":[{"href":"https:\/\/batijournal.com\/index.php\/wp-json\/wp\/v2\/posts"}],"about":[{"href":"https:\/\/batijournal.com\/index.php\/wp-json\/wp\/v2\/types\/post"}],"author":[{"embeddable":true,"href":"https:\/\/batijournal.com\/index.php\/wp-json\/wp\/v2\/users\/18"}],"replies":[{"embeddable":true,"href":"https:\/\/batijournal.com\/index.php\/wp-json\/wp\/v2\/comments?post=112947"}],"version-history":[{"count":0,"href":"https:\/\/batijournal.com\/index.php\/wp-json\/wp\/v2\/posts\/112947\/revisions"}],"wp:featuredmedia":[{"embeddable":true,"href":"https:\/\/batijournal.com\/index.php\/wp-json\/wp\/v2\/media\/112949"}],"wp:attachment":[{"href":"https:\/\/batijournal.com\/index.php\/wp-json\/wp\/v2\/media?parent=112947"}],"wp:term":[{"taxonomy":"category","embeddable":true,"href":"https:\/\/batijournal.com\/index.php\/wp-json\/wp\/v2\/categories?post=112947"},{"taxonomy":"post_tag","embeddable":true,"href":"https:\/\/batijournal.com\/index.php\/wp-json\/wp\/v2\/tags?post=112947"}],"curies":[{"name":"wp","href":"https:\/\/api.w.org\/{rel}","templated":true}]}}