{"id":112983,"date":"2026-02-05T11:33:13","date_gmt":"2026-02-05T10:33:13","guid":{"rendered":"https:\/\/batijournal.com\/?p=112983"},"modified":"2026-02-05T11:33:13","modified_gmt":"2026-02-05T10:33:13","slug":"prix-et-concours-bois-ces-initiatives-pour-jeunes-architectes-urbanistes-et-paysagistes-engages","status":"publish","type":"post","link":"https:\/\/batijournal.com\/index.php\/prix-et-concours-bois-ces-initiatives-pour-jeunes-architectes-urbanistes-et-paysagistes-engages\/112983\/","title":{"rendered":"Prix et concours bois, ces Initiatives pour Jeunes Architectes, Urbanistes et Paysagistes Engag\u00e9s"},"content":{"rendered":"<p>Concours, prix et initiatives p\u00e9dagogiques jouent un r\u00f4le dans la sensibilisation des jeunes architectes, urbanistes et paysagistes au mat\u00e9riau bois. Concours Archibois, l\u2019Archi Caf\u00e9 du CCCA BTP ou encore la Wood Camp Academy, ces programmes offrent aux \u00e9tudiants et apprentis une immersion concr\u00e8te dans les m\u00e9tiers et savoir-faire de la fili\u00e8re for\u00eat-bois.<\/p>\n<p>Intervenants engag\u00e9s, enseignants, ing\u00e9nieurs de formation et professionnels du terrain partagent leurs retours d\u2019exp\u00e9rience.<\/p>\n<p>Avec :<\/p>\n<ul>\n<li>Ludovik Bost, Architecte-Enseignant Ecole Nationale Sup\u00e9rieure d\u2019Architecture Paris Belleville<\/li>\n<li>Thierry Varachaud, Ing\u00e9nieur formation en charge des m\u00e9tiers du bois, Pole Ing\u00e9nierie et Innovation p\u00e9dagogique, Direction des Politiques de formation et Innovation p\u00e9dagogique<\/li>\n<li>Daniel Carsalade, Pr\u00e9sident I3C, Compagnon Charpentier du Tour de France<\/li>\n<li>Sarah Laroussi, Consultante For\u00eat-Bois Prescription et Influence<\/li>\n<\/ul>\n<p><iframe loading=\"lazy\" title=\"Prix &amp; Concours Bois : Initiatives pour Jeunes Architectes, Urbanistes et Paysagistes Engag\u00e9s\" width=\"1080\" height=\"608\" src=\"https:\/\/www.youtube.com\/embed\/SP1hdFJK4Ns?feature=oembed\"  allow=\"accelerometer; autoplay; clipboard-write; encrypted-media; gyroscope; picture-in-picture; web-share\" referrerpolicy=\"strict-origin-when-cross-origin\" allowfullscreen><\/iframe><\/p>\n<p>&nbsp;<\/p>\n","protected":false},"excerpt":{"rendered":"<p>Concours, prix et initiatives p\u00e9dagogiques jouent un r\u00f4le dans la sensibilisation des jeunes architectes, urbanistes et paysagistes au mat\u00e9riau bois. Concours Archibois, l\u2019Archi Caf\u00e9 du CCCA BTP ou encore la Wood Camp Academy, ces programmes offrent aux \u00e9tudiants et apprentis une immersion concr\u00e8te dans les m\u00e9tiers et savoir-faire de la fili\u00e8re for\u00eat-bois.<\/p>\n","protected":false},"author":18,"featured_media":112984,"comment_status":"closed","ping_status":"closed","sticky":false,"template":"","format":"standard","meta":{"_et_pb_use_builder":"","_et_pb_old_content":"","_et_gb_content_width":"","footnotes":""},"categories":[10736,10530,11200],"tags":[],"class_list":["post-112983","post","type-post","status-publish","format-standard","has-post-thumbnail","hentry","category-a-la-une","category-actualites","category-batijournal-tv"],"yoast_head":"<!-- This site is optimized with the Yoast SEO plugin v27.4 - https:\/\/yoast.com\/product\/yoast-seo-wordpress\/ -->\n<title>Prix et concours bois, ces Initiatives pour Jeunes Architectes, Urbanistes et Paysagistes Engag\u00e9s<\/title>\n<meta name=\"description\" content=\"Concours, prix et initiatives p\u00e9dagogiques jouent un r\u00f4le dans la sensibilisation des jeunes architectes, urbanistes et paysagistes au mat\u00e9riau bois. Concours Archibois, l\u2019Archi Caf\u00e9 du CCCA BTP ou encore la Wood Camp Academy, ces programmes offrent aux \u00e9tudiants et apprentis une immersion concr\u00e8te dans les m\u00e9tiers et savoir-faire de la fili\u00e8re for\u00eat-bois.\" \/>\n<meta name=\"robots\" content=\"index, follow, max-snippet:-1, max-image-preview:large, max-video-preview:-1\" \/>\n<link rel=\"canonical\" href=\"https:\/\/batijournal.com\/index.php\/prix-et-concours-bois-ces-initiatives-pour-jeunes-architectes-urbanistes-et-paysagistes-engages\/112983\/\" \/>\n<meta property=\"og:locale\" content=\"fr_FR\" \/>\n<meta property=\"og:type\" content=\"article\" \/>\n<meta property=\"og:title\" content=\"Prix et concours bois, ces Initiatives pour Jeunes Architectes, Urbanistes et Paysagistes Engag\u00e9s\" \/>\n<meta property=\"og:description\" content=\"Concours, prix et initiatives p\u00e9dagogiques jouent un r\u00f4le dans la sensibilisation des jeunes architectes, urbanistes et paysagistes au mat\u00e9riau bois. Concours Archibois, l\u2019Archi Caf\u00e9 du CCCA BTP ou encore la Wood Camp Academy, ces programmes offrent aux \u00e9tudiants et apprentis une immersion concr\u00e8te dans les m\u00e9tiers et savoir-faire de la fili\u00e8re for\u00eat-bois.\" \/>\n<meta property=\"og:url\" content=\"https:\/\/batijournal.com\/index.php\/prix-et-concours-bois-ces-initiatives-pour-jeunes-architectes-urbanistes-et-paysagistes-engages\/112983\/\" \/>\n<meta property=\"og:site_name\" content=\"Batijournal\" \/>\n<meta property=\"article:published_time\" content=\"2026-02-05T10:33:13+00:00\" \/>\n<meta property=\"og:image\" content=\"https:\/\/batijournal.com\/wp-content\/uploads\/2026\/02\/Capture-decran-2026-02-05-a-11.32.31-1024x575.png\" \/>\n\t<meta property=\"og:image:width\" content=\"1024\" \/>\n\t<meta property=\"og:image:height\" content=\"575\" \/>\n\t<meta property=\"og:image:type\" content=\"image\/png\" \/>\n<meta name=\"author\" content=\"Lucien B\" \/>\n<meta name=\"twitter:card\" content=\"summary_large_image\" \/>\n<meta name=\"twitter:creator\" content=\"@bati_journal\" \/>\n<meta name=\"twitter:site\" content=\"@bati_journal\" \/>\n<meta name=\"twitter:label1\" content=\"\u00c9crit par\" \/>\n\t<meta name=\"twitter:data1\" content=\"Lucien B\" \/>\n\t<meta name=\"twitter:label2\" content=\"Dur\u00e9e de lecture estim\u00e9e\" \/>\n\t<meta name=\"twitter:data2\" content=\"1 minute\" \/>\n<script type=\"application\/ld+json\" class=\"yoast-schema-graph\">{\"@context\":\"https:\\\/\\\/schema.org\",\"@graph\":[{\"@type\":\"Article\",\"@id\":\"https:\\\/\\\/batijournal.com\\\/index.php\\\/prix-et-concours-bois-ces-initiatives-pour-jeunes-architectes-urbanistes-et-paysagistes-engages\\\/112983\\\/#article\",\"isPartOf\":{\"@id\":\"https:\\\/\\\/batijournal.com\\\/index.php\\\/prix-et-concours-bois-ces-initiatives-pour-jeunes-architectes-urbanistes-et-paysagistes-engages\\\/112983\\\/\"},\"author\":{\"name\":\"Lucien B\",\"@id\":\"https:\\\/\\\/batijournal.com\\\/#\\\/schema\\\/person\\\/4c7c7cef61be850f1b82b3492a006f17\"},\"headline\":\"Prix et concours bois, ces Initiatives pour Jeunes Architectes, Urbanistes et Paysagistes Engag\u00e9s\",\"datePublished\":\"2026-02-05T10:33:13+00:00\",\"mainEntityOfPage\":{\"@id\":\"https:\\\/\\\/batijournal.com\\\/index.php\\\/prix-et-concours-bois-ces-initiatives-pour-jeunes-architectes-urbanistes-et-paysagistes-engages\\\/112983\\\/\"},\"wordCount\":162,\"image\":{\"@id\":\"https:\\\/\\\/batijournal.com\\\/index.php\\\/prix-et-concours-bois-ces-initiatives-pour-jeunes-architectes-urbanistes-et-paysagistes-engages\\\/112983\\\/#primaryimage\"},\"thumbnailUrl\":\"https:\\\/\\\/batijournal.com\\\/wp-content\\\/uploads\\\/2026\\\/02\\\/Capture-decran-2026-02-05-a-11.32.31.png\",\"articleSection\":[\"A la Une\",\"Actualit\u00e9s\",\"batijournal TV\"],\"inLanguage\":\"fr-FR\"},{\"@type\":\"WebPage\",\"@id\":\"https:\\\/\\\/batijournal.com\\\/index.php\\\/prix-et-concours-bois-ces-initiatives-pour-jeunes-architectes-urbanistes-et-paysagistes-engages\\\/112983\\\/\",\"url\":\"https:\\\/\\\/batijournal.com\\\/index.php\\\/prix-et-concours-bois-ces-initiatives-pour-jeunes-architectes-urbanistes-et-paysagistes-engages\\\/112983\\\/\",\"name\":\"Prix et concours bois, ces Initiatives pour Jeunes Architectes, Urbanistes et Paysagistes Engag\u00e9s\",\"isPartOf\":{\"@id\":\"https:\\\/\\\/batijournal.com\\\/#website\"},\"primaryImageOfPage\":{\"@id\":\"https:\\\/\\\/batijournal.com\\\/index.php\\\/prix-et-concours-bois-ces-initiatives-pour-jeunes-architectes-urbanistes-et-paysagistes-engages\\\/112983\\\/#primaryimage\"},\"image\":{\"@id\":\"https:\\\/\\\/batijournal.com\\\/index.php\\\/prix-et-concours-bois-ces-initiatives-pour-jeunes-architectes-urbanistes-et-paysagistes-engages\\\/112983\\\/#primaryimage\"},\"thumbnailUrl\":\"https:\\\/\\\/batijournal.com\\\/wp-content\\\/uploads\\\/2026\\\/02\\\/Capture-decran-2026-02-05-a-11.32.31.png\",\"datePublished\":\"2026-02-05T10:33:13+00:00\",\"author\":{\"@id\":\"https:\\\/\\\/batijournal.com\\\/#\\\/schema\\\/person\\\/4c7c7cef61be850f1b82b3492a006f17\"},\"description\":\"Concours, prix et initiatives p\u00e9dagogiques jouent un r\u00f4le dans la sensibilisation des jeunes architectes, urbanistes et paysagistes au mat\u00e9riau bois. Concours Archibois, l\u2019Archi Caf\u00e9 du CCCA BTP ou encore la Wood Camp Academy, ces programmes offrent aux \u00e9tudiants et apprentis une immersion concr\u00e8te dans les m\u00e9tiers et savoir-faire de la fili\u00e8re for\u00eat-bois.\",\"breadcrumb\":{\"@id\":\"https:\\\/\\\/batijournal.com\\\/index.php\\\/prix-et-concours-bois-ces-initiatives-pour-jeunes-architectes-urbanistes-et-paysagistes-engages\\\/112983\\\/#breadcrumb\"},\"inLanguage\":\"fr-FR\",\"potentialAction\":[{\"@type\":\"ReadAction\",\"target\":[\"https:\\\/\\\/batijournal.com\\\/index.php\\\/prix-et-concours-bois-ces-initiatives-pour-jeunes-architectes-urbanistes-et-paysagistes-engages\\\/112983\\\/\"]}]},{\"@type\":\"ImageObject\",\"inLanguage\":\"fr-FR\",\"@id\":\"https:\\\/\\\/batijournal.com\\\/index.php\\\/prix-et-concours-bois-ces-initiatives-pour-jeunes-architectes-urbanistes-et-paysagistes-engages\\\/112983\\\/#primaryimage\",\"url\":\"https:\\\/\\\/batijournal.com\\\/wp-content\\\/uploads\\\/2026\\\/02\\\/Capture-decran-2026-02-05-a-11.32.31.png\",\"contentUrl\":\"https:\\\/\\\/batijournal.com\\\/wp-content\\\/uploads\\\/2026\\\/02\\\/Capture-decran-2026-02-05-a-11.32.31.png\",\"width\":1776,\"height\":998},{\"@type\":\"BreadcrumbList\",\"@id\":\"https:\\\/\\\/batijournal.com\\\/index.php\\\/prix-et-concours-bois-ces-initiatives-pour-jeunes-architectes-urbanistes-et-paysagistes-engages\\\/112983\\\/#breadcrumb\",\"itemListElement\":[{\"@type\":\"ListItem\",\"position\":1,\"name\":\"Accueil\",\"item\":\"https:\\\/\\\/batijournal.com\\\/\"},{\"@type\":\"ListItem\",\"position\":2,\"name\":\"A la Une\",\"item\":\"https:\\\/\\\/batijournal.com\\\/index.php\\\/category\\\/a-la-une\\\/\"},{\"@type\":\"ListItem\",\"position\":3,\"name\":\"Prix et concours bois, ces Initiatives pour Jeunes Architectes, Urbanistes et Paysagistes Engag\u00e9s\"}]},{\"@type\":\"WebSite\",\"@id\":\"https:\\\/\\\/batijournal.com\\\/#website\",\"url\":\"https:\\\/\\\/batijournal.com\\\/\",\"name\":\"Batijournal\",\"description\":\"L&#039;actualit\u00e9 du b\u00e2timent\",\"potentialAction\":[{\"@type\":\"SearchAction\",\"target\":{\"@type\":\"EntryPoint\",\"urlTemplate\":\"https:\\\/\\\/batijournal.com\\\/?s={search_term_string}\"},\"query-input\":{\"@type\":\"PropertyValueSpecification\",\"valueRequired\":true,\"valueName\":\"search_term_string\"}}],\"inLanguage\":\"fr-FR\"},{\"@type\":\"Person\",\"@id\":\"https:\\\/\\\/batijournal.com\\\/#\\\/schema\\\/person\\\/4c7c7cef61be850f1b82b3492a006f17\",\"name\":\"Lucien B\",\"image\":{\"@type\":\"ImageObject\",\"inLanguage\":\"fr-FR\",\"@id\":\"https:\\\/\\\/secure.gravatar.com\\\/avatar\\\/7e53691871877667ca1b4481ee38eed4e735d5de53ad94ab51ac26fd8125e321?s=96&d=mm&r=g\",\"url\":\"https:\\\/\\\/secure.gravatar.com\\\/avatar\\\/7e53691871877667ca1b4481ee38eed4e735d5de53ad94ab51ac26fd8125e321?s=96&d=mm&r=g\",\"contentUrl\":\"https:\\\/\\\/secure.gravatar.com\\\/avatar\\\/7e53691871877667ca1b4481ee38eed4e735d5de53ad94ab51ac26fd8125e321?s=96&d=mm&r=g\",\"caption\":\"Lucien B\"},\"url\":\"https:\\\/\\\/batijournal.com\\\/index.php\\\/author\\\/victor\\\/\"}]}<\/script>\n<!-- \/ Yoast SEO plugin. -->","yoast_head_json":{"title":"Prix et concours bois, ces Initiatives pour Jeunes Architectes, Urbanistes et Paysagistes Engag\u00e9s","description":"Concours, prix et initiatives p\u00e9dagogiques jouent un r\u00f4le dans la sensibilisation des jeunes architectes, urbanistes et paysagistes au mat\u00e9riau bois. Concours Archibois, l\u2019Archi Caf\u00e9 du CCCA BTP ou encore la Wood Camp Academy, ces programmes offrent aux \u00e9tudiants et apprentis une immersion concr\u00e8te dans les m\u00e9tiers et savoir-faire de la fili\u00e8re for\u00eat-bois.","robots":{"index":"index","follow":"follow","max-snippet":"max-snippet:-1","max-image-preview":"max-image-preview:large","max-video-preview":"max-video-preview:-1"},"canonical":"https:\/\/batijournal.com\/index.php\/prix-et-concours-bois-ces-initiatives-pour-jeunes-architectes-urbanistes-et-paysagistes-engages\/112983\/","og_locale":"fr_FR","og_type":"article","og_title":"Prix et concours bois, ces Initiatives pour Jeunes Architectes, Urbanistes et Paysagistes Engag\u00e9s","og_description":"Concours, prix et initiatives p\u00e9dagogiques jouent un r\u00f4le dans la sensibilisation des jeunes architectes, urbanistes et paysagistes au mat\u00e9riau bois. Concours Archibois, l\u2019Archi Caf\u00e9 du CCCA BTP ou encore la Wood Camp Academy, ces programmes offrent aux \u00e9tudiants et apprentis une immersion concr\u00e8te dans les m\u00e9tiers et savoir-faire de la fili\u00e8re for\u00eat-bois.","og_url":"https:\/\/batijournal.com\/index.php\/prix-et-concours-bois-ces-initiatives-pour-jeunes-architectes-urbanistes-et-paysagistes-engages\/112983\/","og_site_name":"Batijournal","article_published_time":"2026-02-05T10:33:13+00:00","og_image":[{"width":1024,"height":575,"url":"https:\/\/batijournal.com\/wp-content\/uploads\/2026\/02\/Capture-decran-2026-02-05-a-11.32.31-1024x575.png","type":"image\/png"}],"author":"Lucien B","twitter_card":"summary_large_image","twitter_creator":"@bati_journal","twitter_site":"@bati_journal","twitter_misc":{"\u00c9crit par":"Lucien B","Dur\u00e9e de lecture estim\u00e9e":"1 minute"},"schema":{"@context":"https:\/\/schema.org","@graph":[{"@type":"Article","@id":"https:\/\/batijournal.com\/index.php\/prix-et-concours-bois-ces-initiatives-pour-jeunes-architectes-urbanistes-et-paysagistes-engages\/112983\/#article","isPartOf":{"@id":"https:\/\/batijournal.com\/index.php\/prix-et-concours-bois-ces-initiatives-pour-jeunes-architectes-urbanistes-et-paysagistes-engages\/112983\/"},"author":{"name":"Lucien B","@id":"https:\/\/batijournal.com\/#\/schema\/person\/4c7c7cef61be850f1b82b3492a006f17"},"headline":"Prix et concours bois, ces Initiatives pour Jeunes Architectes, Urbanistes et Paysagistes Engag\u00e9s","datePublished":"2026-02-05T10:33:13+00:00","mainEntityOfPage":{"@id":"https:\/\/batijournal.com\/index.php\/prix-et-concours-bois-ces-initiatives-pour-jeunes-architectes-urbanistes-et-paysagistes-engages\/112983\/"},"wordCount":162,"image":{"@id":"https:\/\/batijournal.com\/index.php\/prix-et-concours-bois-ces-initiatives-pour-jeunes-architectes-urbanistes-et-paysagistes-engages\/112983\/#primaryimage"},"thumbnailUrl":"https:\/\/batijournal.com\/wp-content\/uploads\/2026\/02\/Capture-decran-2026-02-05-a-11.32.31.png","articleSection":["A la Une","Actualit\u00e9s","batijournal TV"],"inLanguage":"fr-FR"},{"@type":"WebPage","@id":"https:\/\/batijournal.com\/index.php\/prix-et-concours-bois-ces-initiatives-pour-jeunes-architectes-urbanistes-et-paysagistes-engages\/112983\/","url":"https:\/\/batijournal.com\/index.php\/prix-et-concours-bois-ces-initiatives-pour-jeunes-architectes-urbanistes-et-paysagistes-engages\/112983\/","name":"Prix et concours bois, ces Initiatives pour Jeunes Architectes, Urbanistes et Paysagistes Engag\u00e9s","isPartOf":{"@id":"https:\/\/batijournal.com\/#website"},"primaryImageOfPage":{"@id":"https:\/\/batijournal.com\/index.php\/prix-et-concours-bois-ces-initiatives-pour-jeunes-architectes-urbanistes-et-paysagistes-engages\/112983\/#primaryimage"},"image":{"@id":"https:\/\/batijournal.com\/index.php\/prix-et-concours-bois-ces-initiatives-pour-jeunes-architectes-urbanistes-et-paysagistes-engages\/112983\/#primaryimage"},"thumbnailUrl":"https:\/\/batijournal.com\/wp-content\/uploads\/2026\/02\/Capture-decran-2026-02-05-a-11.32.31.png","datePublished":"2026-02-05T10:33:13+00:00","author":{"@id":"https:\/\/batijournal.com\/#\/schema\/person\/4c7c7cef61be850f1b82b3492a006f17"},"description":"Concours, prix et initiatives p\u00e9dagogiques jouent un r\u00f4le dans la sensibilisation des jeunes architectes, urbanistes et paysagistes au mat\u00e9riau bois. Concours Archibois, l\u2019Archi Caf\u00e9 du CCCA BTP ou encore la Wood Camp Academy, ces programmes offrent aux \u00e9tudiants et apprentis une immersion concr\u00e8te dans les m\u00e9tiers et savoir-faire de la fili\u00e8re for\u00eat-bois.","breadcrumb":{"@id":"https:\/\/batijournal.com\/index.php\/prix-et-concours-bois-ces-initiatives-pour-jeunes-architectes-urbanistes-et-paysagistes-engages\/112983\/#breadcrumb"},"inLanguage":"fr-FR","potentialAction":[{"@type":"ReadAction","target":["https:\/\/batijournal.com\/index.php\/prix-et-concours-bois-ces-initiatives-pour-jeunes-architectes-urbanistes-et-paysagistes-engages\/112983\/"]}]},{"@type":"ImageObject","inLanguage":"fr-FR","@id":"https:\/\/batijournal.com\/index.php\/prix-et-concours-bois-ces-initiatives-pour-jeunes-architectes-urbanistes-et-paysagistes-engages\/112983\/#primaryimage","url":"https:\/\/batijournal.com\/wp-content\/uploads\/2026\/02\/Capture-decran-2026-02-05-a-11.32.31.png","contentUrl":"https:\/\/batijournal.com\/wp-content\/uploads\/2026\/02\/Capture-decran-2026-02-05-a-11.32.31.png","width":1776,"height":998},{"@type":"BreadcrumbList","@id":"https:\/\/batijournal.com\/index.php\/prix-et-concours-bois-ces-initiatives-pour-jeunes-architectes-urbanistes-et-paysagistes-engages\/112983\/#breadcrumb","itemListElement":[{"@type":"ListItem","position":1,"name":"Accueil","item":"https:\/\/batijournal.com\/"},{"@type":"ListItem","position":2,"name":"A la Une","item":"https:\/\/batijournal.com\/index.php\/category\/a-la-une\/"},{"@type":"ListItem","position":3,"name":"Prix et concours bois, ces Initiatives pour Jeunes Architectes, Urbanistes et Paysagistes Engag\u00e9s"}]},{"@type":"WebSite","@id":"https:\/\/batijournal.com\/#website","url":"https:\/\/batijournal.com\/","name":"Batijournal","description":"L&#039;actualit\u00e9 du b\u00e2timent","potentialAction":[{"@type":"SearchAction","target":{"@type":"EntryPoint","urlTemplate":"https:\/\/batijournal.com\/?s={search_term_string}"},"query-input":{"@type":"PropertyValueSpecification","valueRequired":true,"valueName":"search_term_string"}}],"inLanguage":"fr-FR"},{"@type":"Person","@id":"https:\/\/batijournal.com\/#\/schema\/person\/4c7c7cef61be850f1b82b3492a006f17","name":"Lucien B","image":{"@type":"ImageObject","inLanguage":"fr-FR","@id":"https:\/\/secure.gravatar.com\/avatar\/7e53691871877667ca1b4481ee38eed4e735d5de53ad94ab51ac26fd8125e321?s=96&d=mm&r=g","url":"https:\/\/secure.gravatar.com\/avatar\/7e53691871877667ca1b4481ee38eed4e735d5de53ad94ab51ac26fd8125e321?s=96&d=mm&r=g","contentUrl":"https:\/\/secure.gravatar.com\/avatar\/7e53691871877667ca1b4481ee38eed4e735d5de53ad94ab51ac26fd8125e321?s=96&d=mm&r=g","caption":"Lucien B"},"url":"https:\/\/batijournal.com\/index.php\/author\/victor\/"}]}},"_links":{"self":[{"href":"https:\/\/batijournal.com\/index.php\/wp-json\/wp\/v2\/posts\/112983","targetHints":{"allow":["GET"]}}],"collection":[{"href":"https:\/\/batijournal.com\/index.php\/wp-json\/wp\/v2\/posts"}],"about":[{"href":"https:\/\/batijournal.com\/index.php\/wp-json\/wp\/v2\/types\/post"}],"author":[{"embeddable":true,"href":"https:\/\/batijournal.com\/index.php\/wp-json\/wp\/v2\/users\/18"}],"replies":[{"embeddable":true,"href":"https:\/\/batijournal.com\/index.php\/wp-json\/wp\/v2\/comments?post=112983"}],"version-history":[{"count":0,"href":"https:\/\/batijournal.com\/index.php\/wp-json\/wp\/v2\/posts\/112983\/revisions"}],"wp:featuredmedia":[{"embeddable":true,"href":"https:\/\/batijournal.com\/index.php\/wp-json\/wp\/v2\/media\/112984"}],"wp:attachment":[{"href":"https:\/\/batijournal.com\/index.php\/wp-json\/wp\/v2\/media?parent=112983"}],"wp:term":[{"taxonomy":"category","embeddable":true,"href":"https:\/\/batijournal.com\/index.php\/wp-json\/wp\/v2\/categories?post=112983"},{"taxonomy":"post_tag","embeddable":true,"href":"https:\/\/batijournal.com\/index.php\/wp-json\/wp\/v2\/tags?post=112983"}],"curies":[{"name":"wp","href":"https:\/\/api.w.org\/{rel}","templated":true}]}}