{"id":112986,"date":"2026-02-05T12:09:09","date_gmt":"2026-02-05T11:09:09","guid":{"rendered":"https:\/\/batijournal.com\/?p=112986"},"modified":"2026-02-05T12:10:42","modified_gmt":"2026-02-05T11:10:42","slug":"forets-durables-concilier-biodiversite-carbone-et-production","status":"publish","type":"post","link":"https:\/\/batijournal.com\/index.php\/forets-durables-concilier-biodiversite-carbone-et-production\/112986\/","title":{"rendered":"For\u00eats durables : concilier biodiversit\u00e9, carbone et production"},"content":{"rendered":"<p><span style=\"font-weight: 400;\">G\u00e9rer les for\u00eats durablement en conciliant biodiversit\u00e9, stockage du carbone et production tout en r\u00e9pondant aux enjeux climatiques et soci\u00e9taux. Un \u00e9clairage sur les mod\u00e8les de gestion foresti\u00e8re.<\/span><\/p>\n<p>Avec les interventions de :<\/p>\n<p>&#8211;\u00a0Nathalie Mionetto, charg\u00e9e de territoire Nord-Est \u2013 FCBA<\/p>\n<p>&#8211;\u00a0Lo\u00efc Casset, d\u00e9l\u00e9gu\u00e9 g\u00e9n\u00e9ral \u2013 Sylvactes<\/p>\n<p>\u00c0 l\u2019occasion du salon Eurobois, qui se tient \u00e0 Lyon Eurexpo du 3 au 6 f\u00e9vrier 2026, les \u00e9quipes de batijournal TV sont en direct sur la Wood Arena. Tout au long de l\u2019\u00e9v\u00e9nement, retrouvez interviews, \u00e9changes et temps forts autour de l\u2019actualit\u00e9 de la fili\u00e8re.<\/p>\n<div class=\"et_post_video\" data-placeholder_class_index=\"1\" data-placeholder-image=\"https:\/\/batijournal.com\/wp-content\/uploads\/complianz\/placeholders\/youtubejumOL7seIrs-maxresdefault.webp\"><\/div>\n<p><iframe loading=\"lazy\" title=\"For\u00eats durables : concilier biodiversit\u00e9, carbone et production\" width=\"1080\" height=\"608\" src=\"https:\/\/www.youtube.com\/embed\/jJKl_mrKsDQ?feature=oembed\"  allow=\"accelerometer; autoplay; clipboard-write; encrypted-media; gyroscope; picture-in-picture; web-share\" referrerpolicy=\"strict-origin-when-cross-origin\" allowfullscreen><\/iframe><\/p>\n","protected":false},"excerpt":{"rendered":"<p>G\u00e9rer les for\u00eats durablement en conciliant biodiversit\u00e9, stockage du carbone et production tout en r\u00e9pondant aux enjeux climatiques et soci\u00e9taux. Un \u00e9clairage sur les mod\u00e8les de gestion foresti\u00e8re.<\/p>\n","protected":false},"author":1,"featured_media":112987,"comment_status":"closed","ping_status":"closed","sticky":false,"template":"","format":"standard","meta":{"_et_pb_use_builder":"","_et_pb_old_content":"","_et_gb_content_width":"","footnotes":""},"categories":[10736,10530,11200],"tags":[],"class_list":["post-112986","post","type-post","status-publish","format-standard","has-post-thumbnail","hentry","category-a-la-une","category-actualites","category-batijournal-tv"],"yoast_head":"<!-- This site is optimized with the Yoast SEO plugin v27.4 - https:\/\/yoast.com\/product\/yoast-seo-wordpress\/ -->\n<title>For\u00eats durables : concilier biodiversit\u00e9, carbone et production<\/title>\n<meta name=\"description\" content=\"G\u00e9rer les for\u00eats durablement en conciliant biodiversit\u00e9, stockage du carbone et production tout en r\u00e9pondant aux enjeux climatiques et soci\u00e9taux. Un \u00e9clairage sur les mod\u00e8les de gestion foresti\u00e8re.\" \/>\n<meta name=\"robots\" content=\"index, follow, max-snippet:-1, max-image-preview:large, max-video-preview:-1\" \/>\n<link rel=\"canonical\" href=\"https:\/\/batijournal.com\/index.php\/forets-durables-concilier-biodiversite-carbone-et-production\/112986\/\" \/>\n<meta property=\"og:locale\" content=\"fr_FR\" \/>\n<meta property=\"og:type\" content=\"article\" \/>\n<meta property=\"og:title\" content=\"For\u00eats durables : concilier biodiversit\u00e9, carbone et production\" \/>\n<meta property=\"og:description\" content=\"G\u00e9rer les for\u00eats durablement en conciliant biodiversit\u00e9, stockage du carbone et production tout en r\u00e9pondant aux enjeux climatiques et soci\u00e9taux. Un \u00e9clairage sur les mod\u00e8les de gestion foresti\u00e8re.\" \/>\n<meta property=\"og:url\" content=\"https:\/\/batijournal.com\/index.php\/forets-durables-concilier-biodiversite-carbone-et-production\/112986\/\" \/>\n<meta property=\"og:site_name\" content=\"Batijournal\" \/>\n<meta property=\"article:published_time\" content=\"2026-02-05T11:09:09+00:00\" \/>\n<meta property=\"article:modified_time\" content=\"2026-02-05T11:10:42+00:00\" \/>\n<meta property=\"og:image\" content=\"https:\/\/batijournal.com\/wp-content\/uploads\/2026\/02\/IMG_3455.jpg\" \/>\n\t<meta property=\"og:image:width\" content=\"1776\" \/>\n\t<meta property=\"og:image:height\" content=\"998\" \/>\n\t<meta property=\"og:image:type\" content=\"image\/jpeg\" \/>\n<meta name=\"author\" content=\"Bati-journal\" \/>\n<meta name=\"twitter:card\" content=\"summary_large_image\" \/>\n<meta name=\"twitter:creator\" content=\"@bati_journal\" \/>\n<meta name=\"twitter:site\" content=\"@bati_journal\" \/>\n<meta name=\"twitter:label1\" content=\"\u00c9crit par\" \/>\n\t<meta name=\"twitter:data1\" content=\"Bati-journal\" \/>\n\t<meta name=\"twitter:label2\" content=\"Dur\u00e9e de lecture estim\u00e9e\" \/>\n\t<meta name=\"twitter:data2\" content=\"1 minute\" \/>\n<script type=\"application\/ld+json\" class=\"yoast-schema-graph\">{\"@context\":\"https:\\\/\\\/schema.org\",\"@graph\":[{\"@type\":\"Article\",\"@id\":\"https:\\\/\\\/batijournal.com\\\/index.php\\\/forets-durables-concilier-biodiversite-carbone-et-production\\\/112986\\\/#article\",\"isPartOf\":{\"@id\":\"https:\\\/\\\/batijournal.com\\\/index.php\\\/forets-durables-concilier-biodiversite-carbone-et-production\\\/112986\\\/\"},\"author\":{\"name\":\"Bati-journal\",\"@id\":\"https:\\\/\\\/batijournal.com\\\/#\\\/schema\\\/person\\\/6a657e8967569e1b299972574848aa76\"},\"headline\":\"For\u00eats durables : concilier biodiversit\u00e9, carbone et production\",\"datePublished\":\"2026-02-05T11:09:09+00:00\",\"dateModified\":\"2026-02-05T11:10:42+00:00\",\"mainEntityOfPage\":{\"@id\":\"https:\\\/\\\/batijournal.com\\\/index.php\\\/forets-durables-concilier-biodiversite-carbone-et-production\\\/112986\\\/\"},\"wordCount\":121,\"image\":{\"@id\":\"https:\\\/\\\/batijournal.com\\\/index.php\\\/forets-durables-concilier-biodiversite-carbone-et-production\\\/112986\\\/#primaryimage\"},\"thumbnailUrl\":\"https:\\\/\\\/batijournal.com\\\/wp-content\\\/uploads\\\/2026\\\/02\\\/IMG_3455.jpg\",\"articleSection\":[\"A la Une\",\"Actualit\u00e9s\",\"batijournal TV\"],\"inLanguage\":\"fr-FR\"},{\"@type\":\"WebPage\",\"@id\":\"https:\\\/\\\/batijournal.com\\\/index.php\\\/forets-durables-concilier-biodiversite-carbone-et-production\\\/112986\\\/\",\"url\":\"https:\\\/\\\/batijournal.com\\\/index.php\\\/forets-durables-concilier-biodiversite-carbone-et-production\\\/112986\\\/\",\"name\":\"For\u00eats durables : concilier biodiversit\u00e9, carbone et production\",\"isPartOf\":{\"@id\":\"https:\\\/\\\/batijournal.com\\\/#website\"},\"primaryImageOfPage\":{\"@id\":\"https:\\\/\\\/batijournal.com\\\/index.php\\\/forets-durables-concilier-biodiversite-carbone-et-production\\\/112986\\\/#primaryimage\"},\"image\":{\"@id\":\"https:\\\/\\\/batijournal.com\\\/index.php\\\/forets-durables-concilier-biodiversite-carbone-et-production\\\/112986\\\/#primaryimage\"},\"thumbnailUrl\":\"https:\\\/\\\/batijournal.com\\\/wp-content\\\/uploads\\\/2026\\\/02\\\/IMG_3455.jpg\",\"datePublished\":\"2026-02-05T11:09:09+00:00\",\"dateModified\":\"2026-02-05T11:10:42+00:00\",\"author\":{\"@id\":\"https:\\\/\\\/batijournal.com\\\/#\\\/schema\\\/person\\\/6a657e8967569e1b299972574848aa76\"},\"description\":\"G\u00e9rer les for\u00eats durablement en conciliant biodiversit\u00e9, stockage du carbone et production tout en r\u00e9pondant aux enjeux climatiques et soci\u00e9taux. Un \u00e9clairage sur les mod\u00e8les de gestion foresti\u00e8re.\",\"breadcrumb\":{\"@id\":\"https:\\\/\\\/batijournal.com\\\/index.php\\\/forets-durables-concilier-biodiversite-carbone-et-production\\\/112986\\\/#breadcrumb\"},\"inLanguage\":\"fr-FR\",\"potentialAction\":[{\"@type\":\"ReadAction\",\"target\":[\"https:\\\/\\\/batijournal.com\\\/index.php\\\/forets-durables-concilier-biodiversite-carbone-et-production\\\/112986\\\/\"]}]},{\"@type\":\"ImageObject\",\"inLanguage\":\"fr-FR\",\"@id\":\"https:\\\/\\\/batijournal.com\\\/index.php\\\/forets-durables-concilier-biodiversite-carbone-et-production\\\/112986\\\/#primaryimage\",\"url\":\"https:\\\/\\\/batijournal.com\\\/wp-content\\\/uploads\\\/2026\\\/02\\\/IMG_3455.jpg\",\"contentUrl\":\"https:\\\/\\\/batijournal.com\\\/wp-content\\\/uploads\\\/2026\\\/02\\\/IMG_3455.jpg\",\"width\":1776,\"height\":998,\"caption\":\"Screenshot\"},{\"@type\":\"BreadcrumbList\",\"@id\":\"https:\\\/\\\/batijournal.com\\\/index.php\\\/forets-durables-concilier-biodiversite-carbone-et-production\\\/112986\\\/#breadcrumb\",\"itemListElement\":[{\"@type\":\"ListItem\",\"position\":1,\"name\":\"Accueil\",\"item\":\"https:\\\/\\\/batijournal.com\\\/\"},{\"@type\":\"ListItem\",\"position\":2,\"name\":\"A la Une\",\"item\":\"https:\\\/\\\/batijournal.com\\\/index.php\\\/category\\\/a-la-une\\\/\"},{\"@type\":\"ListItem\",\"position\":3,\"name\":\"For\u00eats durables : concilier biodiversit\u00e9, carbone et production\"}]},{\"@type\":\"WebSite\",\"@id\":\"https:\\\/\\\/batijournal.com\\\/#website\",\"url\":\"https:\\\/\\\/batijournal.com\\\/\",\"name\":\"Batijournal\",\"description\":\"L&#039;actualit\u00e9 du b\u00e2timent\",\"potentialAction\":[{\"@type\":\"SearchAction\",\"target\":{\"@type\":\"EntryPoint\",\"urlTemplate\":\"https:\\\/\\\/batijournal.com\\\/?s={search_term_string}\"},\"query-input\":{\"@type\":\"PropertyValueSpecification\",\"valueRequired\":true,\"valueName\":\"search_term_string\"}}],\"inLanguage\":\"fr-FR\"},{\"@type\":\"Person\",\"@id\":\"https:\\\/\\\/batijournal.com\\\/#\\\/schema\\\/person\\\/6a657e8967569e1b299972574848aa76\",\"name\":\"Bati-journal\",\"image\":{\"@type\":\"ImageObject\",\"inLanguage\":\"fr-FR\",\"@id\":\"https:\\\/\\\/secure.gravatar.com\\\/avatar\\\/a64364ea26392f9b4dd47e017ddaec74ff03aefc073b49e492e847201258f777?s=96&d=mm&r=g\",\"url\":\"https:\\\/\\\/secure.gravatar.com\\\/avatar\\\/a64364ea26392f9b4dd47e017ddaec74ff03aefc073b49e492e847201258f777?s=96&d=mm&r=g\",\"contentUrl\":\"https:\\\/\\\/secure.gravatar.com\\\/avatar\\\/a64364ea26392f9b4dd47e017ddaec74ff03aefc073b49e492e847201258f777?s=96&d=mm&r=g\",\"caption\":\"Bati-journal\"},\"url\":\"https:\\\/\\\/batijournal.com\\\/index.php\\\/author\\\/elodie\\\/\"}]}<\/script>\n<!-- \/ Yoast SEO plugin. -->","yoast_head_json":{"title":"For\u00eats durables : concilier biodiversit\u00e9, carbone et production","description":"G\u00e9rer les for\u00eats durablement en conciliant biodiversit\u00e9, stockage du carbone et production tout en r\u00e9pondant aux enjeux climatiques et soci\u00e9taux. Un \u00e9clairage sur les mod\u00e8les de gestion foresti\u00e8re.","robots":{"index":"index","follow":"follow","max-snippet":"max-snippet:-1","max-image-preview":"max-image-preview:large","max-video-preview":"max-video-preview:-1"},"canonical":"https:\/\/batijournal.com\/index.php\/forets-durables-concilier-biodiversite-carbone-et-production\/112986\/","og_locale":"fr_FR","og_type":"article","og_title":"For\u00eats durables : concilier biodiversit\u00e9, carbone et production","og_description":"G\u00e9rer les for\u00eats durablement en conciliant biodiversit\u00e9, stockage du carbone et production tout en r\u00e9pondant aux enjeux climatiques et soci\u00e9taux. Un \u00e9clairage sur les mod\u00e8les de gestion foresti\u00e8re.","og_url":"https:\/\/batijournal.com\/index.php\/forets-durables-concilier-biodiversite-carbone-et-production\/112986\/","og_site_name":"Batijournal","article_published_time":"2026-02-05T11:09:09+00:00","article_modified_time":"2026-02-05T11:10:42+00:00","og_image":[{"width":1776,"height":998,"url":"https:\/\/batijournal.com\/wp-content\/uploads\/2026\/02\/IMG_3455.jpg","type":"image\/jpeg"}],"author":"Bati-journal","twitter_card":"summary_large_image","twitter_creator":"@bati_journal","twitter_site":"@bati_journal","twitter_misc":{"\u00c9crit par":"Bati-journal","Dur\u00e9e de lecture estim\u00e9e":"1 minute"},"schema":{"@context":"https:\/\/schema.org","@graph":[{"@type":"Article","@id":"https:\/\/batijournal.com\/index.php\/forets-durables-concilier-biodiversite-carbone-et-production\/112986\/#article","isPartOf":{"@id":"https:\/\/batijournal.com\/index.php\/forets-durables-concilier-biodiversite-carbone-et-production\/112986\/"},"author":{"name":"Bati-journal","@id":"https:\/\/batijournal.com\/#\/schema\/person\/6a657e8967569e1b299972574848aa76"},"headline":"For\u00eats durables : concilier biodiversit\u00e9, carbone et production","datePublished":"2026-02-05T11:09:09+00:00","dateModified":"2026-02-05T11:10:42+00:00","mainEntityOfPage":{"@id":"https:\/\/batijournal.com\/index.php\/forets-durables-concilier-biodiversite-carbone-et-production\/112986\/"},"wordCount":121,"image":{"@id":"https:\/\/batijournal.com\/index.php\/forets-durables-concilier-biodiversite-carbone-et-production\/112986\/#primaryimage"},"thumbnailUrl":"https:\/\/batijournal.com\/wp-content\/uploads\/2026\/02\/IMG_3455.jpg","articleSection":["A la Une","Actualit\u00e9s","batijournal TV"],"inLanguage":"fr-FR"},{"@type":"WebPage","@id":"https:\/\/batijournal.com\/index.php\/forets-durables-concilier-biodiversite-carbone-et-production\/112986\/","url":"https:\/\/batijournal.com\/index.php\/forets-durables-concilier-biodiversite-carbone-et-production\/112986\/","name":"For\u00eats durables : concilier biodiversit\u00e9, carbone et production","isPartOf":{"@id":"https:\/\/batijournal.com\/#website"},"primaryImageOfPage":{"@id":"https:\/\/batijournal.com\/index.php\/forets-durables-concilier-biodiversite-carbone-et-production\/112986\/#primaryimage"},"image":{"@id":"https:\/\/batijournal.com\/index.php\/forets-durables-concilier-biodiversite-carbone-et-production\/112986\/#primaryimage"},"thumbnailUrl":"https:\/\/batijournal.com\/wp-content\/uploads\/2026\/02\/IMG_3455.jpg","datePublished":"2026-02-05T11:09:09+00:00","dateModified":"2026-02-05T11:10:42+00:00","author":{"@id":"https:\/\/batijournal.com\/#\/schema\/person\/6a657e8967569e1b299972574848aa76"},"description":"G\u00e9rer les for\u00eats durablement en conciliant biodiversit\u00e9, stockage du carbone et production tout en r\u00e9pondant aux enjeux climatiques et soci\u00e9taux. Un \u00e9clairage sur les mod\u00e8les de gestion foresti\u00e8re.","breadcrumb":{"@id":"https:\/\/batijournal.com\/index.php\/forets-durables-concilier-biodiversite-carbone-et-production\/112986\/#breadcrumb"},"inLanguage":"fr-FR","potentialAction":[{"@type":"ReadAction","target":["https:\/\/batijournal.com\/index.php\/forets-durables-concilier-biodiversite-carbone-et-production\/112986\/"]}]},{"@type":"ImageObject","inLanguage":"fr-FR","@id":"https:\/\/batijournal.com\/index.php\/forets-durables-concilier-biodiversite-carbone-et-production\/112986\/#primaryimage","url":"https:\/\/batijournal.com\/wp-content\/uploads\/2026\/02\/IMG_3455.jpg","contentUrl":"https:\/\/batijournal.com\/wp-content\/uploads\/2026\/02\/IMG_3455.jpg","width":1776,"height":998,"caption":"Screenshot"},{"@type":"BreadcrumbList","@id":"https:\/\/batijournal.com\/index.php\/forets-durables-concilier-biodiversite-carbone-et-production\/112986\/#breadcrumb","itemListElement":[{"@type":"ListItem","position":1,"name":"Accueil","item":"https:\/\/batijournal.com\/"},{"@type":"ListItem","position":2,"name":"A la Une","item":"https:\/\/batijournal.com\/index.php\/category\/a-la-une\/"},{"@type":"ListItem","position":3,"name":"For\u00eats durables : concilier biodiversit\u00e9, carbone et production"}]},{"@type":"WebSite","@id":"https:\/\/batijournal.com\/#website","url":"https:\/\/batijournal.com\/","name":"Batijournal","description":"L&#039;actualit\u00e9 du b\u00e2timent","potentialAction":[{"@type":"SearchAction","target":{"@type":"EntryPoint","urlTemplate":"https:\/\/batijournal.com\/?s={search_term_string}"},"query-input":{"@type":"PropertyValueSpecification","valueRequired":true,"valueName":"search_term_string"}}],"inLanguage":"fr-FR"},{"@type":"Person","@id":"https:\/\/batijournal.com\/#\/schema\/person\/6a657e8967569e1b299972574848aa76","name":"Bati-journal","image":{"@type":"ImageObject","inLanguage":"fr-FR","@id":"https:\/\/secure.gravatar.com\/avatar\/a64364ea26392f9b4dd47e017ddaec74ff03aefc073b49e492e847201258f777?s=96&d=mm&r=g","url":"https:\/\/secure.gravatar.com\/avatar\/a64364ea26392f9b4dd47e017ddaec74ff03aefc073b49e492e847201258f777?s=96&d=mm&r=g","contentUrl":"https:\/\/secure.gravatar.com\/avatar\/a64364ea26392f9b4dd47e017ddaec74ff03aefc073b49e492e847201258f777?s=96&d=mm&r=g","caption":"Bati-journal"},"url":"https:\/\/batijournal.com\/index.php\/author\/elodie\/"}]}},"_links":{"self":[{"href":"https:\/\/batijournal.com\/index.php\/wp-json\/wp\/v2\/posts\/112986","targetHints":{"allow":["GET"]}}],"collection":[{"href":"https:\/\/batijournal.com\/index.php\/wp-json\/wp\/v2\/posts"}],"about":[{"href":"https:\/\/batijournal.com\/index.php\/wp-json\/wp\/v2\/types\/post"}],"author":[{"embeddable":true,"href":"https:\/\/batijournal.com\/index.php\/wp-json\/wp\/v2\/users\/1"}],"replies":[{"embeddable":true,"href":"https:\/\/batijournal.com\/index.php\/wp-json\/wp\/v2\/comments?post=112986"}],"version-history":[{"count":0,"href":"https:\/\/batijournal.com\/index.php\/wp-json\/wp\/v2\/posts\/112986\/revisions"}],"wp:featuredmedia":[{"embeddable":true,"href":"https:\/\/batijournal.com\/index.php\/wp-json\/wp\/v2\/media\/112987"}],"wp:attachment":[{"href":"https:\/\/batijournal.com\/index.php\/wp-json\/wp\/v2\/media?parent=112986"}],"wp:term":[{"taxonomy":"category","embeddable":true,"href":"https:\/\/batijournal.com\/index.php\/wp-json\/wp\/v2\/categories?post=112986"},{"taxonomy":"post_tag","embeddable":true,"href":"https:\/\/batijournal.com\/index.php\/wp-json\/wp\/v2\/tags?post=112986"}],"curies":[{"name":"wp","href":"https:\/\/api.w.org\/{rel}","templated":true}]}}