{"id":112990,"date":"2026-02-05T14:52:57","date_gmt":"2026-02-05T13:52:57","guid":{"rendered":"https:\/\/batijournal.com\/?p=112990"},"modified":"2026-02-05T14:55:07","modified_gmt":"2026-02-05T13:55:07","slug":"bois-deperissant-les-enjeux-de-la-valorisation","status":"publish","type":"post","link":"https:\/\/batijournal.com\/index.php\/bois-deperissant-les-enjeux-de-la-valorisation\/112990\/","title":{"rendered":"Bois d\u00e9p\u00e9rissant : les enjeux de la valorisation"},"content":{"rendered":"<p>Le bois d\u00e9p\u00e9rissant prend une place croissante sur le march\u00e9 du bois en France et en Auvergne-Rh\u00f4ne-Alpes. Une intervention aborde les enjeux de valorisation de ces ressources et pr\u00e9sente plusieurs retours d\u2019exp\u00e9rience, dont la halle du Moutaret (38) en \u00e9pic\u00e9a scolyt\u00e9.<\/p>\n<p>Avec les interventions de :<\/p>\n<ul>\n<li>Jean-Pierre Math\u00e9, prescripteur bois-construction &#8211; Fibois Auvergne-Rh\u00f4ne-Alpes<\/li>\n<li>R\u00e9mi Chauduri\u00e9, architecte &#8211; Atelier R\u00e9mi Chauduri\u00e9<\/li>\n<li>Anthony B\u00e9temps, directeur &#8211; Neofor Bonneville<\/li>\n<li>\u00a0Patrice Debraeve, g\u00e9rant &#8211; MCA Lazaro<\/li>\n<\/ul>\n<p>\u00c0 l\u2019occasion du salon Eurobois, qui se tient \u00e0 Lyon Eurexpo du 3 au 6 f\u00e9vrier 2026, les \u00e9quipes de batijournal TV sont en direct sur la Wood Arena. Tout au long de l\u2019\u00e9v\u00e9nement, retrouvez interviews, \u00e9changes et temps forts autour de l\u2019actualit\u00e9 de la fili\u00e8re.<\/p>\n<p><iframe loading=\"lazy\" title=\"Bois d\u00e9p\u00e9rissant : enjeux de la valorisation\" width=\"1080\" height=\"608\" src=\"https:\/\/www.youtube.com\/embed\/Hjv_gVzWiss?feature=oembed\"  allow=\"accelerometer; autoplay; clipboard-write; encrypted-media; gyroscope; picture-in-picture; web-share\" referrerpolicy=\"strict-origin-when-cross-origin\" allowfullscreen><\/iframe><\/p>\n<p>&nbsp;<\/p>\n","protected":false},"excerpt":{"rendered":"<p>Le bois d\u00e9p\u00e9rissant prend une place croissante sur le march\u00e9 du bois en France et en Auvergne-Rh\u00f4ne-Alpes. Une intervention aborde les enjeux de valorisation de ces ressources et pr\u00e9sente plusieurs retours d\u2019exp\u00e9rience, dont la halle du Moutaret (38) en \u00e9pic\u00e9a scolyt\u00e9.<\/p>\n","protected":false},"author":1,"featured_media":112991,"comment_status":"closed","ping_status":"closed","sticky":false,"template":"","format":"standard","meta":{"_et_pb_use_builder":"","_et_pb_old_content":"","_et_gb_content_width":"","footnotes":""},"categories":[10736,10530,11200],"tags":[],"class_list":["post-112990","post","type-post","status-publish","format-standard","has-post-thumbnail","hentry","category-a-la-une","category-actualites","category-batijournal-tv"],"yoast_head":"<!-- This site is optimized with the Yoast SEO plugin v27.4 - https:\/\/yoast.com\/product\/yoast-seo-wordpress\/ -->\n<title>Bois d\u00e9p\u00e9rissant : les enjeux de la valorisation<\/title>\n<meta name=\"description\" content=\"Le bois d\u00e9p\u00e9rissant prend une place croissante sur le march\u00e9 du bois en France et en Auvergne-Rh\u00f4ne-Alpes. Une intervention aborde les enjeux de valorisation de ces ressources et pr\u00e9sente plusieurs retours d\u2019exp\u00e9rience, dont la halle du Moutaret (38) en \u00e9pic\u00e9a scolyt\u00e9.\" \/>\n<meta name=\"robots\" content=\"index, follow, max-snippet:-1, max-image-preview:large, max-video-preview:-1\" \/>\n<link rel=\"canonical\" href=\"https:\/\/batijournal.com\/index.php\/bois-deperissant-les-enjeux-de-la-valorisation\/112990\/\" \/>\n<meta property=\"og:locale\" content=\"fr_FR\" \/>\n<meta property=\"og:type\" content=\"article\" \/>\n<meta property=\"og:title\" content=\"Bois d\u00e9p\u00e9rissant : les enjeux de la valorisation\" \/>\n<meta property=\"og:description\" content=\"Le bois d\u00e9p\u00e9rissant prend une place croissante sur le march\u00e9 du bois en France et en Auvergne-Rh\u00f4ne-Alpes. Une intervention aborde les enjeux de valorisation de ces ressources et pr\u00e9sente plusieurs retours d\u2019exp\u00e9rience, dont la halle du Moutaret (38) en \u00e9pic\u00e9a scolyt\u00e9.\" \/>\n<meta property=\"og:url\" content=\"https:\/\/batijournal.com\/index.php\/bois-deperissant-les-enjeux-de-la-valorisation\/112990\/\" \/>\n<meta property=\"og:site_name\" content=\"Batijournal\" \/>\n<meta property=\"article:published_time\" content=\"2026-02-05T13:52:57+00:00\" \/>\n<meta property=\"article:modified_time\" content=\"2026-02-05T13:55:07+00:00\" \/>\n<meta property=\"og:image\" content=\"https:\/\/batijournal.com\/wp-content\/uploads\/2026\/02\/image0.jpg\" \/>\n\t<meta property=\"og:image:width\" content=\"1858\" \/>\n\t<meta property=\"og:image:height\" content=\"1060\" \/>\n\t<meta property=\"og:image:type\" content=\"image\/jpeg\" \/>\n<meta name=\"author\" content=\"Bati-journal\" \/>\n<meta name=\"twitter:card\" content=\"summary_large_image\" \/>\n<meta name=\"twitter:creator\" content=\"@bati_journal\" \/>\n<meta name=\"twitter:site\" content=\"@bati_journal\" \/>\n<meta name=\"twitter:label1\" content=\"\u00c9crit par\" \/>\n\t<meta name=\"twitter:data1\" content=\"Bati-journal\" \/>\n\t<meta name=\"twitter:label2\" content=\"Dur\u00e9e de lecture estim\u00e9e\" \/>\n\t<meta name=\"twitter:data2\" content=\"1 minute\" \/>\n<script type=\"application\/ld+json\" class=\"yoast-schema-graph\">{\"@context\":\"https:\\\/\\\/schema.org\",\"@graph\":[{\"@type\":\"Article\",\"@id\":\"https:\\\/\\\/batijournal.com\\\/index.php\\\/bois-deperissant-les-enjeux-de-la-valorisation\\\/112990\\\/#article\",\"isPartOf\":{\"@id\":\"https:\\\/\\\/batijournal.com\\\/index.php\\\/bois-deperissant-les-enjeux-de-la-valorisation\\\/112990\\\/\"},\"author\":{\"name\":\"Bati-journal\",\"@id\":\"https:\\\/\\\/batijournal.com\\\/#\\\/schema\\\/person\\\/6a657e8967569e1b299972574848aa76\"},\"headline\":\"Bois d\u00e9p\u00e9rissant : les enjeux de la valorisation\",\"datePublished\":\"2026-02-05T13:52:57+00:00\",\"dateModified\":\"2026-02-05T13:55:07+00:00\",\"mainEntityOfPage\":{\"@id\":\"https:\\\/\\\/batijournal.com\\\/index.php\\\/bois-deperissant-les-enjeux-de-la-valorisation\\\/112990\\\/\"},\"wordCount\":147,\"image\":{\"@id\":\"https:\\\/\\\/batijournal.com\\\/index.php\\\/bois-deperissant-les-enjeux-de-la-valorisation\\\/112990\\\/#primaryimage\"},\"thumbnailUrl\":\"https:\\\/\\\/batijournal.com\\\/wp-content\\\/uploads\\\/2026\\\/02\\\/image0.jpg\",\"articleSection\":[\"A la Une\",\"Actualit\u00e9s\",\"batijournal TV\"],\"inLanguage\":\"fr-FR\"},{\"@type\":\"WebPage\",\"@id\":\"https:\\\/\\\/batijournal.com\\\/index.php\\\/bois-deperissant-les-enjeux-de-la-valorisation\\\/112990\\\/\",\"url\":\"https:\\\/\\\/batijournal.com\\\/index.php\\\/bois-deperissant-les-enjeux-de-la-valorisation\\\/112990\\\/\",\"name\":\"Bois d\u00e9p\u00e9rissant : les enjeux de la valorisation\",\"isPartOf\":{\"@id\":\"https:\\\/\\\/batijournal.com\\\/#website\"},\"primaryImageOfPage\":{\"@id\":\"https:\\\/\\\/batijournal.com\\\/index.php\\\/bois-deperissant-les-enjeux-de-la-valorisation\\\/112990\\\/#primaryimage\"},\"image\":{\"@id\":\"https:\\\/\\\/batijournal.com\\\/index.php\\\/bois-deperissant-les-enjeux-de-la-valorisation\\\/112990\\\/#primaryimage\"},\"thumbnailUrl\":\"https:\\\/\\\/batijournal.com\\\/wp-content\\\/uploads\\\/2026\\\/02\\\/image0.jpg\",\"datePublished\":\"2026-02-05T13:52:57+00:00\",\"dateModified\":\"2026-02-05T13:55:07+00:00\",\"author\":{\"@id\":\"https:\\\/\\\/batijournal.com\\\/#\\\/schema\\\/person\\\/6a657e8967569e1b299972574848aa76\"},\"description\":\"Le bois d\u00e9p\u00e9rissant prend une place croissante sur le march\u00e9 du bois en France et en Auvergne-Rh\u00f4ne-Alpes. Une intervention aborde les enjeux de valorisation de ces ressources et pr\u00e9sente plusieurs retours d\u2019exp\u00e9rience, dont la halle du Moutaret (38) en \u00e9pic\u00e9a scolyt\u00e9.\",\"breadcrumb\":{\"@id\":\"https:\\\/\\\/batijournal.com\\\/index.php\\\/bois-deperissant-les-enjeux-de-la-valorisation\\\/112990\\\/#breadcrumb\"},\"inLanguage\":\"fr-FR\",\"potentialAction\":[{\"@type\":\"ReadAction\",\"target\":[\"https:\\\/\\\/batijournal.com\\\/index.php\\\/bois-deperissant-les-enjeux-de-la-valorisation\\\/112990\\\/\"]}]},{\"@type\":\"ImageObject\",\"inLanguage\":\"fr-FR\",\"@id\":\"https:\\\/\\\/batijournal.com\\\/index.php\\\/bois-deperissant-les-enjeux-de-la-valorisation\\\/112990\\\/#primaryimage\",\"url\":\"https:\\\/\\\/batijournal.com\\\/wp-content\\\/uploads\\\/2026\\\/02\\\/image0.jpg\",\"contentUrl\":\"https:\\\/\\\/batijournal.com\\\/wp-content\\\/uploads\\\/2026\\\/02\\\/image0.jpg\",\"width\":1858,\"height\":1060,\"caption\":\"Screenshot\"},{\"@type\":\"BreadcrumbList\",\"@id\":\"https:\\\/\\\/batijournal.com\\\/index.php\\\/bois-deperissant-les-enjeux-de-la-valorisation\\\/112990\\\/#breadcrumb\",\"itemListElement\":[{\"@type\":\"ListItem\",\"position\":1,\"name\":\"Accueil\",\"item\":\"https:\\\/\\\/batijournal.com\\\/\"},{\"@type\":\"ListItem\",\"position\":2,\"name\":\"A la Une\",\"item\":\"https:\\\/\\\/batijournal.com\\\/index.php\\\/category\\\/a-la-une\\\/\"},{\"@type\":\"ListItem\",\"position\":3,\"name\":\"Bois d\u00e9p\u00e9rissant : les enjeux de la valorisation\"}]},{\"@type\":\"WebSite\",\"@id\":\"https:\\\/\\\/batijournal.com\\\/#website\",\"url\":\"https:\\\/\\\/batijournal.com\\\/\",\"name\":\"Batijournal\",\"description\":\"L&#039;actualit\u00e9 du b\u00e2timent\",\"potentialAction\":[{\"@type\":\"SearchAction\",\"target\":{\"@type\":\"EntryPoint\",\"urlTemplate\":\"https:\\\/\\\/batijournal.com\\\/?s={search_term_string}\"},\"query-input\":{\"@type\":\"PropertyValueSpecification\",\"valueRequired\":true,\"valueName\":\"search_term_string\"}}],\"inLanguage\":\"fr-FR\"},{\"@type\":\"Person\",\"@id\":\"https:\\\/\\\/batijournal.com\\\/#\\\/schema\\\/person\\\/6a657e8967569e1b299972574848aa76\",\"name\":\"Bati-journal\",\"image\":{\"@type\":\"ImageObject\",\"inLanguage\":\"fr-FR\",\"@id\":\"https:\\\/\\\/secure.gravatar.com\\\/avatar\\\/a64364ea26392f9b4dd47e017ddaec74ff03aefc073b49e492e847201258f777?s=96&d=mm&r=g\",\"url\":\"https:\\\/\\\/secure.gravatar.com\\\/avatar\\\/a64364ea26392f9b4dd47e017ddaec74ff03aefc073b49e492e847201258f777?s=96&d=mm&r=g\",\"contentUrl\":\"https:\\\/\\\/secure.gravatar.com\\\/avatar\\\/a64364ea26392f9b4dd47e017ddaec74ff03aefc073b49e492e847201258f777?s=96&d=mm&r=g\",\"caption\":\"Bati-journal\"},\"url\":\"https:\\\/\\\/batijournal.com\\\/index.php\\\/author\\\/elodie\\\/\"}]}<\/script>\n<!-- \/ Yoast SEO plugin. -->","yoast_head_json":{"title":"Bois d\u00e9p\u00e9rissant : les enjeux de la valorisation","description":"Le bois d\u00e9p\u00e9rissant prend une place croissante sur le march\u00e9 du bois en France et en Auvergne-Rh\u00f4ne-Alpes. Une intervention aborde les enjeux de valorisation de ces ressources et pr\u00e9sente plusieurs retours d\u2019exp\u00e9rience, dont la halle du Moutaret (38) en \u00e9pic\u00e9a scolyt\u00e9.","robots":{"index":"index","follow":"follow","max-snippet":"max-snippet:-1","max-image-preview":"max-image-preview:large","max-video-preview":"max-video-preview:-1"},"canonical":"https:\/\/batijournal.com\/index.php\/bois-deperissant-les-enjeux-de-la-valorisation\/112990\/","og_locale":"fr_FR","og_type":"article","og_title":"Bois d\u00e9p\u00e9rissant : les enjeux de la valorisation","og_description":"Le bois d\u00e9p\u00e9rissant prend une place croissante sur le march\u00e9 du bois en France et en Auvergne-Rh\u00f4ne-Alpes. Une intervention aborde les enjeux de valorisation de ces ressources et pr\u00e9sente plusieurs retours d\u2019exp\u00e9rience, dont la halle du Moutaret (38) en \u00e9pic\u00e9a scolyt\u00e9.","og_url":"https:\/\/batijournal.com\/index.php\/bois-deperissant-les-enjeux-de-la-valorisation\/112990\/","og_site_name":"Batijournal","article_published_time":"2026-02-05T13:52:57+00:00","article_modified_time":"2026-02-05T13:55:07+00:00","og_image":[{"width":1858,"height":1060,"url":"https:\/\/batijournal.com\/wp-content\/uploads\/2026\/02\/image0.jpg","type":"image\/jpeg"}],"author":"Bati-journal","twitter_card":"summary_large_image","twitter_creator":"@bati_journal","twitter_site":"@bati_journal","twitter_misc":{"\u00c9crit par":"Bati-journal","Dur\u00e9e de lecture estim\u00e9e":"1 minute"},"schema":{"@context":"https:\/\/schema.org","@graph":[{"@type":"Article","@id":"https:\/\/batijournal.com\/index.php\/bois-deperissant-les-enjeux-de-la-valorisation\/112990\/#article","isPartOf":{"@id":"https:\/\/batijournal.com\/index.php\/bois-deperissant-les-enjeux-de-la-valorisation\/112990\/"},"author":{"name":"Bati-journal","@id":"https:\/\/batijournal.com\/#\/schema\/person\/6a657e8967569e1b299972574848aa76"},"headline":"Bois d\u00e9p\u00e9rissant : les enjeux de la valorisation","datePublished":"2026-02-05T13:52:57+00:00","dateModified":"2026-02-05T13:55:07+00:00","mainEntityOfPage":{"@id":"https:\/\/batijournal.com\/index.php\/bois-deperissant-les-enjeux-de-la-valorisation\/112990\/"},"wordCount":147,"image":{"@id":"https:\/\/batijournal.com\/index.php\/bois-deperissant-les-enjeux-de-la-valorisation\/112990\/#primaryimage"},"thumbnailUrl":"https:\/\/batijournal.com\/wp-content\/uploads\/2026\/02\/image0.jpg","articleSection":["A la Une","Actualit\u00e9s","batijournal TV"],"inLanguage":"fr-FR"},{"@type":"WebPage","@id":"https:\/\/batijournal.com\/index.php\/bois-deperissant-les-enjeux-de-la-valorisation\/112990\/","url":"https:\/\/batijournal.com\/index.php\/bois-deperissant-les-enjeux-de-la-valorisation\/112990\/","name":"Bois d\u00e9p\u00e9rissant : les enjeux de la valorisation","isPartOf":{"@id":"https:\/\/batijournal.com\/#website"},"primaryImageOfPage":{"@id":"https:\/\/batijournal.com\/index.php\/bois-deperissant-les-enjeux-de-la-valorisation\/112990\/#primaryimage"},"image":{"@id":"https:\/\/batijournal.com\/index.php\/bois-deperissant-les-enjeux-de-la-valorisation\/112990\/#primaryimage"},"thumbnailUrl":"https:\/\/batijournal.com\/wp-content\/uploads\/2026\/02\/image0.jpg","datePublished":"2026-02-05T13:52:57+00:00","dateModified":"2026-02-05T13:55:07+00:00","author":{"@id":"https:\/\/batijournal.com\/#\/schema\/person\/6a657e8967569e1b299972574848aa76"},"description":"Le bois d\u00e9p\u00e9rissant prend une place croissante sur le march\u00e9 du bois en France et en Auvergne-Rh\u00f4ne-Alpes. Une intervention aborde les enjeux de valorisation de ces ressources et pr\u00e9sente plusieurs retours d\u2019exp\u00e9rience, dont la halle du Moutaret (38) en \u00e9pic\u00e9a scolyt\u00e9.","breadcrumb":{"@id":"https:\/\/batijournal.com\/index.php\/bois-deperissant-les-enjeux-de-la-valorisation\/112990\/#breadcrumb"},"inLanguage":"fr-FR","potentialAction":[{"@type":"ReadAction","target":["https:\/\/batijournal.com\/index.php\/bois-deperissant-les-enjeux-de-la-valorisation\/112990\/"]}]},{"@type":"ImageObject","inLanguage":"fr-FR","@id":"https:\/\/batijournal.com\/index.php\/bois-deperissant-les-enjeux-de-la-valorisation\/112990\/#primaryimage","url":"https:\/\/batijournal.com\/wp-content\/uploads\/2026\/02\/image0.jpg","contentUrl":"https:\/\/batijournal.com\/wp-content\/uploads\/2026\/02\/image0.jpg","width":1858,"height":1060,"caption":"Screenshot"},{"@type":"BreadcrumbList","@id":"https:\/\/batijournal.com\/index.php\/bois-deperissant-les-enjeux-de-la-valorisation\/112990\/#breadcrumb","itemListElement":[{"@type":"ListItem","position":1,"name":"Accueil","item":"https:\/\/batijournal.com\/"},{"@type":"ListItem","position":2,"name":"A la Une","item":"https:\/\/batijournal.com\/index.php\/category\/a-la-une\/"},{"@type":"ListItem","position":3,"name":"Bois d\u00e9p\u00e9rissant : les enjeux de la valorisation"}]},{"@type":"WebSite","@id":"https:\/\/batijournal.com\/#website","url":"https:\/\/batijournal.com\/","name":"Batijournal","description":"L&#039;actualit\u00e9 du b\u00e2timent","potentialAction":[{"@type":"SearchAction","target":{"@type":"EntryPoint","urlTemplate":"https:\/\/batijournal.com\/?s={search_term_string}"},"query-input":{"@type":"PropertyValueSpecification","valueRequired":true,"valueName":"search_term_string"}}],"inLanguage":"fr-FR"},{"@type":"Person","@id":"https:\/\/batijournal.com\/#\/schema\/person\/6a657e8967569e1b299972574848aa76","name":"Bati-journal","image":{"@type":"ImageObject","inLanguage":"fr-FR","@id":"https:\/\/secure.gravatar.com\/avatar\/a64364ea26392f9b4dd47e017ddaec74ff03aefc073b49e492e847201258f777?s=96&d=mm&r=g","url":"https:\/\/secure.gravatar.com\/avatar\/a64364ea26392f9b4dd47e017ddaec74ff03aefc073b49e492e847201258f777?s=96&d=mm&r=g","contentUrl":"https:\/\/secure.gravatar.com\/avatar\/a64364ea26392f9b4dd47e017ddaec74ff03aefc073b49e492e847201258f777?s=96&d=mm&r=g","caption":"Bati-journal"},"url":"https:\/\/batijournal.com\/index.php\/author\/elodie\/"}]}},"_links":{"self":[{"href":"https:\/\/batijournal.com\/index.php\/wp-json\/wp\/v2\/posts\/112990","targetHints":{"allow":["GET"]}}],"collection":[{"href":"https:\/\/batijournal.com\/index.php\/wp-json\/wp\/v2\/posts"}],"about":[{"href":"https:\/\/batijournal.com\/index.php\/wp-json\/wp\/v2\/types\/post"}],"author":[{"embeddable":true,"href":"https:\/\/batijournal.com\/index.php\/wp-json\/wp\/v2\/users\/1"}],"replies":[{"embeddable":true,"href":"https:\/\/batijournal.com\/index.php\/wp-json\/wp\/v2\/comments?post=112990"}],"version-history":[{"count":0,"href":"https:\/\/batijournal.com\/index.php\/wp-json\/wp\/v2\/posts\/112990\/revisions"}],"wp:featuredmedia":[{"embeddable":true,"href":"https:\/\/batijournal.com\/index.php\/wp-json\/wp\/v2\/media\/112991"}],"wp:attachment":[{"href":"https:\/\/batijournal.com\/index.php\/wp-json\/wp\/v2\/media?parent=112990"}],"wp:term":[{"taxonomy":"category","embeddable":true,"href":"https:\/\/batijournal.com\/index.php\/wp-json\/wp\/v2\/categories?post=112990"},{"taxonomy":"post_tag","embeddable":true,"href":"https:\/\/batijournal.com\/index.php\/wp-json\/wp\/v2\/tags?post=112990"}],"curies":[{"name":"wp","href":"https:\/\/api.w.org\/{rel}","templated":true}]}}