{"id":112996,"date":"2026-02-05T17:10:44","date_gmt":"2026-02-05T16:10:44","guid":{"rendered":"https:\/\/batijournal.com\/?p=112996"},"modified":"2026-02-05T17:19:48","modified_gmt":"2026-02-05T16:19:48","slug":"le-projet-asfo-cest-quoi","status":"publish","type":"post","link":"https:\/\/batijournal.com\/index.php\/le-projet-asfo-cest-quoi\/112996\/","title":{"rendered":"Le projet ASFO c&rsquo;est quoi ?"},"content":{"rendered":"<p>Cette intervention pr\u00e9sente le r\u00f4le du programme europ\u00e9en ASFO (Gestion associ\u00e9e des terres abandonn\u00e9es pour une r\u00e9silience des territoires agro-sylvo-pastoraux) qui permet, avec des partenaires fran\u00e7ais et italiens, de travailler sur la remise en gestion de for\u00eats ou espaces naturels.<\/p>\n<p>Avec les interventions de :<\/p>\n<p>Patricia Morhet-Richaud, pr\u00e9sidente de Communes foresti\u00e8res Hautes-Alpes et vice-pr\u00e9sidente de Communes foresti\u00e8res Provence-Alpes-C\u00f4te d\u2019Azur et France<\/p>\n<p>Marco Bussone, pr\u00e9sident \u2013 UNCEM<\/p>\n<p>Sylvain Ougier, ing\u00e9nieur des Pays de Savoie \u2013 Centre National de la Propri\u00e9t\u00e9 Foresti\u00e8re<\/p>\n<p>Sonia Cambursano, directrice g\u00e9n\u00e9rale \u2013 Ville M\u00e9tropolitaine de Turin<\/p>\n<p>Elena Di Bella, directrice du d\u00e9veloppement rural et montagneux \u2013 Ville M\u00e9tropolitaine de Turin<\/p>\n<p>\u00c0 l\u2019occasion du salon Eurobois, qui se tient \u00e0 Lyon Eurexpo du 3 au 6 f\u00e9vrier 2026, les \u00e9quipes de batijournal TV sont en direct sur la Wood Arena. Tout au long de l\u2019\u00e9v\u00e9nement, retrouvez interviews, \u00e9changes et temps forts autour de l\u2019actualit\u00e9 de la fili\u00e8re.<\/p>\n<p>&nbsp;<\/p>\n<p><iframe loading=\"lazy\" title=\"Pr\u00e9sentation du projet ASFO\" width=\"1080\" height=\"608\" src=\"https:\/\/www.youtube.com\/embed\/BP308tJFmLg?feature=oembed\"  allow=\"accelerometer; autoplay; clipboard-write; encrypted-media; gyroscope; picture-in-picture; web-share\" referrerpolicy=\"strict-origin-when-cross-origin\" allowfullscreen><\/iframe><\/p>\n","protected":false},"excerpt":{"rendered":"<p>Cette intervention pr\u00e9sente le r\u00f4le du programme europ\u00e9en ASFO (Gestion associ\u00e9e des terres abandonn\u00e9es pour une r\u00e9silience des territoires agro-sylvo-pastoraux) qui permet, avec des partenaires fran\u00e7ais et italiens, de travailler sur la remise en gestion de for\u00eats ou espaces naturels. Avec les interventions de : Patricia Morhet-Richaud, pr\u00e9sidente de Communes foresti\u00e8res Hautes-Alpes et vice-pr\u00e9sidente de [&hellip;]<\/p>\n","protected":false},"author":1,"featured_media":112997,"comment_status":"closed","ping_status":"closed","sticky":false,"template":"","format":"standard","meta":{"_et_pb_use_builder":"","_et_pb_old_content":"","_et_gb_content_width":"","footnotes":""},"categories":[10736,10530,11200],"tags":[],"class_list":["post-112996","post","type-post","status-publish","format-standard","has-post-thumbnail","hentry","category-a-la-une","category-actualites","category-batijournal-tv"],"yoast_head":"<!-- This site is optimized with the Yoast SEO plugin v27.4 - https:\/\/yoast.com\/product\/yoast-seo-wordpress\/ -->\n<title>Le projet ASFO c&#039;est quoi ?<\/title>\n<meta name=\"robots\" content=\"index, follow, max-snippet:-1, max-image-preview:large, max-video-preview:-1\" \/>\n<link rel=\"canonical\" href=\"https:\/\/batijournal.com\/index.php\/le-projet-asfo-cest-quoi\/112996\/\" \/>\n<meta property=\"og:locale\" content=\"fr_FR\" \/>\n<meta property=\"og:type\" content=\"article\" \/>\n<meta property=\"og:title\" content=\"Le projet ASFO c&#039;est quoi ?\" \/>\n<meta property=\"og:description\" content=\"Cette intervention pr\u00e9sente le r\u00f4le du programme europ\u00e9en ASFO (Gestion associ\u00e9e des terres abandonn\u00e9es pour une r\u00e9silience des territoires agro-sylvo-pastoraux) qui permet, avec des partenaires fran\u00e7ais et italiens, de travailler sur la remise en gestion de for\u00eats ou espaces naturels. Avec les interventions de : Patricia Morhet-Richaud, pr\u00e9sidente de Communes foresti\u00e8res Hautes-Alpes et vice-pr\u00e9sidente de [&hellip;]\" \/>\n<meta property=\"og:url\" content=\"https:\/\/batijournal.com\/index.php\/le-projet-asfo-cest-quoi\/112996\/\" \/>\n<meta property=\"og:site_name\" content=\"Batijournal\" \/>\n<meta property=\"article:published_time\" content=\"2026-02-05T16:10:44+00:00\" \/>\n<meta property=\"article:modified_time\" content=\"2026-02-05T16:19:48+00:00\" \/>\n<meta property=\"og:image\" content=\"https:\/\/batijournal.com\/wp-content\/uploads\/2026\/02\/Capture-decran-2026-02-05-a-17.07.47-copie.jpg\" \/>\n\t<meta property=\"og:image:width\" content=\"1782\" \/>\n\t<meta property=\"og:image:height\" content=\"962\" \/>\n\t<meta property=\"og:image:type\" content=\"image\/jpeg\" \/>\n<meta name=\"author\" content=\"Bati-journal\" \/>\n<meta name=\"twitter:card\" content=\"summary_large_image\" \/>\n<meta name=\"twitter:creator\" content=\"@bati_journal\" \/>\n<meta name=\"twitter:site\" content=\"@bati_journal\" \/>\n<meta name=\"twitter:label1\" content=\"\u00c9crit par\" \/>\n\t<meta name=\"twitter:data1\" content=\"Bati-journal\" \/>\n\t<meta name=\"twitter:label2\" content=\"Dur\u00e9e de lecture estim\u00e9e\" \/>\n\t<meta name=\"twitter:data2\" content=\"1 minute\" \/>\n<script type=\"application\/ld+json\" class=\"yoast-schema-graph\">{\"@context\":\"https:\\\/\\\/schema.org\",\"@graph\":[{\"@type\":\"Article\",\"@id\":\"https:\\\/\\\/batijournal.com\\\/index.php\\\/le-projet-asfo-cest-quoi\\\/112996\\\/#article\",\"isPartOf\":{\"@id\":\"https:\\\/\\\/batijournal.com\\\/index.php\\\/le-projet-asfo-cest-quoi\\\/112996\\\/\"},\"author\":{\"name\":\"Bati-journal\",\"@id\":\"https:\\\/\\\/batijournal.com\\\/#\\\/schema\\\/person\\\/6a657e8967569e1b299972574848aa76\"},\"headline\":\"Le projet ASFO c&rsquo;est quoi ?\",\"datePublished\":\"2026-02-05T16:10:44+00:00\",\"dateModified\":\"2026-02-05T16:19:48+00:00\",\"mainEntityOfPage\":{\"@id\":\"https:\\\/\\\/batijournal.com\\\/index.php\\\/le-projet-asfo-cest-quoi\\\/112996\\\/\"},\"wordCount\":183,\"image\":{\"@id\":\"https:\\\/\\\/batijournal.com\\\/index.php\\\/le-projet-asfo-cest-quoi\\\/112996\\\/#primaryimage\"},\"thumbnailUrl\":\"https:\\\/\\\/batijournal.com\\\/wp-content\\\/uploads\\\/2026\\\/02\\\/Capture-decran-2026-02-05-a-17.07.47-copie.jpg\",\"articleSection\":[\"A la Une\",\"Actualit\u00e9s\",\"batijournal TV\"],\"inLanguage\":\"fr-FR\"},{\"@type\":\"WebPage\",\"@id\":\"https:\\\/\\\/batijournal.com\\\/index.php\\\/le-projet-asfo-cest-quoi\\\/112996\\\/\",\"url\":\"https:\\\/\\\/batijournal.com\\\/index.php\\\/le-projet-asfo-cest-quoi\\\/112996\\\/\",\"name\":\"Le projet ASFO c'est quoi ?\",\"isPartOf\":{\"@id\":\"https:\\\/\\\/batijournal.com\\\/#website\"},\"primaryImageOfPage\":{\"@id\":\"https:\\\/\\\/batijournal.com\\\/index.php\\\/le-projet-asfo-cest-quoi\\\/112996\\\/#primaryimage\"},\"image\":{\"@id\":\"https:\\\/\\\/batijournal.com\\\/index.php\\\/le-projet-asfo-cest-quoi\\\/112996\\\/#primaryimage\"},\"thumbnailUrl\":\"https:\\\/\\\/batijournal.com\\\/wp-content\\\/uploads\\\/2026\\\/02\\\/Capture-decran-2026-02-05-a-17.07.47-copie.jpg\",\"datePublished\":\"2026-02-05T16:10:44+00:00\",\"dateModified\":\"2026-02-05T16:19:48+00:00\",\"author\":{\"@id\":\"https:\\\/\\\/batijournal.com\\\/#\\\/schema\\\/person\\\/6a657e8967569e1b299972574848aa76\"},\"breadcrumb\":{\"@id\":\"https:\\\/\\\/batijournal.com\\\/index.php\\\/le-projet-asfo-cest-quoi\\\/112996\\\/#breadcrumb\"},\"inLanguage\":\"fr-FR\",\"potentialAction\":[{\"@type\":\"ReadAction\",\"target\":[\"https:\\\/\\\/batijournal.com\\\/index.php\\\/le-projet-asfo-cest-quoi\\\/112996\\\/\"]}]},{\"@type\":\"ImageObject\",\"inLanguage\":\"fr-FR\",\"@id\":\"https:\\\/\\\/batijournal.com\\\/index.php\\\/le-projet-asfo-cest-quoi\\\/112996\\\/#primaryimage\",\"url\":\"https:\\\/\\\/batijournal.com\\\/wp-content\\\/uploads\\\/2026\\\/02\\\/Capture-decran-2026-02-05-a-17.07.47-copie.jpg\",\"contentUrl\":\"https:\\\/\\\/batijournal.com\\\/wp-content\\\/uploads\\\/2026\\\/02\\\/Capture-decran-2026-02-05-a-17.07.47-copie.jpg\",\"width\":1782,\"height\":962,\"caption\":\"Screenshot\"},{\"@type\":\"BreadcrumbList\",\"@id\":\"https:\\\/\\\/batijournal.com\\\/index.php\\\/le-projet-asfo-cest-quoi\\\/112996\\\/#breadcrumb\",\"itemListElement\":[{\"@type\":\"ListItem\",\"position\":1,\"name\":\"Accueil\",\"item\":\"https:\\\/\\\/batijournal.com\\\/\"},{\"@type\":\"ListItem\",\"position\":2,\"name\":\"A la Une\",\"item\":\"https:\\\/\\\/batijournal.com\\\/index.php\\\/category\\\/a-la-une\\\/\"},{\"@type\":\"ListItem\",\"position\":3,\"name\":\"Le projet ASFO c&rsquo;est quoi ?\"}]},{\"@type\":\"WebSite\",\"@id\":\"https:\\\/\\\/batijournal.com\\\/#website\",\"url\":\"https:\\\/\\\/batijournal.com\\\/\",\"name\":\"Batijournal\",\"description\":\"L&#039;actualit\u00e9 du b\u00e2timent\",\"potentialAction\":[{\"@type\":\"SearchAction\",\"target\":{\"@type\":\"EntryPoint\",\"urlTemplate\":\"https:\\\/\\\/batijournal.com\\\/?s={search_term_string}\"},\"query-input\":{\"@type\":\"PropertyValueSpecification\",\"valueRequired\":true,\"valueName\":\"search_term_string\"}}],\"inLanguage\":\"fr-FR\"},{\"@type\":\"Person\",\"@id\":\"https:\\\/\\\/batijournal.com\\\/#\\\/schema\\\/person\\\/6a657e8967569e1b299972574848aa76\",\"name\":\"Bati-journal\",\"image\":{\"@type\":\"ImageObject\",\"inLanguage\":\"fr-FR\",\"@id\":\"https:\\\/\\\/secure.gravatar.com\\\/avatar\\\/a64364ea26392f9b4dd47e017ddaec74ff03aefc073b49e492e847201258f777?s=96&d=mm&r=g\",\"url\":\"https:\\\/\\\/secure.gravatar.com\\\/avatar\\\/a64364ea26392f9b4dd47e017ddaec74ff03aefc073b49e492e847201258f777?s=96&d=mm&r=g\",\"contentUrl\":\"https:\\\/\\\/secure.gravatar.com\\\/avatar\\\/a64364ea26392f9b4dd47e017ddaec74ff03aefc073b49e492e847201258f777?s=96&d=mm&r=g\",\"caption\":\"Bati-journal\"},\"url\":\"https:\\\/\\\/batijournal.com\\\/index.php\\\/author\\\/elodie\\\/\"}]}<\/script>\n<!-- \/ Yoast SEO plugin. -->","yoast_head_json":{"title":"Le projet ASFO c'est quoi ?","robots":{"index":"index","follow":"follow","max-snippet":"max-snippet:-1","max-image-preview":"max-image-preview:large","max-video-preview":"max-video-preview:-1"},"canonical":"https:\/\/batijournal.com\/index.php\/le-projet-asfo-cest-quoi\/112996\/","og_locale":"fr_FR","og_type":"article","og_title":"Le projet ASFO c'est quoi ?","og_description":"Cette intervention pr\u00e9sente le r\u00f4le du programme europ\u00e9en ASFO (Gestion associ\u00e9e des terres abandonn\u00e9es pour une r\u00e9silience des territoires agro-sylvo-pastoraux) qui permet, avec des partenaires fran\u00e7ais et italiens, de travailler sur la remise en gestion de for\u00eats ou espaces naturels. Avec les interventions de : Patricia Morhet-Richaud, pr\u00e9sidente de Communes foresti\u00e8res Hautes-Alpes et vice-pr\u00e9sidente de [&hellip;]","og_url":"https:\/\/batijournal.com\/index.php\/le-projet-asfo-cest-quoi\/112996\/","og_site_name":"Batijournal","article_published_time":"2026-02-05T16:10:44+00:00","article_modified_time":"2026-02-05T16:19:48+00:00","og_image":[{"width":1782,"height":962,"url":"https:\/\/batijournal.com\/wp-content\/uploads\/2026\/02\/Capture-decran-2026-02-05-a-17.07.47-copie.jpg","type":"image\/jpeg"}],"author":"Bati-journal","twitter_card":"summary_large_image","twitter_creator":"@bati_journal","twitter_site":"@bati_journal","twitter_misc":{"\u00c9crit par":"Bati-journal","Dur\u00e9e de lecture estim\u00e9e":"1 minute"},"schema":{"@context":"https:\/\/schema.org","@graph":[{"@type":"Article","@id":"https:\/\/batijournal.com\/index.php\/le-projet-asfo-cest-quoi\/112996\/#article","isPartOf":{"@id":"https:\/\/batijournal.com\/index.php\/le-projet-asfo-cest-quoi\/112996\/"},"author":{"name":"Bati-journal","@id":"https:\/\/batijournal.com\/#\/schema\/person\/6a657e8967569e1b299972574848aa76"},"headline":"Le projet ASFO c&rsquo;est quoi ?","datePublished":"2026-02-05T16:10:44+00:00","dateModified":"2026-02-05T16:19:48+00:00","mainEntityOfPage":{"@id":"https:\/\/batijournal.com\/index.php\/le-projet-asfo-cest-quoi\/112996\/"},"wordCount":183,"image":{"@id":"https:\/\/batijournal.com\/index.php\/le-projet-asfo-cest-quoi\/112996\/#primaryimage"},"thumbnailUrl":"https:\/\/batijournal.com\/wp-content\/uploads\/2026\/02\/Capture-decran-2026-02-05-a-17.07.47-copie.jpg","articleSection":["A la Une","Actualit\u00e9s","batijournal TV"],"inLanguage":"fr-FR"},{"@type":"WebPage","@id":"https:\/\/batijournal.com\/index.php\/le-projet-asfo-cest-quoi\/112996\/","url":"https:\/\/batijournal.com\/index.php\/le-projet-asfo-cest-quoi\/112996\/","name":"Le projet ASFO c'est quoi ?","isPartOf":{"@id":"https:\/\/batijournal.com\/#website"},"primaryImageOfPage":{"@id":"https:\/\/batijournal.com\/index.php\/le-projet-asfo-cest-quoi\/112996\/#primaryimage"},"image":{"@id":"https:\/\/batijournal.com\/index.php\/le-projet-asfo-cest-quoi\/112996\/#primaryimage"},"thumbnailUrl":"https:\/\/batijournal.com\/wp-content\/uploads\/2026\/02\/Capture-decran-2026-02-05-a-17.07.47-copie.jpg","datePublished":"2026-02-05T16:10:44+00:00","dateModified":"2026-02-05T16:19:48+00:00","author":{"@id":"https:\/\/batijournal.com\/#\/schema\/person\/6a657e8967569e1b299972574848aa76"},"breadcrumb":{"@id":"https:\/\/batijournal.com\/index.php\/le-projet-asfo-cest-quoi\/112996\/#breadcrumb"},"inLanguage":"fr-FR","potentialAction":[{"@type":"ReadAction","target":["https:\/\/batijournal.com\/index.php\/le-projet-asfo-cest-quoi\/112996\/"]}]},{"@type":"ImageObject","inLanguage":"fr-FR","@id":"https:\/\/batijournal.com\/index.php\/le-projet-asfo-cest-quoi\/112996\/#primaryimage","url":"https:\/\/batijournal.com\/wp-content\/uploads\/2026\/02\/Capture-decran-2026-02-05-a-17.07.47-copie.jpg","contentUrl":"https:\/\/batijournal.com\/wp-content\/uploads\/2026\/02\/Capture-decran-2026-02-05-a-17.07.47-copie.jpg","width":1782,"height":962,"caption":"Screenshot"},{"@type":"BreadcrumbList","@id":"https:\/\/batijournal.com\/index.php\/le-projet-asfo-cest-quoi\/112996\/#breadcrumb","itemListElement":[{"@type":"ListItem","position":1,"name":"Accueil","item":"https:\/\/batijournal.com\/"},{"@type":"ListItem","position":2,"name":"A la Une","item":"https:\/\/batijournal.com\/index.php\/category\/a-la-une\/"},{"@type":"ListItem","position":3,"name":"Le projet ASFO c&rsquo;est quoi ?"}]},{"@type":"WebSite","@id":"https:\/\/batijournal.com\/#website","url":"https:\/\/batijournal.com\/","name":"Batijournal","description":"L&#039;actualit\u00e9 du b\u00e2timent","potentialAction":[{"@type":"SearchAction","target":{"@type":"EntryPoint","urlTemplate":"https:\/\/batijournal.com\/?s={search_term_string}"},"query-input":{"@type":"PropertyValueSpecification","valueRequired":true,"valueName":"search_term_string"}}],"inLanguage":"fr-FR"},{"@type":"Person","@id":"https:\/\/batijournal.com\/#\/schema\/person\/6a657e8967569e1b299972574848aa76","name":"Bati-journal","image":{"@type":"ImageObject","inLanguage":"fr-FR","@id":"https:\/\/secure.gravatar.com\/avatar\/a64364ea26392f9b4dd47e017ddaec74ff03aefc073b49e492e847201258f777?s=96&d=mm&r=g","url":"https:\/\/secure.gravatar.com\/avatar\/a64364ea26392f9b4dd47e017ddaec74ff03aefc073b49e492e847201258f777?s=96&d=mm&r=g","contentUrl":"https:\/\/secure.gravatar.com\/avatar\/a64364ea26392f9b4dd47e017ddaec74ff03aefc073b49e492e847201258f777?s=96&d=mm&r=g","caption":"Bati-journal"},"url":"https:\/\/batijournal.com\/index.php\/author\/elodie\/"}]}},"_links":{"self":[{"href":"https:\/\/batijournal.com\/index.php\/wp-json\/wp\/v2\/posts\/112996","targetHints":{"allow":["GET"]}}],"collection":[{"href":"https:\/\/batijournal.com\/index.php\/wp-json\/wp\/v2\/posts"}],"about":[{"href":"https:\/\/batijournal.com\/index.php\/wp-json\/wp\/v2\/types\/post"}],"author":[{"embeddable":true,"href":"https:\/\/batijournal.com\/index.php\/wp-json\/wp\/v2\/users\/1"}],"replies":[{"embeddable":true,"href":"https:\/\/batijournal.com\/index.php\/wp-json\/wp\/v2\/comments?post=112996"}],"version-history":[{"count":0,"href":"https:\/\/batijournal.com\/index.php\/wp-json\/wp\/v2\/posts\/112996\/revisions"}],"wp:featuredmedia":[{"embeddable":true,"href":"https:\/\/batijournal.com\/index.php\/wp-json\/wp\/v2\/media\/112997"}],"wp:attachment":[{"href":"https:\/\/batijournal.com\/index.php\/wp-json\/wp\/v2\/media?parent=112996"}],"wp:term":[{"taxonomy":"category","embeddable":true,"href":"https:\/\/batijournal.com\/index.php\/wp-json\/wp\/v2\/categories?post=112996"},{"taxonomy":"post_tag","embeddable":true,"href":"https:\/\/batijournal.com\/index.php\/wp-json\/wp\/v2\/tags?post=112996"}],"curies":[{"name":"wp","href":"https:\/\/api.w.org\/{rel}","templated":true}]}}