{"id":112999,"date":"2026-02-05T18:16:56","date_gmt":"2026-02-05T17:16:56","guid":{"rendered":"https:\/\/batijournal.com\/?p=112999"},"modified":"2026-02-05T18:17:56","modified_gmt":"2026-02-05T17:17:56","slug":"le-design-pour-reveler-le-potentiel-du-bois","status":"publish","type":"post","link":"https:\/\/batijournal.com\/index.php\/le-design-pour-reveler-le-potentiel-du-bois\/112999\/","title":{"rendered":"Le design pour r\u00e9v\u00e9ler le potentiel du bois"},"content":{"rendered":"<p>Design, Bois fran\u00e7ais, circuits courts et r\u00e9emploi. Un temps d\u2019\u00e9change qui met en lumi\u00e8re la mani\u00e8re dont le design contribue \u00e0 valoriser le mat\u00e9riau bois, les ressources locales et les d\u00e9marches de r\u00e9emploi.<\/p>\n<p>Avec les interventions de :<\/p>\n<ul>\n<li>Marinette Feuillade, d\u00e9l\u00e9gu\u00e9e g\u00e9n\u00e9rale \u2013 Fibois AuRa<\/li>\n<li>Morgane Adam, designer \u2013 Studio MoA&amp;G<\/li>\n<li>Beno\u00eet Fourniet-Mottet, fondateur \u2013 B\u00e9\u00f4 Design<\/li>\n<li>Annelyse Gallien, charg\u00e9e de d\u00e9veloppement \u2013 100 D\u00e9tours<\/li>\n<\/ul>\n<p>\u00c0 l\u2019occasion du salon Eurobois, qui se tient \u00e0 Lyon Eurexpo du 3 au 6 f\u00e9vrier 2026, les \u00e9quipes de batijournal TV sont en direct sur la Wood Arena. Tout au long de l\u2019\u00e9v\u00e9nement, retrouvez interviews, \u00e9changes et temps forts autour de l\u2019actualit\u00e9 de la fili\u00e8re.<\/p>\n<p><iframe loading=\"lazy\" title=\"Quand le design r\u00e9v\u00e8le le potentiel du bois fran\u00e7ais, des circuits courts et du r\u00e9emploi\" width=\"1080\" height=\"608\" src=\"https:\/\/www.youtube.com\/embed\/fVM5blPFRx0?feature=oembed\"  allow=\"accelerometer; autoplay; clipboard-write; encrypted-media; gyroscope; picture-in-picture; web-share\" referrerpolicy=\"strict-origin-when-cross-origin\" allowfullscreen><\/iframe><\/p>\n<p>&nbsp;<\/p>\n","protected":false},"excerpt":{"rendered":"<p>Design, Bois fran\u00e7ais, circuits courts et r\u00e9emploi. Un temps d\u2019\u00e9change qui met en lumi\u00e8re la mani\u00e8re dont le design contribue \u00e0 valoriser le mat\u00e9riau bois, les ressources locales et les d\u00e9marches de r\u00e9emploi.<\/p>\n","protected":false},"author":1,"featured_media":113000,"comment_status":"closed","ping_status":"closed","sticky":false,"template":"","format":"standard","meta":{"_et_pb_use_builder":"","_et_pb_old_content":"","_et_gb_content_width":"","footnotes":""},"categories":[10736,10530,11200],"tags":[],"class_list":["post-112999","post","type-post","status-publish","format-standard","has-post-thumbnail","hentry","category-a-la-une","category-actualites","category-batijournal-tv"],"yoast_head":"<!-- This site is optimized with the Yoast SEO plugin v27.4 - https:\/\/yoast.com\/product\/yoast-seo-wordpress\/ -->\n<title>Le design pour r\u00e9v\u00e9ler le potentiel du bois<\/title>\n<meta name=\"description\" content=\"Design, Bois fran\u00e7ais, circuits courts et r\u00e9emploi. Un temps d\u2019\u00e9change qui met en lumi\u00e8re la mani\u00e8re dont le design contribue \u00e0 valoriser le mat\u00e9riau bois, les ressources locales et les d\u00e9marches de r\u00e9emploi.\" \/>\n<meta name=\"robots\" content=\"index, follow, max-snippet:-1, max-image-preview:large, max-video-preview:-1\" \/>\n<link rel=\"canonical\" href=\"https:\/\/batijournal.com\/index.php\/le-design-pour-reveler-le-potentiel-du-bois\/112999\/\" \/>\n<meta property=\"og:locale\" content=\"fr_FR\" \/>\n<meta property=\"og:type\" content=\"article\" \/>\n<meta property=\"og:title\" content=\"Le design pour r\u00e9v\u00e9ler le potentiel du bois\" \/>\n<meta property=\"og:description\" content=\"Design, Bois fran\u00e7ais, circuits courts et r\u00e9emploi. Un temps d\u2019\u00e9change qui met en lumi\u00e8re la mani\u00e8re dont le design contribue \u00e0 valoriser le mat\u00e9riau bois, les ressources locales et les d\u00e9marches de r\u00e9emploi.\" \/>\n<meta property=\"og:url\" content=\"https:\/\/batijournal.com\/index.php\/le-design-pour-reveler-le-potentiel-du-bois\/112999\/\" \/>\n<meta property=\"og:site_name\" content=\"Batijournal\" \/>\n<meta property=\"article:published_time\" content=\"2026-02-05T17:16:56+00:00\" \/>\n<meta property=\"article:modified_time\" content=\"2026-02-05T17:17:56+00:00\" \/>\n<meta property=\"og:image\" content=\"https:\/\/batijournal.com\/wp-content\/uploads\/2026\/02\/Capture-decran-2026-02-05-a-18.17.19.png\" \/>\n\t<meta property=\"og:image:width\" content=\"1386\" \/>\n\t<meta property=\"og:image:height\" content=\"772\" \/>\n\t<meta property=\"og:image:type\" content=\"image\/png\" \/>\n<meta name=\"author\" content=\"Bati-journal\" \/>\n<meta name=\"twitter:card\" content=\"summary_large_image\" \/>\n<meta name=\"twitter:creator\" content=\"@bati_journal\" \/>\n<meta name=\"twitter:site\" content=\"@bati_journal\" \/>\n<meta name=\"twitter:label1\" content=\"\u00c9crit par\" \/>\n\t<meta name=\"twitter:data1\" content=\"Bati-journal\" \/>\n\t<meta name=\"twitter:label2\" content=\"Dur\u00e9e de lecture estim\u00e9e\" \/>\n\t<meta name=\"twitter:data2\" content=\"1 minute\" \/>\n<script type=\"application\/ld+json\" class=\"yoast-schema-graph\">{\"@context\":\"https:\\\/\\\/schema.org\",\"@graph\":[{\"@type\":\"Article\",\"@id\":\"https:\\\/\\\/batijournal.com\\\/index.php\\\/le-design-pour-reveler-le-potentiel-du-bois\\\/112999\\\/#article\",\"isPartOf\":{\"@id\":\"https:\\\/\\\/batijournal.com\\\/index.php\\\/le-design-pour-reveler-le-potentiel-du-bois\\\/112999\\\/\"},\"author\":{\"name\":\"Bati-journal\",\"@id\":\"https:\\\/\\\/batijournal.com\\\/#\\\/schema\\\/person\\\/6a657e8967569e1b299972574848aa76\"},\"headline\":\"Le design pour r\u00e9v\u00e9ler le potentiel du bois\",\"datePublished\":\"2026-02-05T17:16:56+00:00\",\"dateModified\":\"2026-02-05T17:17:56+00:00\",\"mainEntityOfPage\":{\"@id\":\"https:\\\/\\\/batijournal.com\\\/index.php\\\/le-design-pour-reveler-le-potentiel-du-bois\\\/112999\\\/\"},\"wordCount\":143,\"image\":{\"@id\":\"https:\\\/\\\/batijournal.com\\\/index.php\\\/le-design-pour-reveler-le-potentiel-du-bois\\\/112999\\\/#primaryimage\"},\"thumbnailUrl\":\"https:\\\/\\\/batijournal.com\\\/wp-content\\\/uploads\\\/2026\\\/02\\\/Capture-decran-2026-02-05-a-18.17.19.png\",\"articleSection\":[\"A la Une\",\"Actualit\u00e9s\",\"batijournal TV\"],\"inLanguage\":\"fr-FR\"},{\"@type\":\"WebPage\",\"@id\":\"https:\\\/\\\/batijournal.com\\\/index.php\\\/le-design-pour-reveler-le-potentiel-du-bois\\\/112999\\\/\",\"url\":\"https:\\\/\\\/batijournal.com\\\/index.php\\\/le-design-pour-reveler-le-potentiel-du-bois\\\/112999\\\/\",\"name\":\"Le design pour r\u00e9v\u00e9ler le potentiel du bois\",\"isPartOf\":{\"@id\":\"https:\\\/\\\/batijournal.com\\\/#website\"},\"primaryImageOfPage\":{\"@id\":\"https:\\\/\\\/batijournal.com\\\/index.php\\\/le-design-pour-reveler-le-potentiel-du-bois\\\/112999\\\/#primaryimage\"},\"image\":{\"@id\":\"https:\\\/\\\/batijournal.com\\\/index.php\\\/le-design-pour-reveler-le-potentiel-du-bois\\\/112999\\\/#primaryimage\"},\"thumbnailUrl\":\"https:\\\/\\\/batijournal.com\\\/wp-content\\\/uploads\\\/2026\\\/02\\\/Capture-decran-2026-02-05-a-18.17.19.png\",\"datePublished\":\"2026-02-05T17:16:56+00:00\",\"dateModified\":\"2026-02-05T17:17:56+00:00\",\"author\":{\"@id\":\"https:\\\/\\\/batijournal.com\\\/#\\\/schema\\\/person\\\/6a657e8967569e1b299972574848aa76\"},\"description\":\"Design, Bois fran\u00e7ais, circuits courts et r\u00e9emploi. Un temps d\u2019\u00e9change qui met en lumi\u00e8re la mani\u00e8re dont le design contribue \u00e0 valoriser le mat\u00e9riau bois, les ressources locales et les d\u00e9marches de r\u00e9emploi.\",\"breadcrumb\":{\"@id\":\"https:\\\/\\\/batijournal.com\\\/index.php\\\/le-design-pour-reveler-le-potentiel-du-bois\\\/112999\\\/#breadcrumb\"},\"inLanguage\":\"fr-FR\",\"potentialAction\":[{\"@type\":\"ReadAction\",\"target\":[\"https:\\\/\\\/batijournal.com\\\/index.php\\\/le-design-pour-reveler-le-potentiel-du-bois\\\/112999\\\/\"]}]},{\"@type\":\"ImageObject\",\"inLanguage\":\"fr-FR\",\"@id\":\"https:\\\/\\\/batijournal.com\\\/index.php\\\/le-design-pour-reveler-le-potentiel-du-bois\\\/112999\\\/#primaryimage\",\"url\":\"https:\\\/\\\/batijournal.com\\\/wp-content\\\/uploads\\\/2026\\\/02\\\/Capture-decran-2026-02-05-a-18.17.19.png\",\"contentUrl\":\"https:\\\/\\\/batijournal.com\\\/wp-content\\\/uploads\\\/2026\\\/02\\\/Capture-decran-2026-02-05-a-18.17.19.png\",\"width\":1386,\"height\":772},{\"@type\":\"BreadcrumbList\",\"@id\":\"https:\\\/\\\/batijournal.com\\\/index.php\\\/le-design-pour-reveler-le-potentiel-du-bois\\\/112999\\\/#breadcrumb\",\"itemListElement\":[{\"@type\":\"ListItem\",\"position\":1,\"name\":\"Accueil\",\"item\":\"https:\\\/\\\/batijournal.com\\\/\"},{\"@type\":\"ListItem\",\"position\":2,\"name\":\"A la Une\",\"item\":\"https:\\\/\\\/batijournal.com\\\/index.php\\\/category\\\/a-la-une\\\/\"},{\"@type\":\"ListItem\",\"position\":3,\"name\":\"Le design pour r\u00e9v\u00e9ler le potentiel du bois\"}]},{\"@type\":\"WebSite\",\"@id\":\"https:\\\/\\\/batijournal.com\\\/#website\",\"url\":\"https:\\\/\\\/batijournal.com\\\/\",\"name\":\"Batijournal\",\"description\":\"L&#039;actualit\u00e9 du b\u00e2timent\",\"potentialAction\":[{\"@type\":\"SearchAction\",\"target\":{\"@type\":\"EntryPoint\",\"urlTemplate\":\"https:\\\/\\\/batijournal.com\\\/?s={search_term_string}\"},\"query-input\":{\"@type\":\"PropertyValueSpecification\",\"valueRequired\":true,\"valueName\":\"search_term_string\"}}],\"inLanguage\":\"fr-FR\"},{\"@type\":\"Person\",\"@id\":\"https:\\\/\\\/batijournal.com\\\/#\\\/schema\\\/person\\\/6a657e8967569e1b299972574848aa76\",\"name\":\"Bati-journal\",\"image\":{\"@type\":\"ImageObject\",\"inLanguage\":\"fr-FR\",\"@id\":\"https:\\\/\\\/secure.gravatar.com\\\/avatar\\\/a64364ea26392f9b4dd47e017ddaec74ff03aefc073b49e492e847201258f777?s=96&d=mm&r=g\",\"url\":\"https:\\\/\\\/secure.gravatar.com\\\/avatar\\\/a64364ea26392f9b4dd47e017ddaec74ff03aefc073b49e492e847201258f777?s=96&d=mm&r=g\",\"contentUrl\":\"https:\\\/\\\/secure.gravatar.com\\\/avatar\\\/a64364ea26392f9b4dd47e017ddaec74ff03aefc073b49e492e847201258f777?s=96&d=mm&r=g\",\"caption\":\"Bati-journal\"},\"url\":\"https:\\\/\\\/batijournal.com\\\/index.php\\\/author\\\/elodie\\\/\"}]}<\/script>\n<!-- \/ Yoast SEO plugin. -->","yoast_head_json":{"title":"Le design pour r\u00e9v\u00e9ler le potentiel du bois","description":"Design, Bois fran\u00e7ais, circuits courts et r\u00e9emploi. Un temps d\u2019\u00e9change qui met en lumi\u00e8re la mani\u00e8re dont le design contribue \u00e0 valoriser le mat\u00e9riau bois, les ressources locales et les d\u00e9marches de r\u00e9emploi.","robots":{"index":"index","follow":"follow","max-snippet":"max-snippet:-1","max-image-preview":"max-image-preview:large","max-video-preview":"max-video-preview:-1"},"canonical":"https:\/\/batijournal.com\/index.php\/le-design-pour-reveler-le-potentiel-du-bois\/112999\/","og_locale":"fr_FR","og_type":"article","og_title":"Le design pour r\u00e9v\u00e9ler le potentiel du bois","og_description":"Design, Bois fran\u00e7ais, circuits courts et r\u00e9emploi. Un temps d\u2019\u00e9change qui met en lumi\u00e8re la mani\u00e8re dont le design contribue \u00e0 valoriser le mat\u00e9riau bois, les ressources locales et les d\u00e9marches de r\u00e9emploi.","og_url":"https:\/\/batijournal.com\/index.php\/le-design-pour-reveler-le-potentiel-du-bois\/112999\/","og_site_name":"Batijournal","article_published_time":"2026-02-05T17:16:56+00:00","article_modified_time":"2026-02-05T17:17:56+00:00","og_image":[{"width":1386,"height":772,"url":"https:\/\/batijournal.com\/wp-content\/uploads\/2026\/02\/Capture-decran-2026-02-05-a-18.17.19.png","type":"image\/png"}],"author":"Bati-journal","twitter_card":"summary_large_image","twitter_creator":"@bati_journal","twitter_site":"@bati_journal","twitter_misc":{"\u00c9crit par":"Bati-journal","Dur\u00e9e de lecture estim\u00e9e":"1 minute"},"schema":{"@context":"https:\/\/schema.org","@graph":[{"@type":"Article","@id":"https:\/\/batijournal.com\/index.php\/le-design-pour-reveler-le-potentiel-du-bois\/112999\/#article","isPartOf":{"@id":"https:\/\/batijournal.com\/index.php\/le-design-pour-reveler-le-potentiel-du-bois\/112999\/"},"author":{"name":"Bati-journal","@id":"https:\/\/batijournal.com\/#\/schema\/person\/6a657e8967569e1b299972574848aa76"},"headline":"Le design pour r\u00e9v\u00e9ler le potentiel du bois","datePublished":"2026-02-05T17:16:56+00:00","dateModified":"2026-02-05T17:17:56+00:00","mainEntityOfPage":{"@id":"https:\/\/batijournal.com\/index.php\/le-design-pour-reveler-le-potentiel-du-bois\/112999\/"},"wordCount":143,"image":{"@id":"https:\/\/batijournal.com\/index.php\/le-design-pour-reveler-le-potentiel-du-bois\/112999\/#primaryimage"},"thumbnailUrl":"https:\/\/batijournal.com\/wp-content\/uploads\/2026\/02\/Capture-decran-2026-02-05-a-18.17.19.png","articleSection":["A la Une","Actualit\u00e9s","batijournal TV"],"inLanguage":"fr-FR"},{"@type":"WebPage","@id":"https:\/\/batijournal.com\/index.php\/le-design-pour-reveler-le-potentiel-du-bois\/112999\/","url":"https:\/\/batijournal.com\/index.php\/le-design-pour-reveler-le-potentiel-du-bois\/112999\/","name":"Le design pour r\u00e9v\u00e9ler le potentiel du bois","isPartOf":{"@id":"https:\/\/batijournal.com\/#website"},"primaryImageOfPage":{"@id":"https:\/\/batijournal.com\/index.php\/le-design-pour-reveler-le-potentiel-du-bois\/112999\/#primaryimage"},"image":{"@id":"https:\/\/batijournal.com\/index.php\/le-design-pour-reveler-le-potentiel-du-bois\/112999\/#primaryimage"},"thumbnailUrl":"https:\/\/batijournal.com\/wp-content\/uploads\/2026\/02\/Capture-decran-2026-02-05-a-18.17.19.png","datePublished":"2026-02-05T17:16:56+00:00","dateModified":"2026-02-05T17:17:56+00:00","author":{"@id":"https:\/\/batijournal.com\/#\/schema\/person\/6a657e8967569e1b299972574848aa76"},"description":"Design, Bois fran\u00e7ais, circuits courts et r\u00e9emploi. Un temps d\u2019\u00e9change qui met en lumi\u00e8re la mani\u00e8re dont le design contribue \u00e0 valoriser le mat\u00e9riau bois, les ressources locales et les d\u00e9marches de r\u00e9emploi.","breadcrumb":{"@id":"https:\/\/batijournal.com\/index.php\/le-design-pour-reveler-le-potentiel-du-bois\/112999\/#breadcrumb"},"inLanguage":"fr-FR","potentialAction":[{"@type":"ReadAction","target":["https:\/\/batijournal.com\/index.php\/le-design-pour-reveler-le-potentiel-du-bois\/112999\/"]}]},{"@type":"ImageObject","inLanguage":"fr-FR","@id":"https:\/\/batijournal.com\/index.php\/le-design-pour-reveler-le-potentiel-du-bois\/112999\/#primaryimage","url":"https:\/\/batijournal.com\/wp-content\/uploads\/2026\/02\/Capture-decran-2026-02-05-a-18.17.19.png","contentUrl":"https:\/\/batijournal.com\/wp-content\/uploads\/2026\/02\/Capture-decran-2026-02-05-a-18.17.19.png","width":1386,"height":772},{"@type":"BreadcrumbList","@id":"https:\/\/batijournal.com\/index.php\/le-design-pour-reveler-le-potentiel-du-bois\/112999\/#breadcrumb","itemListElement":[{"@type":"ListItem","position":1,"name":"Accueil","item":"https:\/\/batijournal.com\/"},{"@type":"ListItem","position":2,"name":"A la Une","item":"https:\/\/batijournal.com\/index.php\/category\/a-la-une\/"},{"@type":"ListItem","position":3,"name":"Le design pour r\u00e9v\u00e9ler le potentiel du bois"}]},{"@type":"WebSite","@id":"https:\/\/batijournal.com\/#website","url":"https:\/\/batijournal.com\/","name":"Batijournal","description":"L&#039;actualit\u00e9 du b\u00e2timent","potentialAction":[{"@type":"SearchAction","target":{"@type":"EntryPoint","urlTemplate":"https:\/\/batijournal.com\/?s={search_term_string}"},"query-input":{"@type":"PropertyValueSpecification","valueRequired":true,"valueName":"search_term_string"}}],"inLanguage":"fr-FR"},{"@type":"Person","@id":"https:\/\/batijournal.com\/#\/schema\/person\/6a657e8967569e1b299972574848aa76","name":"Bati-journal","image":{"@type":"ImageObject","inLanguage":"fr-FR","@id":"https:\/\/secure.gravatar.com\/avatar\/a64364ea26392f9b4dd47e017ddaec74ff03aefc073b49e492e847201258f777?s=96&d=mm&r=g","url":"https:\/\/secure.gravatar.com\/avatar\/a64364ea26392f9b4dd47e017ddaec74ff03aefc073b49e492e847201258f777?s=96&d=mm&r=g","contentUrl":"https:\/\/secure.gravatar.com\/avatar\/a64364ea26392f9b4dd47e017ddaec74ff03aefc073b49e492e847201258f777?s=96&d=mm&r=g","caption":"Bati-journal"},"url":"https:\/\/batijournal.com\/index.php\/author\/elodie\/"}]}},"_links":{"self":[{"href":"https:\/\/batijournal.com\/index.php\/wp-json\/wp\/v2\/posts\/112999","targetHints":{"allow":["GET"]}}],"collection":[{"href":"https:\/\/batijournal.com\/index.php\/wp-json\/wp\/v2\/posts"}],"about":[{"href":"https:\/\/batijournal.com\/index.php\/wp-json\/wp\/v2\/types\/post"}],"author":[{"embeddable":true,"href":"https:\/\/batijournal.com\/index.php\/wp-json\/wp\/v2\/users\/1"}],"replies":[{"embeddable":true,"href":"https:\/\/batijournal.com\/index.php\/wp-json\/wp\/v2\/comments?post=112999"}],"version-history":[{"count":0,"href":"https:\/\/batijournal.com\/index.php\/wp-json\/wp\/v2\/posts\/112999\/revisions"}],"wp:featuredmedia":[{"embeddable":true,"href":"https:\/\/batijournal.com\/index.php\/wp-json\/wp\/v2\/media\/113000"}],"wp:attachment":[{"href":"https:\/\/batijournal.com\/index.php\/wp-json\/wp\/v2\/media?parent=112999"}],"wp:term":[{"taxonomy":"category","embeddable":true,"href":"https:\/\/batijournal.com\/index.php\/wp-json\/wp\/v2\/categories?post=112999"},{"taxonomy":"post_tag","embeddable":true,"href":"https:\/\/batijournal.com\/index.php\/wp-json\/wp\/v2\/tags?post=112999"}],"curies":[{"name":"wp","href":"https:\/\/api.w.org\/{rel}","templated":true}]}}