{"id":113003,"date":"2026-02-06T12:47:17","date_gmt":"2026-02-06T11:47:17","guid":{"rendered":"https:\/\/batijournal.com\/?p=113003"},"modified":"2026-02-06T12:57:34","modified_gmt":"2026-02-06T11:57:34","slug":"vers-des-interieurs-100-responsables","status":"publish","type":"post","link":"https:\/\/batijournal.com\/index.php\/vers-des-interieurs-100-responsables\/113003\/","title":{"rendered":"Vers des int\u00e9rieurs 100% responsables\u00a0?"},"content":{"rendered":"<p>La valorisation du bois local, le r\u00e9emploi et la sobri\u00e9t\u00e9 carbone dessinent de nouvelles approches pour concevoir des int\u00e9rieurs plus responsables et adapt\u00e9s aux enjeux environnementaux.<\/p>\n<p>Avec les interventions de :<\/p>\n<p>&#8211;\u00a0\u00a0\u00a0\u00a0\u00a0\u00a0\u00a0<span style=\"font-family: Arial, sans-serif;\">Claire Bourget, Ma\u00eetre artisan \u00e9b\u00e9niste\u00a0\u2013 Label AEF<\/span><\/p>\n<p>&#8211;\u00a0\u00a0\u00a0\u00a0\u00a0\u00a0\u00a0Patrick Bouvier, pr\u00e9sident \u2013 Label AEF<\/p>\n<p>&#8211;\u00a0\u00a0\u00a0\u00a0\u00a0\u00a0\u00a0\u00c9lo\u00efse Morant,\u00a0Architecte d&rsquo;int\u00e9rieur &#8211; CFAI, Elo\u00efse Morant Design<\/p>\n<p>&#8211;\u00a0\u00a0\u00a0\u00a0\u00a0\u00a0\u00a0Guillaume Cl\u00e9ment, dirigeant \u2013 Groupe Cecoia<\/p>\n<p>\u00c0 l\u2019occasion du salon Eurobois, qui se tient \u00e0 Lyon Eurexpo du 3 au 6 f\u00e9vrier 2026, les \u00e9quipes de batijournal TV sont en direct sur la Wood Arena. Tout au long de l\u2019\u00e9v\u00e9nement, retrouvez interviews, \u00e9changes et temps forts autour de l\u2019actualit\u00e9 de la fili\u00e8re.<\/p>\n<p><iframe loading=\"lazy\" title=\"Agencer durablement : vers des int\u00e9rieurs 100% responsables\" width=\"1080\" height=\"608\" src=\"https:\/\/www.youtube.com\/embed\/z1y1gD6ClS4?feature=oembed\"  allow=\"accelerometer; autoplay; clipboard-write; encrypted-media; gyroscope; picture-in-picture; web-share\" referrerpolicy=\"strict-origin-when-cross-origin\" allowfullscreen><\/iframe><\/p>\n<p>&nbsp;<\/p>\n","protected":false},"excerpt":{"rendered":"<p>La valorisation du bois local, le r\u00e9emploi et la sobri\u00e9t\u00e9 carbone dessinent de nouvelles approches pour concevoir des int\u00e9rieurs plus responsables et adapt\u00e9s aux enjeux environnementaux. Avec les interventions de : &#8211;\u00a0\u00a0\u00a0\u00a0\u00a0\u00a0\u00a0Claire Bourget, Ma\u00eetre artisan \u00e9b\u00e9niste\u00a0\u2013 Label AEF &#8211;\u00a0\u00a0\u00a0\u00a0\u00a0\u00a0\u00a0Patrick Bouvier, pr\u00e9sident \u2013 Label AEF &#8211;\u00a0\u00a0\u00a0\u00a0\u00a0\u00a0\u00a0\u00c9lo\u00efse Morant,\u00a0Architecte d&rsquo;int\u00e9rieur &#8211; CFAI, Elo\u00efse Morant Design &#8211;\u00a0\u00a0\u00a0\u00a0\u00a0\u00a0\u00a0Guillaume Cl\u00e9ment, dirigeant [&hellip;]<\/p>\n","protected":false},"author":1,"featured_media":113004,"comment_status":"closed","ping_status":"closed","sticky":false,"template":"","format":"standard","meta":{"_et_pb_use_builder":"","_et_pb_old_content":"","_et_gb_content_width":"","footnotes":""},"categories":[10736,10530,11200],"tags":[],"class_list":["post-113003","post","type-post","status-publish","format-standard","has-post-thumbnail","hentry","category-a-la-une","category-actualites","category-batijournal-tv"],"yoast_head":"<!-- This site is optimized with the Yoast SEO plugin v27.4 - https:\/\/yoast.com\/product\/yoast-seo-wordpress\/ -->\n<title>Vers des int\u00e9rieurs 100% responsables\u00a0?<\/title>\n<meta name=\"robots\" content=\"index, follow, max-snippet:-1, max-image-preview:large, max-video-preview:-1\" \/>\n<link rel=\"canonical\" href=\"https:\/\/batijournal.com\/index.php\/vers-des-interieurs-100-responsables\/113003\/\" \/>\n<meta property=\"og:locale\" content=\"fr_FR\" \/>\n<meta property=\"og:type\" content=\"article\" \/>\n<meta property=\"og:title\" content=\"Vers des int\u00e9rieurs 100% responsables\u00a0?\" \/>\n<meta property=\"og:description\" content=\"La valorisation du bois local, le r\u00e9emploi et la sobri\u00e9t\u00e9 carbone dessinent de nouvelles approches pour concevoir des int\u00e9rieurs plus responsables et adapt\u00e9s aux enjeux environnementaux. Avec les interventions de : &#8211;\u00a0\u00a0\u00a0\u00a0\u00a0\u00a0\u00a0Claire Bourget, Ma\u00eetre artisan \u00e9b\u00e9niste\u00a0\u2013 Label AEF &#8211;\u00a0\u00a0\u00a0\u00a0\u00a0\u00a0\u00a0Patrick Bouvier, pr\u00e9sident \u2013 Label AEF &#8211;\u00a0\u00a0\u00a0\u00a0\u00a0\u00a0\u00a0\u00c9lo\u00efse Morant,\u00a0Architecte d&rsquo;int\u00e9rieur &#8211; CFAI, Elo\u00efse Morant Design &#8211;\u00a0\u00a0\u00a0\u00a0\u00a0\u00a0\u00a0Guillaume Cl\u00e9ment, dirigeant [&hellip;]\" \/>\n<meta property=\"og:url\" content=\"https:\/\/batijournal.com\/index.php\/vers-des-interieurs-100-responsables\/113003\/\" \/>\n<meta property=\"og:site_name\" content=\"Batijournal\" \/>\n<meta property=\"article:published_time\" content=\"2026-02-06T11:47:17+00:00\" \/>\n<meta property=\"article:modified_time\" content=\"2026-02-06T11:57:34+00:00\" \/>\n<meta property=\"og:image\" content=\"https:\/\/batijournal.com\/wp-content\/uploads\/2026\/02\/Capture-decran-2026-02-06-a-12.46.13-1024x574.png\" \/>\n\t<meta property=\"og:image:width\" content=\"1024\" \/>\n\t<meta property=\"og:image:height\" content=\"574\" \/>\n\t<meta property=\"og:image:type\" content=\"image\/png\" \/>\n<meta name=\"author\" content=\"Bati-journal\" \/>\n<meta name=\"twitter:card\" content=\"summary_large_image\" \/>\n<meta name=\"twitter:creator\" content=\"@bati_journal\" \/>\n<meta name=\"twitter:site\" content=\"@bati_journal\" \/>\n<meta name=\"twitter:label1\" content=\"\u00c9crit par\" \/>\n\t<meta name=\"twitter:data1\" content=\"Bati-journal\" \/>\n\t<meta name=\"twitter:label2\" content=\"Dur\u00e9e de lecture estim\u00e9e\" \/>\n\t<meta name=\"twitter:data2\" content=\"1 minute\" \/>\n<script type=\"application\/ld+json\" class=\"yoast-schema-graph\">{\"@context\":\"https:\\\/\\\/schema.org\",\"@graph\":[{\"@type\":\"Article\",\"@id\":\"https:\\\/\\\/batijournal.com\\\/index.php\\\/vers-des-interieurs-100-responsables\\\/113003\\\/#article\",\"isPartOf\":{\"@id\":\"https:\\\/\\\/batijournal.com\\\/index.php\\\/vers-des-interieurs-100-responsables\\\/113003\\\/\"},\"author\":{\"name\":\"Bati-journal\",\"@id\":\"https:\\\/\\\/batijournal.com\\\/#\\\/schema\\\/person\\\/6a657e8967569e1b299972574848aa76\"},\"headline\":\"Vers des int\u00e9rieurs 100% responsables\u00a0?\",\"datePublished\":\"2026-02-06T11:47:17+00:00\",\"dateModified\":\"2026-02-06T11:57:34+00:00\",\"mainEntityOfPage\":{\"@id\":\"https:\\\/\\\/batijournal.com\\\/index.php\\\/vers-des-interieurs-100-responsables\\\/113003\\\/\"},\"wordCount\":135,\"image\":{\"@id\":\"https:\\\/\\\/batijournal.com\\\/index.php\\\/vers-des-interieurs-100-responsables\\\/113003\\\/#primaryimage\"},\"thumbnailUrl\":\"https:\\\/\\\/batijournal.com\\\/wp-content\\\/uploads\\\/2026\\\/02\\\/Capture-decran-2026-02-06-a-12.46.13.png\",\"articleSection\":[\"A la Une\",\"Actualit\u00e9s\",\"batijournal TV\"],\"inLanguage\":\"fr-FR\"},{\"@type\":\"WebPage\",\"@id\":\"https:\\\/\\\/batijournal.com\\\/index.php\\\/vers-des-interieurs-100-responsables\\\/113003\\\/\",\"url\":\"https:\\\/\\\/batijournal.com\\\/index.php\\\/vers-des-interieurs-100-responsables\\\/113003\\\/\",\"name\":\"Vers des int\u00e9rieurs 100% responsables\u00a0?\",\"isPartOf\":{\"@id\":\"https:\\\/\\\/batijournal.com\\\/#website\"},\"primaryImageOfPage\":{\"@id\":\"https:\\\/\\\/batijournal.com\\\/index.php\\\/vers-des-interieurs-100-responsables\\\/113003\\\/#primaryimage\"},\"image\":{\"@id\":\"https:\\\/\\\/batijournal.com\\\/index.php\\\/vers-des-interieurs-100-responsables\\\/113003\\\/#primaryimage\"},\"thumbnailUrl\":\"https:\\\/\\\/batijournal.com\\\/wp-content\\\/uploads\\\/2026\\\/02\\\/Capture-decran-2026-02-06-a-12.46.13.png\",\"datePublished\":\"2026-02-06T11:47:17+00:00\",\"dateModified\":\"2026-02-06T11:57:34+00:00\",\"author\":{\"@id\":\"https:\\\/\\\/batijournal.com\\\/#\\\/schema\\\/person\\\/6a657e8967569e1b299972574848aa76\"},\"breadcrumb\":{\"@id\":\"https:\\\/\\\/batijournal.com\\\/index.php\\\/vers-des-interieurs-100-responsables\\\/113003\\\/#breadcrumb\"},\"inLanguage\":\"fr-FR\",\"potentialAction\":[{\"@type\":\"ReadAction\",\"target\":[\"https:\\\/\\\/batijournal.com\\\/index.php\\\/vers-des-interieurs-100-responsables\\\/113003\\\/\"]}]},{\"@type\":\"ImageObject\",\"inLanguage\":\"fr-FR\",\"@id\":\"https:\\\/\\\/batijournal.com\\\/index.php\\\/vers-des-interieurs-100-responsables\\\/113003\\\/#primaryimage\",\"url\":\"https:\\\/\\\/batijournal.com\\\/wp-content\\\/uploads\\\/2026\\\/02\\\/Capture-decran-2026-02-06-a-12.46.13.png\",\"contentUrl\":\"https:\\\/\\\/batijournal.com\\\/wp-content\\\/uploads\\\/2026\\\/02\\\/Capture-decran-2026-02-06-a-12.46.13.png\",\"width\":1730,\"height\":970},{\"@type\":\"BreadcrumbList\",\"@id\":\"https:\\\/\\\/batijournal.com\\\/index.php\\\/vers-des-interieurs-100-responsables\\\/113003\\\/#breadcrumb\",\"itemListElement\":[{\"@type\":\"ListItem\",\"position\":1,\"name\":\"Accueil\",\"item\":\"https:\\\/\\\/batijournal.com\\\/\"},{\"@type\":\"ListItem\",\"position\":2,\"name\":\"A la Une\",\"item\":\"https:\\\/\\\/batijournal.com\\\/index.php\\\/category\\\/a-la-une\\\/\"},{\"@type\":\"ListItem\",\"position\":3,\"name\":\"Vers des int\u00e9rieurs 100% responsables\u00a0?\"}]},{\"@type\":\"WebSite\",\"@id\":\"https:\\\/\\\/batijournal.com\\\/#website\",\"url\":\"https:\\\/\\\/batijournal.com\\\/\",\"name\":\"Batijournal\",\"description\":\"L&#039;actualit\u00e9 du b\u00e2timent\",\"potentialAction\":[{\"@type\":\"SearchAction\",\"target\":{\"@type\":\"EntryPoint\",\"urlTemplate\":\"https:\\\/\\\/batijournal.com\\\/?s={search_term_string}\"},\"query-input\":{\"@type\":\"PropertyValueSpecification\",\"valueRequired\":true,\"valueName\":\"search_term_string\"}}],\"inLanguage\":\"fr-FR\"},{\"@type\":\"Person\",\"@id\":\"https:\\\/\\\/batijournal.com\\\/#\\\/schema\\\/person\\\/6a657e8967569e1b299972574848aa76\",\"name\":\"Bati-journal\",\"image\":{\"@type\":\"ImageObject\",\"inLanguage\":\"fr-FR\",\"@id\":\"https:\\\/\\\/secure.gravatar.com\\\/avatar\\\/a64364ea26392f9b4dd47e017ddaec74ff03aefc073b49e492e847201258f777?s=96&d=mm&r=g\",\"url\":\"https:\\\/\\\/secure.gravatar.com\\\/avatar\\\/a64364ea26392f9b4dd47e017ddaec74ff03aefc073b49e492e847201258f777?s=96&d=mm&r=g\",\"contentUrl\":\"https:\\\/\\\/secure.gravatar.com\\\/avatar\\\/a64364ea26392f9b4dd47e017ddaec74ff03aefc073b49e492e847201258f777?s=96&d=mm&r=g\",\"caption\":\"Bati-journal\"},\"url\":\"https:\\\/\\\/batijournal.com\\\/index.php\\\/author\\\/elodie\\\/\"}]}<\/script>\n<!-- \/ Yoast SEO plugin. -->","yoast_head_json":{"title":"Vers des int\u00e9rieurs 100% responsables\u00a0?","robots":{"index":"index","follow":"follow","max-snippet":"max-snippet:-1","max-image-preview":"max-image-preview:large","max-video-preview":"max-video-preview:-1"},"canonical":"https:\/\/batijournal.com\/index.php\/vers-des-interieurs-100-responsables\/113003\/","og_locale":"fr_FR","og_type":"article","og_title":"Vers des int\u00e9rieurs 100% responsables\u00a0?","og_description":"La valorisation du bois local, le r\u00e9emploi et la sobri\u00e9t\u00e9 carbone dessinent de nouvelles approches pour concevoir des int\u00e9rieurs plus responsables et adapt\u00e9s aux enjeux environnementaux. Avec les interventions de : &#8211;\u00a0\u00a0\u00a0\u00a0\u00a0\u00a0\u00a0Claire Bourget, Ma\u00eetre artisan \u00e9b\u00e9niste\u00a0\u2013 Label AEF &#8211;\u00a0\u00a0\u00a0\u00a0\u00a0\u00a0\u00a0Patrick Bouvier, pr\u00e9sident \u2013 Label AEF &#8211;\u00a0\u00a0\u00a0\u00a0\u00a0\u00a0\u00a0\u00c9lo\u00efse Morant,\u00a0Architecte d&rsquo;int\u00e9rieur &#8211; CFAI, Elo\u00efse Morant Design &#8211;\u00a0\u00a0\u00a0\u00a0\u00a0\u00a0\u00a0Guillaume Cl\u00e9ment, dirigeant [&hellip;]","og_url":"https:\/\/batijournal.com\/index.php\/vers-des-interieurs-100-responsables\/113003\/","og_site_name":"Batijournal","article_published_time":"2026-02-06T11:47:17+00:00","article_modified_time":"2026-02-06T11:57:34+00:00","og_image":[{"width":1024,"height":574,"url":"https:\/\/batijournal.com\/wp-content\/uploads\/2026\/02\/Capture-decran-2026-02-06-a-12.46.13-1024x574.png","type":"image\/png"}],"author":"Bati-journal","twitter_card":"summary_large_image","twitter_creator":"@bati_journal","twitter_site":"@bati_journal","twitter_misc":{"\u00c9crit par":"Bati-journal","Dur\u00e9e de lecture estim\u00e9e":"1 minute"},"schema":{"@context":"https:\/\/schema.org","@graph":[{"@type":"Article","@id":"https:\/\/batijournal.com\/index.php\/vers-des-interieurs-100-responsables\/113003\/#article","isPartOf":{"@id":"https:\/\/batijournal.com\/index.php\/vers-des-interieurs-100-responsables\/113003\/"},"author":{"name":"Bati-journal","@id":"https:\/\/batijournal.com\/#\/schema\/person\/6a657e8967569e1b299972574848aa76"},"headline":"Vers des int\u00e9rieurs 100% responsables\u00a0?","datePublished":"2026-02-06T11:47:17+00:00","dateModified":"2026-02-06T11:57:34+00:00","mainEntityOfPage":{"@id":"https:\/\/batijournal.com\/index.php\/vers-des-interieurs-100-responsables\/113003\/"},"wordCount":135,"image":{"@id":"https:\/\/batijournal.com\/index.php\/vers-des-interieurs-100-responsables\/113003\/#primaryimage"},"thumbnailUrl":"https:\/\/batijournal.com\/wp-content\/uploads\/2026\/02\/Capture-decran-2026-02-06-a-12.46.13.png","articleSection":["A la Une","Actualit\u00e9s","batijournal TV"],"inLanguage":"fr-FR"},{"@type":"WebPage","@id":"https:\/\/batijournal.com\/index.php\/vers-des-interieurs-100-responsables\/113003\/","url":"https:\/\/batijournal.com\/index.php\/vers-des-interieurs-100-responsables\/113003\/","name":"Vers des int\u00e9rieurs 100% responsables\u00a0?","isPartOf":{"@id":"https:\/\/batijournal.com\/#website"},"primaryImageOfPage":{"@id":"https:\/\/batijournal.com\/index.php\/vers-des-interieurs-100-responsables\/113003\/#primaryimage"},"image":{"@id":"https:\/\/batijournal.com\/index.php\/vers-des-interieurs-100-responsables\/113003\/#primaryimage"},"thumbnailUrl":"https:\/\/batijournal.com\/wp-content\/uploads\/2026\/02\/Capture-decran-2026-02-06-a-12.46.13.png","datePublished":"2026-02-06T11:47:17+00:00","dateModified":"2026-02-06T11:57:34+00:00","author":{"@id":"https:\/\/batijournal.com\/#\/schema\/person\/6a657e8967569e1b299972574848aa76"},"breadcrumb":{"@id":"https:\/\/batijournal.com\/index.php\/vers-des-interieurs-100-responsables\/113003\/#breadcrumb"},"inLanguage":"fr-FR","potentialAction":[{"@type":"ReadAction","target":["https:\/\/batijournal.com\/index.php\/vers-des-interieurs-100-responsables\/113003\/"]}]},{"@type":"ImageObject","inLanguage":"fr-FR","@id":"https:\/\/batijournal.com\/index.php\/vers-des-interieurs-100-responsables\/113003\/#primaryimage","url":"https:\/\/batijournal.com\/wp-content\/uploads\/2026\/02\/Capture-decran-2026-02-06-a-12.46.13.png","contentUrl":"https:\/\/batijournal.com\/wp-content\/uploads\/2026\/02\/Capture-decran-2026-02-06-a-12.46.13.png","width":1730,"height":970},{"@type":"BreadcrumbList","@id":"https:\/\/batijournal.com\/index.php\/vers-des-interieurs-100-responsables\/113003\/#breadcrumb","itemListElement":[{"@type":"ListItem","position":1,"name":"Accueil","item":"https:\/\/batijournal.com\/"},{"@type":"ListItem","position":2,"name":"A la Une","item":"https:\/\/batijournal.com\/index.php\/category\/a-la-une\/"},{"@type":"ListItem","position":3,"name":"Vers des int\u00e9rieurs 100% responsables\u00a0?"}]},{"@type":"WebSite","@id":"https:\/\/batijournal.com\/#website","url":"https:\/\/batijournal.com\/","name":"Batijournal","description":"L&#039;actualit\u00e9 du b\u00e2timent","potentialAction":[{"@type":"SearchAction","target":{"@type":"EntryPoint","urlTemplate":"https:\/\/batijournal.com\/?s={search_term_string}"},"query-input":{"@type":"PropertyValueSpecification","valueRequired":true,"valueName":"search_term_string"}}],"inLanguage":"fr-FR"},{"@type":"Person","@id":"https:\/\/batijournal.com\/#\/schema\/person\/6a657e8967569e1b299972574848aa76","name":"Bati-journal","image":{"@type":"ImageObject","inLanguage":"fr-FR","@id":"https:\/\/secure.gravatar.com\/avatar\/a64364ea26392f9b4dd47e017ddaec74ff03aefc073b49e492e847201258f777?s=96&d=mm&r=g","url":"https:\/\/secure.gravatar.com\/avatar\/a64364ea26392f9b4dd47e017ddaec74ff03aefc073b49e492e847201258f777?s=96&d=mm&r=g","contentUrl":"https:\/\/secure.gravatar.com\/avatar\/a64364ea26392f9b4dd47e017ddaec74ff03aefc073b49e492e847201258f777?s=96&d=mm&r=g","caption":"Bati-journal"},"url":"https:\/\/batijournal.com\/index.php\/author\/elodie\/"}]}},"_links":{"self":[{"href":"https:\/\/batijournal.com\/index.php\/wp-json\/wp\/v2\/posts\/113003","targetHints":{"allow":["GET"]}}],"collection":[{"href":"https:\/\/batijournal.com\/index.php\/wp-json\/wp\/v2\/posts"}],"about":[{"href":"https:\/\/batijournal.com\/index.php\/wp-json\/wp\/v2\/types\/post"}],"author":[{"embeddable":true,"href":"https:\/\/batijournal.com\/index.php\/wp-json\/wp\/v2\/users\/1"}],"replies":[{"embeddable":true,"href":"https:\/\/batijournal.com\/index.php\/wp-json\/wp\/v2\/comments?post=113003"}],"version-history":[{"count":0,"href":"https:\/\/batijournal.com\/index.php\/wp-json\/wp\/v2\/posts\/113003\/revisions"}],"wp:featuredmedia":[{"embeddable":true,"href":"https:\/\/batijournal.com\/index.php\/wp-json\/wp\/v2\/media\/113004"}],"wp:attachment":[{"href":"https:\/\/batijournal.com\/index.php\/wp-json\/wp\/v2\/media?parent=113003"}],"wp:term":[{"taxonomy":"category","embeddable":true,"href":"https:\/\/batijournal.com\/index.php\/wp-json\/wp\/v2\/categories?post=113003"},{"taxonomy":"post_tag","embeddable":true,"href":"https:\/\/batijournal.com\/index.php\/wp-json\/wp\/v2\/tags?post=113003"}],"curies":[{"name":"wp","href":"https:\/\/api.w.org\/{rel}","templated":true}]}}