{"id":113038,"date":"2026-02-13T12:00:23","date_gmt":"2026-02-13T11:00:23","guid":{"rendered":"https:\/\/batijournal.com\/?p=113038"},"modified":"2026-02-13T12:02:21","modified_gmt":"2026-02-13T11:02:21","slug":"rep-batiment-la-ffb-repart-a-la-charge","status":"publish","type":"post","link":"https:\/\/batijournal.com\/index.php\/rep-batiment-la-ffb-repart-a-la-charge\/113038\/","title":{"rendered":"REP B\u00e2timent : la FFB repart \u00e0 la charge"},"content":{"rendered":"<p><strong>Points de reprise insuffisants, services gratuits parfois factur\u00e9s et hausse des \u00e9co-contributions, la <a href=\"https:\/\/batijournal.com\/?s=ffb\" target=\"_blank\" rel=\"noopener\">FFB<\/a> Grand Paris-Ile-de-France alerte sur les dysfonctionnements de la REP B\u00e2timent. L\u2019organisation demande un contr\u00f4le renforc\u00e9 des \u00e9co-organismes et une am\u00e9lioration rapide du dispositif.<\/strong><\/p>\n<p>Mise en \u0153uvre depuis 2023, la REP B\u00e2timent ne fait pas que des heureux. La FFB Grand Paris-Ile-de-France a une nouvelle fois d\u00e9nonc\u00e9, dans un communiqu\u00e9, un dispositif dysfonctionnel. Si l\u2019organisation professionnelle reconna\u00eet son caract\u00e8re<em> \u00ab indispensable \u00bb<\/em>, pour structurer la fili\u00e8re de collecte, de recyclage et de r\u00e9emploi des d\u00e9chets pour les entreprises du BTP, elle pointe une situation de terrain<em> \u00ab extr\u00eamement d\u00e9grad\u00e9e<\/em> \u00bb et un dispositif qui <em>\u00ab ne fonctionne pas \u00bb<\/em>.<\/p>\n<p><em>\u00ab Les entreprises et artisans du B\u00e2timent font face \u00e0 des dysfonctionnements en cascade des services de reprise gratuite, alors m\u00eame que les \u00e9co-contributions continuent d\u2019\u00eatre pr\u00e9lev\u00e9es et augment\u00e9es. \u00bb<\/em>, regrette la FFB Grand Paris. Pour m\u00e9moire, les metteurs sur le march\u00e9 appliquent une \u00e9co-contribution \u00e0 l\u2019achat des produits et mat\u00e9riaux de construction, qui est revers\u00e9e aux \u00e9co-organismes auxquels ils ont transf\u00e9r\u00e9 leurs obligations. \u00c0 ce titre, l\u2019ann\u00e9e derni\u00e8re, les organisations professionnelles, FFB et CAPEB en t\u00eate, \u00e9taient vent debout \u00e0 l\u2019annonce par l\u2019\u00e9co-organisme <a href=\"https:\/\/batijournal.com\/?s=Valobat\" target=\"_blank\" rel=\"noopener\">Valobat<\/a> de nouveaux bar\u00e8mes ayant conduit \u00e0 des hausses importantes des \u00e9co-contributions.<\/p>\n<h2>Des services gratuits parfois factur\u00e9s<\/h2>\n<p>Pour preuve des dysfonctionnements, la FFB Grand Paris donne l\u2019exemple de la r\u00e9gion capitale, o\u00f9 le maillage territorial est jug\u00e9 insuffisant <em>\u00ab et souvent inop\u00e9rant \u00bb<\/em>. Sur les 378 points de reprise officiels recens\u00e9s fin 2025, certains sont apparemment ferm\u00e9s, inaccessibles ou trop \u00e9loign\u00e9s, refusent des d\u00e9chets. La FFB pointe \u00e9galement des lourdeurs administratives, et une facturation de services alors que ceux-ci sont normalement gratuits, car financ\u00e9s par l\u2019\u00e9co-contribution.<\/p>\n<p>La FFB appelle \u00e0 plus de contr\u00f4le des \u00e9co-organismes et <em>\u00ab \u00e0 une am\u00e9lioration rapide et op\u00e9rationnelle du dispositif REP B\u00e2timent, afin qu\u2019il r\u00e9ponde enfin aux besoins concrets des entreprises du secteur. \u00bb<\/em> Malgr\u00e9 des concertations organis\u00e9es par la R\u00e9gion qui <em>\u00ab ne permettent pas un dialogue constructif \u00bb,<\/em> elle estime que ses arguments ont \u00e9t\u00e9 entendus par le ministre d\u00e9l\u00e9gu\u00e9 charg\u00e9 de la Transition \u00e9cologique, Mathieu Lef\u00e8vre, et pourraient bien<em> \u00ab ouvrir la voie \u00e0 un d\u00e9but de prise en compte du probl\u00e8me. \u00bb<\/em> Pour m\u00e9moire, la FFB a engag\u00e9 l\u2019ann\u00e9e derni\u00e8re un recours contentieux, d\u00e9sormais devant le Conseil d\u2019\u00c9tat, afin de contraindre l\u2019\u00c9tat \u00e0 engager des contr\u00f4les des \u00e9co-organismes, et \u00e0 leur faire respecter leur cahier des charges, notamment la reprise des d\u00e9chets sans frais.<\/p>\n","protected":false},"excerpt":{"rendered":"<p>Points de reprise insuffisants, services gratuits parfois factur\u00e9s et hausse des \u00e9co-contributions, la FFB Grand Paris-Ile-de-France alerte sur les dysfonctionnements de la REP B\u00e2timent : L\u2019organisation demande un contr\u00f4le renforc\u00e9 des \u00e9co-organismes et une am\u00e9lioration rapide du dispositif.<\/p>\n","protected":false},"author":1,"featured_media":113039,"comment_status":"closed","ping_status":"closed","sticky":false,"template":"","format":"standard","meta":{"_et_pb_use_builder":"","_et_pb_old_content":"","_et_gb_content_width":"","footnotes":""},"categories":[10736,10530,6351],"tags":[],"class_list":["post-113038","post","type-post","status-publish","format-standard","has-post-thumbnail","hentry","category-a-la-une","category-actualites","category-energie-environnement"],"yoast_head":"<!-- This site is optimized with the Yoast SEO plugin v27.4 - https:\/\/yoast.com\/product\/yoast-seo-wordpress\/ -->\n<title>REP B\u00e2timent : la FFB repart \u00e0 la charge<\/title>\n<meta name=\"description\" content=\"Points de reprise insuffisants, services gratuits parfois factur\u00e9s et hausse des \u00e9co-contributions, la FFB Grand Paris-Ile-de-France alerte sur les dysfonctionnements de la REP B\u00e2timent : L\u2019organisation demande un contr\u00f4le renforc\u00e9 des \u00e9co-organismes et une am\u00e9lioration rapide du dispositif.\" \/>\n<meta name=\"robots\" content=\"index, follow, max-snippet:-1, max-image-preview:large, max-video-preview:-1\" \/>\n<link rel=\"canonical\" href=\"https:\/\/batijournal.com\/index.php\/rep-batiment-la-ffb-repart-a-la-charge\/113038\/\" \/>\n<meta property=\"og:locale\" content=\"fr_FR\" \/>\n<meta property=\"og:type\" content=\"article\" \/>\n<meta property=\"og:title\" content=\"REP B\u00e2timent : la FFB repart \u00e0 la charge\" \/>\n<meta property=\"og:description\" content=\"Points de reprise insuffisants, services gratuits parfois factur\u00e9s et hausse des \u00e9co-contributions, la FFB Grand Paris-Ile-de-France alerte sur les dysfonctionnements de la REP B\u00e2timent : L\u2019organisation demande un contr\u00f4le renforc\u00e9 des \u00e9co-organismes et une am\u00e9lioration rapide du dispositif.\" \/>\n<meta property=\"og:url\" content=\"https:\/\/batijournal.com\/index.php\/rep-batiment-la-ffb-repart-a-la-charge\/113038\/\" \/>\n<meta property=\"og:site_name\" content=\"Batijournal\" \/>\n<meta property=\"article:published_time\" content=\"2026-02-13T11:00:23+00:00\" \/>\n<meta property=\"article:modified_time\" content=\"2026-02-13T11:02:21+00:00\" \/>\n<meta property=\"og:image\" content=\"https:\/\/batijournal.com\/wp-content\/uploads\/2026\/02\/Capture-decran-2026-02-13-a-11.58.22-e1770980326395.png\" \/>\n\t<meta property=\"og:image:width\" content=\"1000\" \/>\n\t<meta property=\"og:image:height\" content=\"559\" \/>\n\t<meta property=\"og:image:type\" content=\"image\/png\" \/>\n<meta name=\"author\" content=\"Bati-journal\" \/>\n<meta name=\"twitter:card\" content=\"summary_large_image\" \/>\n<meta name=\"twitter:creator\" content=\"@bati_journal\" \/>\n<meta name=\"twitter:site\" content=\"@bati_journal\" \/>\n<meta name=\"twitter:label1\" content=\"\u00c9crit par\" \/>\n\t<meta name=\"twitter:data1\" content=\"Bati-journal\" \/>\n\t<meta name=\"twitter:label2\" content=\"Dur\u00e9e de lecture estim\u00e9e\" \/>\n\t<meta name=\"twitter:data2\" content=\"3 minutes\" \/>\n<script type=\"application\/ld+json\" class=\"yoast-schema-graph\">{\"@context\":\"https:\\\/\\\/schema.org\",\"@graph\":[{\"@type\":\"Article\",\"@id\":\"https:\\\/\\\/batijournal.com\\\/index.php\\\/rep-batiment-la-ffb-repart-a-la-charge\\\/113038\\\/#article\",\"isPartOf\":{\"@id\":\"https:\\\/\\\/batijournal.com\\\/index.php\\\/rep-batiment-la-ffb-repart-a-la-charge\\\/113038\\\/\"},\"author\":{\"name\":\"Bati-journal\",\"@id\":\"https:\\\/\\\/batijournal.com\\\/#\\\/schema\\\/person\\\/6a657e8967569e1b299972574848aa76\"},\"headline\":\"REP B\u00e2timent : la FFB repart \u00e0 la charge\",\"datePublished\":\"2026-02-13T11:00:23+00:00\",\"dateModified\":\"2026-02-13T11:02:21+00:00\",\"mainEntityOfPage\":{\"@id\":\"https:\\\/\\\/batijournal.com\\\/index.php\\\/rep-batiment-la-ffb-repart-a-la-charge\\\/113038\\\/\"},\"wordCount\":454,\"image\":{\"@id\":\"https:\\\/\\\/batijournal.com\\\/index.php\\\/rep-batiment-la-ffb-repart-a-la-charge\\\/113038\\\/#primaryimage\"},\"thumbnailUrl\":\"https:\\\/\\\/batijournal.com\\\/wp-content\\\/uploads\\\/2026\\\/02\\\/Capture-decran-2026-02-13-a-11.58.22-e1770980326395.png\",\"articleSection\":[\"A la Une\",\"Actualit\u00e9s\",\"\u00c9nergie &amp; Environnement\"],\"inLanguage\":\"fr-FR\"},{\"@type\":\"WebPage\",\"@id\":\"https:\\\/\\\/batijournal.com\\\/index.php\\\/rep-batiment-la-ffb-repart-a-la-charge\\\/113038\\\/\",\"url\":\"https:\\\/\\\/batijournal.com\\\/index.php\\\/rep-batiment-la-ffb-repart-a-la-charge\\\/113038\\\/\",\"name\":\"REP B\u00e2timent : la FFB repart \u00e0 la charge\",\"isPartOf\":{\"@id\":\"https:\\\/\\\/batijournal.com\\\/#website\"},\"primaryImageOfPage\":{\"@id\":\"https:\\\/\\\/batijournal.com\\\/index.php\\\/rep-batiment-la-ffb-repart-a-la-charge\\\/113038\\\/#primaryimage\"},\"image\":{\"@id\":\"https:\\\/\\\/batijournal.com\\\/index.php\\\/rep-batiment-la-ffb-repart-a-la-charge\\\/113038\\\/#primaryimage\"},\"thumbnailUrl\":\"https:\\\/\\\/batijournal.com\\\/wp-content\\\/uploads\\\/2026\\\/02\\\/Capture-decran-2026-02-13-a-11.58.22-e1770980326395.png\",\"datePublished\":\"2026-02-13T11:00:23+00:00\",\"dateModified\":\"2026-02-13T11:02:21+00:00\",\"author\":{\"@id\":\"https:\\\/\\\/batijournal.com\\\/#\\\/schema\\\/person\\\/6a657e8967569e1b299972574848aa76\"},\"description\":\"Points de reprise insuffisants, services gratuits parfois factur\u00e9s et hausse des \u00e9co-contributions, la FFB Grand Paris-Ile-de-France alerte sur les dysfonctionnements de la REP B\u00e2timent : L\u2019organisation demande un contr\u00f4le renforc\u00e9 des \u00e9co-organismes et une am\u00e9lioration rapide du dispositif.\",\"breadcrumb\":{\"@id\":\"https:\\\/\\\/batijournal.com\\\/index.php\\\/rep-batiment-la-ffb-repart-a-la-charge\\\/113038\\\/#breadcrumb\"},\"inLanguage\":\"fr-FR\",\"potentialAction\":[{\"@type\":\"ReadAction\",\"target\":[\"https:\\\/\\\/batijournal.com\\\/index.php\\\/rep-batiment-la-ffb-repart-a-la-charge\\\/113038\\\/\"]}]},{\"@type\":\"ImageObject\",\"inLanguage\":\"fr-FR\",\"@id\":\"https:\\\/\\\/batijournal.com\\\/index.php\\\/rep-batiment-la-ffb-repart-a-la-charge\\\/113038\\\/#primaryimage\",\"url\":\"https:\\\/\\\/batijournal.com\\\/wp-content\\\/uploads\\\/2026\\\/02\\\/Capture-decran-2026-02-13-a-11.58.22-e1770980326395.png\",\"contentUrl\":\"https:\\\/\\\/batijournal.com\\\/wp-content\\\/uploads\\\/2026\\\/02\\\/Capture-decran-2026-02-13-a-11.58.22-e1770980326395.png\",\"width\":1000,\"height\":559,\"caption\":\"FFB\"},{\"@type\":\"BreadcrumbList\",\"@id\":\"https:\\\/\\\/batijournal.com\\\/index.php\\\/rep-batiment-la-ffb-repart-a-la-charge\\\/113038\\\/#breadcrumb\",\"itemListElement\":[{\"@type\":\"ListItem\",\"position\":1,\"name\":\"Accueil\",\"item\":\"https:\\\/\\\/batijournal.com\\\/\"},{\"@type\":\"ListItem\",\"position\":2,\"name\":\"A la Une\",\"item\":\"https:\\\/\\\/batijournal.com\\\/index.php\\\/category\\\/a-la-une\\\/\"},{\"@type\":\"ListItem\",\"position\":3,\"name\":\"REP B\u00e2timent : la FFB repart \u00e0 la charge\"}]},{\"@type\":\"WebSite\",\"@id\":\"https:\\\/\\\/batijournal.com\\\/#website\",\"url\":\"https:\\\/\\\/batijournal.com\\\/\",\"name\":\"Batijournal\",\"description\":\"L&#039;actualit\u00e9 du b\u00e2timent\",\"potentialAction\":[{\"@type\":\"SearchAction\",\"target\":{\"@type\":\"EntryPoint\",\"urlTemplate\":\"https:\\\/\\\/batijournal.com\\\/?s={search_term_string}\"},\"query-input\":{\"@type\":\"PropertyValueSpecification\",\"valueRequired\":true,\"valueName\":\"search_term_string\"}}],\"inLanguage\":\"fr-FR\"},{\"@type\":\"Person\",\"@id\":\"https:\\\/\\\/batijournal.com\\\/#\\\/schema\\\/person\\\/6a657e8967569e1b299972574848aa76\",\"name\":\"Bati-journal\",\"image\":{\"@type\":\"ImageObject\",\"inLanguage\":\"fr-FR\",\"@id\":\"https:\\\/\\\/secure.gravatar.com\\\/avatar\\\/a64364ea26392f9b4dd47e017ddaec74ff03aefc073b49e492e847201258f777?s=96&d=mm&r=g\",\"url\":\"https:\\\/\\\/secure.gravatar.com\\\/avatar\\\/a64364ea26392f9b4dd47e017ddaec74ff03aefc073b49e492e847201258f777?s=96&d=mm&r=g\",\"contentUrl\":\"https:\\\/\\\/secure.gravatar.com\\\/avatar\\\/a64364ea26392f9b4dd47e017ddaec74ff03aefc073b49e492e847201258f777?s=96&d=mm&r=g\",\"caption\":\"Bati-journal\"},\"url\":\"https:\\\/\\\/batijournal.com\\\/index.php\\\/author\\\/elodie\\\/\"}]}<\/script>\n<!-- \/ Yoast SEO plugin. -->","yoast_head_json":{"title":"REP B\u00e2timent : la FFB repart \u00e0 la charge","description":"Points de reprise insuffisants, services gratuits parfois factur\u00e9s et hausse des \u00e9co-contributions, la FFB Grand Paris-Ile-de-France alerte sur les dysfonctionnements de la REP B\u00e2timent : L\u2019organisation demande un contr\u00f4le renforc\u00e9 des \u00e9co-organismes et une am\u00e9lioration rapide du dispositif.","robots":{"index":"index","follow":"follow","max-snippet":"max-snippet:-1","max-image-preview":"max-image-preview:large","max-video-preview":"max-video-preview:-1"},"canonical":"https:\/\/batijournal.com\/index.php\/rep-batiment-la-ffb-repart-a-la-charge\/113038\/","og_locale":"fr_FR","og_type":"article","og_title":"REP B\u00e2timent : la FFB repart \u00e0 la charge","og_description":"Points de reprise insuffisants, services gratuits parfois factur\u00e9s et hausse des \u00e9co-contributions, la FFB Grand Paris-Ile-de-France alerte sur les dysfonctionnements de la REP B\u00e2timent : L\u2019organisation demande un contr\u00f4le renforc\u00e9 des \u00e9co-organismes et une am\u00e9lioration rapide du dispositif.","og_url":"https:\/\/batijournal.com\/index.php\/rep-batiment-la-ffb-repart-a-la-charge\/113038\/","og_site_name":"Batijournal","article_published_time":"2026-02-13T11:00:23+00:00","article_modified_time":"2026-02-13T11:02:21+00:00","og_image":[{"width":1000,"height":559,"url":"https:\/\/batijournal.com\/wp-content\/uploads\/2026\/02\/Capture-decran-2026-02-13-a-11.58.22-e1770980326395.png","type":"image\/png"}],"author":"Bati-journal","twitter_card":"summary_large_image","twitter_creator":"@bati_journal","twitter_site":"@bati_journal","twitter_misc":{"\u00c9crit par":"Bati-journal","Dur\u00e9e de lecture estim\u00e9e":"3 minutes"},"schema":{"@context":"https:\/\/schema.org","@graph":[{"@type":"Article","@id":"https:\/\/batijournal.com\/index.php\/rep-batiment-la-ffb-repart-a-la-charge\/113038\/#article","isPartOf":{"@id":"https:\/\/batijournal.com\/index.php\/rep-batiment-la-ffb-repart-a-la-charge\/113038\/"},"author":{"name":"Bati-journal","@id":"https:\/\/batijournal.com\/#\/schema\/person\/6a657e8967569e1b299972574848aa76"},"headline":"REP B\u00e2timent : la FFB repart \u00e0 la charge","datePublished":"2026-02-13T11:00:23+00:00","dateModified":"2026-02-13T11:02:21+00:00","mainEntityOfPage":{"@id":"https:\/\/batijournal.com\/index.php\/rep-batiment-la-ffb-repart-a-la-charge\/113038\/"},"wordCount":454,"image":{"@id":"https:\/\/batijournal.com\/index.php\/rep-batiment-la-ffb-repart-a-la-charge\/113038\/#primaryimage"},"thumbnailUrl":"https:\/\/batijournal.com\/wp-content\/uploads\/2026\/02\/Capture-decran-2026-02-13-a-11.58.22-e1770980326395.png","articleSection":["A la Une","Actualit\u00e9s","\u00c9nergie &amp; Environnement"],"inLanguage":"fr-FR"},{"@type":"WebPage","@id":"https:\/\/batijournal.com\/index.php\/rep-batiment-la-ffb-repart-a-la-charge\/113038\/","url":"https:\/\/batijournal.com\/index.php\/rep-batiment-la-ffb-repart-a-la-charge\/113038\/","name":"REP B\u00e2timent : la FFB repart \u00e0 la charge","isPartOf":{"@id":"https:\/\/batijournal.com\/#website"},"primaryImageOfPage":{"@id":"https:\/\/batijournal.com\/index.php\/rep-batiment-la-ffb-repart-a-la-charge\/113038\/#primaryimage"},"image":{"@id":"https:\/\/batijournal.com\/index.php\/rep-batiment-la-ffb-repart-a-la-charge\/113038\/#primaryimage"},"thumbnailUrl":"https:\/\/batijournal.com\/wp-content\/uploads\/2026\/02\/Capture-decran-2026-02-13-a-11.58.22-e1770980326395.png","datePublished":"2026-02-13T11:00:23+00:00","dateModified":"2026-02-13T11:02:21+00:00","author":{"@id":"https:\/\/batijournal.com\/#\/schema\/person\/6a657e8967569e1b299972574848aa76"},"description":"Points de reprise insuffisants, services gratuits parfois factur\u00e9s et hausse des \u00e9co-contributions, la FFB Grand Paris-Ile-de-France alerte sur les dysfonctionnements de la REP B\u00e2timent : L\u2019organisation demande un contr\u00f4le renforc\u00e9 des \u00e9co-organismes et une am\u00e9lioration rapide du dispositif.","breadcrumb":{"@id":"https:\/\/batijournal.com\/index.php\/rep-batiment-la-ffb-repart-a-la-charge\/113038\/#breadcrumb"},"inLanguage":"fr-FR","potentialAction":[{"@type":"ReadAction","target":["https:\/\/batijournal.com\/index.php\/rep-batiment-la-ffb-repart-a-la-charge\/113038\/"]}]},{"@type":"ImageObject","inLanguage":"fr-FR","@id":"https:\/\/batijournal.com\/index.php\/rep-batiment-la-ffb-repart-a-la-charge\/113038\/#primaryimage","url":"https:\/\/batijournal.com\/wp-content\/uploads\/2026\/02\/Capture-decran-2026-02-13-a-11.58.22-e1770980326395.png","contentUrl":"https:\/\/batijournal.com\/wp-content\/uploads\/2026\/02\/Capture-decran-2026-02-13-a-11.58.22-e1770980326395.png","width":1000,"height":559,"caption":"FFB"},{"@type":"BreadcrumbList","@id":"https:\/\/batijournal.com\/index.php\/rep-batiment-la-ffb-repart-a-la-charge\/113038\/#breadcrumb","itemListElement":[{"@type":"ListItem","position":1,"name":"Accueil","item":"https:\/\/batijournal.com\/"},{"@type":"ListItem","position":2,"name":"A la Une","item":"https:\/\/batijournal.com\/index.php\/category\/a-la-une\/"},{"@type":"ListItem","position":3,"name":"REP B\u00e2timent : la FFB repart \u00e0 la charge"}]},{"@type":"WebSite","@id":"https:\/\/batijournal.com\/#website","url":"https:\/\/batijournal.com\/","name":"Batijournal","description":"L&#039;actualit\u00e9 du b\u00e2timent","potentialAction":[{"@type":"SearchAction","target":{"@type":"EntryPoint","urlTemplate":"https:\/\/batijournal.com\/?s={search_term_string}"},"query-input":{"@type":"PropertyValueSpecification","valueRequired":true,"valueName":"search_term_string"}}],"inLanguage":"fr-FR"},{"@type":"Person","@id":"https:\/\/batijournal.com\/#\/schema\/person\/6a657e8967569e1b299972574848aa76","name":"Bati-journal","image":{"@type":"ImageObject","inLanguage":"fr-FR","@id":"https:\/\/secure.gravatar.com\/avatar\/a64364ea26392f9b4dd47e017ddaec74ff03aefc073b49e492e847201258f777?s=96&d=mm&r=g","url":"https:\/\/secure.gravatar.com\/avatar\/a64364ea26392f9b4dd47e017ddaec74ff03aefc073b49e492e847201258f777?s=96&d=mm&r=g","contentUrl":"https:\/\/secure.gravatar.com\/avatar\/a64364ea26392f9b4dd47e017ddaec74ff03aefc073b49e492e847201258f777?s=96&d=mm&r=g","caption":"Bati-journal"},"url":"https:\/\/batijournal.com\/index.php\/author\/elodie\/"}]}},"_links":{"self":[{"href":"https:\/\/batijournal.com\/index.php\/wp-json\/wp\/v2\/posts\/113038","targetHints":{"allow":["GET"]}}],"collection":[{"href":"https:\/\/batijournal.com\/index.php\/wp-json\/wp\/v2\/posts"}],"about":[{"href":"https:\/\/batijournal.com\/index.php\/wp-json\/wp\/v2\/types\/post"}],"author":[{"embeddable":true,"href":"https:\/\/batijournal.com\/index.php\/wp-json\/wp\/v2\/users\/1"}],"replies":[{"embeddable":true,"href":"https:\/\/batijournal.com\/index.php\/wp-json\/wp\/v2\/comments?post=113038"}],"version-history":[{"count":0,"href":"https:\/\/batijournal.com\/index.php\/wp-json\/wp\/v2\/posts\/113038\/revisions"}],"wp:featuredmedia":[{"embeddable":true,"href":"https:\/\/batijournal.com\/index.php\/wp-json\/wp\/v2\/media\/113039"}],"wp:attachment":[{"href":"https:\/\/batijournal.com\/index.php\/wp-json\/wp\/v2\/media?parent=113038"}],"wp:term":[{"taxonomy":"category","embeddable":true,"href":"https:\/\/batijournal.com\/index.php\/wp-json\/wp\/v2\/categories?post=113038"},{"taxonomy":"post_tag","embeddable":true,"href":"https:\/\/batijournal.com\/index.php\/wp-json\/wp\/v2\/tags?post=113038"}],"curies":[{"name":"wp","href":"https:\/\/api.w.org\/{rel}","templated":true}]}}