{"id":113052,"date":"2026-02-18T10:45:13","date_gmt":"2026-02-18T09:45:13","guid":{"rendered":"https:\/\/batijournal.com\/?p=113052"},"modified":"2026-02-18T11:08:43","modified_gmt":"2026-02-18T10:08:43","slug":"double-peau-pilotable-en-renovation","status":"publish","type":"post","link":"https:\/\/batijournal.com\/index.php\/double-peau-pilotable-en-renovation\/113052\/","title":{"rendered":"Double peau pilotable en r\u00e9novation"},"content":{"rendered":"<p><strong>Le fa\u00e7<\/strong><strong>adier Coveris, sp<\/strong><strong>\u00e9cialiste de l<\/strong><strong>\u2019<\/strong><strong>enveloppe vitr\u00e9e, et Souchier, via sa marque Genatis, d\u00e9veloppeur du syst<\/strong><strong>\u00e8<\/strong><strong>me intelligent BOx, collaborent autour d<\/strong><strong>\u2019<\/strong><strong>un objectif commun : faire \u00e9voluer l<\/strong><strong>\u2019<\/strong><strong>offre de fa\u00e7ade double peau pour la rendre compatible avec les exigences et contraintes de la r\u00e9novation. Ensemble, ils d\u00e9veloppent et exp\u00e9rimentent, en s&rsquo;appuyant sur un programme de recherche europ\u00e9en, une offre sp\u00e9cifiquement adapt\u00e9e \u00e0 la r\u00e9<\/strong><strong>habilitation.<\/strong><\/p>\n<p><em>\u00ab La fa\u00e7ade double peau, longtemps r\u00e9serv\u00e9e aux constructions neuves et tertiaires, doit aujourd\u2019hui trouver sa place dans les projets de r\u00e9novation, o\u00f9 les marges d\u2019am\u00e9lioration thermique sont consid\u00e9rables \u00bb<\/em>, explique Damien Romani, directeur commercial de Coveris, constructeur sp\u00e9cialiste des enveloppes architecturales du b\u00e2timent bas\u00e9 dans la r\u00e9gion bordelaise, qui ajoute : <em>\u00ab Trop souvent, la fa\u00e7ade double peau est \u00e9cart\u00e9e car jug\u00e9e complexe ou co\u00fbteuse. Notre objectif est de prouver qu\u2019elle peut devenir une solution pragmatique et performante, y compris en r\u00e9novation \u00bb.<\/em><\/p>\n<p>C\u2019est dans cette perspective que l\u2019entreprise a con\u00e7u, en collaboration \u00e9troite avec Souchier (groupe Adexsi), un d\u00e9monstrateur install\u00e9 directement sur son propre b\u00e2timent administratif. Une vitrine \u00e0 \u00e9chelle r\u00e9elle, rendue possible gr\u00e2ce au soutien du programme europ\u00e9en Metabuilding Labs, et pens\u00e9e comme un outil d\u2019exp\u00e9rimentation continue. Le tout avec l\u2019appui de Hugo Guyomard, ing\u00e9nieur doctorant en th\u00e8se CIFRE au sein de l\u2019entreprise Coveris, en partenariat avec l\u2019Universit\u00e9 de Bordeaux et l\u2019institut Nobatek\/Inef4.<\/p>\n<p>Le projet s\u2019inscrit ainsi dans le cadre plus large du projet RenovDSF, qui vise \u00e0 am\u00e9liorer la conception de solutions technologiques de double peau pour la r\u00e9novation de b\u00e2timents tertiaires existants. L\u2019objectif est de d\u00e9velopper les capacit\u00e9s de conception et de garantir la performance de ces solutions, qui doivent \u00eatre d\u00e9clinables sur un large ensemble de b\u00e2timents. Une m\u00e9thodologie de conception holistique est ici privil\u00e9gi\u00e9e, int\u00e9grant des analyses techniques, \u00e9nerg\u00e9tiques, \u00e9conomiques, environnementales et de march\u00e9, tout en incluant des consid\u00e9rations architecturales pour \u00e9valuer la faisabilit\u00e9 et l\u2019acceptabilit\u00e9 de la r\u00e9novation de l\u2019architecture du XXe si\u00e8cle. Le tout en phase avec la mont\u00e9e en puissance des r\u00e9glementations environnementales (notamment le d\u00e9cret BACS) et la n\u00e9cessit\u00e9 de r\u00e9duire les consommations d\u2019\u00e9nergie sans sacrifier le confort, \u00e9t\u00e9 comme hiver.<\/p>\n<h2>Interface de supervision<\/h2>\n<p>Au plan technique, le principe de cette fa\u00e7ade double peau est \u00e0 la fois simple et sophistiqu\u00e9. En hiver, elle reste ferm\u00e9e, cr\u00e9ant un effet de serre qui permet de capter la chaleur solaire et de la redistribuer au b\u00e2timent via un syst\u00e8me de r\u00e9cup\u00e9ration m\u00e9canique. En \u00e9t\u00e9, cette enveloppe s\u2019ouvre et se ventile, lib\u00e9rant l\u2019exc\u00e8s thermique et r\u00e9duisant le recours \u00e0 la climatisation. La transition entre ces \u00e9tats n\u2019est pas laiss\u00e9e au hasard : capteurs, algorithmes et sc\u00e9narios saisonniers pilotent l\u2019ensemble en fonction de donn\u00e9es m\u00e9t\u00e9orologiques, de temp\u00e9rature int\u00e9rieure et ext\u00e9rieure et d\u2019ensoleillement.<\/p>\n<p><em>\u00ab Il fallait que la fa\u00e7ade r\u00e9agisse intelligemment, en lien avec le climat r\u00e9el, et pas seulement selon une programmation fig\u00e9e \u00bb,<\/em> r\u00e9sume Gilles Fusser, directeur des ventes Genatis pour Souchier.<\/p>\n<p>Les \u00e9quipements int\u00e9gr\u00e9s, tels que les ouvrants motoris\u00e9s, les stores, les capteurs d\u2019humidit\u00e9 ou encore les r\u00e9cup\u00e9rateurs de chaleur, sont tous orchestr\u00e9s via une interface de supervision. Cette interface, personnalisable, autorise \u00e9galement des commandes manuelles pour les usagers, qui peuvent ainsi ajuster certains param\u00e8tres en fonction de leur confort imm\u00e9diat. Ce pilotage hybride est essentiel pour faire le lien entre performance \u00e9nerg\u00e9tique globale et bien-\u00eatre individuel.<\/p>\n<p><em>\u00ab Le retour d\u2019exp\u00e9rience montre d\u2019ailleurs que les r\u00e9glages fins, notamment pour les mi-saisons, sont cruciaux pour \u00e9viter les effets ind\u00e9sirables comme une fa\u00e7ade trop froide en hiver ou des surchauffes au printemps \u00bb,<\/em> explique Hugo Guyomard.<\/p>\n<p>Si ce d\u00e9monstrateur est implant\u00e9 sur un b\u00e2timent neuf, l\u2019ambition de Coveris et Souchier est clairement tourn\u00e9e vers la r\u00e9novation. <em>\u00ab Notre objectif est de proposer une seconde peau que l\u2019on installe depuis l\u2019ext\u00e9rieur, sans impacter l\u2019int\u00e9rieur, en permettant la continuit\u00e9 des activit\u00e9s qui s\u2019y d\u00e9roulent et sans alt\u00e9rer la fa\u00e7ade existante \u00bb,<\/em> pr\u00e9cise Damien Romani.<\/p>\n<h2>Approche multicrit\u00e8re<\/h2>\n<p>Le concept, \u00e0 la fois modulaire et r\u00e9versible, permet d\u2019envisager des interventions sur des b\u00e2timents occup\u00e9s, avec une grande vari\u00e9t\u00e9 de typologies. Il s\u2019appuie notamment sur un travail de mod\u00e9lisation avanc\u00e9e, capable de simuler jusqu\u2019\u00e0 82 000 sc\u00e9narios de fa\u00e7ade selon les configurations structurelles, thermiques et \u00e9conomiques. Chaque cas est ainsi \u00e9valu\u00e9 selon des crit\u00e8res multiples : performance carbone, retour sur investissement, confort thermique, faisabilit\u00e9 architecturale.<\/p>\n<p>Cette approche multicrit\u00e8re est indispensable pour convaincre les ma\u00eetres d\u2019ouvrage et les architectes, parfois sceptiques face \u00e0 des syst\u00e8mes jug\u00e9s complexes ou surdimensionn\u00e9s.<\/p>\n<p><em>\u00ab La double peau souffre encore d\u2019une r\u00e9putation d\u2019usine \u00e0 gaz, alors que ce n\u2019est pas la solution qui est en cause, mais bien le manque de pilotage et de suivi dans les projets pass\u00e9s \u00bb,<\/em> analyse Damien Romani. Pour rem\u00e9dier \u00e0 cela, les outils de gestion intelligents \u2014 les BOx de supervision d\u00e9velopp\u00e9es par Souchier \u2014 offrent aujourd\u2019hui des garanties nouvelles : alertes en temps r\u00e9el, visualisation des \u00e9tats, maintenance assist\u00e9e et, bient\u00f4t, maintenance pr\u00e9dictive. <em>\u00ab L\u2019automatisation n\u2019est plus un gadget, mais une brique structurelle de la performance \u00bb.<\/em><\/p>\n<p>Ce partenariat entre fa\u00e7adier et d\u00e9veloppeur de syst\u00e8mes vise aussi \u00e0 d\u00e9cloisonner les expertises. Coveris s\u2019occupe du lot fa\u00e7ade, Souchier de la ventilation et du d\u00e9senfumage, mais c\u2019est ensemble qu\u2019ils proposent une offre globale coh\u00e9rente, industrialis\u00e9e, capable de s\u2019adapter \u00e0 la diversit\u00e9 du parc existant.<\/p>\n<p>Les premi\u00e8res applications concr\u00e8tes sont en cours sur des b\u00e2timents des ann\u00e9es 90, souvent dot\u00e9s de doubles vitrages aujourd\u2019hui obsol\u00e8tes. L\u2019id\u00e9e est de conserver la structure existante et de venir y adosser une fa\u00e7ade performante, sans d\u00e9molition.<\/p>\n<p><em>\u00ab On travaille sur le r\u00e9emploi partiel, ce qui r\u00e9duit l\u2019impact carbone, tout en am\u00e9liorant consid\u00e9rablement les performances thermiques et visuelles \u00bb,<\/em> indique Damien Romani. Le syst\u00e8me d\u00e9velopp\u00e9 prend aussi en compte les enjeux esth\u00e9tiques, avec des configurations personnalisables et une jonction \u00e9tanche entre modules, sans besoin de bardage rapport\u00e9.<\/p>\n<h2>Le superviseur<\/h2>\n<p>Le superviseur mis en place sur cette fa\u00e7ade \u2014 Control Box par Souchier-Boullet \u2014 assure une gestion centralis\u00e9e et intelligente des \u00e9quipements \u00e9nerg\u00e9tiques sans ajout d\u2019infrastructure. Accessible via un simple navigateur, il pilote le chauffage, la climatisation, l\u2019\u00e9clairage, la ventilation, les pompes \u00e0 chaleur, les compteurs et les CTA, avec communication Modbus RTU ou TCP\/IP.<\/p>\n<p>Il peut g\u00e9rer jusqu\u2019\u00e0 douze zones avec contr\u00f4le de l\u2019autorisation d\u2019\u00e9clairage, des consignes de temp\u00e9rature, des relances automatiques, de la destratification et des p\u00e9riodes de fonctionnement. Il prend en charge un g\u00e9n\u00e9rateur de chauffe et jusqu\u2019\u00e0 trente unit\u00e9s int\u00e9rieures via passerelle multi-marques.<\/p>\n<p>L\u2019\u00e9clairage ext\u00e9rieur est g\u00e9r\u00e9 selon horaires, hauteur solaire ou capteur cr\u00e9pusculaire. Les consommations sont analys\u00e9es par p\u00e9riode horaire, journali\u00e8re, hebdomadaire, mensuelle et annuelle. Le syst\u00e8me int\u00e8gre une gestion des d\u00e9rogations, une bascule automatique \u00e9t\u00e9\/hiver et un suivi pr\u00e9cis de tous les param\u00e8tres \u00e9nerg\u00e9tiques. Il est compatible avec les technologies radio (LoRaWAN, Zigbee), offre un centre de notifications hi\u00e9rarchis\u00e9 et un historique complet des donn\u00e9es, accessible par arborescence fonctionnelle. L\u2019interface graphique est intuitive, configurable et adapt\u00e9e \u00e0 un suivi dynamique des performances.<\/p>\n<p>&nbsp;<\/p>\n<p>&nbsp;<\/p>\n","protected":false},"excerpt":{"rendered":"<p>Le fa\u00e7adier Coveris, sp\u00e9cialiste de l\u2019enveloppe vitr\u00e9e, et Souchier, marque de Genatis et d\u00e9veloppeur du syst\u00e8me intelligent BOx, collaborent autour d\u2019un objectif commun : faire \u00e9voluer l\u2019offre de fa\u00e7ade double peau pour la rendre compatible avec les exigences et contraintes de la r\u00e9novation. Ensemble, ils d\u00e9veloppent et exp\u00e9rimentent, en s&rsquo;appuyant sur un programme de recherche europ\u00e9en, une offre sp\u00e9cifiquement adapt\u00e9e \u00e0 la r\u00e9habilitation.<\/p>\n","protected":false},"author":1,"featured_media":113054,"comment_status":"closed","ping_status":"closed","sticky":false,"template":"","format":"standard","meta":{"_et_pb_use_builder":"","_et_pb_old_content":"","_et_gb_content_width":"","footnotes":""},"categories":[10736,10530,6340,10771],"tags":[],"class_list":["post-113052","post","type-post","status-publish","format-standard","has-post-thumbnail","hentry","category-a-la-une","category-actualites","category-architecture-conception","category-5facades"],"yoast_head":"<!-- This site is optimized with the Yoast SEO plugin v27.4 - https:\/\/yoast.com\/product\/yoast-seo-wordpress\/ -->\n<title>Double peau pilotable en r\u00e9novation<\/title>\n<meta name=\"description\" content=\"Le fa\u00e7adier Coveris, sp\u00e9cialiste de l\u2019enveloppe vitr\u00e9e, et Souchier, marque de Genatis et d\u00e9veloppeur du syst\u00e8me intelligent BOx, collaborent autour d\u2019un objectif commun : faire \u00e9voluer l\u2019offre de fa\u00e7ade double peau pour la rendre compatible avec les exigences et contraintes de la r\u00e9novation. Ensemble, ils d\u00e9veloppent et exp\u00e9rimentent, en s&#039;appuyant sur un programme de recherche europ\u00e9en, une offre sp\u00e9cifiquement adapt\u00e9e \u00e0 la r\u00e9habilitation.\" \/>\n<meta name=\"robots\" content=\"index, follow, max-snippet:-1, max-image-preview:large, max-video-preview:-1\" \/>\n<link rel=\"canonical\" href=\"https:\/\/batijournal.com\/index.php\/double-peau-pilotable-en-renovation\/113052\/\" \/>\n<meta property=\"og:locale\" content=\"fr_FR\" \/>\n<meta property=\"og:type\" content=\"article\" \/>\n<meta property=\"og:title\" content=\"Double peau pilotable en r\u00e9novation\" \/>\n<meta property=\"og:description\" content=\"Le fa\u00e7adier Coveris, sp\u00e9cialiste de l\u2019enveloppe vitr\u00e9e, et Souchier, marque de Genatis et d\u00e9veloppeur du syst\u00e8me intelligent BOx, collaborent autour d\u2019un objectif commun : faire \u00e9voluer l\u2019offre de fa\u00e7ade double peau pour la rendre compatible avec les exigences et contraintes de la r\u00e9novation. Ensemble, ils d\u00e9veloppent et exp\u00e9rimentent, en s&#039;appuyant sur un programme de recherche europ\u00e9en, une offre sp\u00e9cifiquement adapt\u00e9e \u00e0 la r\u00e9habilitation.\" \/>\n<meta property=\"og:url\" content=\"https:\/\/batijournal.com\/index.php\/double-peau-pilotable-en-renovation\/113052\/\" \/>\n<meta property=\"og:site_name\" content=\"Batijournal\" \/>\n<meta property=\"article:published_time\" content=\"2026-02-18T09:45:13+00:00\" \/>\n<meta property=\"article:modified_time\" content=\"2026-02-18T10:08:43+00:00\" \/>\n<meta property=\"og:image\" content=\"https:\/\/batijournal.com\/wp-content\/uploads\/2026\/02\/photo-ouverture-facade-finie-2-scaled.jpg\" \/>\n\t<meta property=\"og:image:width\" content=\"2560\" \/>\n\t<meta property=\"og:image:height\" content=\"1922\" \/>\n\t<meta property=\"og:image:type\" content=\"image\/jpeg\" \/>\n<meta name=\"author\" content=\"Bati-journal\" \/>\n<meta name=\"twitter:card\" content=\"summary_large_image\" \/>\n<meta name=\"twitter:creator\" content=\"@bati_journal\" \/>\n<meta name=\"twitter:site\" content=\"@bati_journal\" \/>\n<meta name=\"twitter:label1\" content=\"\u00c9crit par\" \/>\n\t<meta name=\"twitter:data1\" content=\"Bati-journal\" \/>\n\t<meta name=\"twitter:label2\" content=\"Dur\u00e9e de lecture estim\u00e9e\" \/>\n\t<meta name=\"twitter:data2\" content=\"6 minutes\" \/>\n<script type=\"application\/ld+json\" class=\"yoast-schema-graph\">{\"@context\":\"https:\\\/\\\/schema.org\",\"@graph\":[{\"@type\":\"Article\",\"@id\":\"https:\\\/\\\/batijournal.com\\\/index.php\\\/double-peau-pilotable-en-renovation\\\/113052\\\/#article\",\"isPartOf\":{\"@id\":\"https:\\\/\\\/batijournal.com\\\/index.php\\\/double-peau-pilotable-en-renovation\\\/113052\\\/\"},\"author\":{\"name\":\"Bati-journal\",\"@id\":\"https:\\\/\\\/batijournal.com\\\/#\\\/schema\\\/person\\\/6a657e8967569e1b299972574848aa76\"},\"headline\":\"Double peau pilotable en r\u00e9novation\",\"datePublished\":\"2026-02-18T09:45:13+00:00\",\"dateModified\":\"2026-02-18T10:08:43+00:00\",\"mainEntityOfPage\":{\"@id\":\"https:\\\/\\\/batijournal.com\\\/index.php\\\/double-peau-pilotable-en-renovation\\\/113052\\\/\"},\"wordCount\":1329,\"image\":{\"@id\":\"https:\\\/\\\/batijournal.com\\\/index.php\\\/double-peau-pilotable-en-renovation\\\/113052\\\/#primaryimage\"},\"thumbnailUrl\":\"https:\\\/\\\/batijournal.com\\\/wp-content\\\/uploads\\\/2026\\\/02\\\/photo-ouverture-facade-finie-2-scaled.jpg\",\"articleSection\":[\"A la Une\",\"Actualit\u00e9s\",\"Architecture &amp; Conception\",\"zz_5fa\u00e7ades\"],\"inLanguage\":\"fr-FR\"},{\"@type\":\"WebPage\",\"@id\":\"https:\\\/\\\/batijournal.com\\\/index.php\\\/double-peau-pilotable-en-renovation\\\/113052\\\/\",\"url\":\"https:\\\/\\\/batijournal.com\\\/index.php\\\/double-peau-pilotable-en-renovation\\\/113052\\\/\",\"name\":\"Double peau pilotable en r\u00e9novation\",\"isPartOf\":{\"@id\":\"https:\\\/\\\/batijournal.com\\\/#website\"},\"primaryImageOfPage\":{\"@id\":\"https:\\\/\\\/batijournal.com\\\/index.php\\\/double-peau-pilotable-en-renovation\\\/113052\\\/#primaryimage\"},\"image\":{\"@id\":\"https:\\\/\\\/batijournal.com\\\/index.php\\\/double-peau-pilotable-en-renovation\\\/113052\\\/#primaryimage\"},\"thumbnailUrl\":\"https:\\\/\\\/batijournal.com\\\/wp-content\\\/uploads\\\/2026\\\/02\\\/photo-ouverture-facade-finie-2-scaled.jpg\",\"datePublished\":\"2026-02-18T09:45:13+00:00\",\"dateModified\":\"2026-02-18T10:08:43+00:00\",\"author\":{\"@id\":\"https:\\\/\\\/batijournal.com\\\/#\\\/schema\\\/person\\\/6a657e8967569e1b299972574848aa76\"},\"description\":\"Le fa\u00e7adier Coveris, sp\u00e9cialiste de l\u2019enveloppe vitr\u00e9e, et Souchier, marque de Genatis et d\u00e9veloppeur du syst\u00e8me intelligent BOx, collaborent autour d\u2019un objectif commun : faire \u00e9voluer l\u2019offre de fa\u00e7ade double peau pour la rendre compatible avec les exigences et contraintes de la r\u00e9novation. Ensemble, ils d\u00e9veloppent et exp\u00e9rimentent, en s'appuyant sur un programme de recherche europ\u00e9en, une offre sp\u00e9cifiquement adapt\u00e9e \u00e0 la r\u00e9habilitation.\",\"breadcrumb\":{\"@id\":\"https:\\\/\\\/batijournal.com\\\/index.php\\\/double-peau-pilotable-en-renovation\\\/113052\\\/#breadcrumb\"},\"inLanguage\":\"fr-FR\",\"potentialAction\":[{\"@type\":\"ReadAction\",\"target\":[\"https:\\\/\\\/batijournal.com\\\/index.php\\\/double-peau-pilotable-en-renovation\\\/113052\\\/\"]}]},{\"@type\":\"ImageObject\",\"inLanguage\":\"fr-FR\",\"@id\":\"https:\\\/\\\/batijournal.com\\\/index.php\\\/double-peau-pilotable-en-renovation\\\/113052\\\/#primaryimage\",\"url\":\"https:\\\/\\\/batijournal.com\\\/wp-content\\\/uploads\\\/2026\\\/02\\\/photo-ouverture-facade-finie-2-scaled.jpg\",\"contentUrl\":\"https:\\\/\\\/batijournal.com\\\/wp-content\\\/uploads\\\/2026\\\/02\\\/photo-ouverture-facade-finie-2-scaled.jpg\",\"width\":2560,\"height\":1922},{\"@type\":\"BreadcrumbList\",\"@id\":\"https:\\\/\\\/batijournal.com\\\/index.php\\\/double-peau-pilotable-en-renovation\\\/113052\\\/#breadcrumb\",\"itemListElement\":[{\"@type\":\"ListItem\",\"position\":1,\"name\":\"Accueil\",\"item\":\"https:\\\/\\\/batijournal.com\\\/\"},{\"@type\":\"ListItem\",\"position\":2,\"name\":\"A la Une\",\"item\":\"https:\\\/\\\/batijournal.com\\\/index.php\\\/category\\\/a-la-une\\\/\"},{\"@type\":\"ListItem\",\"position\":3,\"name\":\"Double peau pilotable en r\u00e9novation\"}]},{\"@type\":\"WebSite\",\"@id\":\"https:\\\/\\\/batijournal.com\\\/#website\",\"url\":\"https:\\\/\\\/batijournal.com\\\/\",\"name\":\"Batijournal\",\"description\":\"L&#039;actualit\u00e9 du b\u00e2timent\",\"potentialAction\":[{\"@type\":\"SearchAction\",\"target\":{\"@type\":\"EntryPoint\",\"urlTemplate\":\"https:\\\/\\\/batijournal.com\\\/?s={search_term_string}\"},\"query-input\":{\"@type\":\"PropertyValueSpecification\",\"valueRequired\":true,\"valueName\":\"search_term_string\"}}],\"inLanguage\":\"fr-FR\"},{\"@type\":\"Person\",\"@id\":\"https:\\\/\\\/batijournal.com\\\/#\\\/schema\\\/person\\\/6a657e8967569e1b299972574848aa76\",\"name\":\"Bati-journal\",\"image\":{\"@type\":\"ImageObject\",\"inLanguage\":\"fr-FR\",\"@id\":\"https:\\\/\\\/secure.gravatar.com\\\/avatar\\\/a64364ea26392f9b4dd47e017ddaec74ff03aefc073b49e492e847201258f777?s=96&d=mm&r=g\",\"url\":\"https:\\\/\\\/secure.gravatar.com\\\/avatar\\\/a64364ea26392f9b4dd47e017ddaec74ff03aefc073b49e492e847201258f777?s=96&d=mm&r=g\",\"contentUrl\":\"https:\\\/\\\/secure.gravatar.com\\\/avatar\\\/a64364ea26392f9b4dd47e017ddaec74ff03aefc073b49e492e847201258f777?s=96&d=mm&r=g\",\"caption\":\"Bati-journal\"},\"url\":\"https:\\\/\\\/batijournal.com\\\/index.php\\\/author\\\/elodie\\\/\"}]}<\/script>\n<!-- \/ Yoast SEO plugin. -->","yoast_head_json":{"title":"Double peau pilotable en r\u00e9novation","description":"Le fa\u00e7adier Coveris, sp\u00e9cialiste de l\u2019enveloppe vitr\u00e9e, et Souchier, marque de Genatis et d\u00e9veloppeur du syst\u00e8me intelligent BOx, collaborent autour d\u2019un objectif commun : faire \u00e9voluer l\u2019offre de fa\u00e7ade double peau pour la rendre compatible avec les exigences et contraintes de la r\u00e9novation. Ensemble, ils d\u00e9veloppent et exp\u00e9rimentent, en s'appuyant sur un programme de recherche europ\u00e9en, une offre sp\u00e9cifiquement adapt\u00e9e \u00e0 la r\u00e9habilitation.","robots":{"index":"index","follow":"follow","max-snippet":"max-snippet:-1","max-image-preview":"max-image-preview:large","max-video-preview":"max-video-preview:-1"},"canonical":"https:\/\/batijournal.com\/index.php\/double-peau-pilotable-en-renovation\/113052\/","og_locale":"fr_FR","og_type":"article","og_title":"Double peau pilotable en r\u00e9novation","og_description":"Le fa\u00e7adier Coveris, sp\u00e9cialiste de l\u2019enveloppe vitr\u00e9e, et Souchier, marque de Genatis et d\u00e9veloppeur du syst\u00e8me intelligent BOx, collaborent autour d\u2019un objectif commun : faire \u00e9voluer l\u2019offre de fa\u00e7ade double peau pour la rendre compatible avec les exigences et contraintes de la r\u00e9novation. Ensemble, ils d\u00e9veloppent et exp\u00e9rimentent, en s'appuyant sur un programme de recherche europ\u00e9en, une offre sp\u00e9cifiquement adapt\u00e9e \u00e0 la r\u00e9habilitation.","og_url":"https:\/\/batijournal.com\/index.php\/double-peau-pilotable-en-renovation\/113052\/","og_site_name":"Batijournal","article_published_time":"2026-02-18T09:45:13+00:00","article_modified_time":"2026-02-18T10:08:43+00:00","og_image":[{"width":2560,"height":1922,"url":"https:\/\/batijournal.com\/wp-content\/uploads\/2026\/02\/photo-ouverture-facade-finie-2-scaled.jpg","type":"image\/jpeg"}],"author":"Bati-journal","twitter_card":"summary_large_image","twitter_creator":"@bati_journal","twitter_site":"@bati_journal","twitter_misc":{"\u00c9crit par":"Bati-journal","Dur\u00e9e de lecture estim\u00e9e":"6 minutes"},"schema":{"@context":"https:\/\/schema.org","@graph":[{"@type":"Article","@id":"https:\/\/batijournal.com\/index.php\/double-peau-pilotable-en-renovation\/113052\/#article","isPartOf":{"@id":"https:\/\/batijournal.com\/index.php\/double-peau-pilotable-en-renovation\/113052\/"},"author":{"name":"Bati-journal","@id":"https:\/\/batijournal.com\/#\/schema\/person\/6a657e8967569e1b299972574848aa76"},"headline":"Double peau pilotable en r\u00e9novation","datePublished":"2026-02-18T09:45:13+00:00","dateModified":"2026-02-18T10:08:43+00:00","mainEntityOfPage":{"@id":"https:\/\/batijournal.com\/index.php\/double-peau-pilotable-en-renovation\/113052\/"},"wordCount":1329,"image":{"@id":"https:\/\/batijournal.com\/index.php\/double-peau-pilotable-en-renovation\/113052\/#primaryimage"},"thumbnailUrl":"https:\/\/batijournal.com\/wp-content\/uploads\/2026\/02\/photo-ouverture-facade-finie-2-scaled.jpg","articleSection":["A la Une","Actualit\u00e9s","Architecture &amp; Conception","zz_5fa\u00e7ades"],"inLanguage":"fr-FR"},{"@type":"WebPage","@id":"https:\/\/batijournal.com\/index.php\/double-peau-pilotable-en-renovation\/113052\/","url":"https:\/\/batijournal.com\/index.php\/double-peau-pilotable-en-renovation\/113052\/","name":"Double peau pilotable en r\u00e9novation","isPartOf":{"@id":"https:\/\/batijournal.com\/#website"},"primaryImageOfPage":{"@id":"https:\/\/batijournal.com\/index.php\/double-peau-pilotable-en-renovation\/113052\/#primaryimage"},"image":{"@id":"https:\/\/batijournal.com\/index.php\/double-peau-pilotable-en-renovation\/113052\/#primaryimage"},"thumbnailUrl":"https:\/\/batijournal.com\/wp-content\/uploads\/2026\/02\/photo-ouverture-facade-finie-2-scaled.jpg","datePublished":"2026-02-18T09:45:13+00:00","dateModified":"2026-02-18T10:08:43+00:00","author":{"@id":"https:\/\/batijournal.com\/#\/schema\/person\/6a657e8967569e1b299972574848aa76"},"description":"Le fa\u00e7adier Coveris, sp\u00e9cialiste de l\u2019enveloppe vitr\u00e9e, et Souchier, marque de Genatis et d\u00e9veloppeur du syst\u00e8me intelligent BOx, collaborent autour d\u2019un objectif commun : faire \u00e9voluer l\u2019offre de fa\u00e7ade double peau pour la rendre compatible avec les exigences et contraintes de la r\u00e9novation. Ensemble, ils d\u00e9veloppent et exp\u00e9rimentent, en s'appuyant sur un programme de recherche europ\u00e9en, une offre sp\u00e9cifiquement adapt\u00e9e \u00e0 la r\u00e9habilitation.","breadcrumb":{"@id":"https:\/\/batijournal.com\/index.php\/double-peau-pilotable-en-renovation\/113052\/#breadcrumb"},"inLanguage":"fr-FR","potentialAction":[{"@type":"ReadAction","target":["https:\/\/batijournal.com\/index.php\/double-peau-pilotable-en-renovation\/113052\/"]}]},{"@type":"ImageObject","inLanguage":"fr-FR","@id":"https:\/\/batijournal.com\/index.php\/double-peau-pilotable-en-renovation\/113052\/#primaryimage","url":"https:\/\/batijournal.com\/wp-content\/uploads\/2026\/02\/photo-ouverture-facade-finie-2-scaled.jpg","contentUrl":"https:\/\/batijournal.com\/wp-content\/uploads\/2026\/02\/photo-ouverture-facade-finie-2-scaled.jpg","width":2560,"height":1922},{"@type":"BreadcrumbList","@id":"https:\/\/batijournal.com\/index.php\/double-peau-pilotable-en-renovation\/113052\/#breadcrumb","itemListElement":[{"@type":"ListItem","position":1,"name":"Accueil","item":"https:\/\/batijournal.com\/"},{"@type":"ListItem","position":2,"name":"A la Une","item":"https:\/\/batijournal.com\/index.php\/category\/a-la-une\/"},{"@type":"ListItem","position":3,"name":"Double peau pilotable en r\u00e9novation"}]},{"@type":"WebSite","@id":"https:\/\/batijournal.com\/#website","url":"https:\/\/batijournal.com\/","name":"Batijournal","description":"L&#039;actualit\u00e9 du b\u00e2timent","potentialAction":[{"@type":"SearchAction","target":{"@type":"EntryPoint","urlTemplate":"https:\/\/batijournal.com\/?s={search_term_string}"},"query-input":{"@type":"PropertyValueSpecification","valueRequired":true,"valueName":"search_term_string"}}],"inLanguage":"fr-FR"},{"@type":"Person","@id":"https:\/\/batijournal.com\/#\/schema\/person\/6a657e8967569e1b299972574848aa76","name":"Bati-journal","image":{"@type":"ImageObject","inLanguage":"fr-FR","@id":"https:\/\/secure.gravatar.com\/avatar\/a64364ea26392f9b4dd47e017ddaec74ff03aefc073b49e492e847201258f777?s=96&d=mm&r=g","url":"https:\/\/secure.gravatar.com\/avatar\/a64364ea26392f9b4dd47e017ddaec74ff03aefc073b49e492e847201258f777?s=96&d=mm&r=g","contentUrl":"https:\/\/secure.gravatar.com\/avatar\/a64364ea26392f9b4dd47e017ddaec74ff03aefc073b49e492e847201258f777?s=96&d=mm&r=g","caption":"Bati-journal"},"url":"https:\/\/batijournal.com\/index.php\/author\/elodie\/"}]}},"_links":{"self":[{"href":"https:\/\/batijournal.com\/index.php\/wp-json\/wp\/v2\/posts\/113052","targetHints":{"allow":["GET"]}}],"collection":[{"href":"https:\/\/batijournal.com\/index.php\/wp-json\/wp\/v2\/posts"}],"about":[{"href":"https:\/\/batijournal.com\/index.php\/wp-json\/wp\/v2\/types\/post"}],"author":[{"embeddable":true,"href":"https:\/\/batijournal.com\/index.php\/wp-json\/wp\/v2\/users\/1"}],"replies":[{"embeddable":true,"href":"https:\/\/batijournal.com\/index.php\/wp-json\/wp\/v2\/comments?post=113052"}],"version-history":[{"count":0,"href":"https:\/\/batijournal.com\/index.php\/wp-json\/wp\/v2\/posts\/113052\/revisions"}],"wp:featuredmedia":[{"embeddable":true,"href":"https:\/\/batijournal.com\/index.php\/wp-json\/wp\/v2\/media\/113054"}],"wp:attachment":[{"href":"https:\/\/batijournal.com\/index.php\/wp-json\/wp\/v2\/media?parent=113052"}],"wp:term":[{"taxonomy":"category","embeddable":true,"href":"https:\/\/batijournal.com\/index.php\/wp-json\/wp\/v2\/categories?post=113052"},{"taxonomy":"post_tag","embeddable":true,"href":"https:\/\/batijournal.com\/index.php\/wp-json\/wp\/v2\/tags?post=113052"}],"curies":[{"name":"wp","href":"https:\/\/api.w.org\/{rel}","templated":true}]}}