{"id":113076,"date":"2026-02-24T11:22:37","date_gmt":"2026-02-24T10:22:37","guid":{"rendered":"https:\/\/batijournal.com\/?p=113076"},"modified":"2026-02-25T18:37:39","modified_gmt":"2026-02-25T17:37:39","slug":"batijournal-tv-au-forum-bois-construction","status":"publish","type":"post","link":"https:\/\/batijournal.com\/index.php\/batijournal-tv-au-forum-bois-construction\/113076\/","title":{"rendered":"batijournal TV au Forum Bois construction"},"content":{"rendered":"<p><strong>\u00c0 l\u2019occasion 15e Forum International Bois Construction (FBC) Qui se tiendra \u00e0 Paris Grand Palais du 25 au 27 f\u00e9vrier, Bati-Journal proposera une nouvelle \u00e9dition de son plateau TV.<\/strong><\/p>\n<p>Cette animation,\u00a0organis\u00e9 avec le soutien du CODIFAB et en partenariat avec les magazines 5fa\u00e7ades et Wood Surfer,\u00a0sera anim\u00e9e par St\u00e9phane Miget, r\u00e9dacteur en chef de batijournal TV et 5fa\u00e7ades. Il animera les \u00e9changes et donnera du relief aux d\u00e9bats tout au long du salon. Des \u00e9changes \u00e0 retrouver sur notre site internet et notre <a href=\"https:\/\/www.youtube.com\/@Batijournal-tv\" target=\"_blank\" rel=\"noopener\">cha\u00eene YouTube<\/a>.<\/p>\n<p>D\u00e9couvrez le programme de cette nouvelle \u00e9dition (non d\u00e9finitif) :<\/p>\n<h2><strong>Mercredi 25 f\u00e9vrier <\/strong><\/h2>\n<p>10h30 &#8211; Hors-site : r\u00e9pondre \u00e0 l\u2019urgence de la d\u00e9carbonation par la massification de la r\u00e9novation<\/p>\n<p><strong>Projet :\u00a0<\/strong>R\u00e9novation d\u2019immeubles de logement &#8211; EnergieSprong : MASH 4 La r\u00e9sidence Bois Moulin<\/p>\n<ul>\n<li>J\u00e9r\u00e9mie Robert, directeur &#8211; Alteresco<\/li>\n<li>Ren\u00e9e Floret-Scheide, architecte &#8211; Floret-Scheide Architecte<\/li>\n<\/ul>\n<p>11h00 &#8211; Interview ISB<\/p>\n<ul>\n<li>Pascal Toussaint, directeur technique &#8211; ISB<\/li>\n<\/ul>\n<p>11h30 &#8211; Revitalisation et densification dans le respect des c\u0153urs de ville<\/p>\n<p><strong>Projet :<\/strong>\u00a0Transformation de bureaux en logements et sur\u00e9l\u00e9vation en bois &#8211; 44 rue de l\u2019Amiral Mouchez Paris<\/p>\n<ul>\n<li>Alexis Joly, pr\u00e9sident &#8211; SNERCT Construction<\/li>\n<li>Marcela Garin, architecte &#8211; Pluriel(les) Architectes<\/li>\n<\/ul>\n<p>12h00 &#8211; Interview Ubbink<\/p>\n<p>13h30 &#8211; Les petites villes du futur<\/p>\n<p><strong>Projet :<\/strong>\u00a0Halle de march\u00e9 \u00e0 Muttersholtz<\/p>\n<ul>\n<li>Luc Dettwyler, adjoint au Maire &#8211; Ville de Muttersholtz<\/li>\n<li>Aline Toussaint, architecte &#8211; Ici &amp; L\u00e0<\/li>\n<\/ul>\n<p>14h00 &#8211; Hors-Site, architecture, carbone<\/p>\n<p><strong>Projet :\u00a0<\/strong>Gymnase de l\u2019\u00e9coquartier de l\u2019Arsenal \u00e0 Dijon, pr\u00e9fabrication paille<\/p>\n<ul>\n<li>Alexandre Gu\u00e9rin, architecte &#8211; Topo\u00efein Studio<\/li>\n<li>Pierre-Etienne James, architecte &#8211; Topo\u00efein Studio<\/li>\n<\/ul>\n<p>14h30 &#8211; Interview Stora Enso<\/p>\n<p>16h00 &#8211; Le logement social et environnemental pour 2030<\/p>\n<p><strong>Projet :<\/strong>\u00a0Feel Wood : r\u00e9habilitation, sur\u00e9l\u00e9vation, extension \u00e0 Saint-Didier au Mont d\u2019Or<\/p>\n<ul>\n<li>Arnaud C\u00e9cillon, pr\u00e9sident &#8211; Rh\u00f4ne Habitat<\/li>\n<li>Marine Morain, architecte\u00a0 &#8211; Adminima<\/li>\n<\/ul>\n<p>16h30 &#8211; UMB &#8211; PV Feu<\/p>\n<ul>\n<li>Eric Lehy Meira, r\u00e9f\u00e9rent technique menuiserie int\u00e9rieure &#8211; UMB-FFB<\/li>\n<\/ul>\n<p>17h00 &#8211; UMB-ABCI<\/p>\n<ul>\n<li>Patrick Maillard, pr\u00e9sident &#8211; UMB-FFB<\/li>\n<li>Jean-Michel Martin &#8211; CAPEB Bois<\/li>\n<\/ul>\n<h2><strong>Jeudi 26 f\u00e9vrier\u00a0<\/strong><\/h2>\n<p>10h00 &#8211; Hauts projets bois<\/p>\n<p><strong>Projet :<\/strong>\u00a0Stellata, immeuble r\u00e9sidentiel \u00e0 Rueil-Malmaison<\/p>\n<ul>\n<li>Bastien Bouteloup, directeur R&amp;D et ing\u00e9nierie &#8211; Woodeum<\/li>\n<li>Ulysse Gnesda, architecte &#8211; Fresh Architecte<\/li>\n<\/ul>\n<p>10h30 &#8211; Interview PEFC<\/p>\n<p>11h00 &#8211; Les matin\u00e9es du contreplaqu\u00e9<\/p>\n<ul>\n<li>Christophe Jourdain, d\u00e9l\u00e9gu\u00e9 g\u00e9n\u00e9ral &#8211; UIPC<\/li>\n<li>Romain Brevat, directeur de l\u2019innovation op\u00e9rationnelle &#8211; LCA Construction<\/li>\n<\/ul>\n<p>11h30 &#8211; Les matin\u00e9es du contreplaqu\u00e9<\/p>\n<p><strong>Projet :<\/strong>\u00a0H\u00f4tel Restaurant &amp; club l\u2019Aventure en fa\u00e7ade<\/p>\n<ul>\n<li>Pierre-Alain Gousset, directeur du p\u00f4le agencement &#8211; Groupe Malvaux<\/li>\n<li>Marion Bouleau, architecte &#8211; MB Architecture<\/li>\n<\/ul>\n<p>13h30 &#8211; Lieux de travail<\/p>\n<p><strong>Projet :<\/strong>\u00a0Si\u00e8ge social Food\u2019In \u00e0 Avignon<\/p>\n<ul>\n<li>Cyril Bertrand, directeur &#8211; CRITT Agroalimentaire Sud<\/li>\n<li>Cl\u00e9ment Rabourdin, architecte &#8211; Ateliers A+<\/li>\n<li>Gilles Landerer, PDG &#8211; Scop Triangle<\/li>\n<\/ul>\n<p>14h30 &#8211; Adaptation et carbone : r\u00e9emploi du bois<\/p>\n<p><strong>Projet :<\/strong>\u00a0Construction et r\u00e9habilitation d\u2019un coll\u00e8ge \u00e0 Strasbourg Neuhof<\/p>\n<ul>\n<li>Diane Rolin, architecte &#8211; Nunc Architecture<\/li>\n<li>Louis Piccon, architecte &#8211; Nunc Architecture<\/li>\n<\/ul>\n<p>15h00 &#8211; Osez Faire Frugal<\/p>\n<ul>\n<li>Alain Bornarel &#8211; Association Frugalit\u00e9 Heureuse &amp; Cr\u00e9ative<\/li>\n<\/ul>\n<p><strong>Projet :<\/strong>\u00a0M\u00e9diath\u00e8que James Baldwyn et maison des r\u00e9fugi\u00e9s \u00e0 Paris<\/p>\n<ul>\n<li>Philippe Madec, architecte urbaniste &#8211; Atelier Philippe Madec<\/li>\n<li>G\u00e9raldine Same, cheffe de projet b\u00e2timent &amp; urbanisme &#8211; Ing\u00e9nieur Tribu<\/li>\n<\/ul>\n<p>15h30 &#8211; Exposition universelle Japon Osaka 2025<\/p>\n<p><strong>Projet :<\/strong>\u00a0Pavillon du Royaume de Bahre\u00efn<\/p>\n<ul>\n<li>Klaas De Rycke, architecte &#8211; Bollinger+Grohmann<\/li>\n<li>Petr Buionov, architecte &#8211; Lina Ghotmeh Architecture<\/li>\n<\/ul>\n<p>16h30 &#8211; Adaptation et carbone : r\u00e9-usage<\/p>\n<p><strong>Projet :\u00a0<\/strong>R\u00e9-usage du bois d\u2019\u0153uvre<\/p>\n<ul>\n<li>Paul-Martin Barbet, architecte &#8211; ArtBuild<\/li>\n<\/ul>\n<p>17h30 &#8211; Prix National de la construction Chanvre 2025<\/p>\n<h2><strong>Vendredi 27 f\u00e9vrier\u00a0<\/strong><\/h2>\n<p>10h00 &#8211; Le passif au service de tous<\/p>\n<p><strong>Projet :<\/strong>\u00a0Cit\u00e9s des formations \u00e0 Tours<\/p>\n<ul>\n<li>Arnaud Vandendriesche, directeur technique am\u00e9nagements et b\u00e2timents durables &#8211; EODD Ing\u00e9nieurs Conseils<\/li>\n<li>Axelle Acchiardo, architecte &#8211; LA Architecture<\/li>\n<\/ul>\n<p>11h00 &#8211; \u00a0Le bois au c\u0153ur de la r\u00e9habilitation dans l\u2019habitat<\/p>\n<ul>\n<li>Thomas Hostache, co-fondateur &#8211; Hoch Studio<\/li>\n<\/ul>\n<p>11h30 &#8211; Le bois comme levier de transformation urbaine<\/p>\n<ul>\n<li>Jean-Pierre L\u00e9v\u00eaque, architecte associ\u00e9 &#8211; Brenac &amp; Gonzalez<\/li>\n<\/ul>\n<p>12h00 &#8211; Bois et Hospitalier<\/p>\n<p><strong>Projet :\u00a0<\/strong>H\u00f4pital Institut Marie-Curie \u00e0 Paris<\/p>\n<ul>\n<li>Steven Ware, architecte associ\u00e9 &#8211; ArtBuild<\/li>\n<\/ul>\n<p><strong>Projet :<\/strong>\u00a0Programme de recherche bois &amp; sant\u00e9<\/p>\n<ul>\n<li>Christophe Belloncle, directeur de la recherche &#8211; ESB<\/li>\n<\/ul>\n<p>12h30 &#8211; Nouvelles approches scolaire<\/p>\n<p><strong>Projet :<\/strong>\u00a0Ecole Claire Bret\u00e9cher \u00e0 Nantes<\/p>\n<ul>\n<li>Jean-Michel Buron, architecte &#8211; Epicuria<\/li>\n<\/ul>\n<p>13h30 &#8211; Jeux Olympiques d\u2019Hiver 2030<\/p>\n<p><strong>Projet :<\/strong>\u00a0R\u00e9habilitation de la r\u00e9sidence Le Capella \u00e0 Avoriaz<\/p>\n<ul>\n<li>Thomas Charmasson, directeur g\u00e9n\u00e9ral &#8211; Roux Entreprise<\/li>\n<\/ul>\n<p>&nbsp;<\/p>\n<p>&nbsp;<\/p>\n","protected":false},"excerpt":{"rendered":"<p>\u00c0 l\u2019occasion 15e Forum International Bois Construction (FBC) Qui se tiendra \u00e0 Paris Grand Palais du 25 au 27 f\u00e9vrier, Bati-Journal proposera une nouvelle \u00e9dition de son plateau TV.<\/p>\n","protected":false},"author":1,"featured_media":113077,"comment_status":"closed","ping_status":"closed","sticky":false,"template":"","format":"standard","meta":{"_et_pb_use_builder":"","_et_pb_old_content":"","_et_gb_content_width":"","footnotes":""},"categories":[10736,10530,6340],"tags":[],"class_list":["post-113076","post","type-post","status-publish","format-standard","has-post-thumbnail","hentry","category-a-la-une","category-actualites","category-architecture-conception"],"yoast_head":"<!-- This site is optimized with the Yoast SEO plugin v27.4 - https:\/\/yoast.com\/product\/yoast-seo-wordpress\/ -->\n<title>batijournal TV au Forum Bois construction<\/title>\n<meta name=\"description\" content=\"\u00c0 l\u2019occasion 15e Forum International Bois Construction (FBC) Qui se tiendra \u00e0 Paris Grand Palais du 25 au 27 f\u00e9vrier, Bati-Journal proposera une nouvelle \u00e9dition de son plateau TV.\" \/>\n<meta name=\"robots\" content=\"index, follow, max-snippet:-1, max-image-preview:large, max-video-preview:-1\" \/>\n<link rel=\"canonical\" href=\"https:\/\/batijournal.com\/index.php\/batijournal-tv-au-forum-bois-construction\/113076\/\" \/>\n<meta property=\"og:locale\" content=\"fr_FR\" \/>\n<meta property=\"og:type\" content=\"article\" \/>\n<meta property=\"og:title\" content=\"batijournal TV au Forum Bois construction\" \/>\n<meta property=\"og:description\" content=\"\u00c0 l\u2019occasion 15e Forum International Bois Construction (FBC) Qui se tiendra \u00e0 Paris Grand Palais du 25 au 27 f\u00e9vrier, Bati-Journal proposera une nouvelle \u00e9dition de son plateau TV.\" \/>\n<meta property=\"og:url\" content=\"https:\/\/batijournal.com\/index.php\/batijournal-tv-au-forum-bois-construction\/113076\/\" \/>\n<meta property=\"og:site_name\" content=\"Batijournal\" \/>\n<meta property=\"article:published_time\" content=\"2026-02-24T10:22:37+00:00\" \/>\n<meta property=\"article:modified_time\" content=\"2026-02-25T17:37:39+00:00\" \/>\n<meta property=\"og:image\" content=\"https:\/\/batijournal.com\/wp-content\/uploads\/2026\/02\/Capture-decran-2026-02-24-a-11.20.01-e1771928552471.png\" \/>\n\t<meta property=\"og:image:width\" content=\"1000\" \/>\n\t<meta property=\"og:image:height\" content=\"559\" \/>\n\t<meta property=\"og:image:type\" content=\"image\/png\" \/>\n<meta name=\"author\" content=\"Bati-journal\" \/>\n<meta name=\"twitter:card\" content=\"summary_large_image\" \/>\n<meta name=\"twitter:creator\" content=\"@bati_journal\" \/>\n<meta name=\"twitter:site\" content=\"@bati_journal\" \/>\n<meta name=\"twitter:label1\" content=\"\u00c9crit par\" \/>\n\t<meta name=\"twitter:data1\" content=\"Bati-journal\" \/>\n\t<meta name=\"twitter:label2\" content=\"Dur\u00e9e de lecture estim\u00e9e\" \/>\n\t<meta name=\"twitter:data2\" content=\"4 minutes\" \/>\n<script type=\"application\/ld+json\" class=\"yoast-schema-graph\">{\"@context\":\"https:\\\/\\\/schema.org\",\"@graph\":[{\"@type\":\"Article\",\"@id\":\"https:\\\/\\\/batijournal.com\\\/index.php\\\/batijournal-tv-au-forum-bois-construction\\\/113076\\\/#article\",\"isPartOf\":{\"@id\":\"https:\\\/\\\/batijournal.com\\\/index.php\\\/batijournal-tv-au-forum-bois-construction\\\/113076\\\/\"},\"author\":{\"name\":\"Bati-journal\",\"@id\":\"https:\\\/\\\/batijournal.com\\\/#\\\/schema\\\/person\\\/6a657e8967569e1b299972574848aa76\"},\"headline\":\"batijournal TV au Forum Bois construction\",\"datePublished\":\"2026-02-24T10:22:37+00:00\",\"dateModified\":\"2026-02-25T17:37:39+00:00\",\"mainEntityOfPage\":{\"@id\":\"https:\\\/\\\/batijournal.com\\\/index.php\\\/batijournal-tv-au-forum-bois-construction\\\/113076\\\/\"},\"wordCount\":767,\"image\":{\"@id\":\"https:\\\/\\\/batijournal.com\\\/index.php\\\/batijournal-tv-au-forum-bois-construction\\\/113076\\\/#primaryimage\"},\"thumbnailUrl\":\"https:\\\/\\\/batijournal.com\\\/wp-content\\\/uploads\\\/2026\\\/02\\\/Capture-decran-2026-02-24-a-11.20.01-e1771928552471.png\",\"articleSection\":[\"A la Une\",\"Actualit\u00e9s\",\"Architecture &amp; Conception\"],\"inLanguage\":\"fr-FR\"},{\"@type\":\"WebPage\",\"@id\":\"https:\\\/\\\/batijournal.com\\\/index.php\\\/batijournal-tv-au-forum-bois-construction\\\/113076\\\/\",\"url\":\"https:\\\/\\\/batijournal.com\\\/index.php\\\/batijournal-tv-au-forum-bois-construction\\\/113076\\\/\",\"name\":\"batijournal TV au Forum Bois construction\",\"isPartOf\":{\"@id\":\"https:\\\/\\\/batijournal.com\\\/#website\"},\"primaryImageOfPage\":{\"@id\":\"https:\\\/\\\/batijournal.com\\\/index.php\\\/batijournal-tv-au-forum-bois-construction\\\/113076\\\/#primaryimage\"},\"image\":{\"@id\":\"https:\\\/\\\/batijournal.com\\\/index.php\\\/batijournal-tv-au-forum-bois-construction\\\/113076\\\/#primaryimage\"},\"thumbnailUrl\":\"https:\\\/\\\/batijournal.com\\\/wp-content\\\/uploads\\\/2026\\\/02\\\/Capture-decran-2026-02-24-a-11.20.01-e1771928552471.png\",\"datePublished\":\"2026-02-24T10:22:37+00:00\",\"dateModified\":\"2026-02-25T17:37:39+00:00\",\"author\":{\"@id\":\"https:\\\/\\\/batijournal.com\\\/#\\\/schema\\\/person\\\/6a657e8967569e1b299972574848aa76\"},\"description\":\"\u00c0 l\u2019occasion 15e Forum International Bois Construction (FBC) Qui se tiendra \u00e0 Paris Grand Palais du 25 au 27 f\u00e9vrier, Bati-Journal proposera une nouvelle \u00e9dition de son plateau TV.\",\"breadcrumb\":{\"@id\":\"https:\\\/\\\/batijournal.com\\\/index.php\\\/batijournal-tv-au-forum-bois-construction\\\/113076\\\/#breadcrumb\"},\"inLanguage\":\"fr-FR\",\"potentialAction\":[{\"@type\":\"ReadAction\",\"target\":[\"https:\\\/\\\/batijournal.com\\\/index.php\\\/batijournal-tv-au-forum-bois-construction\\\/113076\\\/\"]}]},{\"@type\":\"ImageObject\",\"inLanguage\":\"fr-FR\",\"@id\":\"https:\\\/\\\/batijournal.com\\\/index.php\\\/batijournal-tv-au-forum-bois-construction\\\/113076\\\/#primaryimage\",\"url\":\"https:\\\/\\\/batijournal.com\\\/wp-content\\\/uploads\\\/2026\\\/02\\\/Capture-decran-2026-02-24-a-11.20.01-e1771928552471.png\",\"contentUrl\":\"https:\\\/\\\/batijournal.com\\\/wp-content\\\/uploads\\\/2026\\\/02\\\/Capture-decran-2026-02-24-a-11.20.01-e1771928552471.png\",\"width\":1000,\"height\":559},{\"@type\":\"BreadcrumbList\",\"@id\":\"https:\\\/\\\/batijournal.com\\\/index.php\\\/batijournal-tv-au-forum-bois-construction\\\/113076\\\/#breadcrumb\",\"itemListElement\":[{\"@type\":\"ListItem\",\"position\":1,\"name\":\"Accueil\",\"item\":\"https:\\\/\\\/batijournal.com\\\/\"},{\"@type\":\"ListItem\",\"position\":2,\"name\":\"A la Une\",\"item\":\"https:\\\/\\\/batijournal.com\\\/index.php\\\/category\\\/a-la-une\\\/\"},{\"@type\":\"ListItem\",\"position\":3,\"name\":\"batijournal TV au Forum Bois construction\"}]},{\"@type\":\"WebSite\",\"@id\":\"https:\\\/\\\/batijournal.com\\\/#website\",\"url\":\"https:\\\/\\\/batijournal.com\\\/\",\"name\":\"Batijournal\",\"description\":\"L&#039;actualit\u00e9 du b\u00e2timent\",\"potentialAction\":[{\"@type\":\"SearchAction\",\"target\":{\"@type\":\"EntryPoint\",\"urlTemplate\":\"https:\\\/\\\/batijournal.com\\\/?s={search_term_string}\"},\"query-input\":{\"@type\":\"PropertyValueSpecification\",\"valueRequired\":true,\"valueName\":\"search_term_string\"}}],\"inLanguage\":\"fr-FR\"},{\"@type\":\"Person\",\"@id\":\"https:\\\/\\\/batijournal.com\\\/#\\\/schema\\\/person\\\/6a657e8967569e1b299972574848aa76\",\"name\":\"Bati-journal\",\"image\":{\"@type\":\"ImageObject\",\"inLanguage\":\"fr-FR\",\"@id\":\"https:\\\/\\\/secure.gravatar.com\\\/avatar\\\/a64364ea26392f9b4dd47e017ddaec74ff03aefc073b49e492e847201258f777?s=96&d=mm&r=g\",\"url\":\"https:\\\/\\\/secure.gravatar.com\\\/avatar\\\/a64364ea26392f9b4dd47e017ddaec74ff03aefc073b49e492e847201258f777?s=96&d=mm&r=g\",\"contentUrl\":\"https:\\\/\\\/secure.gravatar.com\\\/avatar\\\/a64364ea26392f9b4dd47e017ddaec74ff03aefc073b49e492e847201258f777?s=96&d=mm&r=g\",\"caption\":\"Bati-journal\"},\"url\":\"https:\\\/\\\/batijournal.com\\\/index.php\\\/author\\\/elodie\\\/\"}]}<\/script>\n<!-- \/ Yoast SEO plugin. -->","yoast_head_json":{"title":"batijournal TV au Forum Bois construction","description":"\u00c0 l\u2019occasion 15e Forum International Bois Construction (FBC) Qui se tiendra \u00e0 Paris Grand Palais du 25 au 27 f\u00e9vrier, Bati-Journal proposera une nouvelle \u00e9dition de son plateau TV.","robots":{"index":"index","follow":"follow","max-snippet":"max-snippet:-1","max-image-preview":"max-image-preview:large","max-video-preview":"max-video-preview:-1"},"canonical":"https:\/\/batijournal.com\/index.php\/batijournal-tv-au-forum-bois-construction\/113076\/","og_locale":"fr_FR","og_type":"article","og_title":"batijournal TV au Forum Bois construction","og_description":"\u00c0 l\u2019occasion 15e Forum International Bois Construction (FBC) Qui se tiendra \u00e0 Paris Grand Palais du 25 au 27 f\u00e9vrier, Bati-Journal proposera une nouvelle \u00e9dition de son plateau TV.","og_url":"https:\/\/batijournal.com\/index.php\/batijournal-tv-au-forum-bois-construction\/113076\/","og_site_name":"Batijournal","article_published_time":"2026-02-24T10:22:37+00:00","article_modified_time":"2026-02-25T17:37:39+00:00","og_image":[{"width":1000,"height":559,"url":"https:\/\/batijournal.com\/wp-content\/uploads\/2026\/02\/Capture-decran-2026-02-24-a-11.20.01-e1771928552471.png","type":"image\/png"}],"author":"Bati-journal","twitter_card":"summary_large_image","twitter_creator":"@bati_journal","twitter_site":"@bati_journal","twitter_misc":{"\u00c9crit par":"Bati-journal","Dur\u00e9e de lecture estim\u00e9e":"4 minutes"},"schema":{"@context":"https:\/\/schema.org","@graph":[{"@type":"Article","@id":"https:\/\/batijournal.com\/index.php\/batijournal-tv-au-forum-bois-construction\/113076\/#article","isPartOf":{"@id":"https:\/\/batijournal.com\/index.php\/batijournal-tv-au-forum-bois-construction\/113076\/"},"author":{"name":"Bati-journal","@id":"https:\/\/batijournal.com\/#\/schema\/person\/6a657e8967569e1b299972574848aa76"},"headline":"batijournal TV au Forum Bois construction","datePublished":"2026-02-24T10:22:37+00:00","dateModified":"2026-02-25T17:37:39+00:00","mainEntityOfPage":{"@id":"https:\/\/batijournal.com\/index.php\/batijournal-tv-au-forum-bois-construction\/113076\/"},"wordCount":767,"image":{"@id":"https:\/\/batijournal.com\/index.php\/batijournal-tv-au-forum-bois-construction\/113076\/#primaryimage"},"thumbnailUrl":"https:\/\/batijournal.com\/wp-content\/uploads\/2026\/02\/Capture-decran-2026-02-24-a-11.20.01-e1771928552471.png","articleSection":["A la Une","Actualit\u00e9s","Architecture &amp; Conception"],"inLanguage":"fr-FR"},{"@type":"WebPage","@id":"https:\/\/batijournal.com\/index.php\/batijournal-tv-au-forum-bois-construction\/113076\/","url":"https:\/\/batijournal.com\/index.php\/batijournal-tv-au-forum-bois-construction\/113076\/","name":"batijournal TV au Forum Bois construction","isPartOf":{"@id":"https:\/\/batijournal.com\/#website"},"primaryImageOfPage":{"@id":"https:\/\/batijournal.com\/index.php\/batijournal-tv-au-forum-bois-construction\/113076\/#primaryimage"},"image":{"@id":"https:\/\/batijournal.com\/index.php\/batijournal-tv-au-forum-bois-construction\/113076\/#primaryimage"},"thumbnailUrl":"https:\/\/batijournal.com\/wp-content\/uploads\/2026\/02\/Capture-decran-2026-02-24-a-11.20.01-e1771928552471.png","datePublished":"2026-02-24T10:22:37+00:00","dateModified":"2026-02-25T17:37:39+00:00","author":{"@id":"https:\/\/batijournal.com\/#\/schema\/person\/6a657e8967569e1b299972574848aa76"},"description":"\u00c0 l\u2019occasion 15e Forum International Bois Construction (FBC) Qui se tiendra \u00e0 Paris Grand Palais du 25 au 27 f\u00e9vrier, Bati-Journal proposera une nouvelle \u00e9dition de son plateau TV.","breadcrumb":{"@id":"https:\/\/batijournal.com\/index.php\/batijournal-tv-au-forum-bois-construction\/113076\/#breadcrumb"},"inLanguage":"fr-FR","potentialAction":[{"@type":"ReadAction","target":["https:\/\/batijournal.com\/index.php\/batijournal-tv-au-forum-bois-construction\/113076\/"]}]},{"@type":"ImageObject","inLanguage":"fr-FR","@id":"https:\/\/batijournal.com\/index.php\/batijournal-tv-au-forum-bois-construction\/113076\/#primaryimage","url":"https:\/\/batijournal.com\/wp-content\/uploads\/2026\/02\/Capture-decran-2026-02-24-a-11.20.01-e1771928552471.png","contentUrl":"https:\/\/batijournal.com\/wp-content\/uploads\/2026\/02\/Capture-decran-2026-02-24-a-11.20.01-e1771928552471.png","width":1000,"height":559},{"@type":"BreadcrumbList","@id":"https:\/\/batijournal.com\/index.php\/batijournal-tv-au-forum-bois-construction\/113076\/#breadcrumb","itemListElement":[{"@type":"ListItem","position":1,"name":"Accueil","item":"https:\/\/batijournal.com\/"},{"@type":"ListItem","position":2,"name":"A la Une","item":"https:\/\/batijournal.com\/index.php\/category\/a-la-une\/"},{"@type":"ListItem","position":3,"name":"batijournal TV au Forum Bois construction"}]},{"@type":"WebSite","@id":"https:\/\/batijournal.com\/#website","url":"https:\/\/batijournal.com\/","name":"Batijournal","description":"L&#039;actualit\u00e9 du b\u00e2timent","potentialAction":[{"@type":"SearchAction","target":{"@type":"EntryPoint","urlTemplate":"https:\/\/batijournal.com\/?s={search_term_string}"},"query-input":{"@type":"PropertyValueSpecification","valueRequired":true,"valueName":"search_term_string"}}],"inLanguage":"fr-FR"},{"@type":"Person","@id":"https:\/\/batijournal.com\/#\/schema\/person\/6a657e8967569e1b299972574848aa76","name":"Bati-journal","image":{"@type":"ImageObject","inLanguage":"fr-FR","@id":"https:\/\/secure.gravatar.com\/avatar\/a64364ea26392f9b4dd47e017ddaec74ff03aefc073b49e492e847201258f777?s=96&d=mm&r=g","url":"https:\/\/secure.gravatar.com\/avatar\/a64364ea26392f9b4dd47e017ddaec74ff03aefc073b49e492e847201258f777?s=96&d=mm&r=g","contentUrl":"https:\/\/secure.gravatar.com\/avatar\/a64364ea26392f9b4dd47e017ddaec74ff03aefc073b49e492e847201258f777?s=96&d=mm&r=g","caption":"Bati-journal"},"url":"https:\/\/batijournal.com\/index.php\/author\/elodie\/"}]}},"_links":{"self":[{"href":"https:\/\/batijournal.com\/index.php\/wp-json\/wp\/v2\/posts\/113076","targetHints":{"allow":["GET"]}}],"collection":[{"href":"https:\/\/batijournal.com\/index.php\/wp-json\/wp\/v2\/posts"}],"about":[{"href":"https:\/\/batijournal.com\/index.php\/wp-json\/wp\/v2\/types\/post"}],"author":[{"embeddable":true,"href":"https:\/\/batijournal.com\/index.php\/wp-json\/wp\/v2\/users\/1"}],"replies":[{"embeddable":true,"href":"https:\/\/batijournal.com\/index.php\/wp-json\/wp\/v2\/comments?post=113076"}],"version-history":[{"count":0,"href":"https:\/\/batijournal.com\/index.php\/wp-json\/wp\/v2\/posts\/113076\/revisions"}],"wp:featuredmedia":[{"embeddable":true,"href":"https:\/\/batijournal.com\/index.php\/wp-json\/wp\/v2\/media\/113077"}],"wp:attachment":[{"href":"https:\/\/batijournal.com\/index.php\/wp-json\/wp\/v2\/media?parent=113076"}],"wp:term":[{"taxonomy":"category","embeddable":true,"href":"https:\/\/batijournal.com\/index.php\/wp-json\/wp\/v2\/categories?post=113076"},{"taxonomy":"post_tag","embeddable":true,"href":"https:\/\/batijournal.com\/index.php\/wp-json\/wp\/v2\/tags?post=113076"}],"curies":[{"name":"wp","href":"https:\/\/api.w.org\/{rel}","templated":true}]}}