{"id":113136,"date":"2026-02-27T11:04:48","date_gmt":"2026-02-27T10:04:48","guid":{"rendered":"https:\/\/batijournal.com\/?p=113136"},"modified":"2026-03-11T18:05:38","modified_gmt":"2026-03-11T17:05:38","slug":"batiment-passif-les-cites-des-formations-a-tours","status":"publish","type":"post","link":"https:\/\/batijournal.com\/index.php\/batiment-passif-les-cites-des-formations-a-tours\/113136\/","title":{"rendered":"B\u00e2timent passif : les Cit\u00e9s des formations \u00e0 Tours"},"content":{"rendered":"<p>Avec :<\/p>\n<ul>\n<li>Arnaud Vandendriesche de EODD ing\u00e9nieurs conseils<\/li>\n<li>Axelle Acchiardo, architecte &#8211; LA Architecture<\/li>\n<\/ul>\n<p><span style=\"font-size: 11.0pt; font-family: 'Arial',sans-serif;\">Cette animation, organis\u00e9e avec le soutien du CODIFAB et en partenariat avec les magazines 5fa\u00e7ades et Wood Surfer, est anim\u00e9e par St\u00e9phane Miget, r\u00e9dacteur en chef de batijournal TV et 5fa\u00e7ades. Toutes nos \u00e9missions sont \u00e0 retrouver sur notre site internet batijournal et notre cha\u00eene YouTube.<\/span><\/p>\n<p>Sur le plateau TV batijournal au Forum International Bois Construction<\/p>\n<p><iframe loading=\"lazy\" title=\"Le passif au service de tous\" width=\"1080\" height=\"608\" src=\"https:\/\/www.youtube.com\/embed\/yLcPS8hlWJw?feature=oembed\"  allow=\"accelerometer; autoplay; clipboard-write; encrypted-media; gyroscope; picture-in-picture; web-share\" referrerpolicy=\"strict-origin-when-cross-origin\" allowfullscreen><\/iframe><\/p>\n<p>&nbsp;<\/p>\n","protected":false},"excerpt":{"rendered":"<p>Avec Arnaud Vandendriesche de EODD ing\u00e9nieurs conseils et Axelle Acchiardo, architecte &#8211; LA Architecture<\/p>\n","protected":false},"author":18,"featured_media":113137,"comment_status":"closed","ping_status":"closed","sticky":false,"template":"","format":"standard","meta":{"_et_pb_use_builder":"","_et_pb_old_content":"","_et_gb_content_width":"","footnotes":""},"categories":[10736,11200,13314],"tags":[],"class_list":["post-113136","post","type-post","status-publish","format-standard","has-post-thumbnail","hentry","category-a-la-une","category-batijournal-tv","category-forum-bois-construction"],"yoast_head":"<!-- This site is optimized with the Yoast SEO plugin v27.4 - https:\/\/yoast.com\/product\/yoast-seo-wordpress\/ -->\n<title>B\u00e2timent passif : les Cit\u00e9s des formations \u00e0 Tours<\/title>\n<meta name=\"description\" content=\"Avec Arnaud Vandendriesche de EODD ing\u00e9nieurs conseils et Axelle Acchiardo, architecte - LA Architecture\" \/>\n<meta name=\"robots\" content=\"index, follow, max-snippet:-1, max-image-preview:large, max-video-preview:-1\" \/>\n<link rel=\"canonical\" href=\"https:\/\/batijournal.com\/index.php\/batiment-passif-les-cites-des-formations-a-tours\/113136\/\" \/>\n<meta property=\"og:locale\" content=\"fr_FR\" \/>\n<meta property=\"og:type\" content=\"article\" \/>\n<meta property=\"og:title\" content=\"B\u00e2timent passif : les Cit\u00e9s des formations \u00e0 Tours\" \/>\n<meta property=\"og:description\" content=\"Avec Arnaud Vandendriesche de EODD ing\u00e9nieurs conseils et Axelle Acchiardo, architecte - LA Architecture\" \/>\n<meta property=\"og:url\" content=\"https:\/\/batijournal.com\/index.php\/batiment-passif-les-cites-des-formations-a-tours\/113136\/\" \/>\n<meta property=\"og:site_name\" content=\"Batijournal\" \/>\n<meta property=\"article:published_time\" content=\"2026-02-27T10:04:48+00:00\" \/>\n<meta property=\"article:modified_time\" content=\"2026-03-11T17:05:38+00:00\" \/>\n<meta property=\"og:image\" content=\"https:\/\/batijournal.com\/wp-content\/uploads\/2026\/02\/IMG_3590-scaled.jpg\" \/>\n\t<meta property=\"og:image:width\" content=\"2560\" \/>\n\t<meta property=\"og:image:height\" content=\"1920\" \/>\n\t<meta property=\"og:image:type\" content=\"image\/jpeg\" \/>\n<meta name=\"author\" content=\"Lucien B\" \/>\n<meta name=\"twitter:card\" content=\"summary_large_image\" \/>\n<meta name=\"twitter:creator\" content=\"@bati_journal\" \/>\n<meta name=\"twitter:site\" content=\"@bati_journal\" \/>\n<meta name=\"twitter:label1\" content=\"\u00c9crit par\" \/>\n\t<meta name=\"twitter:data1\" content=\"Lucien B\" \/>\n\t<meta name=\"twitter:label2\" content=\"Dur\u00e9e de lecture estim\u00e9e\" \/>\n\t<meta name=\"twitter:data2\" content=\"1 minute\" \/>\n<script type=\"application\/ld+json\" class=\"yoast-schema-graph\">{\"@context\":\"https:\\\/\\\/schema.org\",\"@graph\":[{\"@type\":\"Article\",\"@id\":\"https:\\\/\\\/batijournal.com\\\/index.php\\\/batiment-passif-les-cites-des-formations-a-tours\\\/113136\\\/#article\",\"isPartOf\":{\"@id\":\"https:\\\/\\\/batijournal.com\\\/index.php\\\/batiment-passif-les-cites-des-formations-a-tours\\\/113136\\\/\"},\"author\":{\"name\":\"Lucien B\",\"@id\":\"https:\\\/\\\/batijournal.com\\\/#\\\/schema\\\/person\\\/4c7c7cef61be850f1b82b3492a006f17\"},\"headline\":\"B\u00e2timent passif : les Cit\u00e9s des formations \u00e0 Tours\",\"datePublished\":\"2026-02-27T10:04:48+00:00\",\"dateModified\":\"2026-03-11T17:05:38+00:00\",\"mainEntityOfPage\":{\"@id\":\"https:\\\/\\\/batijournal.com\\\/index.php\\\/batiment-passif-les-cites-des-formations-a-tours\\\/113136\\\/\"},\"wordCount\":94,\"image\":{\"@id\":\"https:\\\/\\\/batijournal.com\\\/index.php\\\/batiment-passif-les-cites-des-formations-a-tours\\\/113136\\\/#primaryimage\"},\"thumbnailUrl\":\"https:\\\/\\\/batijournal.com\\\/wp-content\\\/uploads\\\/2026\\\/02\\\/IMG_3590-scaled.jpg\",\"articleSection\":[\"A la Une\",\"batijournal TV\",\"Forum Bois Construction\"],\"inLanguage\":\"fr-FR\"},{\"@type\":\"WebPage\",\"@id\":\"https:\\\/\\\/batijournal.com\\\/index.php\\\/batiment-passif-les-cites-des-formations-a-tours\\\/113136\\\/\",\"url\":\"https:\\\/\\\/batijournal.com\\\/index.php\\\/batiment-passif-les-cites-des-formations-a-tours\\\/113136\\\/\",\"name\":\"B\u00e2timent passif : les Cit\u00e9s des formations \u00e0 Tours\",\"isPartOf\":{\"@id\":\"https:\\\/\\\/batijournal.com\\\/#website\"},\"primaryImageOfPage\":{\"@id\":\"https:\\\/\\\/batijournal.com\\\/index.php\\\/batiment-passif-les-cites-des-formations-a-tours\\\/113136\\\/#primaryimage\"},\"image\":{\"@id\":\"https:\\\/\\\/batijournal.com\\\/index.php\\\/batiment-passif-les-cites-des-formations-a-tours\\\/113136\\\/#primaryimage\"},\"thumbnailUrl\":\"https:\\\/\\\/batijournal.com\\\/wp-content\\\/uploads\\\/2026\\\/02\\\/IMG_3590-scaled.jpg\",\"datePublished\":\"2026-02-27T10:04:48+00:00\",\"dateModified\":\"2026-03-11T17:05:38+00:00\",\"author\":{\"@id\":\"https:\\\/\\\/batijournal.com\\\/#\\\/schema\\\/person\\\/4c7c7cef61be850f1b82b3492a006f17\"},\"description\":\"Avec Arnaud Vandendriesche de EODD ing\u00e9nieurs conseils et Axelle Acchiardo, architecte - LA Architecture\",\"breadcrumb\":{\"@id\":\"https:\\\/\\\/batijournal.com\\\/index.php\\\/batiment-passif-les-cites-des-formations-a-tours\\\/113136\\\/#breadcrumb\"},\"inLanguage\":\"fr-FR\",\"potentialAction\":[{\"@type\":\"ReadAction\",\"target\":[\"https:\\\/\\\/batijournal.com\\\/index.php\\\/batiment-passif-les-cites-des-formations-a-tours\\\/113136\\\/\"]}]},{\"@type\":\"ImageObject\",\"inLanguage\":\"fr-FR\",\"@id\":\"https:\\\/\\\/batijournal.com\\\/index.php\\\/batiment-passif-les-cites-des-formations-a-tours\\\/113136\\\/#primaryimage\",\"url\":\"https:\\\/\\\/batijournal.com\\\/wp-content\\\/uploads\\\/2026\\\/02\\\/IMG_3590-scaled.jpg\",\"contentUrl\":\"https:\\\/\\\/batijournal.com\\\/wp-content\\\/uploads\\\/2026\\\/02\\\/IMG_3590-scaled.jpg\",\"width\":2560,\"height\":1920},{\"@type\":\"BreadcrumbList\",\"@id\":\"https:\\\/\\\/batijournal.com\\\/index.php\\\/batiment-passif-les-cites-des-formations-a-tours\\\/113136\\\/#breadcrumb\",\"itemListElement\":[{\"@type\":\"ListItem\",\"position\":1,\"name\":\"Accueil\",\"item\":\"https:\\\/\\\/batijournal.com\\\/\"},{\"@type\":\"ListItem\",\"position\":2,\"name\":\"A la Une\",\"item\":\"https:\\\/\\\/batijournal.com\\\/index.php\\\/category\\\/a-la-une\\\/\"},{\"@type\":\"ListItem\",\"position\":3,\"name\":\"B\u00e2timent passif : les Cit\u00e9s des formations \u00e0 Tours\"}]},{\"@type\":\"WebSite\",\"@id\":\"https:\\\/\\\/batijournal.com\\\/#website\",\"url\":\"https:\\\/\\\/batijournal.com\\\/\",\"name\":\"Batijournal\",\"description\":\"L&#039;actualit\u00e9 du b\u00e2timent\",\"potentialAction\":[{\"@type\":\"SearchAction\",\"target\":{\"@type\":\"EntryPoint\",\"urlTemplate\":\"https:\\\/\\\/batijournal.com\\\/?s={search_term_string}\"},\"query-input\":{\"@type\":\"PropertyValueSpecification\",\"valueRequired\":true,\"valueName\":\"search_term_string\"}}],\"inLanguage\":\"fr-FR\"},{\"@type\":\"Person\",\"@id\":\"https:\\\/\\\/batijournal.com\\\/#\\\/schema\\\/person\\\/4c7c7cef61be850f1b82b3492a006f17\",\"name\":\"Lucien B\",\"image\":{\"@type\":\"ImageObject\",\"inLanguage\":\"fr-FR\",\"@id\":\"https:\\\/\\\/secure.gravatar.com\\\/avatar\\\/7e53691871877667ca1b4481ee38eed4e735d5de53ad94ab51ac26fd8125e321?s=96&d=mm&r=g\",\"url\":\"https:\\\/\\\/secure.gravatar.com\\\/avatar\\\/7e53691871877667ca1b4481ee38eed4e735d5de53ad94ab51ac26fd8125e321?s=96&d=mm&r=g\",\"contentUrl\":\"https:\\\/\\\/secure.gravatar.com\\\/avatar\\\/7e53691871877667ca1b4481ee38eed4e735d5de53ad94ab51ac26fd8125e321?s=96&d=mm&r=g\",\"caption\":\"Lucien B\"},\"url\":\"https:\\\/\\\/batijournal.com\\\/index.php\\\/author\\\/victor\\\/\"}]}<\/script>\n<!-- \/ Yoast SEO plugin. -->","yoast_head_json":{"title":"B\u00e2timent passif : les Cit\u00e9s des formations \u00e0 Tours","description":"Avec Arnaud Vandendriesche de EODD ing\u00e9nieurs conseils et Axelle Acchiardo, architecte - LA Architecture","robots":{"index":"index","follow":"follow","max-snippet":"max-snippet:-1","max-image-preview":"max-image-preview:large","max-video-preview":"max-video-preview:-1"},"canonical":"https:\/\/batijournal.com\/index.php\/batiment-passif-les-cites-des-formations-a-tours\/113136\/","og_locale":"fr_FR","og_type":"article","og_title":"B\u00e2timent passif : les Cit\u00e9s des formations \u00e0 Tours","og_description":"Avec Arnaud Vandendriesche de EODD ing\u00e9nieurs conseils et Axelle Acchiardo, architecte - LA Architecture","og_url":"https:\/\/batijournal.com\/index.php\/batiment-passif-les-cites-des-formations-a-tours\/113136\/","og_site_name":"Batijournal","article_published_time":"2026-02-27T10:04:48+00:00","article_modified_time":"2026-03-11T17:05:38+00:00","og_image":[{"width":2560,"height":1920,"url":"https:\/\/batijournal.com\/wp-content\/uploads\/2026\/02\/IMG_3590-scaled.jpg","type":"image\/jpeg"}],"author":"Lucien B","twitter_card":"summary_large_image","twitter_creator":"@bati_journal","twitter_site":"@bati_journal","twitter_misc":{"\u00c9crit par":"Lucien B","Dur\u00e9e de lecture estim\u00e9e":"1 minute"},"schema":{"@context":"https:\/\/schema.org","@graph":[{"@type":"Article","@id":"https:\/\/batijournal.com\/index.php\/batiment-passif-les-cites-des-formations-a-tours\/113136\/#article","isPartOf":{"@id":"https:\/\/batijournal.com\/index.php\/batiment-passif-les-cites-des-formations-a-tours\/113136\/"},"author":{"name":"Lucien B","@id":"https:\/\/batijournal.com\/#\/schema\/person\/4c7c7cef61be850f1b82b3492a006f17"},"headline":"B\u00e2timent passif : les Cit\u00e9s des formations \u00e0 Tours","datePublished":"2026-02-27T10:04:48+00:00","dateModified":"2026-03-11T17:05:38+00:00","mainEntityOfPage":{"@id":"https:\/\/batijournal.com\/index.php\/batiment-passif-les-cites-des-formations-a-tours\/113136\/"},"wordCount":94,"image":{"@id":"https:\/\/batijournal.com\/index.php\/batiment-passif-les-cites-des-formations-a-tours\/113136\/#primaryimage"},"thumbnailUrl":"https:\/\/batijournal.com\/wp-content\/uploads\/2026\/02\/IMG_3590-scaled.jpg","articleSection":["A la Une","batijournal TV","Forum Bois Construction"],"inLanguage":"fr-FR"},{"@type":"WebPage","@id":"https:\/\/batijournal.com\/index.php\/batiment-passif-les-cites-des-formations-a-tours\/113136\/","url":"https:\/\/batijournal.com\/index.php\/batiment-passif-les-cites-des-formations-a-tours\/113136\/","name":"B\u00e2timent passif : les Cit\u00e9s des formations \u00e0 Tours","isPartOf":{"@id":"https:\/\/batijournal.com\/#website"},"primaryImageOfPage":{"@id":"https:\/\/batijournal.com\/index.php\/batiment-passif-les-cites-des-formations-a-tours\/113136\/#primaryimage"},"image":{"@id":"https:\/\/batijournal.com\/index.php\/batiment-passif-les-cites-des-formations-a-tours\/113136\/#primaryimage"},"thumbnailUrl":"https:\/\/batijournal.com\/wp-content\/uploads\/2026\/02\/IMG_3590-scaled.jpg","datePublished":"2026-02-27T10:04:48+00:00","dateModified":"2026-03-11T17:05:38+00:00","author":{"@id":"https:\/\/batijournal.com\/#\/schema\/person\/4c7c7cef61be850f1b82b3492a006f17"},"description":"Avec Arnaud Vandendriesche de EODD ing\u00e9nieurs conseils et Axelle Acchiardo, architecte - LA Architecture","breadcrumb":{"@id":"https:\/\/batijournal.com\/index.php\/batiment-passif-les-cites-des-formations-a-tours\/113136\/#breadcrumb"},"inLanguage":"fr-FR","potentialAction":[{"@type":"ReadAction","target":["https:\/\/batijournal.com\/index.php\/batiment-passif-les-cites-des-formations-a-tours\/113136\/"]}]},{"@type":"ImageObject","inLanguage":"fr-FR","@id":"https:\/\/batijournal.com\/index.php\/batiment-passif-les-cites-des-formations-a-tours\/113136\/#primaryimage","url":"https:\/\/batijournal.com\/wp-content\/uploads\/2026\/02\/IMG_3590-scaled.jpg","contentUrl":"https:\/\/batijournal.com\/wp-content\/uploads\/2026\/02\/IMG_3590-scaled.jpg","width":2560,"height":1920},{"@type":"BreadcrumbList","@id":"https:\/\/batijournal.com\/index.php\/batiment-passif-les-cites-des-formations-a-tours\/113136\/#breadcrumb","itemListElement":[{"@type":"ListItem","position":1,"name":"Accueil","item":"https:\/\/batijournal.com\/"},{"@type":"ListItem","position":2,"name":"A la Une","item":"https:\/\/batijournal.com\/index.php\/category\/a-la-une\/"},{"@type":"ListItem","position":3,"name":"B\u00e2timent passif : les Cit\u00e9s des formations \u00e0 Tours"}]},{"@type":"WebSite","@id":"https:\/\/batijournal.com\/#website","url":"https:\/\/batijournal.com\/","name":"Batijournal","description":"L&#039;actualit\u00e9 du b\u00e2timent","potentialAction":[{"@type":"SearchAction","target":{"@type":"EntryPoint","urlTemplate":"https:\/\/batijournal.com\/?s={search_term_string}"},"query-input":{"@type":"PropertyValueSpecification","valueRequired":true,"valueName":"search_term_string"}}],"inLanguage":"fr-FR"},{"@type":"Person","@id":"https:\/\/batijournal.com\/#\/schema\/person\/4c7c7cef61be850f1b82b3492a006f17","name":"Lucien B","image":{"@type":"ImageObject","inLanguage":"fr-FR","@id":"https:\/\/secure.gravatar.com\/avatar\/7e53691871877667ca1b4481ee38eed4e735d5de53ad94ab51ac26fd8125e321?s=96&d=mm&r=g","url":"https:\/\/secure.gravatar.com\/avatar\/7e53691871877667ca1b4481ee38eed4e735d5de53ad94ab51ac26fd8125e321?s=96&d=mm&r=g","contentUrl":"https:\/\/secure.gravatar.com\/avatar\/7e53691871877667ca1b4481ee38eed4e735d5de53ad94ab51ac26fd8125e321?s=96&d=mm&r=g","caption":"Lucien B"},"url":"https:\/\/batijournal.com\/index.php\/author\/victor\/"}]}},"_links":{"self":[{"href":"https:\/\/batijournal.com\/index.php\/wp-json\/wp\/v2\/posts\/113136","targetHints":{"allow":["GET"]}}],"collection":[{"href":"https:\/\/batijournal.com\/index.php\/wp-json\/wp\/v2\/posts"}],"about":[{"href":"https:\/\/batijournal.com\/index.php\/wp-json\/wp\/v2\/types\/post"}],"author":[{"embeddable":true,"href":"https:\/\/batijournal.com\/index.php\/wp-json\/wp\/v2\/users\/18"}],"replies":[{"embeddable":true,"href":"https:\/\/batijournal.com\/index.php\/wp-json\/wp\/v2\/comments?post=113136"}],"version-history":[{"count":0,"href":"https:\/\/batijournal.com\/index.php\/wp-json\/wp\/v2\/posts\/113136\/revisions"}],"wp:featuredmedia":[{"embeddable":true,"href":"https:\/\/batijournal.com\/index.php\/wp-json\/wp\/v2\/media\/113137"}],"wp:attachment":[{"href":"https:\/\/batijournal.com\/index.php\/wp-json\/wp\/v2\/media?parent=113136"}],"wp:term":[{"taxonomy":"category","embeddable":true,"href":"https:\/\/batijournal.com\/index.php\/wp-json\/wp\/v2\/categories?post=113136"},{"taxonomy":"post_tag","embeddable":true,"href":"https:\/\/batijournal.com\/index.php\/wp-json\/wp\/v2\/tags?post=113136"}],"curies":[{"name":"wp","href":"https:\/\/api.w.org\/{rel}","templated":true}]}}