{"id":113140,"date":"2026-02-27T14:25:09","date_gmt":"2026-02-27T13:25:09","guid":{"rendered":"https:\/\/batijournal.com\/?p=113140"},"modified":"2026-03-17T11:37:09","modified_gmt":"2026-03-17T10:37:09","slug":"le-bois-comme-levier-de-transformation-urbaine","status":"publish","type":"post","link":"https:\/\/batijournal.com\/index.php\/le-bois-comme-levier-de-transformation-urbaine\/113140\/","title":{"rendered":"Le bois comme levier de transformation urbaine"},"content":{"rendered":"<p><strong>Quelle place pour le bois dans la ville ? Dans cet entretien, Jean-Pierre L\u00e9bec, architecte associ\u00e9 de l\u2019agence Brenac &amp; Gonzalez, revient sur l\u2019int\u00e9gration du mat\u00e9riau bois dans des projets urbains d\u2019envergure.<\/strong><\/p>\n<p>\u00c0 travers deux r\u00e9alisations, \u00e0 Toulouse et \u00e0 Nanterre, il d\u00e9taille une approche qui consiste \u00e0 utiliser le bois l\u00e0 o\u00f9 il est le plus pertinent. Dans un parc tertiaire \u00e0 Toulouse, le bois accompagne le paysage et structure un b\u00e2timent ouvert sur son environnement. \u00c0 Nanterre, sur le si\u00e8ge de Schneider Electric, il s\u2019inscrit dans une logique bas carbone, tout en dialoguant avec d\u2019autres mat\u00e9riaux pour r\u00e9pondre aux contraintes urbaines.<\/p>\n<p>Structure, confort d\u2019\u00e9t\u00e9, transparence, usages : l\u2019architecte explique comment le bois s\u2019int\u00e8gre dans des projets complexes, en lien avec les enjeux de la ville contemporaine.<\/p>\n<p>Une interview \u00e0 d\u00e9couvrir pour mieux comprendre les conditions d\u2019une int\u00e9gration r\u00e9ussie du bois en milieu urbain.<\/p>\n<p>Avec\u00a0:<\/p>\n<ul>\n<li>Jean-Pierre L\u00e9v\u00eaque, architecte associ\u00e9 &#8211; Brenac &amp; Gonzalez<\/li>\n<\/ul>\n<p><span style=\"font-size: 11.0pt; font-family: 'Arial',sans-serif;\">Cette animation, organis\u00e9e avec le soutien du CODIFAB et en partenariat avec les magazines 5fa\u00e7ades et Wood Surfer, est anim\u00e9e par St\u00e9phane Miget, r\u00e9dacteur en chef de batijournal TV et 5fa\u00e7ades. Toutes nos \u00e9missions sont \u00e0 retrouver sur notre site internet batijournal et notre cha\u00eene YouTube.<\/span><\/p>\n<p>Sur le plateau TV batijournal au Forum International Bois Construction<\/p>\n<p><iframe loading=\"lazy\" title=\"Le bois, moteur de la transformation urbaine\" width=\"1080\" height=\"608\" src=\"https:\/\/www.youtube.com\/embed\/Gy61lLGEWuw?feature=oembed\"  allow=\"accelerometer; autoplay; clipboard-write; encrypted-media; gyroscope; picture-in-picture; web-share\" referrerpolicy=\"strict-origin-when-cross-origin\" allowfullscreen><\/iframe><\/p>\n<p>&nbsp;<\/p>\n","protected":false},"excerpt":{"rendered":"<p>Quelle place pour le bois dans la ville ? Dans cet entretien, Jean-Pierre L\u00e9bec, architecte associ\u00e9 de l\u2019agence Brenac &#038; Gonzalez, revient sur l\u2019int\u00e9gration du mat\u00e9riau bois dans des projets urbains d\u2019envergure.<\/p>\n","protected":false},"author":1,"featured_media":113141,"comment_status":"closed","ping_status":"closed","sticky":false,"template":"","format":"standard","meta":{"_et_pb_use_builder":"","_et_pb_old_content":"","_et_gb_content_width":"","footnotes":""},"categories":[10736,11200,13314],"tags":[],"class_list":["post-113140","post","type-post","status-publish","format-standard","has-post-thumbnail","hentry","category-a-la-une","category-batijournal-tv","category-forum-bois-construction"],"yoast_head":"<!-- This site is optimized with the Yoast SEO plugin v27.4 - https:\/\/yoast.com\/product\/yoast-seo-wordpress\/ -->\n<title>Le bois comme levier de transformation urbaine<\/title>\n<meta name=\"description\" content=\"Avec\u00a0:Jean-Pierre L\u00e9v\u00eaque, architecte associ\u00e9 - Brenac &amp; Gonzalez\" \/>\n<meta name=\"robots\" content=\"index, follow, max-snippet:-1, max-image-preview:large, max-video-preview:-1\" \/>\n<link rel=\"canonical\" href=\"https:\/\/batijournal.com\/index.php\/le-bois-comme-levier-de-transformation-urbaine\/113140\/\" \/>\n<meta property=\"og:locale\" content=\"fr_FR\" \/>\n<meta property=\"og:type\" content=\"article\" \/>\n<meta property=\"og:title\" content=\"Le bois comme levier de transformation urbaine\" \/>\n<meta property=\"og:description\" content=\"Avec\u00a0:Jean-Pierre L\u00e9v\u00eaque, architecte associ\u00e9 - Brenac &amp; Gonzalez\" \/>\n<meta property=\"og:url\" content=\"https:\/\/batijournal.com\/index.php\/le-bois-comme-levier-de-transformation-urbaine\/113140\/\" \/>\n<meta property=\"og:site_name\" content=\"Batijournal\" \/>\n<meta property=\"article:published_time\" content=\"2026-02-27T13:25:09+00:00\" \/>\n<meta property=\"article:modified_time\" content=\"2026-03-17T10:37:09+00:00\" \/>\n<meta property=\"og:image\" content=\"https:\/\/batijournal.com\/wp-content\/uploads\/2026\/02\/Capture-decran-2026-02-27-a-14.23.16-1024x563.png\" \/>\n\t<meta property=\"og:image:width\" content=\"1024\" \/>\n\t<meta property=\"og:image:height\" content=\"563\" \/>\n\t<meta property=\"og:image:type\" content=\"image\/png\" \/>\n<meta name=\"author\" content=\"Bati-journal\" \/>\n<meta name=\"twitter:card\" content=\"summary_large_image\" \/>\n<meta name=\"twitter:creator\" content=\"@bati_journal\" \/>\n<meta name=\"twitter:site\" content=\"@bati_journal\" \/>\n<meta name=\"twitter:label1\" content=\"\u00c9crit par\" \/>\n\t<meta name=\"twitter:data1\" content=\"Bati-journal\" \/>\n\t<meta name=\"twitter:label2\" content=\"Dur\u00e9e de lecture estim\u00e9e\" \/>\n\t<meta name=\"twitter:data2\" content=\"2 minutes\" \/>\n<script type=\"application\/ld+json\" class=\"yoast-schema-graph\">{\"@context\":\"https:\\\/\\\/schema.org\",\"@graph\":[{\"@type\":\"Article\",\"@id\":\"https:\\\/\\\/batijournal.com\\\/index.php\\\/le-bois-comme-levier-de-transformation-urbaine\\\/113140\\\/#article\",\"isPartOf\":{\"@id\":\"https:\\\/\\\/batijournal.com\\\/index.php\\\/le-bois-comme-levier-de-transformation-urbaine\\\/113140\\\/\"},\"author\":{\"name\":\"Bati-journal\",\"@id\":\"https:\\\/\\\/batijournal.com\\\/#\\\/schema\\\/person\\\/6a657e8967569e1b299972574848aa76\"},\"headline\":\"Le bois comme levier de transformation urbaine\",\"datePublished\":\"2026-02-27T13:25:09+00:00\",\"dateModified\":\"2026-03-17T10:37:09+00:00\",\"mainEntityOfPage\":{\"@id\":\"https:\\\/\\\/batijournal.com\\\/index.php\\\/le-bois-comme-levier-de-transformation-urbaine\\\/113140\\\/\"},\"wordCount\":247,\"image\":{\"@id\":\"https:\\\/\\\/batijournal.com\\\/index.php\\\/le-bois-comme-levier-de-transformation-urbaine\\\/113140\\\/#primaryimage\"},\"thumbnailUrl\":\"https:\\\/\\\/batijournal.com\\\/wp-content\\\/uploads\\\/2026\\\/02\\\/Capture-decran-2026-02-27-a-14.23.16.png\",\"articleSection\":[\"A la Une\",\"batijournal TV\",\"Forum Bois Construction\"],\"inLanguage\":\"fr-FR\"},{\"@type\":\"WebPage\",\"@id\":\"https:\\\/\\\/batijournal.com\\\/index.php\\\/le-bois-comme-levier-de-transformation-urbaine\\\/113140\\\/\",\"url\":\"https:\\\/\\\/batijournal.com\\\/index.php\\\/le-bois-comme-levier-de-transformation-urbaine\\\/113140\\\/\",\"name\":\"Le bois comme levier de transformation urbaine\",\"isPartOf\":{\"@id\":\"https:\\\/\\\/batijournal.com\\\/#website\"},\"primaryImageOfPage\":{\"@id\":\"https:\\\/\\\/batijournal.com\\\/index.php\\\/le-bois-comme-levier-de-transformation-urbaine\\\/113140\\\/#primaryimage\"},\"image\":{\"@id\":\"https:\\\/\\\/batijournal.com\\\/index.php\\\/le-bois-comme-levier-de-transformation-urbaine\\\/113140\\\/#primaryimage\"},\"thumbnailUrl\":\"https:\\\/\\\/batijournal.com\\\/wp-content\\\/uploads\\\/2026\\\/02\\\/Capture-decran-2026-02-27-a-14.23.16.png\",\"datePublished\":\"2026-02-27T13:25:09+00:00\",\"dateModified\":\"2026-03-17T10:37:09+00:00\",\"author\":{\"@id\":\"https:\\\/\\\/batijournal.com\\\/#\\\/schema\\\/person\\\/6a657e8967569e1b299972574848aa76\"},\"description\":\"Avec\u00a0:Jean-Pierre L\u00e9v\u00eaque, architecte associ\u00e9 - Brenac & Gonzalez\",\"breadcrumb\":{\"@id\":\"https:\\\/\\\/batijournal.com\\\/index.php\\\/le-bois-comme-levier-de-transformation-urbaine\\\/113140\\\/#breadcrumb\"},\"inLanguage\":\"fr-FR\",\"potentialAction\":[{\"@type\":\"ReadAction\",\"target\":[\"https:\\\/\\\/batijournal.com\\\/index.php\\\/le-bois-comme-levier-de-transformation-urbaine\\\/113140\\\/\"]}]},{\"@type\":\"ImageObject\",\"inLanguage\":\"fr-FR\",\"@id\":\"https:\\\/\\\/batijournal.com\\\/index.php\\\/le-bois-comme-levier-de-transformation-urbaine\\\/113140\\\/#primaryimage\",\"url\":\"https:\\\/\\\/batijournal.com\\\/wp-content\\\/uploads\\\/2026\\\/02\\\/Capture-decran-2026-02-27-a-14.23.16.png\",\"contentUrl\":\"https:\\\/\\\/batijournal.com\\\/wp-content\\\/uploads\\\/2026\\\/02\\\/Capture-decran-2026-02-27-a-14.23.16.png\",\"width\":1750,\"height\":962},{\"@type\":\"BreadcrumbList\",\"@id\":\"https:\\\/\\\/batijournal.com\\\/index.php\\\/le-bois-comme-levier-de-transformation-urbaine\\\/113140\\\/#breadcrumb\",\"itemListElement\":[{\"@type\":\"ListItem\",\"position\":1,\"name\":\"Accueil\",\"item\":\"https:\\\/\\\/batijournal.com\\\/\"},{\"@type\":\"ListItem\",\"position\":2,\"name\":\"A la Une\",\"item\":\"https:\\\/\\\/batijournal.com\\\/index.php\\\/category\\\/a-la-une\\\/\"},{\"@type\":\"ListItem\",\"position\":3,\"name\":\"Le bois comme levier de transformation urbaine\"}]},{\"@type\":\"WebSite\",\"@id\":\"https:\\\/\\\/batijournal.com\\\/#website\",\"url\":\"https:\\\/\\\/batijournal.com\\\/\",\"name\":\"Batijournal\",\"description\":\"L&#039;actualit\u00e9 du b\u00e2timent\",\"potentialAction\":[{\"@type\":\"SearchAction\",\"target\":{\"@type\":\"EntryPoint\",\"urlTemplate\":\"https:\\\/\\\/batijournal.com\\\/?s={search_term_string}\"},\"query-input\":{\"@type\":\"PropertyValueSpecification\",\"valueRequired\":true,\"valueName\":\"search_term_string\"}}],\"inLanguage\":\"fr-FR\"},{\"@type\":\"Person\",\"@id\":\"https:\\\/\\\/batijournal.com\\\/#\\\/schema\\\/person\\\/6a657e8967569e1b299972574848aa76\",\"name\":\"Bati-journal\",\"image\":{\"@type\":\"ImageObject\",\"inLanguage\":\"fr-FR\",\"@id\":\"https:\\\/\\\/secure.gravatar.com\\\/avatar\\\/a64364ea26392f9b4dd47e017ddaec74ff03aefc073b49e492e847201258f777?s=96&d=mm&r=g\",\"url\":\"https:\\\/\\\/secure.gravatar.com\\\/avatar\\\/a64364ea26392f9b4dd47e017ddaec74ff03aefc073b49e492e847201258f777?s=96&d=mm&r=g\",\"contentUrl\":\"https:\\\/\\\/secure.gravatar.com\\\/avatar\\\/a64364ea26392f9b4dd47e017ddaec74ff03aefc073b49e492e847201258f777?s=96&d=mm&r=g\",\"caption\":\"Bati-journal\"},\"url\":\"https:\\\/\\\/batijournal.com\\\/index.php\\\/author\\\/elodie\\\/\"}]}<\/script>\n<!-- \/ Yoast SEO plugin. -->","yoast_head_json":{"title":"Le bois comme levier de transformation urbaine","description":"Avec\u00a0:Jean-Pierre L\u00e9v\u00eaque, architecte associ\u00e9 - Brenac & Gonzalez","robots":{"index":"index","follow":"follow","max-snippet":"max-snippet:-1","max-image-preview":"max-image-preview:large","max-video-preview":"max-video-preview:-1"},"canonical":"https:\/\/batijournal.com\/index.php\/le-bois-comme-levier-de-transformation-urbaine\/113140\/","og_locale":"fr_FR","og_type":"article","og_title":"Le bois comme levier de transformation urbaine","og_description":"Avec\u00a0:Jean-Pierre L\u00e9v\u00eaque, architecte associ\u00e9 - Brenac & Gonzalez","og_url":"https:\/\/batijournal.com\/index.php\/le-bois-comme-levier-de-transformation-urbaine\/113140\/","og_site_name":"Batijournal","article_published_time":"2026-02-27T13:25:09+00:00","article_modified_time":"2026-03-17T10:37:09+00:00","og_image":[{"width":1024,"height":563,"url":"https:\/\/batijournal.com\/wp-content\/uploads\/2026\/02\/Capture-decran-2026-02-27-a-14.23.16-1024x563.png","type":"image\/png"}],"author":"Bati-journal","twitter_card":"summary_large_image","twitter_creator":"@bati_journal","twitter_site":"@bati_journal","twitter_misc":{"\u00c9crit par":"Bati-journal","Dur\u00e9e de lecture estim\u00e9e":"2 minutes"},"schema":{"@context":"https:\/\/schema.org","@graph":[{"@type":"Article","@id":"https:\/\/batijournal.com\/index.php\/le-bois-comme-levier-de-transformation-urbaine\/113140\/#article","isPartOf":{"@id":"https:\/\/batijournal.com\/index.php\/le-bois-comme-levier-de-transformation-urbaine\/113140\/"},"author":{"name":"Bati-journal","@id":"https:\/\/batijournal.com\/#\/schema\/person\/6a657e8967569e1b299972574848aa76"},"headline":"Le bois comme levier de transformation urbaine","datePublished":"2026-02-27T13:25:09+00:00","dateModified":"2026-03-17T10:37:09+00:00","mainEntityOfPage":{"@id":"https:\/\/batijournal.com\/index.php\/le-bois-comme-levier-de-transformation-urbaine\/113140\/"},"wordCount":247,"image":{"@id":"https:\/\/batijournal.com\/index.php\/le-bois-comme-levier-de-transformation-urbaine\/113140\/#primaryimage"},"thumbnailUrl":"https:\/\/batijournal.com\/wp-content\/uploads\/2026\/02\/Capture-decran-2026-02-27-a-14.23.16.png","articleSection":["A la Une","batijournal TV","Forum Bois Construction"],"inLanguage":"fr-FR"},{"@type":"WebPage","@id":"https:\/\/batijournal.com\/index.php\/le-bois-comme-levier-de-transformation-urbaine\/113140\/","url":"https:\/\/batijournal.com\/index.php\/le-bois-comme-levier-de-transformation-urbaine\/113140\/","name":"Le bois comme levier de transformation urbaine","isPartOf":{"@id":"https:\/\/batijournal.com\/#website"},"primaryImageOfPage":{"@id":"https:\/\/batijournal.com\/index.php\/le-bois-comme-levier-de-transformation-urbaine\/113140\/#primaryimage"},"image":{"@id":"https:\/\/batijournal.com\/index.php\/le-bois-comme-levier-de-transformation-urbaine\/113140\/#primaryimage"},"thumbnailUrl":"https:\/\/batijournal.com\/wp-content\/uploads\/2026\/02\/Capture-decran-2026-02-27-a-14.23.16.png","datePublished":"2026-02-27T13:25:09+00:00","dateModified":"2026-03-17T10:37:09+00:00","author":{"@id":"https:\/\/batijournal.com\/#\/schema\/person\/6a657e8967569e1b299972574848aa76"},"description":"Avec\u00a0:Jean-Pierre L\u00e9v\u00eaque, architecte associ\u00e9 - Brenac & Gonzalez","breadcrumb":{"@id":"https:\/\/batijournal.com\/index.php\/le-bois-comme-levier-de-transformation-urbaine\/113140\/#breadcrumb"},"inLanguage":"fr-FR","potentialAction":[{"@type":"ReadAction","target":["https:\/\/batijournal.com\/index.php\/le-bois-comme-levier-de-transformation-urbaine\/113140\/"]}]},{"@type":"ImageObject","inLanguage":"fr-FR","@id":"https:\/\/batijournal.com\/index.php\/le-bois-comme-levier-de-transformation-urbaine\/113140\/#primaryimage","url":"https:\/\/batijournal.com\/wp-content\/uploads\/2026\/02\/Capture-decran-2026-02-27-a-14.23.16.png","contentUrl":"https:\/\/batijournal.com\/wp-content\/uploads\/2026\/02\/Capture-decran-2026-02-27-a-14.23.16.png","width":1750,"height":962},{"@type":"BreadcrumbList","@id":"https:\/\/batijournal.com\/index.php\/le-bois-comme-levier-de-transformation-urbaine\/113140\/#breadcrumb","itemListElement":[{"@type":"ListItem","position":1,"name":"Accueil","item":"https:\/\/batijournal.com\/"},{"@type":"ListItem","position":2,"name":"A la Une","item":"https:\/\/batijournal.com\/index.php\/category\/a-la-une\/"},{"@type":"ListItem","position":3,"name":"Le bois comme levier de transformation urbaine"}]},{"@type":"WebSite","@id":"https:\/\/batijournal.com\/#website","url":"https:\/\/batijournal.com\/","name":"Batijournal","description":"L&#039;actualit\u00e9 du b\u00e2timent","potentialAction":[{"@type":"SearchAction","target":{"@type":"EntryPoint","urlTemplate":"https:\/\/batijournal.com\/?s={search_term_string}"},"query-input":{"@type":"PropertyValueSpecification","valueRequired":true,"valueName":"search_term_string"}}],"inLanguage":"fr-FR"},{"@type":"Person","@id":"https:\/\/batijournal.com\/#\/schema\/person\/6a657e8967569e1b299972574848aa76","name":"Bati-journal","image":{"@type":"ImageObject","inLanguage":"fr-FR","@id":"https:\/\/secure.gravatar.com\/avatar\/a64364ea26392f9b4dd47e017ddaec74ff03aefc073b49e492e847201258f777?s=96&d=mm&r=g","url":"https:\/\/secure.gravatar.com\/avatar\/a64364ea26392f9b4dd47e017ddaec74ff03aefc073b49e492e847201258f777?s=96&d=mm&r=g","contentUrl":"https:\/\/secure.gravatar.com\/avatar\/a64364ea26392f9b4dd47e017ddaec74ff03aefc073b49e492e847201258f777?s=96&d=mm&r=g","caption":"Bati-journal"},"url":"https:\/\/batijournal.com\/index.php\/author\/elodie\/"}]}},"_links":{"self":[{"href":"https:\/\/batijournal.com\/index.php\/wp-json\/wp\/v2\/posts\/113140","targetHints":{"allow":["GET"]}}],"collection":[{"href":"https:\/\/batijournal.com\/index.php\/wp-json\/wp\/v2\/posts"}],"about":[{"href":"https:\/\/batijournal.com\/index.php\/wp-json\/wp\/v2\/types\/post"}],"author":[{"embeddable":true,"href":"https:\/\/batijournal.com\/index.php\/wp-json\/wp\/v2\/users\/1"}],"replies":[{"embeddable":true,"href":"https:\/\/batijournal.com\/index.php\/wp-json\/wp\/v2\/comments?post=113140"}],"version-history":[{"count":0,"href":"https:\/\/batijournal.com\/index.php\/wp-json\/wp\/v2\/posts\/113140\/revisions"}],"wp:featuredmedia":[{"embeddable":true,"href":"https:\/\/batijournal.com\/index.php\/wp-json\/wp\/v2\/media\/113141"}],"wp:attachment":[{"href":"https:\/\/batijournal.com\/index.php\/wp-json\/wp\/v2\/media?parent=113140"}],"wp:term":[{"taxonomy":"category","embeddable":true,"href":"https:\/\/batijournal.com\/index.php\/wp-json\/wp\/v2\/categories?post=113140"},{"taxonomy":"post_tag","embeddable":true,"href":"https:\/\/batijournal.com\/index.php\/wp-json\/wp\/v2\/tags?post=113140"}],"curies":[{"name":"wp","href":"https:\/\/api.w.org\/{rel}","templated":true}]}}