{"id":113142,"date":"2026-02-27T15:09:40","date_gmt":"2026-02-27T14:09:40","guid":{"rendered":"https:\/\/batijournal.com\/?p=113142"},"modified":"2026-02-27T15:09:40","modified_gmt":"2026-02-27T14:09:40","slug":"bois-et-patrimoine-restauration-du-clos-couvert-de-la-buvette-cachat-a-evian-les-bains","status":"publish","type":"post","link":"https:\/\/batijournal.com\/index.php\/bois-et-patrimoine-restauration-du-clos-couvert-de-la-buvette-cachat-a-evian-les-bains\/113142\/","title":{"rendered":"Bois et patrimoine : Restauration du clos-couvert de la buvette Cachat \u00e0 \u00c9vian-les-Bains"},"content":{"rendered":"<p>Avec :<\/p>\n<p>Soline Bonneval, ing\u00e9nieure ECSB<\/p>\n<p>Laurent Chardon, charpentier Chardon Fr\u00e8res<\/p>\n<p>Romain Larcher, architecte du patrimoine RL&amp;A Architectes<\/p>\n<p><span style=\"font-size: 11.0pt; font-family: 'Arial',sans-serif;\">Cette animation, organis\u00e9e avec le soutien du CODIFAB et en partenariat avec les magazines 5fa\u00e7ades et Wood Surfer, est anim\u00e9e par St\u00e9phane Miget, r\u00e9dacteur en chef de batijournal TV et 5fa\u00e7ades. Toutes nos \u00e9missions sont \u00e0 retrouver sur notre site internet batijournal et notre cha\u00eene YouTube.<\/span><\/p>\n<p>Sur le plateau TV batijournal au Forum International Bois Construction<\/p>\n<p><iframe loading=\"lazy\" title=\"Restauration du clos-couvert de la buvette Cachat \u00e0 \u00c9vian-les-Bains\" width=\"1080\" height=\"608\" src=\"https:\/\/www.youtube.com\/embed\/YGrbTt1iP0E?feature=oembed\"  allow=\"accelerometer; autoplay; clipboard-write; encrypted-media; gyroscope; picture-in-picture; web-share\" referrerpolicy=\"strict-origin-when-cross-origin\" allowfullscreen><\/iframe><\/p>\n<p>&nbsp;<\/p>\n","protected":false},"excerpt":{"rendered":"<p>Avec :<\/p>\n<p>Soline Bonneval, ing\u00e9nieure ECSB<\/p>\n<p>Laurent Chardon, charpentier Chardon Fr\u00e8res<\/p>\n<p>Romain Larcher, architecte du patrimoine RL&#038;A Architectes<\/p>\n","protected":false},"author":1,"featured_media":113143,"comment_status":"closed","ping_status":"closed","sticky":false,"template":"","format":"standard","meta":{"_et_pb_use_builder":"","_et_pb_old_content":"","_et_gb_content_width":"","footnotes":""},"categories":[10736,11200],"tags":[],"class_list":["post-113142","post","type-post","status-publish","format-standard","has-post-thumbnail","hentry","category-a-la-une","category-batijournal-tv"],"yoast_head":"<!-- This site is optimized with the Yoast SEO plugin v27.4 - https:\/\/yoast.com\/product\/yoast-seo-wordpress\/ -->\n<title>Bois et patrimoine : Restauration du clos-couvert de la buvette Cachat \u00e0 \u00c9vian-les-Bains<\/title>\n<meta name=\"description\" content=\"Avec :Soline Bonneval, ing\u00e9nieure ECSBLaurent Chardon, charpentier Chardon Fr\u00e8resRomain Larcher, architecte du patrimoine RL&amp;A Architectes\" \/>\n<meta name=\"robots\" content=\"index, follow, max-snippet:-1, max-image-preview:large, max-video-preview:-1\" \/>\n<link rel=\"canonical\" href=\"https:\/\/batijournal.com\/index.php\/bois-et-patrimoine-restauration-du-clos-couvert-de-la-buvette-cachat-a-evian-les-bains\/113142\/\" \/>\n<meta property=\"og:locale\" content=\"fr_FR\" \/>\n<meta property=\"og:type\" content=\"article\" \/>\n<meta property=\"og:title\" content=\"Bois et patrimoine : Restauration du clos-couvert de la buvette Cachat \u00e0 \u00c9vian-les-Bains\" \/>\n<meta property=\"og:description\" content=\"Avec :Soline Bonneval, ing\u00e9nieure ECSBLaurent Chardon, charpentier Chardon Fr\u00e8resRomain Larcher, architecte du patrimoine RL&amp;A Architectes\" \/>\n<meta property=\"og:url\" content=\"https:\/\/batijournal.com\/index.php\/bois-et-patrimoine-restauration-du-clos-couvert-de-la-buvette-cachat-a-evian-les-bains\/113142\/\" \/>\n<meta property=\"og:site_name\" content=\"Batijournal\" \/>\n<meta property=\"article:published_time\" content=\"2026-02-27T14:09:40+00:00\" \/>\n<meta property=\"og:image\" content=\"https:\/\/batijournal.com\/wp-content\/uploads\/2026\/02\/Capture-decran-2026-02-27-a-15.08.30-1024x563.png\" \/>\n\t<meta property=\"og:image:width\" content=\"1024\" \/>\n\t<meta property=\"og:image:height\" content=\"563\" \/>\n\t<meta property=\"og:image:type\" content=\"image\/png\" \/>\n<meta name=\"author\" content=\"Bati-journal\" \/>\n<meta name=\"twitter:card\" content=\"summary_large_image\" \/>\n<meta name=\"twitter:creator\" content=\"@bati_journal\" \/>\n<meta name=\"twitter:site\" content=\"@bati_journal\" \/>\n<meta name=\"twitter:label1\" content=\"\u00c9crit par\" \/>\n\t<meta name=\"twitter:data1\" content=\"Bati-journal\" \/>\n\t<meta name=\"twitter:label2\" content=\"Dur\u00e9e de lecture estim\u00e9e\" \/>\n\t<meta name=\"twitter:data2\" content=\"1 minute\" \/>\n<script type=\"application\/ld+json\" class=\"yoast-schema-graph\">{\"@context\":\"https:\\\/\\\/schema.org\",\"@graph\":[{\"@type\":\"Article\",\"@id\":\"https:\\\/\\\/batijournal.com\\\/index.php\\\/bois-et-patrimoine-restauration-du-clos-couvert-de-la-buvette-cachat-a-evian-les-bains\\\/113142\\\/#article\",\"isPartOf\":{\"@id\":\"https:\\\/\\\/batijournal.com\\\/index.php\\\/bois-et-patrimoine-restauration-du-clos-couvert-de-la-buvette-cachat-a-evian-les-bains\\\/113142\\\/\"},\"author\":{\"name\":\"Bati-journal\",\"@id\":\"https:\\\/\\\/batijournal.com\\\/#\\\/schema\\\/person\\\/6a657e8967569e1b299972574848aa76\"},\"headline\":\"Bois et patrimoine : Restauration du clos-couvert de la buvette Cachat \u00e0 \u00c9vian-les-Bains\",\"datePublished\":\"2026-02-27T14:09:40+00:00\",\"mainEntityOfPage\":{\"@id\":\"https:\\\/\\\/batijournal.com\\\/index.php\\\/bois-et-patrimoine-restauration-du-clos-couvert-de-la-buvette-cachat-a-evian-les-bains\\\/113142\\\/\"},\"wordCount\":107,\"image\":{\"@id\":\"https:\\\/\\\/batijournal.com\\\/index.php\\\/bois-et-patrimoine-restauration-du-clos-couvert-de-la-buvette-cachat-a-evian-les-bains\\\/113142\\\/#primaryimage\"},\"thumbnailUrl\":\"https:\\\/\\\/batijournal.com\\\/wp-content\\\/uploads\\\/2026\\\/02\\\/Capture-decran-2026-02-27-a-15.08.30.png\",\"articleSection\":[\"A la Une\",\"batijournal TV\"],\"inLanguage\":\"fr-FR\"},{\"@type\":\"WebPage\",\"@id\":\"https:\\\/\\\/batijournal.com\\\/index.php\\\/bois-et-patrimoine-restauration-du-clos-couvert-de-la-buvette-cachat-a-evian-les-bains\\\/113142\\\/\",\"url\":\"https:\\\/\\\/batijournal.com\\\/index.php\\\/bois-et-patrimoine-restauration-du-clos-couvert-de-la-buvette-cachat-a-evian-les-bains\\\/113142\\\/\",\"name\":\"Bois et patrimoine : Restauration du clos-couvert de la buvette Cachat \u00e0 \u00c9vian-les-Bains\",\"isPartOf\":{\"@id\":\"https:\\\/\\\/batijournal.com\\\/#website\"},\"primaryImageOfPage\":{\"@id\":\"https:\\\/\\\/batijournal.com\\\/index.php\\\/bois-et-patrimoine-restauration-du-clos-couvert-de-la-buvette-cachat-a-evian-les-bains\\\/113142\\\/#primaryimage\"},\"image\":{\"@id\":\"https:\\\/\\\/batijournal.com\\\/index.php\\\/bois-et-patrimoine-restauration-du-clos-couvert-de-la-buvette-cachat-a-evian-les-bains\\\/113142\\\/#primaryimage\"},\"thumbnailUrl\":\"https:\\\/\\\/batijournal.com\\\/wp-content\\\/uploads\\\/2026\\\/02\\\/Capture-decran-2026-02-27-a-15.08.30.png\",\"datePublished\":\"2026-02-27T14:09:40+00:00\",\"author\":{\"@id\":\"https:\\\/\\\/batijournal.com\\\/#\\\/schema\\\/person\\\/6a657e8967569e1b299972574848aa76\"},\"description\":\"Avec :Soline Bonneval, ing\u00e9nieure ECSBLaurent Chardon, charpentier Chardon Fr\u00e8resRomain Larcher, architecte du patrimoine RL&A Architectes\",\"breadcrumb\":{\"@id\":\"https:\\\/\\\/batijournal.com\\\/index.php\\\/bois-et-patrimoine-restauration-du-clos-couvert-de-la-buvette-cachat-a-evian-les-bains\\\/113142\\\/#breadcrumb\"},\"inLanguage\":\"fr-FR\",\"potentialAction\":[{\"@type\":\"ReadAction\",\"target\":[\"https:\\\/\\\/batijournal.com\\\/index.php\\\/bois-et-patrimoine-restauration-du-clos-couvert-de-la-buvette-cachat-a-evian-les-bains\\\/113142\\\/\"]}]},{\"@type\":\"ImageObject\",\"inLanguage\":\"fr-FR\",\"@id\":\"https:\\\/\\\/batijournal.com\\\/index.php\\\/bois-et-patrimoine-restauration-du-clos-couvert-de-la-buvette-cachat-a-evian-les-bains\\\/113142\\\/#primaryimage\",\"url\":\"https:\\\/\\\/batijournal.com\\\/wp-content\\\/uploads\\\/2026\\\/02\\\/Capture-decran-2026-02-27-a-15.08.30.png\",\"contentUrl\":\"https:\\\/\\\/batijournal.com\\\/wp-content\\\/uploads\\\/2026\\\/02\\\/Capture-decran-2026-02-27-a-15.08.30.png\",\"width\":1750,\"height\":962},{\"@type\":\"BreadcrumbList\",\"@id\":\"https:\\\/\\\/batijournal.com\\\/index.php\\\/bois-et-patrimoine-restauration-du-clos-couvert-de-la-buvette-cachat-a-evian-les-bains\\\/113142\\\/#breadcrumb\",\"itemListElement\":[{\"@type\":\"ListItem\",\"position\":1,\"name\":\"Accueil\",\"item\":\"https:\\\/\\\/batijournal.com\\\/\"},{\"@type\":\"ListItem\",\"position\":2,\"name\":\"A la Une\",\"item\":\"https:\\\/\\\/batijournal.com\\\/index.php\\\/category\\\/a-la-une\\\/\"},{\"@type\":\"ListItem\",\"position\":3,\"name\":\"Bois et patrimoine : Restauration du clos-couvert de la buvette Cachat \u00e0 \u00c9vian-les-Bains\"}]},{\"@type\":\"WebSite\",\"@id\":\"https:\\\/\\\/batijournal.com\\\/#website\",\"url\":\"https:\\\/\\\/batijournal.com\\\/\",\"name\":\"Batijournal\",\"description\":\"L&#039;actualit\u00e9 du b\u00e2timent\",\"potentialAction\":[{\"@type\":\"SearchAction\",\"target\":{\"@type\":\"EntryPoint\",\"urlTemplate\":\"https:\\\/\\\/batijournal.com\\\/?s={search_term_string}\"},\"query-input\":{\"@type\":\"PropertyValueSpecification\",\"valueRequired\":true,\"valueName\":\"search_term_string\"}}],\"inLanguage\":\"fr-FR\"},{\"@type\":\"Person\",\"@id\":\"https:\\\/\\\/batijournal.com\\\/#\\\/schema\\\/person\\\/6a657e8967569e1b299972574848aa76\",\"name\":\"Bati-journal\",\"image\":{\"@type\":\"ImageObject\",\"inLanguage\":\"fr-FR\",\"@id\":\"https:\\\/\\\/secure.gravatar.com\\\/avatar\\\/a64364ea26392f9b4dd47e017ddaec74ff03aefc073b49e492e847201258f777?s=96&d=mm&r=g\",\"url\":\"https:\\\/\\\/secure.gravatar.com\\\/avatar\\\/a64364ea26392f9b4dd47e017ddaec74ff03aefc073b49e492e847201258f777?s=96&d=mm&r=g\",\"contentUrl\":\"https:\\\/\\\/secure.gravatar.com\\\/avatar\\\/a64364ea26392f9b4dd47e017ddaec74ff03aefc073b49e492e847201258f777?s=96&d=mm&r=g\",\"caption\":\"Bati-journal\"},\"url\":\"https:\\\/\\\/batijournal.com\\\/index.php\\\/author\\\/elodie\\\/\"}]}<\/script>\n<!-- \/ Yoast SEO plugin. -->","yoast_head_json":{"title":"Bois et patrimoine : Restauration du clos-couvert de la buvette Cachat \u00e0 \u00c9vian-les-Bains","description":"Avec :Soline Bonneval, ing\u00e9nieure ECSBLaurent Chardon, charpentier Chardon Fr\u00e8resRomain Larcher, architecte du patrimoine RL&A Architectes","robots":{"index":"index","follow":"follow","max-snippet":"max-snippet:-1","max-image-preview":"max-image-preview:large","max-video-preview":"max-video-preview:-1"},"canonical":"https:\/\/batijournal.com\/index.php\/bois-et-patrimoine-restauration-du-clos-couvert-de-la-buvette-cachat-a-evian-les-bains\/113142\/","og_locale":"fr_FR","og_type":"article","og_title":"Bois et patrimoine : Restauration du clos-couvert de la buvette Cachat \u00e0 \u00c9vian-les-Bains","og_description":"Avec :Soline Bonneval, ing\u00e9nieure ECSBLaurent Chardon, charpentier Chardon Fr\u00e8resRomain Larcher, architecte du patrimoine RL&A Architectes","og_url":"https:\/\/batijournal.com\/index.php\/bois-et-patrimoine-restauration-du-clos-couvert-de-la-buvette-cachat-a-evian-les-bains\/113142\/","og_site_name":"Batijournal","article_published_time":"2026-02-27T14:09:40+00:00","og_image":[{"width":1024,"height":563,"url":"https:\/\/batijournal.com\/wp-content\/uploads\/2026\/02\/Capture-decran-2026-02-27-a-15.08.30-1024x563.png","type":"image\/png"}],"author":"Bati-journal","twitter_card":"summary_large_image","twitter_creator":"@bati_journal","twitter_site":"@bati_journal","twitter_misc":{"\u00c9crit par":"Bati-journal","Dur\u00e9e de lecture estim\u00e9e":"1 minute"},"schema":{"@context":"https:\/\/schema.org","@graph":[{"@type":"Article","@id":"https:\/\/batijournal.com\/index.php\/bois-et-patrimoine-restauration-du-clos-couvert-de-la-buvette-cachat-a-evian-les-bains\/113142\/#article","isPartOf":{"@id":"https:\/\/batijournal.com\/index.php\/bois-et-patrimoine-restauration-du-clos-couvert-de-la-buvette-cachat-a-evian-les-bains\/113142\/"},"author":{"name":"Bati-journal","@id":"https:\/\/batijournal.com\/#\/schema\/person\/6a657e8967569e1b299972574848aa76"},"headline":"Bois et patrimoine : Restauration du clos-couvert de la buvette Cachat \u00e0 \u00c9vian-les-Bains","datePublished":"2026-02-27T14:09:40+00:00","mainEntityOfPage":{"@id":"https:\/\/batijournal.com\/index.php\/bois-et-patrimoine-restauration-du-clos-couvert-de-la-buvette-cachat-a-evian-les-bains\/113142\/"},"wordCount":107,"image":{"@id":"https:\/\/batijournal.com\/index.php\/bois-et-patrimoine-restauration-du-clos-couvert-de-la-buvette-cachat-a-evian-les-bains\/113142\/#primaryimage"},"thumbnailUrl":"https:\/\/batijournal.com\/wp-content\/uploads\/2026\/02\/Capture-decran-2026-02-27-a-15.08.30.png","articleSection":["A la Une","batijournal TV"],"inLanguage":"fr-FR"},{"@type":"WebPage","@id":"https:\/\/batijournal.com\/index.php\/bois-et-patrimoine-restauration-du-clos-couvert-de-la-buvette-cachat-a-evian-les-bains\/113142\/","url":"https:\/\/batijournal.com\/index.php\/bois-et-patrimoine-restauration-du-clos-couvert-de-la-buvette-cachat-a-evian-les-bains\/113142\/","name":"Bois et patrimoine : Restauration du clos-couvert de la buvette Cachat \u00e0 \u00c9vian-les-Bains","isPartOf":{"@id":"https:\/\/batijournal.com\/#website"},"primaryImageOfPage":{"@id":"https:\/\/batijournal.com\/index.php\/bois-et-patrimoine-restauration-du-clos-couvert-de-la-buvette-cachat-a-evian-les-bains\/113142\/#primaryimage"},"image":{"@id":"https:\/\/batijournal.com\/index.php\/bois-et-patrimoine-restauration-du-clos-couvert-de-la-buvette-cachat-a-evian-les-bains\/113142\/#primaryimage"},"thumbnailUrl":"https:\/\/batijournal.com\/wp-content\/uploads\/2026\/02\/Capture-decran-2026-02-27-a-15.08.30.png","datePublished":"2026-02-27T14:09:40+00:00","author":{"@id":"https:\/\/batijournal.com\/#\/schema\/person\/6a657e8967569e1b299972574848aa76"},"description":"Avec :Soline Bonneval, ing\u00e9nieure ECSBLaurent Chardon, charpentier Chardon Fr\u00e8resRomain Larcher, architecte du patrimoine RL&A Architectes","breadcrumb":{"@id":"https:\/\/batijournal.com\/index.php\/bois-et-patrimoine-restauration-du-clos-couvert-de-la-buvette-cachat-a-evian-les-bains\/113142\/#breadcrumb"},"inLanguage":"fr-FR","potentialAction":[{"@type":"ReadAction","target":["https:\/\/batijournal.com\/index.php\/bois-et-patrimoine-restauration-du-clos-couvert-de-la-buvette-cachat-a-evian-les-bains\/113142\/"]}]},{"@type":"ImageObject","inLanguage":"fr-FR","@id":"https:\/\/batijournal.com\/index.php\/bois-et-patrimoine-restauration-du-clos-couvert-de-la-buvette-cachat-a-evian-les-bains\/113142\/#primaryimage","url":"https:\/\/batijournal.com\/wp-content\/uploads\/2026\/02\/Capture-decran-2026-02-27-a-15.08.30.png","contentUrl":"https:\/\/batijournal.com\/wp-content\/uploads\/2026\/02\/Capture-decran-2026-02-27-a-15.08.30.png","width":1750,"height":962},{"@type":"BreadcrumbList","@id":"https:\/\/batijournal.com\/index.php\/bois-et-patrimoine-restauration-du-clos-couvert-de-la-buvette-cachat-a-evian-les-bains\/113142\/#breadcrumb","itemListElement":[{"@type":"ListItem","position":1,"name":"Accueil","item":"https:\/\/batijournal.com\/"},{"@type":"ListItem","position":2,"name":"A la Une","item":"https:\/\/batijournal.com\/index.php\/category\/a-la-une\/"},{"@type":"ListItem","position":3,"name":"Bois et patrimoine : Restauration du clos-couvert de la buvette Cachat \u00e0 \u00c9vian-les-Bains"}]},{"@type":"WebSite","@id":"https:\/\/batijournal.com\/#website","url":"https:\/\/batijournal.com\/","name":"Batijournal","description":"L&#039;actualit\u00e9 du b\u00e2timent","potentialAction":[{"@type":"SearchAction","target":{"@type":"EntryPoint","urlTemplate":"https:\/\/batijournal.com\/?s={search_term_string}"},"query-input":{"@type":"PropertyValueSpecification","valueRequired":true,"valueName":"search_term_string"}}],"inLanguage":"fr-FR"},{"@type":"Person","@id":"https:\/\/batijournal.com\/#\/schema\/person\/6a657e8967569e1b299972574848aa76","name":"Bati-journal","image":{"@type":"ImageObject","inLanguage":"fr-FR","@id":"https:\/\/secure.gravatar.com\/avatar\/a64364ea26392f9b4dd47e017ddaec74ff03aefc073b49e492e847201258f777?s=96&d=mm&r=g","url":"https:\/\/secure.gravatar.com\/avatar\/a64364ea26392f9b4dd47e017ddaec74ff03aefc073b49e492e847201258f777?s=96&d=mm&r=g","contentUrl":"https:\/\/secure.gravatar.com\/avatar\/a64364ea26392f9b4dd47e017ddaec74ff03aefc073b49e492e847201258f777?s=96&d=mm&r=g","caption":"Bati-journal"},"url":"https:\/\/batijournal.com\/index.php\/author\/elodie\/"}]}},"_links":{"self":[{"href":"https:\/\/batijournal.com\/index.php\/wp-json\/wp\/v2\/posts\/113142","targetHints":{"allow":["GET"]}}],"collection":[{"href":"https:\/\/batijournal.com\/index.php\/wp-json\/wp\/v2\/posts"}],"about":[{"href":"https:\/\/batijournal.com\/index.php\/wp-json\/wp\/v2\/types\/post"}],"author":[{"embeddable":true,"href":"https:\/\/batijournal.com\/index.php\/wp-json\/wp\/v2\/users\/1"}],"replies":[{"embeddable":true,"href":"https:\/\/batijournal.com\/index.php\/wp-json\/wp\/v2\/comments?post=113142"}],"version-history":[{"count":0,"href":"https:\/\/batijournal.com\/index.php\/wp-json\/wp\/v2\/posts\/113142\/revisions"}],"wp:featuredmedia":[{"embeddable":true,"href":"https:\/\/batijournal.com\/index.php\/wp-json\/wp\/v2\/media\/113143"}],"wp:attachment":[{"href":"https:\/\/batijournal.com\/index.php\/wp-json\/wp\/v2\/media?parent=113142"}],"wp:term":[{"taxonomy":"category","embeddable":true,"href":"https:\/\/batijournal.com\/index.php\/wp-json\/wp\/v2\/categories?post=113142"},{"taxonomy":"post_tag","embeddable":true,"href":"https:\/\/batijournal.com\/index.php\/wp-json\/wp\/v2\/tags?post=113142"}],"curies":[{"name":"wp","href":"https:\/\/api.w.org\/{rel}","templated":true}]}}