{"id":113150,"date":"2026-02-27T15:26:31","date_gmt":"2026-02-27T14:26:31","guid":{"rendered":"https:\/\/batijournal.com\/?p=113150"},"modified":"2026-03-17T11:36:29","modified_gmt":"2026-03-17T10:36:29","slug":"jo-2030-rehabilitation-durable-a-avoriaz","status":"publish","type":"post","link":"https:\/\/batijournal.com\/index.php\/jo-2030-rehabilitation-durable-a-avoriaz\/113150\/","title":{"rendered":"JO 2030 : r\u00e9habilitation durable \u00e0 Avoriaz"},"content":{"rendered":"<p><strong>Dans la perspective des Jeux Olympiques d\u2019Hiver 2030, la r\u00e9habilitation de la r\u00e9sidence Le Capella \u00e0 Avoriaz illustre les enjeux de r\u00e9novation durable en milieu montagnard.<\/strong><\/p>\n<p>Comment r\u00e9nover sans d\u00e9naturer ? \u00c0 Avoriaz, le d\u00e9fi est de taille pour les acteurs de la construction bois. Dans cette interview, Thomas Charma\u00e7on, directeur g\u00e9n\u00e9ral de Roux Construction Bois, revient sur un chantier men\u00e9 sur des r\u00e9sidences de tourisme des ann\u00e9es 50-60 pour pr\u00e9parer les JO 2030.<\/p>\n<p>Objectif : am\u00e9liorer la performance \u00e9nerg\u00e9tique de b\u00e2timents class\u00e9s, aujourd\u2019hui tr\u00e8s consommateurs d\u2019\u00e9nergie, tout en pr\u00e9servant leur architecture d\u2019origine. Une contrainte forte qui impose des choix techniques sp\u00e9cifiques, avec une intervention r\u00e9alis\u00e9e enti\u00e8rement par l\u2019int\u00e9rieur.<\/p>\n<p>Structure bois, pr\u00e9fabrication, traitement de l\u2019enveloppe, contraintes de chantier en montagne : ce projet apporte un \u00e9clairage concret sur les solutions de r\u00e9novation \u00e9nerg\u00e9tique en site occup\u00e9, sur des b\u00e2timents de grande hauteur.<br \/>\n\u00c0 travers cet exemple, se pose la question de la r\u00e9novation du parc immobilier en station de montagne, face aux enjeux \u00e9nerg\u00e9tiques et r\u00e9glementaires.<\/p>\n<p>Avec :<\/p>\n<p>Thomas Charmasson, directeur g\u00e9n\u00e9ral d\u00e9l\u00e9gu\u00e9 &#8211; Roux Entreprise<\/p>\n<p>Cette animation, organis\u00e9e avec le soutien du CODIFAB et en partenariat avec les magazines 5fa\u00e7ades et Wood Surfer, est anim\u00e9e par St\u00e9phane Miget, r\u00e9dacteur en chef de batijournal TV et 5fa\u00e7ades. Toutes nos \u00e9missions sont \u00e0 retrouver sur notre site internet batijournal et notre cha\u00eene YouTube.<\/p>\n<p>Sur le plateau TV batijournal au Forum International Bois Construction<\/p>\n<p><iframe loading=\"lazy\" title=\"JO 2030 : r\u00e9habilitation durable \u00e0 Avoriaz\" width=\"1080\" height=\"608\" src=\"https:\/\/www.youtube.com\/embed\/e32ZSTeAamM?feature=oembed\"  allow=\"accelerometer; autoplay; clipboard-write; encrypted-media; gyroscope; picture-in-picture; web-share\" referrerpolicy=\"strict-origin-when-cross-origin\" allowfullscreen><\/iframe><\/p>\n","protected":false},"excerpt":{"rendered":"<p>Dans la perspective des Jeux Olympiques d\u2019Hiver 2030, la r\u00e9habilitation de la r\u00e9sidence Le Capella \u00e0 Avoriaz illustre les enjeux de r\u00e9novation durable en milieu montagnard.<\/p>\n","protected":false},"author":1,"featured_media":113151,"comment_status":"closed","ping_status":"closed","sticky":false,"template":"","format":"standard","meta":{"_et_pb_use_builder":"","_et_pb_old_content":"","_et_gb_content_width":"","footnotes":""},"categories":[10736,11200],"tags":[],"class_list":["post-113150","post","type-post","status-publish","format-standard","has-post-thumbnail","hentry","category-a-la-une","category-batijournal-tv"],"yoast_head":"<!-- This site is optimized with the Yoast SEO plugin v27.4 - https:\/\/yoast.com\/product\/yoast-seo-wordpress\/ -->\n<title>JO 2030 : r\u00e9habilitation durable \u00e0 Avoriaz<\/title>\n<meta name=\"description\" content=\"Dans la perspective des Jeux Olympiques d\u2019Hiver 2030, la r\u00e9habilitation de la r\u00e9sidence Le Capella \u00e0 Avoriaz illustre les enjeux de r\u00e9novation durable en milieu montagnard.\" \/>\n<meta name=\"robots\" content=\"index, follow, max-snippet:-1, max-image-preview:large, max-video-preview:-1\" \/>\n<link rel=\"canonical\" href=\"https:\/\/batijournal.com\/index.php\/jo-2030-rehabilitation-durable-a-avoriaz\/113150\/\" \/>\n<meta property=\"og:locale\" content=\"fr_FR\" \/>\n<meta property=\"og:type\" content=\"article\" \/>\n<meta property=\"og:title\" content=\"JO 2030 : r\u00e9habilitation durable \u00e0 Avoriaz\" \/>\n<meta property=\"og:description\" content=\"Dans la perspective des Jeux Olympiques d\u2019Hiver 2030, la r\u00e9habilitation de la r\u00e9sidence Le Capella \u00e0 Avoriaz illustre les enjeux de r\u00e9novation durable en milieu montagnard.\" \/>\n<meta property=\"og:url\" content=\"https:\/\/batijournal.com\/index.php\/jo-2030-rehabilitation-durable-a-avoriaz\/113150\/\" \/>\n<meta property=\"og:site_name\" content=\"Batijournal\" \/>\n<meta property=\"article:published_time\" content=\"2026-02-27T14:26:31+00:00\" \/>\n<meta property=\"article:modified_time\" content=\"2026-03-17T10:36:29+00:00\" \/>\n<meta property=\"og:image\" content=\"https:\/\/batijournal.com\/wp-content\/uploads\/2026\/02\/Capture-decran-2026-02-27-a-15.25.53-1024x563.png\" \/>\n\t<meta property=\"og:image:width\" content=\"1024\" \/>\n\t<meta property=\"og:image:height\" content=\"563\" \/>\n\t<meta property=\"og:image:type\" content=\"image\/png\" \/>\n<meta name=\"author\" content=\"Bati-journal\" \/>\n<meta name=\"twitter:card\" content=\"summary_large_image\" \/>\n<meta name=\"twitter:creator\" content=\"@bati_journal\" \/>\n<meta name=\"twitter:site\" content=\"@bati_journal\" \/>\n<meta name=\"twitter:label1\" content=\"\u00c9crit par\" \/>\n\t<meta name=\"twitter:data1\" content=\"Bati-journal\" \/>\n\t<meta name=\"twitter:label2\" content=\"Dur\u00e9e de lecture estim\u00e9e\" \/>\n\t<meta name=\"twitter:data2\" content=\"2 minutes\" \/>\n<script type=\"application\/ld+json\" class=\"yoast-schema-graph\">{\"@context\":\"https:\\\/\\\/schema.org\",\"@graph\":[{\"@type\":\"Article\",\"@id\":\"https:\\\/\\\/batijournal.com\\\/index.php\\\/jo-2030-rehabilitation-durable-a-avoriaz\\\/113150\\\/#article\",\"isPartOf\":{\"@id\":\"https:\\\/\\\/batijournal.com\\\/index.php\\\/jo-2030-rehabilitation-durable-a-avoriaz\\\/113150\\\/\"},\"author\":{\"name\":\"Bati-journal\",\"@id\":\"https:\\\/\\\/batijournal.com\\\/#\\\/schema\\\/person\\\/6a657e8967569e1b299972574848aa76\"},\"headline\":\"JO 2030 : r\u00e9habilitation durable \u00e0 Avoriaz\",\"datePublished\":\"2026-02-27T14:26:31+00:00\",\"dateModified\":\"2026-03-17T10:36:29+00:00\",\"mainEntityOfPage\":{\"@id\":\"https:\\\/\\\/batijournal.com\\\/index.php\\\/jo-2030-rehabilitation-durable-a-avoriaz\\\/113150\\\/\"},\"wordCount\":282,\"image\":{\"@id\":\"https:\\\/\\\/batijournal.com\\\/index.php\\\/jo-2030-rehabilitation-durable-a-avoriaz\\\/113150\\\/#primaryimage\"},\"thumbnailUrl\":\"https:\\\/\\\/batijournal.com\\\/wp-content\\\/uploads\\\/2026\\\/02\\\/Capture-decran-2026-02-27-a-15.25.53.png\",\"articleSection\":[\"A la Une\",\"batijournal TV\"],\"inLanguage\":\"fr-FR\"},{\"@type\":\"WebPage\",\"@id\":\"https:\\\/\\\/batijournal.com\\\/index.php\\\/jo-2030-rehabilitation-durable-a-avoriaz\\\/113150\\\/\",\"url\":\"https:\\\/\\\/batijournal.com\\\/index.php\\\/jo-2030-rehabilitation-durable-a-avoriaz\\\/113150\\\/\",\"name\":\"JO 2030 : r\u00e9habilitation durable \u00e0 Avoriaz\",\"isPartOf\":{\"@id\":\"https:\\\/\\\/batijournal.com\\\/#website\"},\"primaryImageOfPage\":{\"@id\":\"https:\\\/\\\/batijournal.com\\\/index.php\\\/jo-2030-rehabilitation-durable-a-avoriaz\\\/113150\\\/#primaryimage\"},\"image\":{\"@id\":\"https:\\\/\\\/batijournal.com\\\/index.php\\\/jo-2030-rehabilitation-durable-a-avoriaz\\\/113150\\\/#primaryimage\"},\"thumbnailUrl\":\"https:\\\/\\\/batijournal.com\\\/wp-content\\\/uploads\\\/2026\\\/02\\\/Capture-decran-2026-02-27-a-15.25.53.png\",\"datePublished\":\"2026-02-27T14:26:31+00:00\",\"dateModified\":\"2026-03-17T10:36:29+00:00\",\"author\":{\"@id\":\"https:\\\/\\\/batijournal.com\\\/#\\\/schema\\\/person\\\/6a657e8967569e1b299972574848aa76\"},\"description\":\"Dans la perspective des Jeux Olympiques d\u2019Hiver 2030, la r\u00e9habilitation de la r\u00e9sidence Le Capella \u00e0 Avoriaz illustre les enjeux de r\u00e9novation durable en milieu montagnard.\",\"breadcrumb\":{\"@id\":\"https:\\\/\\\/batijournal.com\\\/index.php\\\/jo-2030-rehabilitation-durable-a-avoriaz\\\/113150\\\/#breadcrumb\"},\"inLanguage\":\"fr-FR\",\"potentialAction\":[{\"@type\":\"ReadAction\",\"target\":[\"https:\\\/\\\/batijournal.com\\\/index.php\\\/jo-2030-rehabilitation-durable-a-avoriaz\\\/113150\\\/\"]}]},{\"@type\":\"ImageObject\",\"inLanguage\":\"fr-FR\",\"@id\":\"https:\\\/\\\/batijournal.com\\\/index.php\\\/jo-2030-rehabilitation-durable-a-avoriaz\\\/113150\\\/#primaryimage\",\"url\":\"https:\\\/\\\/batijournal.com\\\/wp-content\\\/uploads\\\/2026\\\/02\\\/Capture-decran-2026-02-27-a-15.25.53.png\",\"contentUrl\":\"https:\\\/\\\/batijournal.com\\\/wp-content\\\/uploads\\\/2026\\\/02\\\/Capture-decran-2026-02-27-a-15.25.53.png\",\"width\":1750,\"height\":962},{\"@type\":\"BreadcrumbList\",\"@id\":\"https:\\\/\\\/batijournal.com\\\/index.php\\\/jo-2030-rehabilitation-durable-a-avoriaz\\\/113150\\\/#breadcrumb\",\"itemListElement\":[{\"@type\":\"ListItem\",\"position\":1,\"name\":\"Accueil\",\"item\":\"https:\\\/\\\/batijournal.com\\\/\"},{\"@type\":\"ListItem\",\"position\":2,\"name\":\"A la Une\",\"item\":\"https:\\\/\\\/batijournal.com\\\/index.php\\\/category\\\/a-la-une\\\/\"},{\"@type\":\"ListItem\",\"position\":3,\"name\":\"JO 2030 : r\u00e9habilitation durable \u00e0 Avoriaz\"}]},{\"@type\":\"WebSite\",\"@id\":\"https:\\\/\\\/batijournal.com\\\/#website\",\"url\":\"https:\\\/\\\/batijournal.com\\\/\",\"name\":\"Batijournal\",\"description\":\"L&#039;actualit\u00e9 du b\u00e2timent\",\"potentialAction\":[{\"@type\":\"SearchAction\",\"target\":{\"@type\":\"EntryPoint\",\"urlTemplate\":\"https:\\\/\\\/batijournal.com\\\/?s={search_term_string}\"},\"query-input\":{\"@type\":\"PropertyValueSpecification\",\"valueRequired\":true,\"valueName\":\"search_term_string\"}}],\"inLanguage\":\"fr-FR\"},{\"@type\":\"Person\",\"@id\":\"https:\\\/\\\/batijournal.com\\\/#\\\/schema\\\/person\\\/6a657e8967569e1b299972574848aa76\",\"name\":\"Bati-journal\",\"image\":{\"@type\":\"ImageObject\",\"inLanguage\":\"fr-FR\",\"@id\":\"https:\\\/\\\/secure.gravatar.com\\\/avatar\\\/a64364ea26392f9b4dd47e017ddaec74ff03aefc073b49e492e847201258f777?s=96&d=mm&r=g\",\"url\":\"https:\\\/\\\/secure.gravatar.com\\\/avatar\\\/a64364ea26392f9b4dd47e017ddaec74ff03aefc073b49e492e847201258f777?s=96&d=mm&r=g\",\"contentUrl\":\"https:\\\/\\\/secure.gravatar.com\\\/avatar\\\/a64364ea26392f9b4dd47e017ddaec74ff03aefc073b49e492e847201258f777?s=96&d=mm&r=g\",\"caption\":\"Bati-journal\"},\"url\":\"https:\\\/\\\/batijournal.com\\\/index.php\\\/author\\\/elodie\\\/\"}]}<\/script>\n<!-- \/ Yoast SEO plugin. -->","yoast_head_json":{"title":"JO 2030 : r\u00e9habilitation durable \u00e0 Avoriaz","description":"Dans la perspective des Jeux Olympiques d\u2019Hiver 2030, la r\u00e9habilitation de la r\u00e9sidence Le Capella \u00e0 Avoriaz illustre les enjeux de r\u00e9novation durable en milieu montagnard.","robots":{"index":"index","follow":"follow","max-snippet":"max-snippet:-1","max-image-preview":"max-image-preview:large","max-video-preview":"max-video-preview:-1"},"canonical":"https:\/\/batijournal.com\/index.php\/jo-2030-rehabilitation-durable-a-avoriaz\/113150\/","og_locale":"fr_FR","og_type":"article","og_title":"JO 2030 : r\u00e9habilitation durable \u00e0 Avoriaz","og_description":"Dans la perspective des Jeux Olympiques d\u2019Hiver 2030, la r\u00e9habilitation de la r\u00e9sidence Le Capella \u00e0 Avoriaz illustre les enjeux de r\u00e9novation durable en milieu montagnard.","og_url":"https:\/\/batijournal.com\/index.php\/jo-2030-rehabilitation-durable-a-avoriaz\/113150\/","og_site_name":"Batijournal","article_published_time":"2026-02-27T14:26:31+00:00","article_modified_time":"2026-03-17T10:36:29+00:00","og_image":[{"width":1024,"height":563,"url":"https:\/\/batijournal.com\/wp-content\/uploads\/2026\/02\/Capture-decran-2026-02-27-a-15.25.53-1024x563.png","type":"image\/png"}],"author":"Bati-journal","twitter_card":"summary_large_image","twitter_creator":"@bati_journal","twitter_site":"@bati_journal","twitter_misc":{"\u00c9crit par":"Bati-journal","Dur\u00e9e de lecture estim\u00e9e":"2 minutes"},"schema":{"@context":"https:\/\/schema.org","@graph":[{"@type":"Article","@id":"https:\/\/batijournal.com\/index.php\/jo-2030-rehabilitation-durable-a-avoriaz\/113150\/#article","isPartOf":{"@id":"https:\/\/batijournal.com\/index.php\/jo-2030-rehabilitation-durable-a-avoriaz\/113150\/"},"author":{"name":"Bati-journal","@id":"https:\/\/batijournal.com\/#\/schema\/person\/6a657e8967569e1b299972574848aa76"},"headline":"JO 2030 : r\u00e9habilitation durable \u00e0 Avoriaz","datePublished":"2026-02-27T14:26:31+00:00","dateModified":"2026-03-17T10:36:29+00:00","mainEntityOfPage":{"@id":"https:\/\/batijournal.com\/index.php\/jo-2030-rehabilitation-durable-a-avoriaz\/113150\/"},"wordCount":282,"image":{"@id":"https:\/\/batijournal.com\/index.php\/jo-2030-rehabilitation-durable-a-avoriaz\/113150\/#primaryimage"},"thumbnailUrl":"https:\/\/batijournal.com\/wp-content\/uploads\/2026\/02\/Capture-decran-2026-02-27-a-15.25.53.png","articleSection":["A la Une","batijournal TV"],"inLanguage":"fr-FR"},{"@type":"WebPage","@id":"https:\/\/batijournal.com\/index.php\/jo-2030-rehabilitation-durable-a-avoriaz\/113150\/","url":"https:\/\/batijournal.com\/index.php\/jo-2030-rehabilitation-durable-a-avoriaz\/113150\/","name":"JO 2030 : r\u00e9habilitation durable \u00e0 Avoriaz","isPartOf":{"@id":"https:\/\/batijournal.com\/#website"},"primaryImageOfPage":{"@id":"https:\/\/batijournal.com\/index.php\/jo-2030-rehabilitation-durable-a-avoriaz\/113150\/#primaryimage"},"image":{"@id":"https:\/\/batijournal.com\/index.php\/jo-2030-rehabilitation-durable-a-avoriaz\/113150\/#primaryimage"},"thumbnailUrl":"https:\/\/batijournal.com\/wp-content\/uploads\/2026\/02\/Capture-decran-2026-02-27-a-15.25.53.png","datePublished":"2026-02-27T14:26:31+00:00","dateModified":"2026-03-17T10:36:29+00:00","author":{"@id":"https:\/\/batijournal.com\/#\/schema\/person\/6a657e8967569e1b299972574848aa76"},"description":"Dans la perspective des Jeux Olympiques d\u2019Hiver 2030, la r\u00e9habilitation de la r\u00e9sidence Le Capella \u00e0 Avoriaz illustre les enjeux de r\u00e9novation durable en milieu montagnard.","breadcrumb":{"@id":"https:\/\/batijournal.com\/index.php\/jo-2030-rehabilitation-durable-a-avoriaz\/113150\/#breadcrumb"},"inLanguage":"fr-FR","potentialAction":[{"@type":"ReadAction","target":["https:\/\/batijournal.com\/index.php\/jo-2030-rehabilitation-durable-a-avoriaz\/113150\/"]}]},{"@type":"ImageObject","inLanguage":"fr-FR","@id":"https:\/\/batijournal.com\/index.php\/jo-2030-rehabilitation-durable-a-avoriaz\/113150\/#primaryimage","url":"https:\/\/batijournal.com\/wp-content\/uploads\/2026\/02\/Capture-decran-2026-02-27-a-15.25.53.png","contentUrl":"https:\/\/batijournal.com\/wp-content\/uploads\/2026\/02\/Capture-decran-2026-02-27-a-15.25.53.png","width":1750,"height":962},{"@type":"BreadcrumbList","@id":"https:\/\/batijournal.com\/index.php\/jo-2030-rehabilitation-durable-a-avoriaz\/113150\/#breadcrumb","itemListElement":[{"@type":"ListItem","position":1,"name":"Accueil","item":"https:\/\/batijournal.com\/"},{"@type":"ListItem","position":2,"name":"A la Une","item":"https:\/\/batijournal.com\/index.php\/category\/a-la-une\/"},{"@type":"ListItem","position":3,"name":"JO 2030 : r\u00e9habilitation durable \u00e0 Avoriaz"}]},{"@type":"WebSite","@id":"https:\/\/batijournal.com\/#website","url":"https:\/\/batijournal.com\/","name":"Batijournal","description":"L&#039;actualit\u00e9 du b\u00e2timent","potentialAction":[{"@type":"SearchAction","target":{"@type":"EntryPoint","urlTemplate":"https:\/\/batijournal.com\/?s={search_term_string}"},"query-input":{"@type":"PropertyValueSpecification","valueRequired":true,"valueName":"search_term_string"}}],"inLanguage":"fr-FR"},{"@type":"Person","@id":"https:\/\/batijournal.com\/#\/schema\/person\/6a657e8967569e1b299972574848aa76","name":"Bati-journal","image":{"@type":"ImageObject","inLanguage":"fr-FR","@id":"https:\/\/secure.gravatar.com\/avatar\/a64364ea26392f9b4dd47e017ddaec74ff03aefc073b49e492e847201258f777?s=96&d=mm&r=g","url":"https:\/\/secure.gravatar.com\/avatar\/a64364ea26392f9b4dd47e017ddaec74ff03aefc073b49e492e847201258f777?s=96&d=mm&r=g","contentUrl":"https:\/\/secure.gravatar.com\/avatar\/a64364ea26392f9b4dd47e017ddaec74ff03aefc073b49e492e847201258f777?s=96&d=mm&r=g","caption":"Bati-journal"},"url":"https:\/\/batijournal.com\/index.php\/author\/elodie\/"}]}},"_links":{"self":[{"href":"https:\/\/batijournal.com\/index.php\/wp-json\/wp\/v2\/posts\/113150","targetHints":{"allow":["GET"]}}],"collection":[{"href":"https:\/\/batijournal.com\/index.php\/wp-json\/wp\/v2\/posts"}],"about":[{"href":"https:\/\/batijournal.com\/index.php\/wp-json\/wp\/v2\/types\/post"}],"author":[{"embeddable":true,"href":"https:\/\/batijournal.com\/index.php\/wp-json\/wp\/v2\/users\/1"}],"replies":[{"embeddable":true,"href":"https:\/\/batijournal.com\/index.php\/wp-json\/wp\/v2\/comments?post=113150"}],"version-history":[{"count":0,"href":"https:\/\/batijournal.com\/index.php\/wp-json\/wp\/v2\/posts\/113150\/revisions"}],"wp:featuredmedia":[{"embeddable":true,"href":"https:\/\/batijournal.com\/index.php\/wp-json\/wp\/v2\/media\/113151"}],"wp:attachment":[{"href":"https:\/\/batijournal.com\/index.php\/wp-json\/wp\/v2\/media?parent=113150"}],"wp:term":[{"taxonomy":"category","embeddable":true,"href":"https:\/\/batijournal.com\/index.php\/wp-json\/wp\/v2\/categories?post=113150"},{"taxonomy":"post_tag","embeddable":true,"href":"https:\/\/batijournal.com\/index.php\/wp-json\/wp\/v2\/tags?post=113150"}],"curies":[{"name":"wp","href":"https:\/\/api.w.org\/{rel}","templated":true}]}}