{"id":113341,"date":"2026-04-08T09:00:30","date_gmt":"2026-04-08T07:00:30","guid":{"rendered":"https:\/\/batijournal.com\/?p=113341"},"modified":"2026-04-07T10:00:09","modified_gmt":"2026-04-07T08:00:09","slug":"luiccb-reedite-le-memento-de-la-poutre-en-i","status":"publish","type":"post","link":"https:\/\/batijournal.com\/index.php\/luiccb-reedite-le-memento-de-la-poutre-en-i\/113341\/","title":{"rendered":"L\u2019UICCB r\u00e9\u00e9dite le m\u00e9mento de la poutre en I"},"content":{"rendered":"<p class=\"p1\">L\u2019UICCB vient de publier une nouvelle \u00e9dition de son <span class=\"s1\"><b>m\u00e9mento de la poutre en I<\/b><\/span>, un document de r\u00e9f\u00e9rence initialement \u00e9dit\u00e9 en 2008. Cette version 2026 a \u00e9t\u00e9 actualis\u00e9e avec le financement du CODIFAB, enrichie de nouveaux sch\u00e9mas explicatifs et r\u00e9vis\u00e9e avec l\u2019appui des industriels de la poutre en I.<span class=\"Apple-converted-space\">\u00a0 <\/span><\/p>\n<p class=\"p1\">Pr\u00e9sent\u00e9 comme un <span class=\"s1\"><b>guide pratique de poche<\/b><\/span>, l\u2019ouvrage couvre la conception, la prescription, la pr\u00e9paration du chantier, la mise en \u0153uvre et la r\u00e9alisation d\u2019ouvrages en plancher, en charpente ou en r\u00e9habilitation. Il r\u00e9unit <span class=\"s1\"><b>plus de 70 sch\u00e9mas techniques d\u00e9taill\u00e9s<\/b><\/span>, accompagn\u00e9s de conseils d\u2019ex\u00e9cution.<span class=\"Apple-converted-space\">\u00a0 <\/span><\/p>\n<p class=\"p1\">L\u2019UICCB souligne par ailleurs la place prise par la poutre en I dans les enveloppes performantes, notamment sur le plan thermique, aussi bien en construction neuve qu\u2019en r\u00e9novation. Le m\u00e9mento, \u00e9dit\u00e9 en version papier \u00e0 1 000 exemplaires lors du Forum Bois Construction 2026, doit \u00e9galement \u00eatre diffus\u00e9 sur plusieurs prochains salons, dont le Carrefour International du Bois \u00e0 Nantes.<\/p>\n<p><a href=\"https:\/\/www.uicb.pro\/nouvelle-edition-du-memento-de-la-poutre-en-i\/\" target=\"_blank\" rel=\"noopener\">Plus d\u2019informations<\/a><\/p>\n","protected":false},"excerpt":{"rendered":"<p>L\u2019UICCB vient de publier une nouvelle \u00e9dition de son m\u00e9mento de la poutre en I, un document de r\u00e9f\u00e9rence initialement \u00e9dit\u00e9 en 2008. Cette version 2026 a \u00e9t\u00e9 actualis\u00e9e avec le financement du CODIFAB, enrichie de nouveaux sch\u00e9mas explicatifs et r\u00e9vis\u00e9e avec l\u2019appui des industriels de la poutre en I.\u00a0 Pr\u00e9sent\u00e9 comme un guide pratique [&hellip;]<\/p>\n","protected":false},"author":1,"featured_media":113342,"comment_status":"closed","ping_status":"closed","sticky":false,"template":"","format":"standard","meta":{"_et_pb_use_builder":"","_et_pb_old_content":"","_et_gb_content_width":"","footnotes":""},"categories":[10736,10530],"tags":[],"class_list":["post-113341","post","type-post","status-publish","format-standard","has-post-thumbnail","hentry","category-a-la-une","category-actualites"],"yoast_head":"<!-- This site is optimized with the Yoast SEO plugin v27.4 - https:\/\/yoast.com\/product\/yoast-seo-wordpress\/ -->\n<title>L\u2019UICCB r\u00e9\u00e9dite le m\u00e9mento de la poutre en I<\/title>\n<meta name=\"robots\" content=\"index, follow, max-snippet:-1, max-image-preview:large, max-video-preview:-1\" \/>\n<link rel=\"canonical\" href=\"https:\/\/batijournal.com\/index.php\/luiccb-reedite-le-memento-de-la-poutre-en-i\/113341\/\" \/>\n<meta property=\"og:locale\" content=\"fr_FR\" \/>\n<meta property=\"og:type\" content=\"article\" \/>\n<meta property=\"og:title\" content=\"L\u2019UICCB r\u00e9\u00e9dite le m\u00e9mento de la poutre en I\" \/>\n<meta property=\"og:description\" content=\"L\u2019UICCB vient de publier une nouvelle \u00e9dition de son m\u00e9mento de la poutre en I, un document de r\u00e9f\u00e9rence initialement \u00e9dit\u00e9 en 2008. Cette version 2026 a \u00e9t\u00e9 actualis\u00e9e avec le financement du CODIFAB, enrichie de nouveaux sch\u00e9mas explicatifs et r\u00e9vis\u00e9e avec l\u2019appui des industriels de la poutre en I.\u00a0 Pr\u00e9sent\u00e9 comme un guide pratique [&hellip;]\" \/>\n<meta property=\"og:url\" content=\"https:\/\/batijournal.com\/index.php\/luiccb-reedite-le-memento-de-la-poutre-en-i\/113341\/\" \/>\n<meta property=\"og:site_name\" content=\"Batijournal\" \/>\n<meta property=\"article:published_time\" content=\"2026-04-08T07:00:30+00:00\" \/>\n<meta property=\"og:image\" content=\"https:\/\/batijournal.com\/wp-content\/uploads\/2026\/04\/Memento-poutre-en-i-2026-1536x1014-1-980x647-1.jpg\" \/>\n\t<meta property=\"og:image:width\" content=\"980\" \/>\n\t<meta property=\"og:image:height\" content=\"647\" \/>\n\t<meta property=\"og:image:type\" content=\"image\/jpeg\" \/>\n<meta name=\"author\" content=\"Bati-journal\" \/>\n<meta name=\"twitter:card\" content=\"summary_large_image\" \/>\n<meta name=\"twitter:creator\" content=\"@bati_journal\" \/>\n<meta name=\"twitter:site\" content=\"@bati_journal\" \/>\n<meta name=\"twitter:label1\" content=\"\u00c9crit par\" \/>\n\t<meta name=\"twitter:data1\" content=\"Bati-journal\" \/>\n\t<meta name=\"twitter:label2\" content=\"Dur\u00e9e de lecture estim\u00e9e\" \/>\n\t<meta name=\"twitter:data2\" content=\"1 minute\" \/>\n<script type=\"application\/ld+json\" class=\"yoast-schema-graph\">{\"@context\":\"https:\\\/\\\/schema.org\",\"@graph\":[{\"@type\":\"Article\",\"@id\":\"https:\\\/\\\/batijournal.com\\\/index.php\\\/luiccb-reedite-le-memento-de-la-poutre-en-i\\\/113341\\\/#article\",\"isPartOf\":{\"@id\":\"https:\\\/\\\/batijournal.com\\\/index.php\\\/luiccb-reedite-le-memento-de-la-poutre-en-i\\\/113341\\\/\"},\"author\":{\"name\":\"Bati-journal\",\"@id\":\"https:\\\/\\\/batijournal.com\\\/#\\\/schema\\\/person\\\/6a657e8967569e1b299972574848aa76\"},\"headline\":\"L\u2019UICCB r\u00e9\u00e9dite le m\u00e9mento de la poutre en I\",\"datePublished\":\"2026-04-08T07:00:30+00:00\",\"mainEntityOfPage\":{\"@id\":\"https:\\\/\\\/batijournal.com\\\/index.php\\\/luiccb-reedite-le-memento-de-la-poutre-en-i\\\/113341\\\/\"},\"wordCount\":187,\"image\":{\"@id\":\"https:\\\/\\\/batijournal.com\\\/index.php\\\/luiccb-reedite-le-memento-de-la-poutre-en-i\\\/113341\\\/#primaryimage\"},\"thumbnailUrl\":\"https:\\\/\\\/batijournal.com\\\/wp-content\\\/uploads\\\/2026\\\/04\\\/Memento-poutre-en-i-2026-1536x1014-1-980x647-1.jpg\",\"articleSection\":[\"A la Une\",\"Actualit\u00e9s\"],\"inLanguage\":\"fr-FR\"},{\"@type\":\"WebPage\",\"@id\":\"https:\\\/\\\/batijournal.com\\\/index.php\\\/luiccb-reedite-le-memento-de-la-poutre-en-i\\\/113341\\\/\",\"url\":\"https:\\\/\\\/batijournal.com\\\/index.php\\\/luiccb-reedite-le-memento-de-la-poutre-en-i\\\/113341\\\/\",\"name\":\"L\u2019UICCB r\u00e9\u00e9dite le m\u00e9mento de la poutre en I\",\"isPartOf\":{\"@id\":\"https:\\\/\\\/batijournal.com\\\/#website\"},\"primaryImageOfPage\":{\"@id\":\"https:\\\/\\\/batijournal.com\\\/index.php\\\/luiccb-reedite-le-memento-de-la-poutre-en-i\\\/113341\\\/#primaryimage\"},\"image\":{\"@id\":\"https:\\\/\\\/batijournal.com\\\/index.php\\\/luiccb-reedite-le-memento-de-la-poutre-en-i\\\/113341\\\/#primaryimage\"},\"thumbnailUrl\":\"https:\\\/\\\/batijournal.com\\\/wp-content\\\/uploads\\\/2026\\\/04\\\/Memento-poutre-en-i-2026-1536x1014-1-980x647-1.jpg\",\"datePublished\":\"2026-04-08T07:00:30+00:00\",\"author\":{\"@id\":\"https:\\\/\\\/batijournal.com\\\/#\\\/schema\\\/person\\\/6a657e8967569e1b299972574848aa76\"},\"breadcrumb\":{\"@id\":\"https:\\\/\\\/batijournal.com\\\/index.php\\\/luiccb-reedite-le-memento-de-la-poutre-en-i\\\/113341\\\/#breadcrumb\"},\"inLanguage\":\"fr-FR\",\"potentialAction\":[{\"@type\":\"ReadAction\",\"target\":[\"https:\\\/\\\/batijournal.com\\\/index.php\\\/luiccb-reedite-le-memento-de-la-poutre-en-i\\\/113341\\\/\"]}]},{\"@type\":\"ImageObject\",\"inLanguage\":\"fr-FR\",\"@id\":\"https:\\\/\\\/batijournal.com\\\/index.php\\\/luiccb-reedite-le-memento-de-la-poutre-en-i\\\/113341\\\/#primaryimage\",\"url\":\"https:\\\/\\\/batijournal.com\\\/wp-content\\\/uploads\\\/2026\\\/04\\\/Memento-poutre-en-i-2026-1536x1014-1-980x647-1.jpg\",\"contentUrl\":\"https:\\\/\\\/batijournal.com\\\/wp-content\\\/uploads\\\/2026\\\/04\\\/Memento-poutre-en-i-2026-1536x1014-1-980x647-1.jpg\",\"width\":980,\"height\":647},{\"@type\":\"BreadcrumbList\",\"@id\":\"https:\\\/\\\/batijournal.com\\\/index.php\\\/luiccb-reedite-le-memento-de-la-poutre-en-i\\\/113341\\\/#breadcrumb\",\"itemListElement\":[{\"@type\":\"ListItem\",\"position\":1,\"name\":\"Accueil\",\"item\":\"https:\\\/\\\/batijournal.com\\\/\"},{\"@type\":\"ListItem\",\"position\":2,\"name\":\"A la Une\",\"item\":\"https:\\\/\\\/batijournal.com\\\/index.php\\\/category\\\/a-la-une\\\/\"},{\"@type\":\"ListItem\",\"position\":3,\"name\":\"L\u2019UICCB r\u00e9\u00e9dite le m\u00e9mento de la poutre en I\"}]},{\"@type\":\"WebSite\",\"@id\":\"https:\\\/\\\/batijournal.com\\\/#website\",\"url\":\"https:\\\/\\\/batijournal.com\\\/\",\"name\":\"Batijournal\",\"description\":\"L&#039;actualit\u00e9 du b\u00e2timent\",\"potentialAction\":[{\"@type\":\"SearchAction\",\"target\":{\"@type\":\"EntryPoint\",\"urlTemplate\":\"https:\\\/\\\/batijournal.com\\\/?s={search_term_string}\"},\"query-input\":{\"@type\":\"PropertyValueSpecification\",\"valueRequired\":true,\"valueName\":\"search_term_string\"}}],\"inLanguage\":\"fr-FR\"},{\"@type\":\"Person\",\"@id\":\"https:\\\/\\\/batijournal.com\\\/#\\\/schema\\\/person\\\/6a657e8967569e1b299972574848aa76\",\"name\":\"Bati-journal\",\"image\":{\"@type\":\"ImageObject\",\"inLanguage\":\"fr-FR\",\"@id\":\"https:\\\/\\\/secure.gravatar.com\\\/avatar\\\/a64364ea26392f9b4dd47e017ddaec74ff03aefc073b49e492e847201258f777?s=96&d=mm&r=g\",\"url\":\"https:\\\/\\\/secure.gravatar.com\\\/avatar\\\/a64364ea26392f9b4dd47e017ddaec74ff03aefc073b49e492e847201258f777?s=96&d=mm&r=g\",\"contentUrl\":\"https:\\\/\\\/secure.gravatar.com\\\/avatar\\\/a64364ea26392f9b4dd47e017ddaec74ff03aefc073b49e492e847201258f777?s=96&d=mm&r=g\",\"caption\":\"Bati-journal\"},\"url\":\"https:\\\/\\\/batijournal.com\\\/index.php\\\/author\\\/elodie\\\/\"}]}<\/script>\n<!-- \/ Yoast SEO plugin. -->","yoast_head_json":{"title":"L\u2019UICCB r\u00e9\u00e9dite le m\u00e9mento de la poutre en I","robots":{"index":"index","follow":"follow","max-snippet":"max-snippet:-1","max-image-preview":"max-image-preview:large","max-video-preview":"max-video-preview:-1"},"canonical":"https:\/\/batijournal.com\/index.php\/luiccb-reedite-le-memento-de-la-poutre-en-i\/113341\/","og_locale":"fr_FR","og_type":"article","og_title":"L\u2019UICCB r\u00e9\u00e9dite le m\u00e9mento de la poutre en I","og_description":"L\u2019UICCB vient de publier une nouvelle \u00e9dition de son m\u00e9mento de la poutre en I, un document de r\u00e9f\u00e9rence initialement \u00e9dit\u00e9 en 2008. Cette version 2026 a \u00e9t\u00e9 actualis\u00e9e avec le financement du CODIFAB, enrichie de nouveaux sch\u00e9mas explicatifs et r\u00e9vis\u00e9e avec l\u2019appui des industriels de la poutre en I.\u00a0 Pr\u00e9sent\u00e9 comme un guide pratique [&hellip;]","og_url":"https:\/\/batijournal.com\/index.php\/luiccb-reedite-le-memento-de-la-poutre-en-i\/113341\/","og_site_name":"Batijournal","article_published_time":"2026-04-08T07:00:30+00:00","og_image":[{"width":980,"height":647,"url":"https:\/\/batijournal.com\/wp-content\/uploads\/2026\/04\/Memento-poutre-en-i-2026-1536x1014-1-980x647-1.jpg","type":"image\/jpeg"}],"author":"Bati-journal","twitter_card":"summary_large_image","twitter_creator":"@bati_journal","twitter_site":"@bati_journal","twitter_misc":{"\u00c9crit par":"Bati-journal","Dur\u00e9e de lecture estim\u00e9e":"1 minute"},"schema":{"@context":"https:\/\/schema.org","@graph":[{"@type":"Article","@id":"https:\/\/batijournal.com\/index.php\/luiccb-reedite-le-memento-de-la-poutre-en-i\/113341\/#article","isPartOf":{"@id":"https:\/\/batijournal.com\/index.php\/luiccb-reedite-le-memento-de-la-poutre-en-i\/113341\/"},"author":{"name":"Bati-journal","@id":"https:\/\/batijournal.com\/#\/schema\/person\/6a657e8967569e1b299972574848aa76"},"headline":"L\u2019UICCB r\u00e9\u00e9dite le m\u00e9mento de la poutre en I","datePublished":"2026-04-08T07:00:30+00:00","mainEntityOfPage":{"@id":"https:\/\/batijournal.com\/index.php\/luiccb-reedite-le-memento-de-la-poutre-en-i\/113341\/"},"wordCount":187,"image":{"@id":"https:\/\/batijournal.com\/index.php\/luiccb-reedite-le-memento-de-la-poutre-en-i\/113341\/#primaryimage"},"thumbnailUrl":"https:\/\/batijournal.com\/wp-content\/uploads\/2026\/04\/Memento-poutre-en-i-2026-1536x1014-1-980x647-1.jpg","articleSection":["A la Une","Actualit\u00e9s"],"inLanguage":"fr-FR"},{"@type":"WebPage","@id":"https:\/\/batijournal.com\/index.php\/luiccb-reedite-le-memento-de-la-poutre-en-i\/113341\/","url":"https:\/\/batijournal.com\/index.php\/luiccb-reedite-le-memento-de-la-poutre-en-i\/113341\/","name":"L\u2019UICCB r\u00e9\u00e9dite le m\u00e9mento de la poutre en I","isPartOf":{"@id":"https:\/\/batijournal.com\/#website"},"primaryImageOfPage":{"@id":"https:\/\/batijournal.com\/index.php\/luiccb-reedite-le-memento-de-la-poutre-en-i\/113341\/#primaryimage"},"image":{"@id":"https:\/\/batijournal.com\/index.php\/luiccb-reedite-le-memento-de-la-poutre-en-i\/113341\/#primaryimage"},"thumbnailUrl":"https:\/\/batijournal.com\/wp-content\/uploads\/2026\/04\/Memento-poutre-en-i-2026-1536x1014-1-980x647-1.jpg","datePublished":"2026-04-08T07:00:30+00:00","author":{"@id":"https:\/\/batijournal.com\/#\/schema\/person\/6a657e8967569e1b299972574848aa76"},"breadcrumb":{"@id":"https:\/\/batijournal.com\/index.php\/luiccb-reedite-le-memento-de-la-poutre-en-i\/113341\/#breadcrumb"},"inLanguage":"fr-FR","potentialAction":[{"@type":"ReadAction","target":["https:\/\/batijournal.com\/index.php\/luiccb-reedite-le-memento-de-la-poutre-en-i\/113341\/"]}]},{"@type":"ImageObject","inLanguage":"fr-FR","@id":"https:\/\/batijournal.com\/index.php\/luiccb-reedite-le-memento-de-la-poutre-en-i\/113341\/#primaryimage","url":"https:\/\/batijournal.com\/wp-content\/uploads\/2026\/04\/Memento-poutre-en-i-2026-1536x1014-1-980x647-1.jpg","contentUrl":"https:\/\/batijournal.com\/wp-content\/uploads\/2026\/04\/Memento-poutre-en-i-2026-1536x1014-1-980x647-1.jpg","width":980,"height":647},{"@type":"BreadcrumbList","@id":"https:\/\/batijournal.com\/index.php\/luiccb-reedite-le-memento-de-la-poutre-en-i\/113341\/#breadcrumb","itemListElement":[{"@type":"ListItem","position":1,"name":"Accueil","item":"https:\/\/batijournal.com\/"},{"@type":"ListItem","position":2,"name":"A la Une","item":"https:\/\/batijournal.com\/index.php\/category\/a-la-une\/"},{"@type":"ListItem","position":3,"name":"L\u2019UICCB r\u00e9\u00e9dite le m\u00e9mento de la poutre en I"}]},{"@type":"WebSite","@id":"https:\/\/batijournal.com\/#website","url":"https:\/\/batijournal.com\/","name":"Batijournal","description":"L&#039;actualit\u00e9 du b\u00e2timent","potentialAction":[{"@type":"SearchAction","target":{"@type":"EntryPoint","urlTemplate":"https:\/\/batijournal.com\/?s={search_term_string}"},"query-input":{"@type":"PropertyValueSpecification","valueRequired":true,"valueName":"search_term_string"}}],"inLanguage":"fr-FR"},{"@type":"Person","@id":"https:\/\/batijournal.com\/#\/schema\/person\/6a657e8967569e1b299972574848aa76","name":"Bati-journal","image":{"@type":"ImageObject","inLanguage":"fr-FR","@id":"https:\/\/secure.gravatar.com\/avatar\/a64364ea26392f9b4dd47e017ddaec74ff03aefc073b49e492e847201258f777?s=96&d=mm&r=g","url":"https:\/\/secure.gravatar.com\/avatar\/a64364ea26392f9b4dd47e017ddaec74ff03aefc073b49e492e847201258f777?s=96&d=mm&r=g","contentUrl":"https:\/\/secure.gravatar.com\/avatar\/a64364ea26392f9b4dd47e017ddaec74ff03aefc073b49e492e847201258f777?s=96&d=mm&r=g","caption":"Bati-journal"},"url":"https:\/\/batijournal.com\/index.php\/author\/elodie\/"}]}},"_links":{"self":[{"href":"https:\/\/batijournal.com\/index.php\/wp-json\/wp\/v2\/posts\/113341","targetHints":{"allow":["GET"]}}],"collection":[{"href":"https:\/\/batijournal.com\/index.php\/wp-json\/wp\/v2\/posts"}],"about":[{"href":"https:\/\/batijournal.com\/index.php\/wp-json\/wp\/v2\/types\/post"}],"author":[{"embeddable":true,"href":"https:\/\/batijournal.com\/index.php\/wp-json\/wp\/v2\/users\/1"}],"replies":[{"embeddable":true,"href":"https:\/\/batijournal.com\/index.php\/wp-json\/wp\/v2\/comments?post=113341"}],"version-history":[{"count":0,"href":"https:\/\/batijournal.com\/index.php\/wp-json\/wp\/v2\/posts\/113341\/revisions"}],"wp:featuredmedia":[{"embeddable":true,"href":"https:\/\/batijournal.com\/index.php\/wp-json\/wp\/v2\/media\/113342"}],"wp:attachment":[{"href":"https:\/\/batijournal.com\/index.php\/wp-json\/wp\/v2\/media?parent=113341"}],"wp:term":[{"taxonomy":"category","embeddable":true,"href":"https:\/\/batijournal.com\/index.php\/wp-json\/wp\/v2\/categories?post=113341"},{"taxonomy":"post_tag","embeddable":true,"href":"https:\/\/batijournal.com\/index.php\/wp-json\/wp\/v2\/tags?post=113341"}],"curies":[{"name":"wp","href":"https:\/\/api.w.org\/{rel}","templated":true}]}}