{"id":113388,"date":"2026-04-15T08:47:24","date_gmt":"2026-04-15T06:47:24","guid":{"rendered":"https:\/\/batijournal.com\/?p=113388"},"modified":"2026-04-15T08:47:24","modified_gmt":"2026-04-15T06:47:24","slug":"renoday-integre-le-paris-builders-show-2026-et-souvre-a-leurope","status":"publish","type":"post","link":"https:\/\/batijournal.com\/index.php\/renoday-integre-le-paris-builders-show-2026-et-souvre-a-leurope\/113388\/","title":{"rendered":"Renoday int\u00e8gre le Paris Builders Show 2026 et s\u2019ouvre \u00e0 l\u2019Europe"},"content":{"rendered":"<p style=\"text-align: justify;\"><strong><span style=\"font-size: 14.0pt; font-family: 'Arial',sans-serif;\">Le Forum Renodays revient en 2026 \u00e0 Paris Expo Porte de Versailles avec une nouvelle ambition en int\u00e9grant le Paris Builders Show. Cet \u00e9v\u00e9nement annuel d\u00e9di\u00e9 \u00e0 la r\u00e9novation du b\u00e2timent \u00e9largit son p\u00e9rim\u00e8tre \u00e0 l\u2019\u00e9chelle europ\u00e9enne et met l\u2019accent sur la r\u00e9novation globale, les innovations et les enjeux du secteur.<\/span><\/strong><\/p>\n<p style=\"text-align: justify;\">Le Forum RENODAYS amorce une \u00e9volution importante en int\u00e9grant le Paris Builders Show, pr\u00e9vu les 28 et 29 septembre 2026 \u00e0 Paris Expo Porte de Versailles. Apr\u00e8s deux premi\u00e8res \u00e9ditions, cet \u00e9v\u00e9nement d\u00e9di\u00e9 \u00e0 la r\u00e9novation du b\u00e2timent adopte un rythme annuel et \u00e9largit son p\u00e9rim\u00e8tre, avec l\u2019ambition de traiter plus globalement les enjeux du secteur.<\/p>\n<p style=\"text-align: justify;\" data-start=\"361\" data-end=\"830\">Ce repositionnement strat\u00e9gique met l\u2019accent sur la r\u00e9novation globale, d\u00e9passant la seule question \u00e9nerg\u00e9tique pour int\u00e9grer des dimensions telles que l\u2019usage des espaces, le confort des occupants ou encore l\u2019adaptabilit\u00e9 des logements.<\/p>\n<h2 style=\"text-align: justify;\">Une quarantaine d\u2019exposants<\/h2>\n<p style=\"text-align: justify;\" data-start=\"832\" data-end=\"1213\">L\u2019\u00e9dition 2026 se distingue \u00e9galement par son ouverture europ\u00e9enne. Des intervenants et exposants issus de plusieurs pays, dont l\u2019Allemagne, l\u2019Italie ou l\u2019Espagne, afin de favoriser les \u00e9changes de bonnes pratiques et \u00e0 mieux appr\u00e9hender les dynamiques du march\u00e9 \u00e0 l\u2019\u00e9chelle du Vieux Continent.<\/p>\n<p style=\"text-align: justify;\" data-start=\"1215\" data-end=\"1686\">Sur le plan op\u00e9rationnel, l\u2019\u00e9v\u00e9nement r\u00e9unira une quarantaine d\u2019exposants au sein du Pavillon 7.1, organis\u00e9 autour de diff\u00e9rents espaces th\u00e9matiques. Ceux-ci couvriront les enjeux r\u00e9glementaires, les innovations technologiques, le financement ou encore les attentes des habitants. Des formats vari\u00e9s \u2014 conf\u00e9rences, ateliers pratiques et rencontres professionnelles \u2014 structureront le programme, avec l\u2019objectif de croiser expertises et retours d\u2019exp\u00e9rience.<\/p>\n<p style=\"margin: 0cm; text-align: justify; background: white; vertical-align: baseline;\" data-start=\"1688\" data-end=\"1948\" data-is-last-node=\"\" data-is-only-node=\"\"><span style=\"font-size: 11.0pt; font-family: 'Arial',sans-serif;\">\u00a0<\/span><\/p>\n","protected":false},"excerpt":{"rendered":"<p>Le Forum Renodays revient en 2026 \u00e0 Paris Expo Porte de Versailles avec une nouvelle ambition en int\u00e9grant le Paris Builders Show. Cet \u00e9v\u00e9nement annuel d\u00e9di\u00e9 \u00e0 la r\u00e9novation du b\u00e2timent \u00e9largit son p\u00e9rim\u00e8tre \u00e0 l\u2019\u00e9chelle europ\u00e9enne et met l\u2019accent sur la r\u00e9novation globale, les innovations et les enjeux du secteur.<\/p>\n","protected":false},"author":18,"featured_media":113389,"comment_status":"closed","ping_status":"closed","sticky":false,"template":"","format":"standard","meta":{"_et_pb_use_builder":"","_et_pb_old_content":"","_et_gb_content_width":"","footnotes":""},"categories":[10736,10530],"tags":[],"class_list":["post-113388","post","type-post","status-publish","format-standard","has-post-thumbnail","hentry","category-a-la-une","category-actualites"],"yoast_head":"<!-- This site is optimized with the Yoast SEO plugin v27.4 - https:\/\/yoast.com\/product\/yoast-seo-wordpress\/ -->\n<title>Renoday int\u00e8gre le Paris Builders Show 2026 et s\u2019ouvre \u00e0 l\u2019Europe<\/title>\n<meta name=\"description\" content=\"Le Forum Renodays revient en 2026 \u00e0 Paris Expo Porte de Versailles avec une nouvelle ambition en int\u00e9grant le Paris Builders Show. Cet \u00e9v\u00e9nement annuel d\u00e9di\u00e9 \u00e0 la r\u00e9novation du b\u00e2timent \u00e9largit son p\u00e9rim\u00e8tre \u00e0 l\u2019\u00e9chelle europ\u00e9enne et met l\u2019accent sur la r\u00e9novation globale, les innovations et les enjeux du secteur.\" \/>\n<meta name=\"robots\" content=\"index, follow, max-snippet:-1, max-image-preview:large, max-video-preview:-1\" \/>\n<link rel=\"canonical\" href=\"https:\/\/batijournal.com\/index.php\/renoday-integre-le-paris-builders-show-2026-et-souvre-a-leurope\/113388\/\" \/>\n<meta property=\"og:locale\" content=\"fr_FR\" \/>\n<meta property=\"og:type\" content=\"article\" \/>\n<meta property=\"og:title\" content=\"Renoday int\u00e8gre le Paris Builders Show 2026 et s\u2019ouvre \u00e0 l\u2019Europe\" \/>\n<meta property=\"og:description\" content=\"Le Forum Renodays revient en 2026 \u00e0 Paris Expo Porte de Versailles avec une nouvelle ambition en int\u00e9grant le Paris Builders Show. Cet \u00e9v\u00e9nement annuel d\u00e9di\u00e9 \u00e0 la r\u00e9novation du b\u00e2timent \u00e9largit son p\u00e9rim\u00e8tre \u00e0 l\u2019\u00e9chelle europ\u00e9enne et met l\u2019accent sur la r\u00e9novation globale, les innovations et les enjeux du secteur.\" \/>\n<meta property=\"og:url\" content=\"https:\/\/batijournal.com\/index.php\/renoday-integre-le-paris-builders-show-2026-et-souvre-a-leurope\/113388\/\" \/>\n<meta property=\"og:site_name\" content=\"Batijournal\" \/>\n<meta property=\"article:published_time\" content=\"2026-04-15T06:47:24+00:00\" \/>\n<meta property=\"og:image\" content=\"https:\/\/batijournal.com\/wp-content\/uploads\/2026\/04\/54854379316_746c6b4c87_c.jpg\" \/>\n\t<meta property=\"og:image:width\" content=\"800\" \/>\n\t<meta property=\"og:image:height\" content=\"533\" \/>\n\t<meta property=\"og:image:type\" content=\"image\/jpeg\" \/>\n<meta name=\"author\" content=\"Lucien B\" \/>\n<meta name=\"twitter:card\" content=\"summary_large_image\" \/>\n<meta name=\"twitter:creator\" content=\"@bati_journal\" \/>\n<meta name=\"twitter:site\" content=\"@bati_journal\" \/>\n<meta name=\"twitter:label1\" content=\"\u00c9crit par\" \/>\n\t<meta name=\"twitter:data1\" content=\"Lucien B\" \/>\n\t<meta name=\"twitter:label2\" content=\"Dur\u00e9e de lecture estim\u00e9e\" \/>\n\t<meta name=\"twitter:data2\" content=\"2 minutes\" \/>\n<script type=\"application\/ld+json\" class=\"yoast-schema-graph\">{\"@context\":\"https:\\\/\\\/schema.org\",\"@graph\":[{\"@type\":\"Article\",\"@id\":\"https:\\\/\\\/batijournal.com\\\/index.php\\\/renoday-integre-le-paris-builders-show-2026-et-souvre-a-leurope\\\/113388\\\/#article\",\"isPartOf\":{\"@id\":\"https:\\\/\\\/batijournal.com\\\/index.php\\\/renoday-integre-le-paris-builders-show-2026-et-souvre-a-leurope\\\/113388\\\/\"},\"author\":{\"name\":\"Lucien B\",\"@id\":\"https:\\\/\\\/batijournal.com\\\/#\\\/schema\\\/person\\\/4c7c7cef61be850f1b82b3492a006f17\"},\"headline\":\"Renoday int\u00e8gre le Paris Builders Show 2026 et s\u2019ouvre \u00e0 l\u2019Europe\",\"datePublished\":\"2026-04-15T06:47:24+00:00\",\"mainEntityOfPage\":{\"@id\":\"https:\\\/\\\/batijournal.com\\\/index.php\\\/renoday-integre-le-paris-builders-show-2026-et-souvre-a-leurope\\\/113388\\\/\"},\"wordCount\":291,\"image\":{\"@id\":\"https:\\\/\\\/batijournal.com\\\/index.php\\\/renoday-integre-le-paris-builders-show-2026-et-souvre-a-leurope\\\/113388\\\/#primaryimage\"},\"thumbnailUrl\":\"https:\\\/\\\/batijournal.com\\\/wp-content\\\/uploads\\\/2026\\\/04\\\/54854379316_746c6b4c87_c.jpg\",\"articleSection\":[\"A la Une\",\"Actualit\u00e9s\"],\"inLanguage\":\"fr-FR\"},{\"@type\":\"WebPage\",\"@id\":\"https:\\\/\\\/batijournal.com\\\/index.php\\\/renoday-integre-le-paris-builders-show-2026-et-souvre-a-leurope\\\/113388\\\/\",\"url\":\"https:\\\/\\\/batijournal.com\\\/index.php\\\/renoday-integre-le-paris-builders-show-2026-et-souvre-a-leurope\\\/113388\\\/\",\"name\":\"Renoday int\u00e8gre le Paris Builders Show 2026 et s\u2019ouvre \u00e0 l\u2019Europe\",\"isPartOf\":{\"@id\":\"https:\\\/\\\/batijournal.com\\\/#website\"},\"primaryImageOfPage\":{\"@id\":\"https:\\\/\\\/batijournal.com\\\/index.php\\\/renoday-integre-le-paris-builders-show-2026-et-souvre-a-leurope\\\/113388\\\/#primaryimage\"},\"image\":{\"@id\":\"https:\\\/\\\/batijournal.com\\\/index.php\\\/renoday-integre-le-paris-builders-show-2026-et-souvre-a-leurope\\\/113388\\\/#primaryimage\"},\"thumbnailUrl\":\"https:\\\/\\\/batijournal.com\\\/wp-content\\\/uploads\\\/2026\\\/04\\\/54854379316_746c6b4c87_c.jpg\",\"datePublished\":\"2026-04-15T06:47:24+00:00\",\"author\":{\"@id\":\"https:\\\/\\\/batijournal.com\\\/#\\\/schema\\\/person\\\/4c7c7cef61be850f1b82b3492a006f17\"},\"description\":\"Le Forum Renodays revient en 2026 \u00e0 Paris Expo Porte de Versailles avec une nouvelle ambition en int\u00e9grant le Paris Builders Show. Cet \u00e9v\u00e9nement annuel d\u00e9di\u00e9 \u00e0 la r\u00e9novation du b\u00e2timent \u00e9largit son p\u00e9rim\u00e8tre \u00e0 l\u2019\u00e9chelle europ\u00e9enne et met l\u2019accent sur la r\u00e9novation globale, les innovations et les enjeux du secteur.\",\"breadcrumb\":{\"@id\":\"https:\\\/\\\/batijournal.com\\\/index.php\\\/renoday-integre-le-paris-builders-show-2026-et-souvre-a-leurope\\\/113388\\\/#breadcrumb\"},\"inLanguage\":\"fr-FR\",\"potentialAction\":[{\"@type\":\"ReadAction\",\"target\":[\"https:\\\/\\\/batijournal.com\\\/index.php\\\/renoday-integre-le-paris-builders-show-2026-et-souvre-a-leurope\\\/113388\\\/\"]}]},{\"@type\":\"ImageObject\",\"inLanguage\":\"fr-FR\",\"@id\":\"https:\\\/\\\/batijournal.com\\\/index.php\\\/renoday-integre-le-paris-builders-show-2026-et-souvre-a-leurope\\\/113388\\\/#primaryimage\",\"url\":\"https:\\\/\\\/batijournal.com\\\/wp-content\\\/uploads\\\/2026\\\/04\\\/54854379316_746c6b4c87_c.jpg\",\"contentUrl\":\"https:\\\/\\\/batijournal.com\\\/wp-content\\\/uploads\\\/2026\\\/04\\\/54854379316_746c6b4c87_c.jpg\",\"width\":800,\"height\":533,\"caption\":\"RENODAYS\"},{\"@type\":\"BreadcrumbList\",\"@id\":\"https:\\\/\\\/batijournal.com\\\/index.php\\\/renoday-integre-le-paris-builders-show-2026-et-souvre-a-leurope\\\/113388\\\/#breadcrumb\",\"itemListElement\":[{\"@type\":\"ListItem\",\"position\":1,\"name\":\"Accueil\",\"item\":\"https:\\\/\\\/batijournal.com\\\/\"},{\"@type\":\"ListItem\",\"position\":2,\"name\":\"A la Une\",\"item\":\"https:\\\/\\\/batijournal.com\\\/index.php\\\/category\\\/a-la-une\\\/\"},{\"@type\":\"ListItem\",\"position\":3,\"name\":\"Renoday int\u00e8gre le Paris Builders Show 2026 et s\u2019ouvre \u00e0 l\u2019Europe\"}]},{\"@type\":\"WebSite\",\"@id\":\"https:\\\/\\\/batijournal.com\\\/#website\",\"url\":\"https:\\\/\\\/batijournal.com\\\/\",\"name\":\"Batijournal\",\"description\":\"L&#039;actualit\u00e9 du b\u00e2timent\",\"potentialAction\":[{\"@type\":\"SearchAction\",\"target\":{\"@type\":\"EntryPoint\",\"urlTemplate\":\"https:\\\/\\\/batijournal.com\\\/?s={search_term_string}\"},\"query-input\":{\"@type\":\"PropertyValueSpecification\",\"valueRequired\":true,\"valueName\":\"search_term_string\"}}],\"inLanguage\":\"fr-FR\"},{\"@type\":\"Person\",\"@id\":\"https:\\\/\\\/batijournal.com\\\/#\\\/schema\\\/person\\\/4c7c7cef61be850f1b82b3492a006f17\",\"name\":\"Lucien B\",\"image\":{\"@type\":\"ImageObject\",\"inLanguage\":\"fr-FR\",\"@id\":\"https:\\\/\\\/secure.gravatar.com\\\/avatar\\\/7e53691871877667ca1b4481ee38eed4e735d5de53ad94ab51ac26fd8125e321?s=96&d=mm&r=g\",\"url\":\"https:\\\/\\\/secure.gravatar.com\\\/avatar\\\/7e53691871877667ca1b4481ee38eed4e735d5de53ad94ab51ac26fd8125e321?s=96&d=mm&r=g\",\"contentUrl\":\"https:\\\/\\\/secure.gravatar.com\\\/avatar\\\/7e53691871877667ca1b4481ee38eed4e735d5de53ad94ab51ac26fd8125e321?s=96&d=mm&r=g\",\"caption\":\"Lucien B\"},\"url\":\"https:\\\/\\\/batijournal.com\\\/index.php\\\/author\\\/victor\\\/\"}]}<\/script>\n<!-- \/ Yoast SEO plugin. -->","yoast_head_json":{"title":"Renoday int\u00e8gre le Paris Builders Show 2026 et s\u2019ouvre \u00e0 l\u2019Europe","description":"Le Forum Renodays revient en 2026 \u00e0 Paris Expo Porte de Versailles avec une nouvelle ambition en int\u00e9grant le Paris Builders Show. Cet \u00e9v\u00e9nement annuel d\u00e9di\u00e9 \u00e0 la r\u00e9novation du b\u00e2timent \u00e9largit son p\u00e9rim\u00e8tre \u00e0 l\u2019\u00e9chelle europ\u00e9enne et met l\u2019accent sur la r\u00e9novation globale, les innovations et les enjeux du secteur.","robots":{"index":"index","follow":"follow","max-snippet":"max-snippet:-1","max-image-preview":"max-image-preview:large","max-video-preview":"max-video-preview:-1"},"canonical":"https:\/\/batijournal.com\/index.php\/renoday-integre-le-paris-builders-show-2026-et-souvre-a-leurope\/113388\/","og_locale":"fr_FR","og_type":"article","og_title":"Renoday int\u00e8gre le Paris Builders Show 2026 et s\u2019ouvre \u00e0 l\u2019Europe","og_description":"Le Forum Renodays revient en 2026 \u00e0 Paris Expo Porte de Versailles avec une nouvelle ambition en int\u00e9grant le Paris Builders Show. Cet \u00e9v\u00e9nement annuel d\u00e9di\u00e9 \u00e0 la r\u00e9novation du b\u00e2timent \u00e9largit son p\u00e9rim\u00e8tre \u00e0 l\u2019\u00e9chelle europ\u00e9enne et met l\u2019accent sur la r\u00e9novation globale, les innovations et les enjeux du secteur.","og_url":"https:\/\/batijournal.com\/index.php\/renoday-integre-le-paris-builders-show-2026-et-souvre-a-leurope\/113388\/","og_site_name":"Batijournal","article_published_time":"2026-04-15T06:47:24+00:00","og_image":[{"width":800,"height":533,"url":"https:\/\/batijournal.com\/wp-content\/uploads\/2026\/04\/54854379316_746c6b4c87_c.jpg","type":"image\/jpeg"}],"author":"Lucien B","twitter_card":"summary_large_image","twitter_creator":"@bati_journal","twitter_site":"@bati_journal","twitter_misc":{"\u00c9crit par":"Lucien B","Dur\u00e9e de lecture estim\u00e9e":"2 minutes"},"schema":{"@context":"https:\/\/schema.org","@graph":[{"@type":"Article","@id":"https:\/\/batijournal.com\/index.php\/renoday-integre-le-paris-builders-show-2026-et-souvre-a-leurope\/113388\/#article","isPartOf":{"@id":"https:\/\/batijournal.com\/index.php\/renoday-integre-le-paris-builders-show-2026-et-souvre-a-leurope\/113388\/"},"author":{"name":"Lucien B","@id":"https:\/\/batijournal.com\/#\/schema\/person\/4c7c7cef61be850f1b82b3492a006f17"},"headline":"Renoday int\u00e8gre le Paris Builders Show 2026 et s\u2019ouvre \u00e0 l\u2019Europe","datePublished":"2026-04-15T06:47:24+00:00","mainEntityOfPage":{"@id":"https:\/\/batijournal.com\/index.php\/renoday-integre-le-paris-builders-show-2026-et-souvre-a-leurope\/113388\/"},"wordCount":291,"image":{"@id":"https:\/\/batijournal.com\/index.php\/renoday-integre-le-paris-builders-show-2026-et-souvre-a-leurope\/113388\/#primaryimage"},"thumbnailUrl":"https:\/\/batijournal.com\/wp-content\/uploads\/2026\/04\/54854379316_746c6b4c87_c.jpg","articleSection":["A la Une","Actualit\u00e9s"],"inLanguage":"fr-FR"},{"@type":"WebPage","@id":"https:\/\/batijournal.com\/index.php\/renoday-integre-le-paris-builders-show-2026-et-souvre-a-leurope\/113388\/","url":"https:\/\/batijournal.com\/index.php\/renoday-integre-le-paris-builders-show-2026-et-souvre-a-leurope\/113388\/","name":"Renoday int\u00e8gre le Paris Builders Show 2026 et s\u2019ouvre \u00e0 l\u2019Europe","isPartOf":{"@id":"https:\/\/batijournal.com\/#website"},"primaryImageOfPage":{"@id":"https:\/\/batijournal.com\/index.php\/renoday-integre-le-paris-builders-show-2026-et-souvre-a-leurope\/113388\/#primaryimage"},"image":{"@id":"https:\/\/batijournal.com\/index.php\/renoday-integre-le-paris-builders-show-2026-et-souvre-a-leurope\/113388\/#primaryimage"},"thumbnailUrl":"https:\/\/batijournal.com\/wp-content\/uploads\/2026\/04\/54854379316_746c6b4c87_c.jpg","datePublished":"2026-04-15T06:47:24+00:00","author":{"@id":"https:\/\/batijournal.com\/#\/schema\/person\/4c7c7cef61be850f1b82b3492a006f17"},"description":"Le Forum Renodays revient en 2026 \u00e0 Paris Expo Porte de Versailles avec une nouvelle ambition en int\u00e9grant le Paris Builders Show. Cet \u00e9v\u00e9nement annuel d\u00e9di\u00e9 \u00e0 la r\u00e9novation du b\u00e2timent \u00e9largit son p\u00e9rim\u00e8tre \u00e0 l\u2019\u00e9chelle europ\u00e9enne et met l\u2019accent sur la r\u00e9novation globale, les innovations et les enjeux du secteur.","breadcrumb":{"@id":"https:\/\/batijournal.com\/index.php\/renoday-integre-le-paris-builders-show-2026-et-souvre-a-leurope\/113388\/#breadcrumb"},"inLanguage":"fr-FR","potentialAction":[{"@type":"ReadAction","target":["https:\/\/batijournal.com\/index.php\/renoday-integre-le-paris-builders-show-2026-et-souvre-a-leurope\/113388\/"]}]},{"@type":"ImageObject","inLanguage":"fr-FR","@id":"https:\/\/batijournal.com\/index.php\/renoday-integre-le-paris-builders-show-2026-et-souvre-a-leurope\/113388\/#primaryimage","url":"https:\/\/batijournal.com\/wp-content\/uploads\/2026\/04\/54854379316_746c6b4c87_c.jpg","contentUrl":"https:\/\/batijournal.com\/wp-content\/uploads\/2026\/04\/54854379316_746c6b4c87_c.jpg","width":800,"height":533,"caption":"RENODAYS"},{"@type":"BreadcrumbList","@id":"https:\/\/batijournal.com\/index.php\/renoday-integre-le-paris-builders-show-2026-et-souvre-a-leurope\/113388\/#breadcrumb","itemListElement":[{"@type":"ListItem","position":1,"name":"Accueil","item":"https:\/\/batijournal.com\/"},{"@type":"ListItem","position":2,"name":"A la Une","item":"https:\/\/batijournal.com\/index.php\/category\/a-la-une\/"},{"@type":"ListItem","position":3,"name":"Renoday int\u00e8gre le Paris Builders Show 2026 et s\u2019ouvre \u00e0 l\u2019Europe"}]},{"@type":"WebSite","@id":"https:\/\/batijournal.com\/#website","url":"https:\/\/batijournal.com\/","name":"Batijournal","description":"L&#039;actualit\u00e9 du b\u00e2timent","potentialAction":[{"@type":"SearchAction","target":{"@type":"EntryPoint","urlTemplate":"https:\/\/batijournal.com\/?s={search_term_string}"},"query-input":{"@type":"PropertyValueSpecification","valueRequired":true,"valueName":"search_term_string"}}],"inLanguage":"fr-FR"},{"@type":"Person","@id":"https:\/\/batijournal.com\/#\/schema\/person\/4c7c7cef61be850f1b82b3492a006f17","name":"Lucien B","image":{"@type":"ImageObject","inLanguage":"fr-FR","@id":"https:\/\/secure.gravatar.com\/avatar\/7e53691871877667ca1b4481ee38eed4e735d5de53ad94ab51ac26fd8125e321?s=96&d=mm&r=g","url":"https:\/\/secure.gravatar.com\/avatar\/7e53691871877667ca1b4481ee38eed4e735d5de53ad94ab51ac26fd8125e321?s=96&d=mm&r=g","contentUrl":"https:\/\/secure.gravatar.com\/avatar\/7e53691871877667ca1b4481ee38eed4e735d5de53ad94ab51ac26fd8125e321?s=96&d=mm&r=g","caption":"Lucien B"},"url":"https:\/\/batijournal.com\/index.php\/author\/victor\/"}]}},"_links":{"self":[{"href":"https:\/\/batijournal.com\/index.php\/wp-json\/wp\/v2\/posts\/113388","targetHints":{"allow":["GET"]}}],"collection":[{"href":"https:\/\/batijournal.com\/index.php\/wp-json\/wp\/v2\/posts"}],"about":[{"href":"https:\/\/batijournal.com\/index.php\/wp-json\/wp\/v2\/types\/post"}],"author":[{"embeddable":true,"href":"https:\/\/batijournal.com\/index.php\/wp-json\/wp\/v2\/users\/18"}],"replies":[{"embeddable":true,"href":"https:\/\/batijournal.com\/index.php\/wp-json\/wp\/v2\/comments?post=113388"}],"version-history":[{"count":0,"href":"https:\/\/batijournal.com\/index.php\/wp-json\/wp\/v2\/posts\/113388\/revisions"}],"wp:featuredmedia":[{"embeddable":true,"href":"https:\/\/batijournal.com\/index.php\/wp-json\/wp\/v2\/media\/113389"}],"wp:attachment":[{"href":"https:\/\/batijournal.com\/index.php\/wp-json\/wp\/v2\/media?parent=113388"}],"wp:term":[{"taxonomy":"category","embeddable":true,"href":"https:\/\/batijournal.com\/index.php\/wp-json\/wp\/v2\/categories?post=113388"},{"taxonomy":"post_tag","embeddable":true,"href":"https:\/\/batijournal.com\/index.php\/wp-json\/wp\/v2\/tags?post=113388"}],"curies":[{"name":"wp","href":"https:\/\/api.w.org\/{rel}","templated":true}]}}