{"id":113408,"date":"2026-04-21T09:00:03","date_gmt":"2026-04-21T07:00:03","guid":{"rendered":"https:\/\/batijournal.com\/?p=113408"},"modified":"2026-04-20T11:58:39","modified_gmt":"2026-04-20T09:58:39","slug":"se-former-aux-systemes-constructifs-bois","status":"publish","type":"post","link":"https:\/\/batijournal.com\/index.php\/se-former-aux-systemes-constructifs-bois\/113408\/","title":{"rendered":"Se former aux syst\u00e8mes constructifs bois"},"content":{"rendered":"<p class=\"p1\"><b>Dans un contexte de d\u00e9veloppement rapide de la construction bois, une formation courte propose d\u2019acqu\u00e9rir les fondamentaux des syst\u00e8mes constructifs. Objectif : faciliter l\u2019acc\u00e8s \u00e0 l\u2019emploi et accompagner la mont\u00e9e en comp\u00e9tences sur un march\u00e9 en expansion.<\/b><\/p>\n<p class=\"p1\"><span class=\"s1\"><b>Une r\u00e9ponse aux besoins de la fili\u00e8re<\/b><\/span><\/p>\n<p class=\"p3\">Face \u00e0 la croissance des solutions bois dans le b\u00e2timent, les besoins en main-d\u2019\u0153uvre qualifi\u00e9e se renforcent. Cette formation d\u2019initiation vise \u00e0 apporter une premi\u00e8re compr\u00e9hension des techniques et des m\u00e9tiers li\u00e9s \u00e0 la construction bois, notamment dans le logement individuel. Elle s\u2019adresse aussi bien aux personnes en reconversion qu\u2019aux professionnels d\u00e9butants souhaitant se sp\u00e9cialiser.<\/p>\n<p class=\"p3\"><span class=\"s1\"><b>Comprendre les syst\u00e8mes constructifs bois<\/b><\/span><\/p>\n<p class=\"p5\">Le programme permet d\u2019identifier les principaux modes constructifs :<\/p>\n<ul>\n<li>ossature bois<\/li>\n<li>poteaux-poutres<\/li>\n<li>panneaux CLT<\/li>\n<li>syst\u00e8mes pr\u00e9fabriqu\u00e9s<\/li>\n<\/ul>\n<p class=\"p4\">Les participants abordent \u00e9galement les fondamentaux : structure, isolation, gestion de la vapeur d\u2019eau et \u00e9tanch\u00e9it\u00e9.<\/p>\n<p class=\"p4\"><span class=\"s1\"><b>Une formation ancr\u00e9e dans la pratique<\/b><\/span><\/p>\n<p class=\"p5\">La formation accorde une place importante aux exercices pratiques :<\/p>\n<ul>\n<li>montage de murs \u00e0 ossature bois<\/li>\n<li>r\u00e9alisation d\u2019assemblages<\/li>\n<li>traitement des points singuliers<\/li>\n<li>int\u00e9gration des menuiseries et gestion de l\u2019\u00e9tanch\u00e9it\u00e9<\/li>\n<\/ul>\n<p class=\"p4\">Une approche concr\u00e8te qui permet d\u2019appr\u00e9hender les exigences de mise en \u0153uvre et les risques li\u00e9s aux d\u00e9fauts d\u2019ex\u00e9cution.<\/p>\n<p class=\"p4\"><span class=\"s1\"><b>Un projet europ\u00e9en pour structurer la formation bois<\/b><\/span><\/p>\n<p class=\"p3\">La formation s\u2019inscrit dans le cadre du programme <span class=\"s1\"><b>WOOD TO BUILD<\/b><\/span>, un projet de coop\u00e9ration europ\u00e9enne d\u00e9di\u00e9 au d\u00e9veloppement des comp\u00e9tences dans la construction bois.<\/p>\n<p class=\"p5\">Son objectif est double :<\/p>\n<ul>\n<li>faciliter l\u2019acc\u00e8s \u00e0 l\u2019emploi dans un secteur en forte croissance<\/li>\n<li>diffuser et harmoniser les bonnes pratiques entre les acteurs de la fili\u00e8re<\/li>\n<\/ul>\n<p class=\"p4\">En soutenant des formations courtes, concr\u00e8tes et accessibles, ce programme r\u00e9pond aux besoins en main-d\u2019\u0153uvre qualifi\u00e9e et accompagne la mont\u00e9e en puissance des syst\u00e8mes constructifs bois.<\/p>\n<p class=\"p4\"><span class=\"s1\"><b>Plusieurs sessions en 2026<\/b><\/span><\/p>\n<p class=\"p5\">La formation, organis\u00e9e sur deux jours, se d\u00e9roule \u00e0 diff\u00e9rentes dates :<\/p>\n<ul>\n<li><span class=\"s1\"><b>28 et 29 mai 2026<\/b><\/span> \u00e0 Amiens (Les Compagnons du Devoir)<\/li>\n<li><span class=\"s1\"><b>11 et 12 juin 2026<\/b><\/span> \u00e0 Arlon (Forem Wallonie Bois)<\/li>\n<li><span class=\"s1\"><b>25 et 26 juin 2026<\/b><\/span> \u00e0 Villeneuve-d\u2019Ascq (Les Compagnons du Devoir)<\/li>\n<li><span class=\"s1\"><b>1er et 2 octobre 2026<\/b><\/span><span class=\"s2\"> \u00e0 Namur<\/span><\/li>\n<\/ul>\n<p class=\"p4\">Le nombre de participants est limit\u00e9 \u00e0 12 personnes par session afin de garantir un encadrement de qualit\u00e9.<\/p>\n<p class=\"p4\"><span class=\"s1\"><b>Un dispositif accessible<\/b><\/span><\/p>\n<p class=\"p3\">La formation est gratuite pour les \u00e9tudiants et demandeurs d\u2019emploi dans le cadre du projet WOOD TO BUILD, et propos\u00e9e au tarif de 234 \u20ac pour les professionnels.<\/p>\n<p class=\"p4\">\u00c0 l\u2019issue du parcours, un certificat de participation est remis aux stagiaires.<\/p>\n<p class=\"p4\"><span class=\"s1\"><b>Un levier pour structurer la fili\u00e8re<\/b><\/span><\/p>\n<p class=\"p6\">En combinant th\u00e9orie et pratique, cette formation participe \u00e0 la professionnalisation des acteurs et \u00e0 la diffusion des savoir-faire, un enjeu cl\u00e9 pour accompagner le d\u00e9veloppement de la construction bois.<\/p>\n<p><a href=\"https:\/\/docs.google.com\/forms\/d\/e\/1FAIpQLSdKY-Mhd92vT7dlb49oVo6XnV7tH09_TnfiHcgx-HOO6esxQQ\/viewform\" target=\"_blank\" rel=\"noopener\">S\u2019inscrire<\/a><\/p>\n","protected":false},"excerpt":{"rendered":"<p>Dans un contexte de d\u00e9veloppement rapide de la construction bois, une formation courte propose d\u2019acqu\u00e9rir les fondamentaux des syst\u00e8mes constructifs. Objectif : faciliter l\u2019acc\u00e8s \u00e0 l\u2019emploi et accompagner la mont\u00e9e en comp\u00e9tences sur un march\u00e9 en expansion. Une r\u00e9ponse aux besoins de la fili\u00e8re Face \u00e0 la croissance des solutions bois dans le b\u00e2timent, les [&hellip;]<\/p>\n","protected":false},"author":1,"featured_media":113409,"comment_status":"closed","ping_status":"closed","sticky":false,"template":"","format":"standard","meta":{"_et_pb_use_builder":"","_et_pb_old_content":"","_et_gb_content_width":"","footnotes":""},"categories":[10736,10530],"tags":[],"class_list":["post-113408","post","type-post","status-publish","format-standard","has-post-thumbnail","hentry","category-a-la-une","category-actualites"],"yoast_head":"<!-- This site is optimized with the Yoast SEO plugin v27.4 - https:\/\/yoast.com\/product\/yoast-seo-wordpress\/ -->\n<title>Se former aux syst\u00e8mes constructifs bois<\/title>\n<meta name=\"robots\" content=\"index, follow, max-snippet:-1, max-image-preview:large, max-video-preview:-1\" \/>\n<link rel=\"canonical\" href=\"https:\/\/batijournal.com\/index.php\/se-former-aux-systemes-constructifs-bois\/113408\/\" \/>\n<meta property=\"og:locale\" content=\"fr_FR\" \/>\n<meta property=\"og:type\" content=\"article\" \/>\n<meta property=\"og:title\" content=\"Se former aux syst\u00e8mes constructifs bois\" \/>\n<meta property=\"og:description\" content=\"Dans un contexte de d\u00e9veloppement rapide de la construction bois, une formation courte propose d\u2019acqu\u00e9rir les fondamentaux des syst\u00e8mes constructifs. Objectif : faciliter l\u2019acc\u00e8s \u00e0 l\u2019emploi et accompagner la mont\u00e9e en comp\u00e9tences sur un march\u00e9 en expansion. Une r\u00e9ponse aux besoins de la fili\u00e8re Face \u00e0 la croissance des solutions bois dans le b\u00e2timent, les [&hellip;]\" \/>\n<meta property=\"og:url\" content=\"https:\/\/batijournal.com\/index.php\/se-former-aux-systemes-constructifs-bois\/113408\/\" \/>\n<meta property=\"og:site_name\" content=\"Batijournal\" \/>\n<meta property=\"article:published_time\" content=\"2026-04-21T07:00:03+00:00\" \/>\n<meta property=\"og:image\" content=\"https:\/\/batijournal.com\/wp-content\/uploads\/2026\/04\/content-1.png\" \/>\n\t<meta property=\"og:image:width\" content=\"1280\" \/>\n\t<meta property=\"og:image:height\" content=\"614\" \/>\n\t<meta property=\"og:image:type\" content=\"image\/png\" \/>\n<meta name=\"author\" content=\"Bati-journal\" \/>\n<meta name=\"twitter:card\" content=\"summary_large_image\" \/>\n<meta name=\"twitter:creator\" content=\"@bati_journal\" \/>\n<meta name=\"twitter:site\" content=\"@bati_journal\" \/>\n<meta name=\"twitter:label1\" content=\"\u00c9crit par\" \/>\n\t<meta name=\"twitter:data1\" content=\"Bati-journal\" \/>\n\t<meta name=\"twitter:label2\" content=\"Dur\u00e9e de lecture estim\u00e9e\" \/>\n\t<meta name=\"twitter:data2\" content=\"3 minutes\" \/>\n<script type=\"application\/ld+json\" class=\"yoast-schema-graph\">{\"@context\":\"https:\\\/\\\/schema.org\",\"@graph\":[{\"@type\":\"Article\",\"@id\":\"https:\\\/\\\/batijournal.com\\\/index.php\\\/se-former-aux-systemes-constructifs-bois\\\/113408\\\/#article\",\"isPartOf\":{\"@id\":\"https:\\\/\\\/batijournal.com\\\/index.php\\\/se-former-aux-systemes-constructifs-bois\\\/113408\\\/\"},\"author\":{\"name\":\"Bati-journal\",\"@id\":\"https:\\\/\\\/batijournal.com\\\/#\\\/schema\\\/person\\\/6a657e8967569e1b299972574848aa76\"},\"headline\":\"Se former aux syst\u00e8mes constructifs bois\",\"datePublished\":\"2026-04-21T07:00:03+00:00\",\"mainEntityOfPage\":{\"@id\":\"https:\\\/\\\/batijournal.com\\\/index.php\\\/se-former-aux-systemes-constructifs-bois\\\/113408\\\/\"},\"wordCount\":471,\"image\":{\"@id\":\"https:\\\/\\\/batijournal.com\\\/index.php\\\/se-former-aux-systemes-constructifs-bois\\\/113408\\\/#primaryimage\"},\"thumbnailUrl\":\"https:\\\/\\\/batijournal.com\\\/wp-content\\\/uploads\\\/2026\\\/04\\\/content-1.png\",\"articleSection\":[\"A la Une\",\"Actualit\u00e9s\"],\"inLanguage\":\"fr-FR\"},{\"@type\":\"WebPage\",\"@id\":\"https:\\\/\\\/batijournal.com\\\/index.php\\\/se-former-aux-systemes-constructifs-bois\\\/113408\\\/\",\"url\":\"https:\\\/\\\/batijournal.com\\\/index.php\\\/se-former-aux-systemes-constructifs-bois\\\/113408\\\/\",\"name\":\"Se former aux syst\u00e8mes constructifs bois\",\"isPartOf\":{\"@id\":\"https:\\\/\\\/batijournal.com\\\/#website\"},\"primaryImageOfPage\":{\"@id\":\"https:\\\/\\\/batijournal.com\\\/index.php\\\/se-former-aux-systemes-constructifs-bois\\\/113408\\\/#primaryimage\"},\"image\":{\"@id\":\"https:\\\/\\\/batijournal.com\\\/index.php\\\/se-former-aux-systemes-constructifs-bois\\\/113408\\\/#primaryimage\"},\"thumbnailUrl\":\"https:\\\/\\\/batijournal.com\\\/wp-content\\\/uploads\\\/2026\\\/04\\\/content-1.png\",\"datePublished\":\"2026-04-21T07:00:03+00:00\",\"author\":{\"@id\":\"https:\\\/\\\/batijournal.com\\\/#\\\/schema\\\/person\\\/6a657e8967569e1b299972574848aa76\"},\"breadcrumb\":{\"@id\":\"https:\\\/\\\/batijournal.com\\\/index.php\\\/se-former-aux-systemes-constructifs-bois\\\/113408\\\/#breadcrumb\"},\"inLanguage\":\"fr-FR\",\"potentialAction\":[{\"@type\":\"ReadAction\",\"target\":[\"https:\\\/\\\/batijournal.com\\\/index.php\\\/se-former-aux-systemes-constructifs-bois\\\/113408\\\/\"]}]},{\"@type\":\"ImageObject\",\"inLanguage\":\"fr-FR\",\"@id\":\"https:\\\/\\\/batijournal.com\\\/index.php\\\/se-former-aux-systemes-constructifs-bois\\\/113408\\\/#primaryimage\",\"url\":\"https:\\\/\\\/batijournal.com\\\/wp-content\\\/uploads\\\/2026\\\/04\\\/content-1.png\",\"contentUrl\":\"https:\\\/\\\/batijournal.com\\\/wp-content\\\/uploads\\\/2026\\\/04\\\/content-1.png\",\"width\":1280,\"height\":614},{\"@type\":\"BreadcrumbList\",\"@id\":\"https:\\\/\\\/batijournal.com\\\/index.php\\\/se-former-aux-systemes-constructifs-bois\\\/113408\\\/#breadcrumb\",\"itemListElement\":[{\"@type\":\"ListItem\",\"position\":1,\"name\":\"Accueil\",\"item\":\"https:\\\/\\\/batijournal.com\\\/\"},{\"@type\":\"ListItem\",\"position\":2,\"name\":\"A la Une\",\"item\":\"https:\\\/\\\/batijournal.com\\\/index.php\\\/category\\\/a-la-une\\\/\"},{\"@type\":\"ListItem\",\"position\":3,\"name\":\"Se former aux syst\u00e8mes constructifs bois\"}]},{\"@type\":\"WebSite\",\"@id\":\"https:\\\/\\\/batijournal.com\\\/#website\",\"url\":\"https:\\\/\\\/batijournal.com\\\/\",\"name\":\"Batijournal\",\"description\":\"L&#039;actualit\u00e9 du b\u00e2timent\",\"potentialAction\":[{\"@type\":\"SearchAction\",\"target\":{\"@type\":\"EntryPoint\",\"urlTemplate\":\"https:\\\/\\\/batijournal.com\\\/?s={search_term_string}\"},\"query-input\":{\"@type\":\"PropertyValueSpecification\",\"valueRequired\":true,\"valueName\":\"search_term_string\"}}],\"inLanguage\":\"fr-FR\"},{\"@type\":\"Person\",\"@id\":\"https:\\\/\\\/batijournal.com\\\/#\\\/schema\\\/person\\\/6a657e8967569e1b299972574848aa76\",\"name\":\"Bati-journal\",\"image\":{\"@type\":\"ImageObject\",\"inLanguage\":\"fr-FR\",\"@id\":\"https:\\\/\\\/secure.gravatar.com\\\/avatar\\\/a64364ea26392f9b4dd47e017ddaec74ff03aefc073b49e492e847201258f777?s=96&d=mm&r=g\",\"url\":\"https:\\\/\\\/secure.gravatar.com\\\/avatar\\\/a64364ea26392f9b4dd47e017ddaec74ff03aefc073b49e492e847201258f777?s=96&d=mm&r=g\",\"contentUrl\":\"https:\\\/\\\/secure.gravatar.com\\\/avatar\\\/a64364ea26392f9b4dd47e017ddaec74ff03aefc073b49e492e847201258f777?s=96&d=mm&r=g\",\"caption\":\"Bati-journal\"},\"url\":\"https:\\\/\\\/batijournal.com\\\/index.php\\\/author\\\/elodie\\\/\"}]}<\/script>\n<!-- \/ Yoast SEO plugin. -->","yoast_head_json":{"title":"Se former aux syst\u00e8mes constructifs bois","robots":{"index":"index","follow":"follow","max-snippet":"max-snippet:-1","max-image-preview":"max-image-preview:large","max-video-preview":"max-video-preview:-1"},"canonical":"https:\/\/batijournal.com\/index.php\/se-former-aux-systemes-constructifs-bois\/113408\/","og_locale":"fr_FR","og_type":"article","og_title":"Se former aux syst\u00e8mes constructifs bois","og_description":"Dans un contexte de d\u00e9veloppement rapide de la construction bois, une formation courte propose d\u2019acqu\u00e9rir les fondamentaux des syst\u00e8mes constructifs. Objectif : faciliter l\u2019acc\u00e8s \u00e0 l\u2019emploi et accompagner la mont\u00e9e en comp\u00e9tences sur un march\u00e9 en expansion. Une r\u00e9ponse aux besoins de la fili\u00e8re Face \u00e0 la croissance des solutions bois dans le b\u00e2timent, les [&hellip;]","og_url":"https:\/\/batijournal.com\/index.php\/se-former-aux-systemes-constructifs-bois\/113408\/","og_site_name":"Batijournal","article_published_time":"2026-04-21T07:00:03+00:00","og_image":[{"width":1280,"height":614,"url":"https:\/\/batijournal.com\/wp-content\/uploads\/2026\/04\/content-1.png","type":"image\/png"}],"author":"Bati-journal","twitter_card":"summary_large_image","twitter_creator":"@bati_journal","twitter_site":"@bati_journal","twitter_misc":{"\u00c9crit par":"Bati-journal","Dur\u00e9e de lecture estim\u00e9e":"3 minutes"},"schema":{"@context":"https:\/\/schema.org","@graph":[{"@type":"Article","@id":"https:\/\/batijournal.com\/index.php\/se-former-aux-systemes-constructifs-bois\/113408\/#article","isPartOf":{"@id":"https:\/\/batijournal.com\/index.php\/se-former-aux-systemes-constructifs-bois\/113408\/"},"author":{"name":"Bati-journal","@id":"https:\/\/batijournal.com\/#\/schema\/person\/6a657e8967569e1b299972574848aa76"},"headline":"Se former aux syst\u00e8mes constructifs bois","datePublished":"2026-04-21T07:00:03+00:00","mainEntityOfPage":{"@id":"https:\/\/batijournal.com\/index.php\/se-former-aux-systemes-constructifs-bois\/113408\/"},"wordCount":471,"image":{"@id":"https:\/\/batijournal.com\/index.php\/se-former-aux-systemes-constructifs-bois\/113408\/#primaryimage"},"thumbnailUrl":"https:\/\/batijournal.com\/wp-content\/uploads\/2026\/04\/content-1.png","articleSection":["A la Une","Actualit\u00e9s"],"inLanguage":"fr-FR"},{"@type":"WebPage","@id":"https:\/\/batijournal.com\/index.php\/se-former-aux-systemes-constructifs-bois\/113408\/","url":"https:\/\/batijournal.com\/index.php\/se-former-aux-systemes-constructifs-bois\/113408\/","name":"Se former aux syst\u00e8mes constructifs bois","isPartOf":{"@id":"https:\/\/batijournal.com\/#website"},"primaryImageOfPage":{"@id":"https:\/\/batijournal.com\/index.php\/se-former-aux-systemes-constructifs-bois\/113408\/#primaryimage"},"image":{"@id":"https:\/\/batijournal.com\/index.php\/se-former-aux-systemes-constructifs-bois\/113408\/#primaryimage"},"thumbnailUrl":"https:\/\/batijournal.com\/wp-content\/uploads\/2026\/04\/content-1.png","datePublished":"2026-04-21T07:00:03+00:00","author":{"@id":"https:\/\/batijournal.com\/#\/schema\/person\/6a657e8967569e1b299972574848aa76"},"breadcrumb":{"@id":"https:\/\/batijournal.com\/index.php\/se-former-aux-systemes-constructifs-bois\/113408\/#breadcrumb"},"inLanguage":"fr-FR","potentialAction":[{"@type":"ReadAction","target":["https:\/\/batijournal.com\/index.php\/se-former-aux-systemes-constructifs-bois\/113408\/"]}]},{"@type":"ImageObject","inLanguage":"fr-FR","@id":"https:\/\/batijournal.com\/index.php\/se-former-aux-systemes-constructifs-bois\/113408\/#primaryimage","url":"https:\/\/batijournal.com\/wp-content\/uploads\/2026\/04\/content-1.png","contentUrl":"https:\/\/batijournal.com\/wp-content\/uploads\/2026\/04\/content-1.png","width":1280,"height":614},{"@type":"BreadcrumbList","@id":"https:\/\/batijournal.com\/index.php\/se-former-aux-systemes-constructifs-bois\/113408\/#breadcrumb","itemListElement":[{"@type":"ListItem","position":1,"name":"Accueil","item":"https:\/\/batijournal.com\/"},{"@type":"ListItem","position":2,"name":"A la Une","item":"https:\/\/batijournal.com\/index.php\/category\/a-la-une\/"},{"@type":"ListItem","position":3,"name":"Se former aux syst\u00e8mes constructifs bois"}]},{"@type":"WebSite","@id":"https:\/\/batijournal.com\/#website","url":"https:\/\/batijournal.com\/","name":"Batijournal","description":"L&#039;actualit\u00e9 du b\u00e2timent","potentialAction":[{"@type":"SearchAction","target":{"@type":"EntryPoint","urlTemplate":"https:\/\/batijournal.com\/?s={search_term_string}"},"query-input":{"@type":"PropertyValueSpecification","valueRequired":true,"valueName":"search_term_string"}}],"inLanguage":"fr-FR"},{"@type":"Person","@id":"https:\/\/batijournal.com\/#\/schema\/person\/6a657e8967569e1b299972574848aa76","name":"Bati-journal","image":{"@type":"ImageObject","inLanguage":"fr-FR","@id":"https:\/\/secure.gravatar.com\/avatar\/a64364ea26392f9b4dd47e017ddaec74ff03aefc073b49e492e847201258f777?s=96&d=mm&r=g","url":"https:\/\/secure.gravatar.com\/avatar\/a64364ea26392f9b4dd47e017ddaec74ff03aefc073b49e492e847201258f777?s=96&d=mm&r=g","contentUrl":"https:\/\/secure.gravatar.com\/avatar\/a64364ea26392f9b4dd47e017ddaec74ff03aefc073b49e492e847201258f777?s=96&d=mm&r=g","caption":"Bati-journal"},"url":"https:\/\/batijournal.com\/index.php\/author\/elodie\/"}]}},"_links":{"self":[{"href":"https:\/\/batijournal.com\/index.php\/wp-json\/wp\/v2\/posts\/113408","targetHints":{"allow":["GET"]}}],"collection":[{"href":"https:\/\/batijournal.com\/index.php\/wp-json\/wp\/v2\/posts"}],"about":[{"href":"https:\/\/batijournal.com\/index.php\/wp-json\/wp\/v2\/types\/post"}],"author":[{"embeddable":true,"href":"https:\/\/batijournal.com\/index.php\/wp-json\/wp\/v2\/users\/1"}],"replies":[{"embeddable":true,"href":"https:\/\/batijournal.com\/index.php\/wp-json\/wp\/v2\/comments?post=113408"}],"version-history":[{"count":0,"href":"https:\/\/batijournal.com\/index.php\/wp-json\/wp\/v2\/posts\/113408\/revisions"}],"wp:featuredmedia":[{"embeddable":true,"href":"https:\/\/batijournal.com\/index.php\/wp-json\/wp\/v2\/media\/113409"}],"wp:attachment":[{"href":"https:\/\/batijournal.com\/index.php\/wp-json\/wp\/v2\/media?parent=113408"}],"wp:term":[{"taxonomy":"category","embeddable":true,"href":"https:\/\/batijournal.com\/index.php\/wp-json\/wp\/v2\/categories?post=113408"},{"taxonomy":"post_tag","embeddable":true,"href":"https:\/\/batijournal.com\/index.php\/wp-json\/wp\/v2\/tags?post=113408"}],"curies":[{"name":"wp","href":"https:\/\/api.w.org\/{rel}","templated":true}]}}