{"id":113416,"date":"2026-04-23T09:00:15","date_gmt":"2026-04-23T07:00:15","guid":{"rendered":"https:\/\/batijournal.com\/?p=113416"},"modified":"2026-04-21T09:53:52","modified_gmt":"2026-04-21T07:53:52","slug":"projet-wood-a-grenoble-un-demonstrateur-bois-bas-carbone","status":"publish","type":"post","link":"https:\/\/batijournal.com\/index.php\/projet-wood-a-grenoble-un-demonstrateur-bois-bas-carbone\/113416\/","title":{"rendered":"Projet Wood \u00e0 Grenoble : un d\u00e9monstrateur bois bas carbone"},"content":{"rendered":"<p><b>\u00c0 <\/b><b>Grenoble<\/b><b>, le programme tertiaire Wood s\u2019impose comme un d\u00e9monstrateur des nouvelles pratiques de construction durable. Port\u00e9 par <\/b><b>VINCI Immobilier<\/b><b>, ce projet associe structure bois, conception bioclimatique et solutions techniques bas carbone.<\/b><\/p>\n<p class=\"p1\"><span class=\"s1\"><b>Une architecture contrainte, optimis\u00e9e par le bois<\/b><\/span><\/p>\n<p class=\"p3\">Implant\u00e9 dans la ZAC Presqu\u2019\u00eele, le projet prend place sur une parcelle triangulaire particuli\u00e8rement contrainte, entre une voirie en pente et le Drac. Cette configuration a conduit \u00e0 une r\u00e9ponse architecturale sp\u00e9cifique : un b\u00e2timent en structure bois de sept niveaux, organis\u00e9 en terrasses successives. Ce dispositif permet :<\/p>\n<ul>\n<li>d\u2019optimiser les apports de lumi\u00e8re naturelle<\/li>\n<li>de valoriser les vues<\/li>\n<li>d\u2019am\u00e9liorer les performances \u00e9nerg\u00e9tiques<\/li>\n<\/ul>\n<p class=\"p5\">L\u2019ensemble s\u2019inscrit dans une ambition environnementale \u00e9lev\u00e9e, avec un objectif de niveau E3C2.<\/p>\n<p class=\"p5\"><span class=\"s1\"><b>Menuiseries et fa\u00e7ade : un enjeu cl\u00e9<\/b><\/span><\/p>\n<p class=\"p3\">Dans ce contexte, le traitement de l\u2019enveloppe joue un r\u00f4le central. Les solutions d\u00e9velopp\u00e9es par <span class=\"s2\">WICONA <\/span>participent directement aux performances globales du b\u00e2timent. Les menuiseries int\u00e8grent de l\u2019aluminium bas carbone recycl\u00e9 Hydro CIRCAL\u00ae 75R, contribuant \u00e0 la r\u00e9duction de l\u2019empreinte environnementale tout en garantissant durabilit\u00e9 et recyclabilit\u00e9.<\/p>\n<p class=\"p3\"><span class=\"s1\"><b>Une mise en \u0153uvre adapt\u00e9e \u00e0 l\u2019ossature bois<\/b><\/span><\/p>\n<p class=\"p4\">Le projet associe :<\/p>\n<ul>\n<li>des fen\u00eatres WICLINE 65 Evo \u00e0 ouvrant cach\u00e9<\/li>\n<li>un mur rideau WICTEC 50<\/li>\n<\/ul>\n<p class=\"p3\">Leur int\u00e9gration en pose tunnel dans une fa\u00e7ade \u00e0 ossature bois a n\u00e9cessit\u00e9 une mise en \u0153uvre pr\u00e9cise, mobilisant le savoir-faire de l\u2019entreprise Raffin. Cette configuration permet d\u2019assurer la continuit\u00e9 de l\u2019enveloppe, tout en r\u00e9pondant aux exigences de performance thermique et d\u2019\u00e9tanch\u00e9it\u00e9.<\/p>\n<p class=\"p5\"><span class=\"s1\"><b>Une fa\u00e7ade au service de l\u2019architecture<\/b><\/span><\/p>\n<p class=\"p4\">Au-del\u00e0 des aspects techniques, les solutions mises en \u0153uvre participent \u00e0 l\u2019\u00e9criture du projet :<\/p>\n<ul>\n<li>grandes ouvertures sur les terrasses<\/li>\n<li>fa\u00e7ades rythm\u00e9es<\/li>\n<li>transparence du hall en double hauteur<\/li>\n<\/ul>\n<p class=\"p5\">Ces choix contribuent \u00e0 la qualit\u00e9 des espaces int\u00e9rieurs et au confort des usagers, en lien avec les nouveaux standards du tertiaire.<\/p>\n<p class=\"p5\"><span class=\"s1\"><b>Un projet embl\u00e9matique des \u00e9volutions du secteur<\/b><\/span><\/p>\n<p class=\"p3\">Avec Wood, la construction bois confirme sa capacit\u00e9 \u00e0 r\u00e9pondre \u00e0 des programmes complexes, en int\u00e9grant des solutions techniques performantes et des mat\u00e9riaux \u00e0 faible empreinte carbone.<\/p>\n<p class=\"p6\">Ce type d\u2019op\u00e9ration illustre la convergence entre structure bois, industrialisation des composants et optimisation de l\u2019enveloppe, au c\u0153ur des dynamiques actuelles du b\u00e2timent.<\/p>\n<p>Photos \u00a9 Nicolas Trouillard<\/p>\n","protected":false},"excerpt":{"rendered":"<p>\u00c0 Grenoble, le programme tertiaire Wood s\u2019impose comme un d\u00e9monstrateur des nouvelles pratiques de construction durable. Port\u00e9 par VINCI Immobilier, ce projet associe structure bois, conception bioclimatique et solutions techniques bas carbone. Une architecture contrainte, optimis\u00e9e par le bois Implant\u00e9 dans la ZAC Presqu\u2019\u00eele, le projet prend place sur une parcelle triangulaire particuli\u00e8rement contrainte, entre [&hellip;]<\/p>\n","protected":false},"author":1,"featured_media":113415,"comment_status":"closed","ping_status":"closed","sticky":false,"template":"","format":"standard","meta":{"_et_pb_use_builder":"","_et_pb_old_content":"","_et_gb_content_width":"","footnotes":""},"categories":[10736,10530],"tags":[],"class_list":["post-113416","post","type-post","status-publish","format-standard","has-post-thumbnail","hentry","category-a-la-une","category-actualites"],"yoast_head":"<!-- This site is optimized with the Yoast SEO plugin v27.4 - https:\/\/yoast.com\/product\/yoast-seo-wordpress\/ -->\n<title>Projet Wood \u00e0 Grenoble : un d\u00e9monstrateur bois bas carbone<\/title>\n<meta name=\"robots\" content=\"index, follow, max-snippet:-1, max-image-preview:large, max-video-preview:-1\" \/>\n<link rel=\"canonical\" href=\"https:\/\/batijournal.com\/index.php\/projet-wood-a-grenoble-un-demonstrateur-bois-bas-carbone\/113416\/\" \/>\n<meta property=\"og:locale\" content=\"fr_FR\" \/>\n<meta property=\"og:type\" content=\"article\" \/>\n<meta property=\"og:title\" content=\"Projet Wood \u00e0 Grenoble : un d\u00e9monstrateur bois bas carbone\" \/>\n<meta property=\"og:description\" content=\"\u00c0 Grenoble, le programme tertiaire Wood s\u2019impose comme un d\u00e9monstrateur des nouvelles pratiques de construction durable. Port\u00e9 par VINCI Immobilier, ce projet associe structure bois, conception bioclimatique et solutions techniques bas carbone. Une architecture contrainte, optimis\u00e9e par le bois Implant\u00e9 dans la ZAC Presqu\u2019\u00eele, le projet prend place sur une parcelle triangulaire particuli\u00e8rement contrainte, entre [&hellip;]\" \/>\n<meta property=\"og:url\" content=\"https:\/\/batijournal.com\/index.php\/projet-wood-a-grenoble-un-demonstrateur-bois-bas-carbone\/113416\/\" \/>\n<meta property=\"og:site_name\" content=\"Batijournal\" \/>\n<meta property=\"article:published_time\" content=\"2026-04-23T07:00:15+00:00\" \/>\n<meta property=\"og:image\" content=\"https:\/\/batijournal.com\/wp-content\/uploads\/2026\/04\/PH_EXT_WIC_WOOD-GrenobleCTrouil-lard-_Fr-fr_Final_0125207-980x653-1.jpg\" \/>\n\t<meta property=\"og:image:width\" content=\"980\" \/>\n\t<meta property=\"og:image:height\" content=\"653\" \/>\n\t<meta property=\"og:image:type\" content=\"image\/jpeg\" \/>\n<meta name=\"author\" content=\"Bati-journal\" \/>\n<meta name=\"twitter:card\" content=\"summary_large_image\" \/>\n<meta name=\"twitter:creator\" content=\"@bati_journal\" \/>\n<meta name=\"twitter:site\" content=\"@bati_journal\" \/>\n<meta name=\"twitter:label1\" content=\"\u00c9crit par\" \/>\n\t<meta name=\"twitter:data1\" content=\"Bati-journal\" \/>\n\t<meta name=\"twitter:label2\" content=\"Dur\u00e9e de lecture estim\u00e9e\" \/>\n\t<meta name=\"twitter:data2\" content=\"2 minutes\" \/>\n<script type=\"application\/ld+json\" class=\"yoast-schema-graph\">{\"@context\":\"https:\\\/\\\/schema.org\",\"@graph\":[{\"@type\":\"Article\",\"@id\":\"https:\\\/\\\/batijournal.com\\\/index.php\\\/projet-wood-a-grenoble-un-demonstrateur-bois-bas-carbone\\\/113416\\\/#article\",\"isPartOf\":{\"@id\":\"https:\\\/\\\/batijournal.com\\\/index.php\\\/projet-wood-a-grenoble-un-demonstrateur-bois-bas-carbone\\\/113416\\\/\"},\"author\":{\"name\":\"Bati-journal\",\"@id\":\"https:\\\/\\\/batijournal.com\\\/#\\\/schema\\\/person\\\/6a657e8967569e1b299972574848aa76\"},\"headline\":\"Projet Wood \u00e0 Grenoble : un d\u00e9monstrateur bois bas carbone\",\"datePublished\":\"2026-04-23T07:00:15+00:00\",\"mainEntityOfPage\":{\"@id\":\"https:\\\/\\\/batijournal.com\\\/index.php\\\/projet-wood-a-grenoble-un-demonstrateur-bois-bas-carbone\\\/113416\\\/\"},\"wordCount\":398,\"image\":{\"@id\":\"https:\\\/\\\/batijournal.com\\\/index.php\\\/projet-wood-a-grenoble-un-demonstrateur-bois-bas-carbone\\\/113416\\\/#primaryimage\"},\"thumbnailUrl\":\"https:\\\/\\\/batijournal.com\\\/wp-content\\\/uploads\\\/2026\\\/04\\\/PH_EXT_WIC_WOOD-GrenobleCTrouil-lard-_Fr-fr_Final_0125207-980x653-1.jpg\",\"articleSection\":[\"A la Une\",\"Actualit\u00e9s\"],\"inLanguage\":\"fr-FR\"},{\"@type\":\"WebPage\",\"@id\":\"https:\\\/\\\/batijournal.com\\\/index.php\\\/projet-wood-a-grenoble-un-demonstrateur-bois-bas-carbone\\\/113416\\\/\",\"url\":\"https:\\\/\\\/batijournal.com\\\/index.php\\\/projet-wood-a-grenoble-un-demonstrateur-bois-bas-carbone\\\/113416\\\/\",\"name\":\"Projet Wood \u00e0 Grenoble : un d\u00e9monstrateur bois bas carbone\",\"isPartOf\":{\"@id\":\"https:\\\/\\\/batijournal.com\\\/#website\"},\"primaryImageOfPage\":{\"@id\":\"https:\\\/\\\/batijournal.com\\\/index.php\\\/projet-wood-a-grenoble-un-demonstrateur-bois-bas-carbone\\\/113416\\\/#primaryimage\"},\"image\":{\"@id\":\"https:\\\/\\\/batijournal.com\\\/index.php\\\/projet-wood-a-grenoble-un-demonstrateur-bois-bas-carbone\\\/113416\\\/#primaryimage\"},\"thumbnailUrl\":\"https:\\\/\\\/batijournal.com\\\/wp-content\\\/uploads\\\/2026\\\/04\\\/PH_EXT_WIC_WOOD-GrenobleCTrouil-lard-_Fr-fr_Final_0125207-980x653-1.jpg\",\"datePublished\":\"2026-04-23T07:00:15+00:00\",\"author\":{\"@id\":\"https:\\\/\\\/batijournal.com\\\/#\\\/schema\\\/person\\\/6a657e8967569e1b299972574848aa76\"},\"breadcrumb\":{\"@id\":\"https:\\\/\\\/batijournal.com\\\/index.php\\\/projet-wood-a-grenoble-un-demonstrateur-bois-bas-carbone\\\/113416\\\/#breadcrumb\"},\"inLanguage\":\"fr-FR\",\"potentialAction\":[{\"@type\":\"ReadAction\",\"target\":[\"https:\\\/\\\/batijournal.com\\\/index.php\\\/projet-wood-a-grenoble-un-demonstrateur-bois-bas-carbone\\\/113416\\\/\"]}]},{\"@type\":\"ImageObject\",\"inLanguage\":\"fr-FR\",\"@id\":\"https:\\\/\\\/batijournal.com\\\/index.php\\\/projet-wood-a-grenoble-un-demonstrateur-bois-bas-carbone\\\/113416\\\/#primaryimage\",\"url\":\"https:\\\/\\\/batijournal.com\\\/wp-content\\\/uploads\\\/2026\\\/04\\\/PH_EXT_WIC_WOOD-GrenobleCTrouil-lard-_Fr-fr_Final_0125207-980x653-1.jpg\",\"contentUrl\":\"https:\\\/\\\/batijournal.com\\\/wp-content\\\/uploads\\\/2026\\\/04\\\/PH_EXT_WIC_WOOD-GrenobleCTrouil-lard-_Fr-fr_Final_0125207-980x653-1.jpg\",\"width\":980,\"height\":653},{\"@type\":\"BreadcrumbList\",\"@id\":\"https:\\\/\\\/batijournal.com\\\/index.php\\\/projet-wood-a-grenoble-un-demonstrateur-bois-bas-carbone\\\/113416\\\/#breadcrumb\",\"itemListElement\":[{\"@type\":\"ListItem\",\"position\":1,\"name\":\"Accueil\",\"item\":\"https:\\\/\\\/batijournal.com\\\/\"},{\"@type\":\"ListItem\",\"position\":2,\"name\":\"A la Une\",\"item\":\"https:\\\/\\\/batijournal.com\\\/index.php\\\/category\\\/a-la-une\\\/\"},{\"@type\":\"ListItem\",\"position\":3,\"name\":\"Projet Wood \u00e0 Grenoble : un d\u00e9monstrateur bois bas carbone\"}]},{\"@type\":\"WebSite\",\"@id\":\"https:\\\/\\\/batijournal.com\\\/#website\",\"url\":\"https:\\\/\\\/batijournal.com\\\/\",\"name\":\"Batijournal\",\"description\":\"L&#039;actualit\u00e9 du b\u00e2timent\",\"potentialAction\":[{\"@type\":\"SearchAction\",\"target\":{\"@type\":\"EntryPoint\",\"urlTemplate\":\"https:\\\/\\\/batijournal.com\\\/?s={search_term_string}\"},\"query-input\":{\"@type\":\"PropertyValueSpecification\",\"valueRequired\":true,\"valueName\":\"search_term_string\"}}],\"inLanguage\":\"fr-FR\"},{\"@type\":\"Person\",\"@id\":\"https:\\\/\\\/batijournal.com\\\/#\\\/schema\\\/person\\\/6a657e8967569e1b299972574848aa76\",\"name\":\"Bati-journal\",\"image\":{\"@type\":\"ImageObject\",\"inLanguage\":\"fr-FR\",\"@id\":\"https:\\\/\\\/secure.gravatar.com\\\/avatar\\\/a64364ea26392f9b4dd47e017ddaec74ff03aefc073b49e492e847201258f777?s=96&d=mm&r=g\",\"url\":\"https:\\\/\\\/secure.gravatar.com\\\/avatar\\\/a64364ea26392f9b4dd47e017ddaec74ff03aefc073b49e492e847201258f777?s=96&d=mm&r=g\",\"contentUrl\":\"https:\\\/\\\/secure.gravatar.com\\\/avatar\\\/a64364ea26392f9b4dd47e017ddaec74ff03aefc073b49e492e847201258f777?s=96&d=mm&r=g\",\"caption\":\"Bati-journal\"},\"url\":\"https:\\\/\\\/batijournal.com\\\/index.php\\\/author\\\/elodie\\\/\"}]}<\/script>\n<!-- \/ Yoast SEO plugin. -->","yoast_head_json":{"title":"Projet Wood \u00e0 Grenoble : un d\u00e9monstrateur bois bas carbone","robots":{"index":"index","follow":"follow","max-snippet":"max-snippet:-1","max-image-preview":"max-image-preview:large","max-video-preview":"max-video-preview:-1"},"canonical":"https:\/\/batijournal.com\/index.php\/projet-wood-a-grenoble-un-demonstrateur-bois-bas-carbone\/113416\/","og_locale":"fr_FR","og_type":"article","og_title":"Projet Wood \u00e0 Grenoble : un d\u00e9monstrateur bois bas carbone","og_description":"\u00c0 Grenoble, le programme tertiaire Wood s\u2019impose comme un d\u00e9monstrateur des nouvelles pratiques de construction durable. Port\u00e9 par VINCI Immobilier, ce projet associe structure bois, conception bioclimatique et solutions techniques bas carbone. Une architecture contrainte, optimis\u00e9e par le bois Implant\u00e9 dans la ZAC Presqu\u2019\u00eele, le projet prend place sur une parcelle triangulaire particuli\u00e8rement contrainte, entre [&hellip;]","og_url":"https:\/\/batijournal.com\/index.php\/projet-wood-a-grenoble-un-demonstrateur-bois-bas-carbone\/113416\/","og_site_name":"Batijournal","article_published_time":"2026-04-23T07:00:15+00:00","og_image":[{"width":980,"height":653,"url":"https:\/\/batijournal.com\/wp-content\/uploads\/2026\/04\/PH_EXT_WIC_WOOD-GrenobleCTrouil-lard-_Fr-fr_Final_0125207-980x653-1.jpg","type":"image\/jpeg"}],"author":"Bati-journal","twitter_card":"summary_large_image","twitter_creator":"@bati_journal","twitter_site":"@bati_journal","twitter_misc":{"\u00c9crit par":"Bati-journal","Dur\u00e9e de lecture estim\u00e9e":"2 minutes"},"schema":{"@context":"https:\/\/schema.org","@graph":[{"@type":"Article","@id":"https:\/\/batijournal.com\/index.php\/projet-wood-a-grenoble-un-demonstrateur-bois-bas-carbone\/113416\/#article","isPartOf":{"@id":"https:\/\/batijournal.com\/index.php\/projet-wood-a-grenoble-un-demonstrateur-bois-bas-carbone\/113416\/"},"author":{"name":"Bati-journal","@id":"https:\/\/batijournal.com\/#\/schema\/person\/6a657e8967569e1b299972574848aa76"},"headline":"Projet Wood \u00e0 Grenoble : un d\u00e9monstrateur bois bas carbone","datePublished":"2026-04-23T07:00:15+00:00","mainEntityOfPage":{"@id":"https:\/\/batijournal.com\/index.php\/projet-wood-a-grenoble-un-demonstrateur-bois-bas-carbone\/113416\/"},"wordCount":398,"image":{"@id":"https:\/\/batijournal.com\/index.php\/projet-wood-a-grenoble-un-demonstrateur-bois-bas-carbone\/113416\/#primaryimage"},"thumbnailUrl":"https:\/\/batijournal.com\/wp-content\/uploads\/2026\/04\/PH_EXT_WIC_WOOD-GrenobleCTrouil-lard-_Fr-fr_Final_0125207-980x653-1.jpg","articleSection":["A la Une","Actualit\u00e9s"],"inLanguage":"fr-FR"},{"@type":"WebPage","@id":"https:\/\/batijournal.com\/index.php\/projet-wood-a-grenoble-un-demonstrateur-bois-bas-carbone\/113416\/","url":"https:\/\/batijournal.com\/index.php\/projet-wood-a-grenoble-un-demonstrateur-bois-bas-carbone\/113416\/","name":"Projet Wood \u00e0 Grenoble : un d\u00e9monstrateur bois bas carbone","isPartOf":{"@id":"https:\/\/batijournal.com\/#website"},"primaryImageOfPage":{"@id":"https:\/\/batijournal.com\/index.php\/projet-wood-a-grenoble-un-demonstrateur-bois-bas-carbone\/113416\/#primaryimage"},"image":{"@id":"https:\/\/batijournal.com\/index.php\/projet-wood-a-grenoble-un-demonstrateur-bois-bas-carbone\/113416\/#primaryimage"},"thumbnailUrl":"https:\/\/batijournal.com\/wp-content\/uploads\/2026\/04\/PH_EXT_WIC_WOOD-GrenobleCTrouil-lard-_Fr-fr_Final_0125207-980x653-1.jpg","datePublished":"2026-04-23T07:00:15+00:00","author":{"@id":"https:\/\/batijournal.com\/#\/schema\/person\/6a657e8967569e1b299972574848aa76"},"breadcrumb":{"@id":"https:\/\/batijournal.com\/index.php\/projet-wood-a-grenoble-un-demonstrateur-bois-bas-carbone\/113416\/#breadcrumb"},"inLanguage":"fr-FR","potentialAction":[{"@type":"ReadAction","target":["https:\/\/batijournal.com\/index.php\/projet-wood-a-grenoble-un-demonstrateur-bois-bas-carbone\/113416\/"]}]},{"@type":"ImageObject","inLanguage":"fr-FR","@id":"https:\/\/batijournal.com\/index.php\/projet-wood-a-grenoble-un-demonstrateur-bois-bas-carbone\/113416\/#primaryimage","url":"https:\/\/batijournal.com\/wp-content\/uploads\/2026\/04\/PH_EXT_WIC_WOOD-GrenobleCTrouil-lard-_Fr-fr_Final_0125207-980x653-1.jpg","contentUrl":"https:\/\/batijournal.com\/wp-content\/uploads\/2026\/04\/PH_EXT_WIC_WOOD-GrenobleCTrouil-lard-_Fr-fr_Final_0125207-980x653-1.jpg","width":980,"height":653},{"@type":"BreadcrumbList","@id":"https:\/\/batijournal.com\/index.php\/projet-wood-a-grenoble-un-demonstrateur-bois-bas-carbone\/113416\/#breadcrumb","itemListElement":[{"@type":"ListItem","position":1,"name":"Accueil","item":"https:\/\/batijournal.com\/"},{"@type":"ListItem","position":2,"name":"A la Une","item":"https:\/\/batijournal.com\/index.php\/category\/a-la-une\/"},{"@type":"ListItem","position":3,"name":"Projet Wood \u00e0 Grenoble : un d\u00e9monstrateur bois bas carbone"}]},{"@type":"WebSite","@id":"https:\/\/batijournal.com\/#website","url":"https:\/\/batijournal.com\/","name":"Batijournal","description":"L&#039;actualit\u00e9 du b\u00e2timent","potentialAction":[{"@type":"SearchAction","target":{"@type":"EntryPoint","urlTemplate":"https:\/\/batijournal.com\/?s={search_term_string}"},"query-input":{"@type":"PropertyValueSpecification","valueRequired":true,"valueName":"search_term_string"}}],"inLanguage":"fr-FR"},{"@type":"Person","@id":"https:\/\/batijournal.com\/#\/schema\/person\/6a657e8967569e1b299972574848aa76","name":"Bati-journal","image":{"@type":"ImageObject","inLanguage":"fr-FR","@id":"https:\/\/secure.gravatar.com\/avatar\/a64364ea26392f9b4dd47e017ddaec74ff03aefc073b49e492e847201258f777?s=96&d=mm&r=g","url":"https:\/\/secure.gravatar.com\/avatar\/a64364ea26392f9b4dd47e017ddaec74ff03aefc073b49e492e847201258f777?s=96&d=mm&r=g","contentUrl":"https:\/\/secure.gravatar.com\/avatar\/a64364ea26392f9b4dd47e017ddaec74ff03aefc073b49e492e847201258f777?s=96&d=mm&r=g","caption":"Bati-journal"},"url":"https:\/\/batijournal.com\/index.php\/author\/elodie\/"}]}},"_links":{"self":[{"href":"https:\/\/batijournal.com\/index.php\/wp-json\/wp\/v2\/posts\/113416","targetHints":{"allow":["GET"]}}],"collection":[{"href":"https:\/\/batijournal.com\/index.php\/wp-json\/wp\/v2\/posts"}],"about":[{"href":"https:\/\/batijournal.com\/index.php\/wp-json\/wp\/v2\/types\/post"}],"author":[{"embeddable":true,"href":"https:\/\/batijournal.com\/index.php\/wp-json\/wp\/v2\/users\/1"}],"replies":[{"embeddable":true,"href":"https:\/\/batijournal.com\/index.php\/wp-json\/wp\/v2\/comments?post=113416"}],"version-history":[{"count":0,"href":"https:\/\/batijournal.com\/index.php\/wp-json\/wp\/v2\/posts\/113416\/revisions"}],"wp:featuredmedia":[{"embeddable":true,"href":"https:\/\/batijournal.com\/index.php\/wp-json\/wp\/v2\/media\/113415"}],"wp:attachment":[{"href":"https:\/\/batijournal.com\/index.php\/wp-json\/wp\/v2\/media?parent=113416"}],"wp:term":[{"taxonomy":"category","embeddable":true,"href":"https:\/\/batijournal.com\/index.php\/wp-json\/wp\/v2\/categories?post=113416"},{"taxonomy":"post_tag","embeddable":true,"href":"https:\/\/batijournal.com\/index.php\/wp-json\/wp\/v2\/tags?post=113416"}],"curies":[{"name":"wp","href":"https:\/\/api.w.org\/{rel}","templated":true}]}}