{"id":113417,"date":"2026-04-22T09:00:45","date_gmt":"2026-04-22T07:00:45","guid":{"rendered":"https:\/\/batijournal.com\/?p=113417"},"modified":"2026-04-21T09:55:58","modified_gmt":"2026-04-21T07:55:58","slug":"versailles-la-chambre-du-roi-restituee","status":"publish","type":"post","link":"https:\/\/batijournal.com\/index.php\/versailles-la-chambre-du-roi-restituee\/113417\/","title":{"rendered":"Versailles : la chambre du Roi restitu\u00e9e"},"content":{"rendered":"<p><b>Au <\/b><span class=\"s1\"><b>Ch\u00e2teau de Versailles<\/b><\/span><b>, la chambre de l\u2019appartement int\u00e9rieur du Roi a fait l\u2019objet d\u2019une restauration d\u2019ampleur visant \u00e0 restituer son \u00e9tat de 1789. Ce chantier, engag\u00e9 sur plusieurs d\u00e9cennies, redonne toute sa coh\u00e9rence \u00e0 cet espace embl\u00e9matique du pouvoir royal.<\/b><\/p>\n<p class=\"p1\"><b>Un chantier inscrit dans le temps long<\/b><\/p>\n<p class=\"p4\">La restauration de la chambre s\u2019inscrit dans une d\u00e9marche initi\u00e9e d\u00e8s le milieu des ann\u00e9es 1980, avec pour objectif de restituer le dernier \u00e9tat connu du lieu, celui du d\u00e9part de la famille royale le 6 octobre 1789. Ce projet repose sur un important travail de recherche, mobilisant historiens, conservateurs et sp\u00e9cialistes du patrimoine afin de reconstituer avec pr\u00e9cision les d\u00e9cors et les ambiances du XVIIIe si\u00e8cle.<\/p>\n<p class=\"p4\"><b>La restitution du d\u00e9cor textile, \u00e9l\u00e9ment central<\/b><\/p>\n<p class=\"p4\">Le chantier s\u2019est particuli\u00e8rement concentr\u00e9 sur les textiles, qui structurent l\u2019ensemble de la pi\u00e8ce autour de l\u2019alc\u00f4ve et du lit. Gr\u00e2ce \u00e0 la conservation de fragments anciens, les \u00e9toffes ont pu \u00eatre <span class=\"s4\"><b>retiss\u00e9es \u00e0 l\u2019identique<\/b><\/span>, selon des techniques traditionnelles, permettant de restituer tentures, porti\u00e8res et rideaux dans leurs couleurs et mati\u00e8res d\u2019origine. Ce travail a \u00e9t\u00e9 r\u00e9alis\u00e9 \u00e0 partir de productions historiquement li\u00e9es aux manufactures lyonnaises, t\u00e9moignant de l\u2019\u00e9volution du go\u00fbt entre les r\u00e8gnes de Louis XV et Louis XVI.<\/p>\n<p class=\"p4\"><b>La restitution du lit : un chantier sp\u00e9cifique<\/b><\/p>\n<p class=\"p4\">L\u2019absence du lit, \u00e9l\u00e9ment central de la chambre, constituait une lacune majeure dans la compr\u00e9hension du lieu. Un chantier sp\u00e9cifique a donc \u00e9t\u00e9 engag\u00e9 au d\u00e9but des ann\u00e9es 2010 pour en restituer la pr\u00e9sence. Cette restitution a mobilis\u00e9 de nombreux ateliers d\u2019art, illustrant la complexit\u00e9 de ce type d\u2019intervention.<\/p>\n<p class=\"p4\"><b>Une mobilisation de savoir-faire d\u2019exception<\/b><\/p>\n<p class=\"p4\">La reconstitution du d\u00e9cor et du mobilier a fait appel \u00e0 une diversit\u00e9 de m\u00e9tiers d\u2019art :<\/p>\n<ul>\n<li>\n<p class=\"p1\">sculpture sur bois (ateliers Charles Boulnois et Fran\u00e7ois Gilles)<\/p>\n<\/li>\n<li>\n<p class=\"p1\">dorure (atelier des doreuses du ch\u00e2teau)<\/p>\n<\/li>\n<li>\n<p class=\"p1\">tissage des \u00e9toffes (Maison Tassinari &amp; Chatel)<\/p>\n<\/li>\n<li>\n<p class=\"p1\">passementerie (Declercq Passementiers)<\/p>\n<\/li>\n<li>\n<p class=\"p1\">tapisserie (S\u00e9bastien Ragueneau et ateliers du ch\u00e2teau)<\/p>\n<\/li>\n<li>\n<p class=\"p1\">broderie (Maison Lesage)<\/p>\n<\/li>\n<li>\n<p class=\"p1\">plumasserie (Maison F\u00e9vrier)<span class=\"Apple-converted-space\">\u00a0 <\/span><\/p>\n<\/li>\n<\/ul>\n<p class=\"p4\">Cette pluralit\u00e9 d\u2019interventions t\u00e9moigne du niveau d\u2019exigence et de pr\u00e9cision requis pour restituer un d\u00e9cor royal.<\/p>\n<p class=\"p4\"><b>Un remeublement fond\u00e9 sur la coh\u00e9rence historique<\/b><\/p>\n<p class=\"p4\">La chambre a \u00e9galement fait l\u2019objet d\u2019un travail de remeublement, reposant sur la r\u00e9union d\u2019\u00e9l\u00e9ments issus d\u2019autres r\u00e9sidences royales (Compi\u00e8gne, Saint-Cloud), choisis pour leur coh\u00e9rence stylistique et historique. L\u2019objectif n\u2019est pas de reconstituer \u00e0 l\u2019identique un \u00e9tat disparu, mais de restituer une <span class=\"s4\"><b>ambiance fid\u00e8le \u00e0 la fin de l\u2019Ancien R\u00e9gime<\/b><\/span>, dans une d\u00e9marche scientifique et document\u00e9e.<\/p>\n<p class=\"p4\"><b>Une red\u00e9couverte pour le public<\/b><\/p>\n<p class=\"p4\">Accessible au public depuis le 14 avril 2026, la chambre du Roi s\u2019int\u00e8gre d\u00e9sormais au parcours de visite des appartements priv\u00e9s. Cette r\u00e9ouverture permet de redonner toute sa lisibilit\u00e9 \u00e0 cet espace intime, r\u00e9v\u00e9lant \u00e0 la fois les usages de la vie quotidienne \u00e0 la cour et la richesse des savoir-faire mobilis\u00e9s pour sa restitution.<\/p>\n<p>Photo : Ch\u00e2teau de Versailles \/ C. Fouin<\/p>\n","protected":false},"excerpt":{"rendered":"<p>Au Ch\u00e2teau de Versailles, la chambre de l\u2019appartement int\u00e9rieur du Roi a fait l\u2019objet d\u2019une restauration d\u2019ampleur visant \u00e0 restituer son \u00e9tat de 1789. Ce chantier, engag\u00e9 sur plusieurs d\u00e9cennies, redonne toute sa coh\u00e9rence \u00e0 cet espace embl\u00e9matique du pouvoir royal. Un chantier inscrit dans le temps long La restauration de la chambre s\u2019inscrit dans [&hellip;]<\/p>\n","protected":false},"author":1,"featured_media":113411,"comment_status":"closed","ping_status":"closed","sticky":false,"template":"","format":"standard","meta":{"_et_pb_use_builder":"","_et_pb_old_content":"","_et_gb_content_width":"","footnotes":""},"categories":[10736,10530],"tags":[],"class_list":["post-113417","post","type-post","status-publish","format-standard","has-post-thumbnail","hentry","category-a-la-une","category-actualites"],"yoast_head":"<!-- This site is optimized with the Yoast SEO plugin v27.4 - https:\/\/yoast.com\/product\/yoast-seo-wordpress\/ -->\n<title>Versailles : la chambre du Roi restitu\u00e9e<\/title>\n<meta name=\"robots\" content=\"index, follow, max-snippet:-1, max-image-preview:large, max-video-preview:-1\" \/>\n<link rel=\"canonical\" href=\"https:\/\/batijournal.com\/index.php\/versailles-la-chambre-du-roi-restituee\/113417\/\" \/>\n<meta property=\"og:locale\" content=\"fr_FR\" \/>\n<meta property=\"og:type\" content=\"article\" \/>\n<meta property=\"og:title\" content=\"Versailles : la chambre du Roi restitu\u00e9e\" \/>\n<meta property=\"og:description\" content=\"Au Ch\u00e2teau de Versailles, la chambre de l\u2019appartement int\u00e9rieur du Roi a fait l\u2019objet d\u2019une restauration d\u2019ampleur visant \u00e0 restituer son \u00e9tat de 1789. Ce chantier, engag\u00e9 sur plusieurs d\u00e9cennies, redonne toute sa coh\u00e9rence \u00e0 cet espace embl\u00e9matique du pouvoir royal. Un chantier inscrit dans le temps long La restauration de la chambre s\u2019inscrit dans [&hellip;]\" \/>\n<meta property=\"og:url\" content=\"https:\/\/batijournal.com\/index.php\/versailles-la-chambre-du-roi-restituee\/113417\/\" \/>\n<meta property=\"og:site_name\" content=\"Batijournal\" \/>\n<meta property=\"article:published_time\" content=\"2026-04-22T07:00:45+00:00\" \/>\n<meta property=\"og:image\" content=\"https:\/\/batijournal.com\/wp-content\/uploads\/2026\/04\/cce.02.038-c-christophe-fouin_7.jpg-400x250-1.webp\" \/>\n\t<meta property=\"og:image:width\" content=\"400\" \/>\n\t<meta property=\"og:image:height\" content=\"250\" \/>\n\t<meta property=\"og:image:type\" content=\"image\/webp\" \/>\n<meta name=\"author\" content=\"Bati-journal\" \/>\n<meta name=\"twitter:card\" content=\"summary_large_image\" \/>\n<meta name=\"twitter:creator\" content=\"@bati_journal\" \/>\n<meta name=\"twitter:site\" content=\"@bati_journal\" \/>\n<meta name=\"twitter:label1\" content=\"\u00c9crit par\" \/>\n\t<meta name=\"twitter:data1\" content=\"Bati-journal\" \/>\n\t<meta name=\"twitter:label2\" content=\"Dur\u00e9e de lecture estim\u00e9e\" \/>\n\t<meta name=\"twitter:data2\" content=\"3 minutes\" \/>\n<script type=\"application\/ld+json\" class=\"yoast-schema-graph\">{\"@context\":\"https:\\\/\\\/schema.org\",\"@graph\":[{\"@type\":\"Article\",\"@id\":\"https:\\\/\\\/batijournal.com\\\/index.php\\\/versailles-la-chambre-du-roi-restituee\\\/113417\\\/#article\",\"isPartOf\":{\"@id\":\"https:\\\/\\\/batijournal.com\\\/index.php\\\/versailles-la-chambre-du-roi-restituee\\\/113417\\\/\"},\"author\":{\"name\":\"Bati-journal\",\"@id\":\"https:\\\/\\\/batijournal.com\\\/#\\\/schema\\\/person\\\/6a657e8967569e1b299972574848aa76\"},\"headline\":\"Versailles : la chambre du Roi restitu\u00e9e\",\"datePublished\":\"2026-04-22T07:00:45+00:00\",\"mainEntityOfPage\":{\"@id\":\"https:\\\/\\\/batijournal.com\\\/index.php\\\/versailles-la-chambre-du-roi-restituee\\\/113417\\\/\"},\"wordCount\":542,\"image\":{\"@id\":\"https:\\\/\\\/batijournal.com\\\/index.php\\\/versailles-la-chambre-du-roi-restituee\\\/113417\\\/#primaryimage\"},\"thumbnailUrl\":\"https:\\\/\\\/batijournal.com\\\/wp-content\\\/uploads\\\/2026\\\/04\\\/cce.02.038-c-christophe-fouin_7.jpg-400x250-1.webp\",\"articleSection\":[\"A la Une\",\"Actualit\u00e9s\"],\"inLanguage\":\"fr-FR\"},{\"@type\":\"WebPage\",\"@id\":\"https:\\\/\\\/batijournal.com\\\/index.php\\\/versailles-la-chambre-du-roi-restituee\\\/113417\\\/\",\"url\":\"https:\\\/\\\/batijournal.com\\\/index.php\\\/versailles-la-chambre-du-roi-restituee\\\/113417\\\/\",\"name\":\"Versailles : la chambre du Roi restitu\u00e9e\",\"isPartOf\":{\"@id\":\"https:\\\/\\\/batijournal.com\\\/#website\"},\"primaryImageOfPage\":{\"@id\":\"https:\\\/\\\/batijournal.com\\\/index.php\\\/versailles-la-chambre-du-roi-restituee\\\/113417\\\/#primaryimage\"},\"image\":{\"@id\":\"https:\\\/\\\/batijournal.com\\\/index.php\\\/versailles-la-chambre-du-roi-restituee\\\/113417\\\/#primaryimage\"},\"thumbnailUrl\":\"https:\\\/\\\/batijournal.com\\\/wp-content\\\/uploads\\\/2026\\\/04\\\/cce.02.038-c-christophe-fouin_7.jpg-400x250-1.webp\",\"datePublished\":\"2026-04-22T07:00:45+00:00\",\"author\":{\"@id\":\"https:\\\/\\\/batijournal.com\\\/#\\\/schema\\\/person\\\/6a657e8967569e1b299972574848aa76\"},\"breadcrumb\":{\"@id\":\"https:\\\/\\\/batijournal.com\\\/index.php\\\/versailles-la-chambre-du-roi-restituee\\\/113417\\\/#breadcrumb\"},\"inLanguage\":\"fr-FR\",\"potentialAction\":[{\"@type\":\"ReadAction\",\"target\":[\"https:\\\/\\\/batijournal.com\\\/index.php\\\/versailles-la-chambre-du-roi-restituee\\\/113417\\\/\"]}]},{\"@type\":\"ImageObject\",\"inLanguage\":\"fr-FR\",\"@id\":\"https:\\\/\\\/batijournal.com\\\/index.php\\\/versailles-la-chambre-du-roi-restituee\\\/113417\\\/#primaryimage\",\"url\":\"https:\\\/\\\/batijournal.com\\\/wp-content\\\/uploads\\\/2026\\\/04\\\/cce.02.038-c-christophe-fouin_7.jpg-400x250-1.webp\",\"contentUrl\":\"https:\\\/\\\/batijournal.com\\\/wp-content\\\/uploads\\\/2026\\\/04\\\/cce.02.038-c-christophe-fouin_7.jpg-400x250-1.webp\",\"width\":400,\"height\":250},{\"@type\":\"BreadcrumbList\",\"@id\":\"https:\\\/\\\/batijournal.com\\\/index.php\\\/versailles-la-chambre-du-roi-restituee\\\/113417\\\/#breadcrumb\",\"itemListElement\":[{\"@type\":\"ListItem\",\"position\":1,\"name\":\"Accueil\",\"item\":\"https:\\\/\\\/batijournal.com\\\/\"},{\"@type\":\"ListItem\",\"position\":2,\"name\":\"A la Une\",\"item\":\"https:\\\/\\\/batijournal.com\\\/index.php\\\/category\\\/a-la-une\\\/\"},{\"@type\":\"ListItem\",\"position\":3,\"name\":\"Versailles : la chambre du Roi restitu\u00e9e\"}]},{\"@type\":\"WebSite\",\"@id\":\"https:\\\/\\\/batijournal.com\\\/#website\",\"url\":\"https:\\\/\\\/batijournal.com\\\/\",\"name\":\"Batijournal\",\"description\":\"L&#039;actualit\u00e9 du b\u00e2timent\",\"potentialAction\":[{\"@type\":\"SearchAction\",\"target\":{\"@type\":\"EntryPoint\",\"urlTemplate\":\"https:\\\/\\\/batijournal.com\\\/?s={search_term_string}\"},\"query-input\":{\"@type\":\"PropertyValueSpecification\",\"valueRequired\":true,\"valueName\":\"search_term_string\"}}],\"inLanguage\":\"fr-FR\"},{\"@type\":\"Person\",\"@id\":\"https:\\\/\\\/batijournal.com\\\/#\\\/schema\\\/person\\\/6a657e8967569e1b299972574848aa76\",\"name\":\"Bati-journal\",\"image\":{\"@type\":\"ImageObject\",\"inLanguage\":\"fr-FR\",\"@id\":\"https:\\\/\\\/secure.gravatar.com\\\/avatar\\\/a64364ea26392f9b4dd47e017ddaec74ff03aefc073b49e492e847201258f777?s=96&d=mm&r=g\",\"url\":\"https:\\\/\\\/secure.gravatar.com\\\/avatar\\\/a64364ea26392f9b4dd47e017ddaec74ff03aefc073b49e492e847201258f777?s=96&d=mm&r=g\",\"contentUrl\":\"https:\\\/\\\/secure.gravatar.com\\\/avatar\\\/a64364ea26392f9b4dd47e017ddaec74ff03aefc073b49e492e847201258f777?s=96&d=mm&r=g\",\"caption\":\"Bati-journal\"},\"url\":\"https:\\\/\\\/batijournal.com\\\/index.php\\\/author\\\/elodie\\\/\"}]}<\/script>\n<!-- \/ Yoast SEO plugin. -->","yoast_head_json":{"title":"Versailles : la chambre du Roi restitu\u00e9e","robots":{"index":"index","follow":"follow","max-snippet":"max-snippet:-1","max-image-preview":"max-image-preview:large","max-video-preview":"max-video-preview:-1"},"canonical":"https:\/\/batijournal.com\/index.php\/versailles-la-chambre-du-roi-restituee\/113417\/","og_locale":"fr_FR","og_type":"article","og_title":"Versailles : la chambre du Roi restitu\u00e9e","og_description":"Au Ch\u00e2teau de Versailles, la chambre de l\u2019appartement int\u00e9rieur du Roi a fait l\u2019objet d\u2019une restauration d\u2019ampleur visant \u00e0 restituer son \u00e9tat de 1789. Ce chantier, engag\u00e9 sur plusieurs d\u00e9cennies, redonne toute sa coh\u00e9rence \u00e0 cet espace embl\u00e9matique du pouvoir royal. Un chantier inscrit dans le temps long La restauration de la chambre s\u2019inscrit dans [&hellip;]","og_url":"https:\/\/batijournal.com\/index.php\/versailles-la-chambre-du-roi-restituee\/113417\/","og_site_name":"Batijournal","article_published_time":"2026-04-22T07:00:45+00:00","og_image":[{"width":400,"height":250,"url":"https:\/\/batijournal.com\/wp-content\/uploads\/2026\/04\/cce.02.038-c-christophe-fouin_7.jpg-400x250-1.webp","type":"image\/webp"}],"author":"Bati-journal","twitter_card":"summary_large_image","twitter_creator":"@bati_journal","twitter_site":"@bati_journal","twitter_misc":{"\u00c9crit par":"Bati-journal","Dur\u00e9e de lecture estim\u00e9e":"3 minutes"},"schema":{"@context":"https:\/\/schema.org","@graph":[{"@type":"Article","@id":"https:\/\/batijournal.com\/index.php\/versailles-la-chambre-du-roi-restituee\/113417\/#article","isPartOf":{"@id":"https:\/\/batijournal.com\/index.php\/versailles-la-chambre-du-roi-restituee\/113417\/"},"author":{"name":"Bati-journal","@id":"https:\/\/batijournal.com\/#\/schema\/person\/6a657e8967569e1b299972574848aa76"},"headline":"Versailles : la chambre du Roi restitu\u00e9e","datePublished":"2026-04-22T07:00:45+00:00","mainEntityOfPage":{"@id":"https:\/\/batijournal.com\/index.php\/versailles-la-chambre-du-roi-restituee\/113417\/"},"wordCount":542,"image":{"@id":"https:\/\/batijournal.com\/index.php\/versailles-la-chambre-du-roi-restituee\/113417\/#primaryimage"},"thumbnailUrl":"https:\/\/batijournal.com\/wp-content\/uploads\/2026\/04\/cce.02.038-c-christophe-fouin_7.jpg-400x250-1.webp","articleSection":["A la Une","Actualit\u00e9s"],"inLanguage":"fr-FR"},{"@type":"WebPage","@id":"https:\/\/batijournal.com\/index.php\/versailles-la-chambre-du-roi-restituee\/113417\/","url":"https:\/\/batijournal.com\/index.php\/versailles-la-chambre-du-roi-restituee\/113417\/","name":"Versailles : la chambre du Roi restitu\u00e9e","isPartOf":{"@id":"https:\/\/batijournal.com\/#website"},"primaryImageOfPage":{"@id":"https:\/\/batijournal.com\/index.php\/versailles-la-chambre-du-roi-restituee\/113417\/#primaryimage"},"image":{"@id":"https:\/\/batijournal.com\/index.php\/versailles-la-chambre-du-roi-restituee\/113417\/#primaryimage"},"thumbnailUrl":"https:\/\/batijournal.com\/wp-content\/uploads\/2026\/04\/cce.02.038-c-christophe-fouin_7.jpg-400x250-1.webp","datePublished":"2026-04-22T07:00:45+00:00","author":{"@id":"https:\/\/batijournal.com\/#\/schema\/person\/6a657e8967569e1b299972574848aa76"},"breadcrumb":{"@id":"https:\/\/batijournal.com\/index.php\/versailles-la-chambre-du-roi-restituee\/113417\/#breadcrumb"},"inLanguage":"fr-FR","potentialAction":[{"@type":"ReadAction","target":["https:\/\/batijournal.com\/index.php\/versailles-la-chambre-du-roi-restituee\/113417\/"]}]},{"@type":"ImageObject","inLanguage":"fr-FR","@id":"https:\/\/batijournal.com\/index.php\/versailles-la-chambre-du-roi-restituee\/113417\/#primaryimage","url":"https:\/\/batijournal.com\/wp-content\/uploads\/2026\/04\/cce.02.038-c-christophe-fouin_7.jpg-400x250-1.webp","contentUrl":"https:\/\/batijournal.com\/wp-content\/uploads\/2026\/04\/cce.02.038-c-christophe-fouin_7.jpg-400x250-1.webp","width":400,"height":250},{"@type":"BreadcrumbList","@id":"https:\/\/batijournal.com\/index.php\/versailles-la-chambre-du-roi-restituee\/113417\/#breadcrumb","itemListElement":[{"@type":"ListItem","position":1,"name":"Accueil","item":"https:\/\/batijournal.com\/"},{"@type":"ListItem","position":2,"name":"A la Une","item":"https:\/\/batijournal.com\/index.php\/category\/a-la-une\/"},{"@type":"ListItem","position":3,"name":"Versailles : la chambre du Roi restitu\u00e9e"}]},{"@type":"WebSite","@id":"https:\/\/batijournal.com\/#website","url":"https:\/\/batijournal.com\/","name":"Batijournal","description":"L&#039;actualit\u00e9 du b\u00e2timent","potentialAction":[{"@type":"SearchAction","target":{"@type":"EntryPoint","urlTemplate":"https:\/\/batijournal.com\/?s={search_term_string}"},"query-input":{"@type":"PropertyValueSpecification","valueRequired":true,"valueName":"search_term_string"}}],"inLanguage":"fr-FR"},{"@type":"Person","@id":"https:\/\/batijournal.com\/#\/schema\/person\/6a657e8967569e1b299972574848aa76","name":"Bati-journal","image":{"@type":"ImageObject","inLanguage":"fr-FR","@id":"https:\/\/secure.gravatar.com\/avatar\/a64364ea26392f9b4dd47e017ddaec74ff03aefc073b49e492e847201258f777?s=96&d=mm&r=g","url":"https:\/\/secure.gravatar.com\/avatar\/a64364ea26392f9b4dd47e017ddaec74ff03aefc073b49e492e847201258f777?s=96&d=mm&r=g","contentUrl":"https:\/\/secure.gravatar.com\/avatar\/a64364ea26392f9b4dd47e017ddaec74ff03aefc073b49e492e847201258f777?s=96&d=mm&r=g","caption":"Bati-journal"},"url":"https:\/\/batijournal.com\/index.php\/author\/elodie\/"}]}},"_links":{"self":[{"href":"https:\/\/batijournal.com\/index.php\/wp-json\/wp\/v2\/posts\/113417","targetHints":{"allow":["GET"]}}],"collection":[{"href":"https:\/\/batijournal.com\/index.php\/wp-json\/wp\/v2\/posts"}],"about":[{"href":"https:\/\/batijournal.com\/index.php\/wp-json\/wp\/v2\/types\/post"}],"author":[{"embeddable":true,"href":"https:\/\/batijournal.com\/index.php\/wp-json\/wp\/v2\/users\/1"}],"replies":[{"embeddable":true,"href":"https:\/\/batijournal.com\/index.php\/wp-json\/wp\/v2\/comments?post=113417"}],"version-history":[{"count":0,"href":"https:\/\/batijournal.com\/index.php\/wp-json\/wp\/v2\/posts\/113417\/revisions"}],"wp:featuredmedia":[{"embeddable":true,"href":"https:\/\/batijournal.com\/index.php\/wp-json\/wp\/v2\/media\/113411"}],"wp:attachment":[{"href":"https:\/\/batijournal.com\/index.php\/wp-json\/wp\/v2\/media?parent=113417"}],"wp:term":[{"taxonomy":"category","embeddable":true,"href":"https:\/\/batijournal.com\/index.php\/wp-json\/wp\/v2\/categories?post=113417"},{"taxonomy":"post_tag","embeddable":true,"href":"https:\/\/batijournal.com\/index.php\/wp-json\/wp\/v2\/tags?post=113417"}],"curies":[{"name":"wp","href":"https:\/\/api.w.org\/{rel}","templated":true}]}}