{"id":113426,"date":"2026-04-22T10:36:29","date_gmt":"2026-04-22T08:36:29","guid":{"rendered":"https:\/\/batijournal.com\/?p=113426"},"modified":"2026-04-21T17:38:38","modified_gmt":"2026-04-21T15:38:38","slug":"nomination-de-sandrine-maguin-a-la-tete-de-velux-france","status":"publish","type":"post","link":"https:\/\/batijournal.com\/index.php\/nomination-de-sandrine-maguin-a-la-tete-de-velux-france\/113426\/","title":{"rendered":"Nomination de Sandrine Maguin \u00e0 la t\u00eate de Velux France"},"content":{"rendered":"<p><strong>Velux a annonc\u00e9, lundi, la nomination de Sandrine Maguin \u00e0 la t\u00eate de Velux France. En poste depuis le 13 avril 2026, elle affiche quelques 25 ann\u00e9es d\u2019exp\u00e9rience internationale au compteur dans le monde des affaires.<\/strong><\/p>\n<p>Elle a en effet occup\u00e9e des fonctions de direction au sein de PPG Architectural Coatings et Whirlpool Corporation dans le marketing, les ventes, la gestion clients et la direction g\u00e9n\u00e9rale.<\/p>\n<p><em>\u00ab La France est un march\u00e9 strat\u00e9gique pour le groupe VELUX et rec\u00e8le un fort potentiel de croissance. Notre priorit\u00e9 est d\u2019inscrire durablement l\u2019activit\u00e9 sur une trajectoire de croissance, en \u00e9troite collaboration avec nos clients \u00bb,<\/em> a d\u00e9clar\u00e9 Raffaella Berardo, Vice-Pr\u00e9sidente Ex\u00e9cutive pour la r\u00e9gion VELUX Southwest Europe.<\/p>\n<h2>Bient\u00f4t une nouvelle feuille de route<\/h2>\n<p>Chez Velux France, Sandrine Maguin aura pour objectif d\u2019accompagner les enjeux de r\u00e9novation et de construction des b\u00e2timents, et de d\u00e9finir une feuille de route strat\u00e9gique long terme et d\u2019acc\u00e9l\u00e9rer la croissance pour la filiale fran\u00e7aise.<\/p>\n<p>Sandrine Maguin a de son c\u00f4t\u00e9 d\u00e9clar\u00e9 : <em>\u00ab Mon ambition est de r\u00e9v\u00e9ler pleinement le potentiel de VELUX France et consolider sa position d\u2019acteur de r\u00e9f\u00e9rence en mati\u00e8re de d\u00e9veloppement durable, au service du bien-\u00eatre de tous et de la plan\u00e8te \u00bb.\u00a0<\/em><\/p>\n<p>&nbsp;<\/p>\n<p>&nbsp;<\/p>\n<p>&nbsp;<\/p>\n","protected":false},"excerpt":{"rendered":"<p>Velux a annonc\u00e9, lundi, la nomination de Sandrine Maguin \u00e0 la t\u00eate de Velux France. En poste depuis le 13 avril 2026, elle affiche quelques 25 ann\u00e9es d\u2019exp\u00e9rience internationale au compteur dans le monde des affaires.<\/p>\n","protected":false},"author":1,"featured_media":113427,"comment_status":"closed","ping_status":"closed","sticky":false,"template":"","format":"standard","meta":{"_et_pb_use_builder":"","_et_pb_old_content":"","_et_gb_content_width":"","footnotes":""},"categories":[10736,10530],"tags":[],"class_list":["post-113426","post","type-post","status-publish","format-standard","has-post-thumbnail","hentry","category-a-la-une","category-actualites"],"yoast_head":"<!-- This site is optimized with the Yoast SEO plugin v27.4 - https:\/\/yoast.com\/product\/yoast-seo-wordpress\/ -->\n<title>Nomination de Sandrine Maguin \u00e0 la t\u00eate de Velux France<\/title>\n<meta name=\"description\" content=\"Velux a annonc\u00e9, lundi, la nomination de Sandrine Maguin \u00e0 la t\u00eate de Velux France. En poste depuis le 13 avril 2026, elle affiche quelques 25 ann\u00e9es d\u2019exp\u00e9rience internationale au compteur dans le monde des affaires.\" \/>\n<meta name=\"robots\" content=\"index, follow, max-snippet:-1, max-image-preview:large, max-video-preview:-1\" \/>\n<link rel=\"canonical\" href=\"https:\/\/batijournal.com\/index.php\/nomination-de-sandrine-maguin-a-la-tete-de-velux-france\/113426\/\" \/>\n<meta property=\"og:locale\" content=\"fr_FR\" \/>\n<meta property=\"og:type\" content=\"article\" \/>\n<meta property=\"og:title\" content=\"Nomination de Sandrine Maguin \u00e0 la t\u00eate de Velux France\" \/>\n<meta property=\"og:description\" content=\"Velux a annonc\u00e9, lundi, la nomination de Sandrine Maguin \u00e0 la t\u00eate de Velux France. En poste depuis le 13 avril 2026, elle affiche quelques 25 ann\u00e9es d\u2019exp\u00e9rience internationale au compteur dans le monde des affaires.\" \/>\n<meta property=\"og:url\" content=\"https:\/\/batijournal.com\/index.php\/nomination-de-sandrine-maguin-a-la-tete-de-velux-france\/113426\/\" \/>\n<meta property=\"og:site_name\" content=\"Batijournal\" \/>\n<meta property=\"article:published_time\" content=\"2026-04-22T08:36:29+00:00\" \/>\n<meta property=\"og:image\" content=\"https:\/\/batijournal.com\/wp-content\/uploads\/2026\/04\/1920_dsc_92171.jpg\" \/>\n\t<meta property=\"og:image:width\" content=\"1359\" \/>\n\t<meta property=\"og:image:height\" content=\"1200\" \/>\n\t<meta property=\"og:image:type\" content=\"image\/jpeg\" \/>\n<meta name=\"author\" content=\"Bati-journal\" \/>\n<meta name=\"twitter:card\" content=\"summary_large_image\" \/>\n<meta name=\"twitter:creator\" content=\"@bati_journal\" \/>\n<meta name=\"twitter:site\" content=\"@bati_journal\" \/>\n<meta name=\"twitter:label1\" content=\"\u00c9crit par\" \/>\n\t<meta name=\"twitter:data1\" content=\"Bati-journal\" \/>\n\t<meta name=\"twitter:label2\" content=\"Dur\u00e9e de lecture estim\u00e9e\" \/>\n\t<meta name=\"twitter:data2\" content=\"2 minutes\" \/>\n<script type=\"application\/ld+json\" class=\"yoast-schema-graph\">{\"@context\":\"https:\\\/\\\/schema.org\",\"@graph\":[{\"@type\":\"Article\",\"@id\":\"https:\\\/\\\/batijournal.com\\\/index.php\\\/nomination-de-sandrine-maguin-a-la-tete-de-velux-france\\\/113426\\\/#article\",\"isPartOf\":{\"@id\":\"https:\\\/\\\/batijournal.com\\\/index.php\\\/nomination-de-sandrine-maguin-a-la-tete-de-velux-france\\\/113426\\\/\"},\"author\":{\"name\":\"Bati-journal\",\"@id\":\"https:\\\/\\\/batijournal.com\\\/#\\\/schema\\\/person\\\/6a657e8967569e1b299972574848aa76\"},\"headline\":\"Nomination de Sandrine Maguin \u00e0 la t\u00eate de Velux France\",\"datePublished\":\"2026-04-22T08:36:29+00:00\",\"mainEntityOfPage\":{\"@id\":\"https:\\\/\\\/batijournal.com\\\/index.php\\\/nomination-de-sandrine-maguin-a-la-tete-de-velux-france\\\/113426\\\/\"},\"wordCount\":239,\"image\":{\"@id\":\"https:\\\/\\\/batijournal.com\\\/index.php\\\/nomination-de-sandrine-maguin-a-la-tete-de-velux-france\\\/113426\\\/#primaryimage\"},\"thumbnailUrl\":\"https:\\\/\\\/batijournal.com\\\/wp-content\\\/uploads\\\/2026\\\/04\\\/1920_dsc_92171.jpg\",\"articleSection\":[\"A la Une\",\"Actualit\u00e9s\"],\"inLanguage\":\"fr-FR\"},{\"@type\":\"WebPage\",\"@id\":\"https:\\\/\\\/batijournal.com\\\/index.php\\\/nomination-de-sandrine-maguin-a-la-tete-de-velux-france\\\/113426\\\/\",\"url\":\"https:\\\/\\\/batijournal.com\\\/index.php\\\/nomination-de-sandrine-maguin-a-la-tete-de-velux-france\\\/113426\\\/\",\"name\":\"Nomination de Sandrine Maguin \u00e0 la t\u00eate de Velux France\",\"isPartOf\":{\"@id\":\"https:\\\/\\\/batijournal.com\\\/#website\"},\"primaryImageOfPage\":{\"@id\":\"https:\\\/\\\/batijournal.com\\\/index.php\\\/nomination-de-sandrine-maguin-a-la-tete-de-velux-france\\\/113426\\\/#primaryimage\"},\"image\":{\"@id\":\"https:\\\/\\\/batijournal.com\\\/index.php\\\/nomination-de-sandrine-maguin-a-la-tete-de-velux-france\\\/113426\\\/#primaryimage\"},\"thumbnailUrl\":\"https:\\\/\\\/batijournal.com\\\/wp-content\\\/uploads\\\/2026\\\/04\\\/1920_dsc_92171.jpg\",\"datePublished\":\"2026-04-22T08:36:29+00:00\",\"author\":{\"@id\":\"https:\\\/\\\/batijournal.com\\\/#\\\/schema\\\/person\\\/6a657e8967569e1b299972574848aa76\"},\"description\":\"Velux a annonc\u00e9, lundi, la nomination de Sandrine Maguin \u00e0 la t\u00eate de Velux France. En poste depuis le 13 avril 2026, elle affiche quelques 25 ann\u00e9es d\u2019exp\u00e9rience internationale au compteur dans le monde des affaires.\",\"breadcrumb\":{\"@id\":\"https:\\\/\\\/batijournal.com\\\/index.php\\\/nomination-de-sandrine-maguin-a-la-tete-de-velux-france\\\/113426\\\/#breadcrumb\"},\"inLanguage\":\"fr-FR\",\"potentialAction\":[{\"@type\":\"ReadAction\",\"target\":[\"https:\\\/\\\/batijournal.com\\\/index.php\\\/nomination-de-sandrine-maguin-a-la-tete-de-velux-france\\\/113426\\\/\"]}]},{\"@type\":\"ImageObject\",\"inLanguage\":\"fr-FR\",\"@id\":\"https:\\\/\\\/batijournal.com\\\/index.php\\\/nomination-de-sandrine-maguin-a-la-tete-de-velux-france\\\/113426\\\/#primaryimage\",\"url\":\"https:\\\/\\\/batijournal.com\\\/wp-content\\\/uploads\\\/2026\\\/04\\\/1920_dsc_92171.jpg\",\"contentUrl\":\"https:\\\/\\\/batijournal.com\\\/wp-content\\\/uploads\\\/2026\\\/04\\\/1920_dsc_92171.jpg\",\"width\":1359,\"height\":1200},{\"@type\":\"BreadcrumbList\",\"@id\":\"https:\\\/\\\/batijournal.com\\\/index.php\\\/nomination-de-sandrine-maguin-a-la-tete-de-velux-france\\\/113426\\\/#breadcrumb\",\"itemListElement\":[{\"@type\":\"ListItem\",\"position\":1,\"name\":\"Accueil\",\"item\":\"https:\\\/\\\/batijournal.com\\\/\"},{\"@type\":\"ListItem\",\"position\":2,\"name\":\"A la Une\",\"item\":\"https:\\\/\\\/batijournal.com\\\/index.php\\\/category\\\/a-la-une\\\/\"},{\"@type\":\"ListItem\",\"position\":3,\"name\":\"Nomination de Sandrine Maguin \u00e0 la t\u00eate de Velux France\"}]},{\"@type\":\"WebSite\",\"@id\":\"https:\\\/\\\/batijournal.com\\\/#website\",\"url\":\"https:\\\/\\\/batijournal.com\\\/\",\"name\":\"Batijournal\",\"description\":\"L&#039;actualit\u00e9 du b\u00e2timent\",\"potentialAction\":[{\"@type\":\"SearchAction\",\"target\":{\"@type\":\"EntryPoint\",\"urlTemplate\":\"https:\\\/\\\/batijournal.com\\\/?s={search_term_string}\"},\"query-input\":{\"@type\":\"PropertyValueSpecification\",\"valueRequired\":true,\"valueName\":\"search_term_string\"}}],\"inLanguage\":\"fr-FR\"},{\"@type\":\"Person\",\"@id\":\"https:\\\/\\\/batijournal.com\\\/#\\\/schema\\\/person\\\/6a657e8967569e1b299972574848aa76\",\"name\":\"Bati-journal\",\"image\":{\"@type\":\"ImageObject\",\"inLanguage\":\"fr-FR\",\"@id\":\"https:\\\/\\\/secure.gravatar.com\\\/avatar\\\/a64364ea26392f9b4dd47e017ddaec74ff03aefc073b49e492e847201258f777?s=96&d=mm&r=g\",\"url\":\"https:\\\/\\\/secure.gravatar.com\\\/avatar\\\/a64364ea26392f9b4dd47e017ddaec74ff03aefc073b49e492e847201258f777?s=96&d=mm&r=g\",\"contentUrl\":\"https:\\\/\\\/secure.gravatar.com\\\/avatar\\\/a64364ea26392f9b4dd47e017ddaec74ff03aefc073b49e492e847201258f777?s=96&d=mm&r=g\",\"caption\":\"Bati-journal\"},\"url\":\"https:\\\/\\\/batijournal.com\\\/index.php\\\/author\\\/elodie\\\/\"}]}<\/script>\n<!-- \/ Yoast SEO plugin. -->","yoast_head_json":{"title":"Nomination de Sandrine Maguin \u00e0 la t\u00eate de Velux France","description":"Velux a annonc\u00e9, lundi, la nomination de Sandrine Maguin \u00e0 la t\u00eate de Velux France. En poste depuis le 13 avril 2026, elle affiche quelques 25 ann\u00e9es d\u2019exp\u00e9rience internationale au compteur dans le monde des affaires.","robots":{"index":"index","follow":"follow","max-snippet":"max-snippet:-1","max-image-preview":"max-image-preview:large","max-video-preview":"max-video-preview:-1"},"canonical":"https:\/\/batijournal.com\/index.php\/nomination-de-sandrine-maguin-a-la-tete-de-velux-france\/113426\/","og_locale":"fr_FR","og_type":"article","og_title":"Nomination de Sandrine Maguin \u00e0 la t\u00eate de Velux France","og_description":"Velux a annonc\u00e9, lundi, la nomination de Sandrine Maguin \u00e0 la t\u00eate de Velux France. En poste depuis le 13 avril 2026, elle affiche quelques 25 ann\u00e9es d\u2019exp\u00e9rience internationale au compteur dans le monde des affaires.","og_url":"https:\/\/batijournal.com\/index.php\/nomination-de-sandrine-maguin-a-la-tete-de-velux-france\/113426\/","og_site_name":"Batijournal","article_published_time":"2026-04-22T08:36:29+00:00","og_image":[{"width":1359,"height":1200,"url":"https:\/\/batijournal.com\/wp-content\/uploads\/2026\/04\/1920_dsc_92171.jpg","type":"image\/jpeg"}],"author":"Bati-journal","twitter_card":"summary_large_image","twitter_creator":"@bati_journal","twitter_site":"@bati_journal","twitter_misc":{"\u00c9crit par":"Bati-journal","Dur\u00e9e de lecture estim\u00e9e":"2 minutes"},"schema":{"@context":"https:\/\/schema.org","@graph":[{"@type":"Article","@id":"https:\/\/batijournal.com\/index.php\/nomination-de-sandrine-maguin-a-la-tete-de-velux-france\/113426\/#article","isPartOf":{"@id":"https:\/\/batijournal.com\/index.php\/nomination-de-sandrine-maguin-a-la-tete-de-velux-france\/113426\/"},"author":{"name":"Bati-journal","@id":"https:\/\/batijournal.com\/#\/schema\/person\/6a657e8967569e1b299972574848aa76"},"headline":"Nomination de Sandrine Maguin \u00e0 la t\u00eate de Velux France","datePublished":"2026-04-22T08:36:29+00:00","mainEntityOfPage":{"@id":"https:\/\/batijournal.com\/index.php\/nomination-de-sandrine-maguin-a-la-tete-de-velux-france\/113426\/"},"wordCount":239,"image":{"@id":"https:\/\/batijournal.com\/index.php\/nomination-de-sandrine-maguin-a-la-tete-de-velux-france\/113426\/#primaryimage"},"thumbnailUrl":"https:\/\/batijournal.com\/wp-content\/uploads\/2026\/04\/1920_dsc_92171.jpg","articleSection":["A la Une","Actualit\u00e9s"],"inLanguage":"fr-FR"},{"@type":"WebPage","@id":"https:\/\/batijournal.com\/index.php\/nomination-de-sandrine-maguin-a-la-tete-de-velux-france\/113426\/","url":"https:\/\/batijournal.com\/index.php\/nomination-de-sandrine-maguin-a-la-tete-de-velux-france\/113426\/","name":"Nomination de Sandrine Maguin \u00e0 la t\u00eate de Velux France","isPartOf":{"@id":"https:\/\/batijournal.com\/#website"},"primaryImageOfPage":{"@id":"https:\/\/batijournal.com\/index.php\/nomination-de-sandrine-maguin-a-la-tete-de-velux-france\/113426\/#primaryimage"},"image":{"@id":"https:\/\/batijournal.com\/index.php\/nomination-de-sandrine-maguin-a-la-tete-de-velux-france\/113426\/#primaryimage"},"thumbnailUrl":"https:\/\/batijournal.com\/wp-content\/uploads\/2026\/04\/1920_dsc_92171.jpg","datePublished":"2026-04-22T08:36:29+00:00","author":{"@id":"https:\/\/batijournal.com\/#\/schema\/person\/6a657e8967569e1b299972574848aa76"},"description":"Velux a annonc\u00e9, lundi, la nomination de Sandrine Maguin \u00e0 la t\u00eate de Velux France. En poste depuis le 13 avril 2026, elle affiche quelques 25 ann\u00e9es d\u2019exp\u00e9rience internationale au compteur dans le monde des affaires.","breadcrumb":{"@id":"https:\/\/batijournal.com\/index.php\/nomination-de-sandrine-maguin-a-la-tete-de-velux-france\/113426\/#breadcrumb"},"inLanguage":"fr-FR","potentialAction":[{"@type":"ReadAction","target":["https:\/\/batijournal.com\/index.php\/nomination-de-sandrine-maguin-a-la-tete-de-velux-france\/113426\/"]}]},{"@type":"ImageObject","inLanguage":"fr-FR","@id":"https:\/\/batijournal.com\/index.php\/nomination-de-sandrine-maguin-a-la-tete-de-velux-france\/113426\/#primaryimage","url":"https:\/\/batijournal.com\/wp-content\/uploads\/2026\/04\/1920_dsc_92171.jpg","contentUrl":"https:\/\/batijournal.com\/wp-content\/uploads\/2026\/04\/1920_dsc_92171.jpg","width":1359,"height":1200},{"@type":"BreadcrumbList","@id":"https:\/\/batijournal.com\/index.php\/nomination-de-sandrine-maguin-a-la-tete-de-velux-france\/113426\/#breadcrumb","itemListElement":[{"@type":"ListItem","position":1,"name":"Accueil","item":"https:\/\/batijournal.com\/"},{"@type":"ListItem","position":2,"name":"A la Une","item":"https:\/\/batijournal.com\/index.php\/category\/a-la-une\/"},{"@type":"ListItem","position":3,"name":"Nomination de Sandrine Maguin \u00e0 la t\u00eate de Velux France"}]},{"@type":"WebSite","@id":"https:\/\/batijournal.com\/#website","url":"https:\/\/batijournal.com\/","name":"Batijournal","description":"L&#039;actualit\u00e9 du b\u00e2timent","potentialAction":[{"@type":"SearchAction","target":{"@type":"EntryPoint","urlTemplate":"https:\/\/batijournal.com\/?s={search_term_string}"},"query-input":{"@type":"PropertyValueSpecification","valueRequired":true,"valueName":"search_term_string"}}],"inLanguage":"fr-FR"},{"@type":"Person","@id":"https:\/\/batijournal.com\/#\/schema\/person\/6a657e8967569e1b299972574848aa76","name":"Bati-journal","image":{"@type":"ImageObject","inLanguage":"fr-FR","@id":"https:\/\/secure.gravatar.com\/avatar\/a64364ea26392f9b4dd47e017ddaec74ff03aefc073b49e492e847201258f777?s=96&d=mm&r=g","url":"https:\/\/secure.gravatar.com\/avatar\/a64364ea26392f9b4dd47e017ddaec74ff03aefc073b49e492e847201258f777?s=96&d=mm&r=g","contentUrl":"https:\/\/secure.gravatar.com\/avatar\/a64364ea26392f9b4dd47e017ddaec74ff03aefc073b49e492e847201258f777?s=96&d=mm&r=g","caption":"Bati-journal"},"url":"https:\/\/batijournal.com\/index.php\/author\/elodie\/"}]}},"_links":{"self":[{"href":"https:\/\/batijournal.com\/index.php\/wp-json\/wp\/v2\/posts\/113426","targetHints":{"allow":["GET"]}}],"collection":[{"href":"https:\/\/batijournal.com\/index.php\/wp-json\/wp\/v2\/posts"}],"about":[{"href":"https:\/\/batijournal.com\/index.php\/wp-json\/wp\/v2\/types\/post"}],"author":[{"embeddable":true,"href":"https:\/\/batijournal.com\/index.php\/wp-json\/wp\/v2\/users\/1"}],"replies":[{"embeddable":true,"href":"https:\/\/batijournal.com\/index.php\/wp-json\/wp\/v2\/comments?post=113426"}],"version-history":[{"count":0,"href":"https:\/\/batijournal.com\/index.php\/wp-json\/wp\/v2\/posts\/113426\/revisions"}],"wp:featuredmedia":[{"embeddable":true,"href":"https:\/\/batijournal.com\/index.php\/wp-json\/wp\/v2\/media\/113427"}],"wp:attachment":[{"href":"https:\/\/batijournal.com\/index.php\/wp-json\/wp\/v2\/media?parent=113426"}],"wp:term":[{"taxonomy":"category","embeddable":true,"href":"https:\/\/batijournal.com\/index.php\/wp-json\/wp\/v2\/categories?post=113426"},{"taxonomy":"post_tag","embeddable":true,"href":"https:\/\/batijournal.com\/index.php\/wp-json\/wp\/v2\/tags?post=113426"}],"curies":[{"name":"wp","href":"https:\/\/api.w.org\/{rel}","templated":true}]}}