{"id":113440,"date":"2026-04-24T10:36:50","date_gmt":"2026-04-24T08:36:50","guid":{"rendered":"https:\/\/batijournal.com\/?p=113440"},"modified":"2026-04-24T10:39:31","modified_gmt":"2026-04-24T08:39:31","slug":"crise-du-logement-le-gouvernement-devoile-un-projet-de-loi","status":"publish","type":"post","link":"https:\/\/batijournal.com\/index.php\/crise-du-logement-le-gouvernement-devoile-un-projet-de-loi\/113440\/","title":{"rendered":"Crise du logement : le gouvernement d\u00e9voile un projet de loi"},"content":{"rendered":"<div class=\"\" data-turn-id-container=\"request-WEB:8c0ef992-9d03-41f9-992f-b9595a5a80fd-1\" data-is-intersecting=\"true\">\n<section class=\"text-token-text-primary w-full focus:outline-none [--shadow-height:45px] has-data-writing-block:pointer-events-none has-data-writing-block:-mt-(--shadow-height) has-data-writing-block:pt-(--shadow-height) [&amp;:has([data-writing-block])&gt;*]:pointer-events-auto R6Vx5W_threadScrollVars scroll-mb-[calc(var(--scroll-root-safe-area-inset-bottom,0px)+var(--thread-response-height))] scroll-mt-[calc(var(--header-height)+min(200px,max(70px,20svh)))]\" dir=\"auto\" data-turn-id=\"request-WEB:8c0ef992-9d03-41f9-992f-b9595a5a80fd-1\" data-testid=\"conversation-turn-4\" data-scroll-anchor=\"false\" data-turn=\"assistant\">\n<div class=\"text-base my-auto mx-auto pb-10 [--thread-content-margin:var(--thread-content-margin-xs,calc(var(--spacing)*4))] @w-sm\/main:[--thread-content-margin:var(--thread-content-margin-sm,calc(var(--spacing)*6))] @w-lg\/main:[--thread-content-margin:var(--thread-content-margin-lg,calc(var(--spacing)*16))] px-(--thread-content-margin)\">\n<div class=\"[--thread-content-max-width:40rem] @w-lg\/main:[--thread-content-max-width:48rem] mx-auto max-w-(--thread-content-max-width) flex-1 group\/turn-messages focus-visible:outline-hidden relative flex w-full min-w-0 flex-col agent-turn\">\n<div class=\"flex max-w-full flex-col gap-4 grow\">\n<div class=\"min-h-8 text-message relative flex w-full flex-col items-end gap-2 text-start break-words whitespace-normal outline-none keyboard-focused:focus-ring [.text-message+&amp;]:mt-1\" dir=\"auto\" tabindex=\"0\" data-message-author-role=\"assistant\" data-message-id=\"21003ddc-458a-4f2c-8300-cef6f6b83077\" data-message-model-slug=\"gpt-5-3\" data-turn-start-message=\"true\">\n<div class=\"flex w-full flex-col gap-1 empty:hidden\">\n<div class=\"markdown prose dark:prose-invert w-full wrap-break-word dark markdown-new-styling\">\n<p data-start=\"0\" data-end=\"303\" data-is-last-node=\"\" data-is-only-node=\"\"><strong>Le gouvernement va d\u00e9poser un projet de loi visant \u00e0 relancer la construction et l\u2019offre locative. Entre incitations fiscales, assouplissement des r\u00e8gles et renforcement du r\u00f4le des maires, l\u2019ex\u00e9cutif dit vouloir <em>\u00ab b\u00e2tir plus vite, mieux et pour tous \u00bb<\/em>.<\/strong><\/p>\n<p data-start=\"0\" data-end=\"303\" data-is-last-node=\"\" data-is-only-node=\"\">\n<\/div>\n<\/div>\n<\/div>\n<\/div>\n<\/div>\n<\/div>\n<\/section>\n<\/div>\n<p>Le Premier ministre S\u00e9bastien Lecornu et le ministre de la Ville et du Logement, Vincent Jeanbrun, ont annonc\u00e9 un projet de loi pour r\u00e9pondre \u00e0 la crise du logement. Objectifs affich\u00e9s : <em>\u00ab b\u00e2tir plus vite, b\u00e2tir mieux, b\u00e2tir pour tous. \u00bb<\/em> Voil\u00e0 pour la d\u00e9claration d\u2019intention.<\/p>\n<p>Si les contours exacts de la loi ne sont pas encore connus, un communiqu\u00e9 du gouvernement en a d\u00e9voil\u00e9 les grands principes. Premi\u00e8re annonce, le gouvernement a r\u00e9affirm\u00e9 son objectif de 2 millions de logements d\u2019ici 2030. Dans ce cadre, le dispositif fiscal d\u2019incitation \u00e0 l\u2019investissement locatif sera \u00e9tendu aux maisons individuelles dans l\u2019ancien, sans inclure toutefois les maisons neuves. Une demande du secteur. Le seuil de travaux pour b\u00e9n\u00e9ficier de l\u2019avantage fiscal est abaiss\u00e9 de 30 % \u00e0 20 % du montant de l\u2019acquisition et l\u2019\u00e9tiquette \u00e9nerg\u00e9tique est abaiss\u00e9e \u00e0 D.<\/p>\n<h2>Louer les passoires thermiques<\/h2>\n<p>Le projet de loi marque aussi une rupture avec la posture adopt\u00e9e par les pr\u00e9c\u00e9dents gouvernements en autorisant la location des passoires thermiques (F et G), \u00e0 condition d\u2019engager les travaux dans les trois ans pour les maisons individuelles et dans les 5 ans pour les copropri\u00e9t\u00e9s.<em> \u00ab Pr\u00e8s de 700 000 logements pourront ainsi \u00eatre remis \u00e0 disposition afin de cr\u00e9er un choc d\u2019offre locative et de r\u00e9nover massivement les logements \u00bb,<\/em> esp\u00e8re le gouvernement.<\/p>\n<p>Le texte doit introduire des outils afin d\u2019acc\u00e9l\u00e9rer la construction des projets d\u00e9cid\u00e9s par les \u00e9lus. Le premier, Urgence Relance Logement (URL), vise \u00e0 donner aux maires et pr\u00e9fets la possibilit\u00e9 de valider des projets de construction en proc\u00e9dures acc\u00e9l\u00e9r\u00e9es. Ce sont aussi des autorisations de construire uniques <em>\u00ab pour simplifier et s\u00e9curiser les projets \u00bb<\/em>. La loi doit aussi permettre de r\u00e9duire les d\u00e9lais et les recours abusifs afin de mettre fin aux blocages.<\/p>\n<p>Le r\u00f4le des maires sera \u00e9galement renforc\u00e9 dans le cadre de l\u2019attribution des logements sociaux. Les \u00e9lus pourront allouer 30 % du parc de logements sociaux. Ils pourront en outre proposer des candidats et des crit\u00e8res adapt\u00e9s \u00e0 leur territoire et ils b\u00e9n\u00e9ficieront d\u2019un droit de veto.<\/p>\n","protected":false},"excerpt":{"rendered":"<p>Le gouvernement pr\u00e9sente un projet de loi visant \u00e0 relancer la construction et l\u2019offre locative. Entre incitations fiscales, assouplissement des r\u00e8gles et renforcement du r\u00f4le des maires, l\u2019ex\u00e9cutif dit vouloir \u00ab b\u00e2tir plus vite, mieux et pour tous \u00bb.<\/p>\n","protected":false},"author":1,"featured_media":111864,"comment_status":"closed","ping_status":"closed","sticky":false,"template":"","format":"standard","meta":{"_et_pb_use_builder":"","_et_pb_old_content":"","_et_gb_content_width":"","footnotes":""},"categories":[10736,10530],"tags":[],"class_list":["post-113440","post","type-post","status-publish","format-standard","has-post-thumbnail","hentry","category-a-la-une","category-actualites"],"yoast_head":"<!-- This site is optimized with the Yoast SEO plugin v27.4 - https:\/\/yoast.com\/product\/yoast-seo-wordpress\/ -->\n<title>Crise du logement : le gouvernement d\u00e9voile un projet de loi<\/title>\n<meta name=\"description\" content=\"Le gouvernement pr\u00e9sente un projet de loi visant \u00e0 relancer la construction et l\u2019offre locative. Entre incitations fiscales, assouplissement des r\u00e8gles et renforcement du r\u00f4le des maires, l\u2019ex\u00e9cutif dit vouloir \u00ab b\u00e2tir plus vite, mieux et pour tous \u00bb.\" \/>\n<meta name=\"robots\" content=\"index, follow, max-snippet:-1, max-image-preview:large, max-video-preview:-1\" \/>\n<link rel=\"canonical\" href=\"https:\/\/batijournal.com\/index.php\/crise-du-logement-le-gouvernement-devoile-un-projet-de-loi\/113440\/\" \/>\n<meta property=\"og:locale\" content=\"fr_FR\" \/>\n<meta property=\"og:type\" content=\"article\" \/>\n<meta property=\"og:title\" content=\"Crise du logement : le gouvernement d\u00e9voile un projet de loi\" \/>\n<meta property=\"og:description\" content=\"Le gouvernement pr\u00e9sente un projet de loi visant \u00e0 relancer la construction et l\u2019offre locative. Entre incitations fiscales, assouplissement des r\u00e8gles et renforcement du r\u00f4le des maires, l\u2019ex\u00e9cutif dit vouloir \u00ab b\u00e2tir plus vite, mieux et pour tous \u00bb.\" \/>\n<meta property=\"og:url\" content=\"https:\/\/batijournal.com\/index.php\/crise-du-logement-le-gouvernement-devoile-un-projet-de-loi\/113440\/\" \/>\n<meta property=\"og:site_name\" content=\"Batijournal\" \/>\n<meta property=\"article:published_time\" content=\"2026-04-24T08:36:50+00:00\" \/>\n<meta property=\"article:modified_time\" content=\"2026-04-24T08:39:31+00:00\" \/>\n<meta property=\"og:image\" content=\"https:\/\/batijournal.com\/wp-content\/uploads\/2025\/06\/chantier-renovation.jpg\" \/>\n\t<meta property=\"og:image:width\" content=\"1000\" \/>\n\t<meta property=\"og:image:height\" content=\"765\" \/>\n\t<meta property=\"og:image:type\" content=\"image\/jpeg\" \/>\n<meta name=\"author\" content=\"Bati-journal\" \/>\n<meta name=\"twitter:card\" content=\"summary_large_image\" \/>\n<meta name=\"twitter:creator\" content=\"@bati_journal\" \/>\n<meta name=\"twitter:site\" content=\"@bati_journal\" \/>\n<meta name=\"twitter:label1\" content=\"\u00c9crit par\" \/>\n\t<meta name=\"twitter:data1\" content=\"Bati-journal\" \/>\n\t<meta name=\"twitter:label2\" content=\"Dur\u00e9e de lecture estim\u00e9e\" \/>\n\t<meta name=\"twitter:data2\" content=\"3 minutes\" \/>\n<script type=\"application\/ld+json\" class=\"yoast-schema-graph\">{\"@context\":\"https:\\\/\\\/schema.org\",\"@graph\":[{\"@type\":\"Article\",\"@id\":\"https:\\\/\\\/batijournal.com\\\/index.php\\\/crise-du-logement-le-gouvernement-devoile-un-projet-de-loi\\\/113440\\\/#article\",\"isPartOf\":{\"@id\":\"https:\\\/\\\/batijournal.com\\\/index.php\\\/crise-du-logement-le-gouvernement-devoile-un-projet-de-loi\\\/113440\\\/\"},\"author\":{\"name\":\"Bati-journal\",\"@id\":\"https:\\\/\\\/batijournal.com\\\/#\\\/schema\\\/person\\\/6a657e8967569e1b299972574848aa76\"},\"headline\":\"Crise du logement : le gouvernement d\u00e9voile un projet de loi\",\"datePublished\":\"2026-04-24T08:36:50+00:00\",\"dateModified\":\"2026-04-24T08:39:31+00:00\",\"mainEntityOfPage\":{\"@id\":\"https:\\\/\\\/batijournal.com\\\/index.php\\\/crise-du-logement-le-gouvernement-devoile-un-projet-de-loi\\\/113440\\\/\"},\"wordCount\":423,\"image\":{\"@id\":\"https:\\\/\\\/batijournal.com\\\/index.php\\\/crise-du-logement-le-gouvernement-devoile-un-projet-de-loi\\\/113440\\\/#primaryimage\"},\"thumbnailUrl\":\"https:\\\/\\\/batijournal.com\\\/wp-content\\\/uploads\\\/2025\\\/06\\\/chantier-renovation.jpg\",\"articleSection\":[\"A la Une\",\"Actualit\u00e9s\"],\"inLanguage\":\"fr-FR\"},{\"@type\":\"WebPage\",\"@id\":\"https:\\\/\\\/batijournal.com\\\/index.php\\\/crise-du-logement-le-gouvernement-devoile-un-projet-de-loi\\\/113440\\\/\",\"url\":\"https:\\\/\\\/batijournal.com\\\/index.php\\\/crise-du-logement-le-gouvernement-devoile-un-projet-de-loi\\\/113440\\\/\",\"name\":\"Crise du logement : le gouvernement d\u00e9voile un projet de loi\",\"isPartOf\":{\"@id\":\"https:\\\/\\\/batijournal.com\\\/#website\"},\"primaryImageOfPage\":{\"@id\":\"https:\\\/\\\/batijournal.com\\\/index.php\\\/crise-du-logement-le-gouvernement-devoile-un-projet-de-loi\\\/113440\\\/#primaryimage\"},\"image\":{\"@id\":\"https:\\\/\\\/batijournal.com\\\/index.php\\\/crise-du-logement-le-gouvernement-devoile-un-projet-de-loi\\\/113440\\\/#primaryimage\"},\"thumbnailUrl\":\"https:\\\/\\\/batijournal.com\\\/wp-content\\\/uploads\\\/2025\\\/06\\\/chantier-renovation.jpg\",\"datePublished\":\"2026-04-24T08:36:50+00:00\",\"dateModified\":\"2026-04-24T08:39:31+00:00\",\"author\":{\"@id\":\"https:\\\/\\\/batijournal.com\\\/#\\\/schema\\\/person\\\/6a657e8967569e1b299972574848aa76\"},\"description\":\"Le gouvernement pr\u00e9sente un projet de loi visant \u00e0 relancer la construction et l\u2019offre locative. Entre incitations fiscales, assouplissement des r\u00e8gles et renforcement du r\u00f4le des maires, l\u2019ex\u00e9cutif dit vouloir \u00ab b\u00e2tir plus vite, mieux et pour tous \u00bb.\",\"breadcrumb\":{\"@id\":\"https:\\\/\\\/batijournal.com\\\/index.php\\\/crise-du-logement-le-gouvernement-devoile-un-projet-de-loi\\\/113440\\\/#breadcrumb\"},\"inLanguage\":\"fr-FR\",\"potentialAction\":[{\"@type\":\"ReadAction\",\"target\":[\"https:\\\/\\\/batijournal.com\\\/index.php\\\/crise-du-logement-le-gouvernement-devoile-un-projet-de-loi\\\/113440\\\/\"]}]},{\"@type\":\"ImageObject\",\"inLanguage\":\"fr-FR\",\"@id\":\"https:\\\/\\\/batijournal.com\\\/index.php\\\/crise-du-logement-le-gouvernement-devoile-un-projet-de-loi\\\/113440\\\/#primaryimage\",\"url\":\"https:\\\/\\\/batijournal.com\\\/wp-content\\\/uploads\\\/2025\\\/06\\\/chantier-renovation.jpg\",\"contentUrl\":\"https:\\\/\\\/batijournal.com\\\/wp-content\\\/uploads\\\/2025\\\/06\\\/chantier-renovation.jpg\",\"width\":1000,\"height\":765},{\"@type\":\"BreadcrumbList\",\"@id\":\"https:\\\/\\\/batijournal.com\\\/index.php\\\/crise-du-logement-le-gouvernement-devoile-un-projet-de-loi\\\/113440\\\/#breadcrumb\",\"itemListElement\":[{\"@type\":\"ListItem\",\"position\":1,\"name\":\"Accueil\",\"item\":\"https:\\\/\\\/batijournal.com\\\/\"},{\"@type\":\"ListItem\",\"position\":2,\"name\":\"A la Une\",\"item\":\"https:\\\/\\\/batijournal.com\\\/index.php\\\/category\\\/a-la-une\\\/\"},{\"@type\":\"ListItem\",\"position\":3,\"name\":\"Crise du logement : le gouvernement d\u00e9voile un projet de loi\"}]},{\"@type\":\"WebSite\",\"@id\":\"https:\\\/\\\/batijournal.com\\\/#website\",\"url\":\"https:\\\/\\\/batijournal.com\\\/\",\"name\":\"Batijournal\",\"description\":\"L&#039;actualit\u00e9 du b\u00e2timent\",\"potentialAction\":[{\"@type\":\"SearchAction\",\"target\":{\"@type\":\"EntryPoint\",\"urlTemplate\":\"https:\\\/\\\/batijournal.com\\\/?s={search_term_string}\"},\"query-input\":{\"@type\":\"PropertyValueSpecification\",\"valueRequired\":true,\"valueName\":\"search_term_string\"}}],\"inLanguage\":\"fr-FR\"},{\"@type\":\"Person\",\"@id\":\"https:\\\/\\\/batijournal.com\\\/#\\\/schema\\\/person\\\/6a657e8967569e1b299972574848aa76\",\"name\":\"Bati-journal\",\"image\":{\"@type\":\"ImageObject\",\"inLanguage\":\"fr-FR\",\"@id\":\"https:\\\/\\\/secure.gravatar.com\\\/avatar\\\/a64364ea26392f9b4dd47e017ddaec74ff03aefc073b49e492e847201258f777?s=96&d=mm&r=g\",\"url\":\"https:\\\/\\\/secure.gravatar.com\\\/avatar\\\/a64364ea26392f9b4dd47e017ddaec74ff03aefc073b49e492e847201258f777?s=96&d=mm&r=g\",\"contentUrl\":\"https:\\\/\\\/secure.gravatar.com\\\/avatar\\\/a64364ea26392f9b4dd47e017ddaec74ff03aefc073b49e492e847201258f777?s=96&d=mm&r=g\",\"caption\":\"Bati-journal\"},\"url\":\"https:\\\/\\\/batijournal.com\\\/index.php\\\/author\\\/elodie\\\/\"}]}<\/script>\n<!-- \/ Yoast SEO plugin. -->","yoast_head_json":{"title":"Crise du logement : le gouvernement d\u00e9voile un projet de loi","description":"Le gouvernement pr\u00e9sente un projet de loi visant \u00e0 relancer la construction et l\u2019offre locative. Entre incitations fiscales, assouplissement des r\u00e8gles et renforcement du r\u00f4le des maires, l\u2019ex\u00e9cutif dit vouloir \u00ab b\u00e2tir plus vite, mieux et pour tous \u00bb.","robots":{"index":"index","follow":"follow","max-snippet":"max-snippet:-1","max-image-preview":"max-image-preview:large","max-video-preview":"max-video-preview:-1"},"canonical":"https:\/\/batijournal.com\/index.php\/crise-du-logement-le-gouvernement-devoile-un-projet-de-loi\/113440\/","og_locale":"fr_FR","og_type":"article","og_title":"Crise du logement : le gouvernement d\u00e9voile un projet de loi","og_description":"Le gouvernement pr\u00e9sente un projet de loi visant \u00e0 relancer la construction et l\u2019offre locative. Entre incitations fiscales, assouplissement des r\u00e8gles et renforcement du r\u00f4le des maires, l\u2019ex\u00e9cutif dit vouloir \u00ab b\u00e2tir plus vite, mieux et pour tous \u00bb.","og_url":"https:\/\/batijournal.com\/index.php\/crise-du-logement-le-gouvernement-devoile-un-projet-de-loi\/113440\/","og_site_name":"Batijournal","article_published_time":"2026-04-24T08:36:50+00:00","article_modified_time":"2026-04-24T08:39:31+00:00","og_image":[{"width":1000,"height":765,"url":"https:\/\/batijournal.com\/wp-content\/uploads\/2025\/06\/chantier-renovation.jpg","type":"image\/jpeg"}],"author":"Bati-journal","twitter_card":"summary_large_image","twitter_creator":"@bati_journal","twitter_site":"@bati_journal","twitter_misc":{"\u00c9crit par":"Bati-journal","Dur\u00e9e de lecture estim\u00e9e":"3 minutes"},"schema":{"@context":"https:\/\/schema.org","@graph":[{"@type":"Article","@id":"https:\/\/batijournal.com\/index.php\/crise-du-logement-le-gouvernement-devoile-un-projet-de-loi\/113440\/#article","isPartOf":{"@id":"https:\/\/batijournal.com\/index.php\/crise-du-logement-le-gouvernement-devoile-un-projet-de-loi\/113440\/"},"author":{"name":"Bati-journal","@id":"https:\/\/batijournal.com\/#\/schema\/person\/6a657e8967569e1b299972574848aa76"},"headline":"Crise du logement : le gouvernement d\u00e9voile un projet de loi","datePublished":"2026-04-24T08:36:50+00:00","dateModified":"2026-04-24T08:39:31+00:00","mainEntityOfPage":{"@id":"https:\/\/batijournal.com\/index.php\/crise-du-logement-le-gouvernement-devoile-un-projet-de-loi\/113440\/"},"wordCount":423,"image":{"@id":"https:\/\/batijournal.com\/index.php\/crise-du-logement-le-gouvernement-devoile-un-projet-de-loi\/113440\/#primaryimage"},"thumbnailUrl":"https:\/\/batijournal.com\/wp-content\/uploads\/2025\/06\/chantier-renovation.jpg","articleSection":["A la Une","Actualit\u00e9s"],"inLanguage":"fr-FR"},{"@type":"WebPage","@id":"https:\/\/batijournal.com\/index.php\/crise-du-logement-le-gouvernement-devoile-un-projet-de-loi\/113440\/","url":"https:\/\/batijournal.com\/index.php\/crise-du-logement-le-gouvernement-devoile-un-projet-de-loi\/113440\/","name":"Crise du logement : le gouvernement d\u00e9voile un projet de loi","isPartOf":{"@id":"https:\/\/batijournal.com\/#website"},"primaryImageOfPage":{"@id":"https:\/\/batijournal.com\/index.php\/crise-du-logement-le-gouvernement-devoile-un-projet-de-loi\/113440\/#primaryimage"},"image":{"@id":"https:\/\/batijournal.com\/index.php\/crise-du-logement-le-gouvernement-devoile-un-projet-de-loi\/113440\/#primaryimage"},"thumbnailUrl":"https:\/\/batijournal.com\/wp-content\/uploads\/2025\/06\/chantier-renovation.jpg","datePublished":"2026-04-24T08:36:50+00:00","dateModified":"2026-04-24T08:39:31+00:00","author":{"@id":"https:\/\/batijournal.com\/#\/schema\/person\/6a657e8967569e1b299972574848aa76"},"description":"Le gouvernement pr\u00e9sente un projet de loi visant \u00e0 relancer la construction et l\u2019offre locative. Entre incitations fiscales, assouplissement des r\u00e8gles et renforcement du r\u00f4le des maires, l\u2019ex\u00e9cutif dit vouloir \u00ab b\u00e2tir plus vite, mieux et pour tous \u00bb.","breadcrumb":{"@id":"https:\/\/batijournal.com\/index.php\/crise-du-logement-le-gouvernement-devoile-un-projet-de-loi\/113440\/#breadcrumb"},"inLanguage":"fr-FR","potentialAction":[{"@type":"ReadAction","target":["https:\/\/batijournal.com\/index.php\/crise-du-logement-le-gouvernement-devoile-un-projet-de-loi\/113440\/"]}]},{"@type":"ImageObject","inLanguage":"fr-FR","@id":"https:\/\/batijournal.com\/index.php\/crise-du-logement-le-gouvernement-devoile-un-projet-de-loi\/113440\/#primaryimage","url":"https:\/\/batijournal.com\/wp-content\/uploads\/2025\/06\/chantier-renovation.jpg","contentUrl":"https:\/\/batijournal.com\/wp-content\/uploads\/2025\/06\/chantier-renovation.jpg","width":1000,"height":765},{"@type":"BreadcrumbList","@id":"https:\/\/batijournal.com\/index.php\/crise-du-logement-le-gouvernement-devoile-un-projet-de-loi\/113440\/#breadcrumb","itemListElement":[{"@type":"ListItem","position":1,"name":"Accueil","item":"https:\/\/batijournal.com\/"},{"@type":"ListItem","position":2,"name":"A la Une","item":"https:\/\/batijournal.com\/index.php\/category\/a-la-une\/"},{"@type":"ListItem","position":3,"name":"Crise du logement : le gouvernement d\u00e9voile un projet de loi"}]},{"@type":"WebSite","@id":"https:\/\/batijournal.com\/#website","url":"https:\/\/batijournal.com\/","name":"Batijournal","description":"L&#039;actualit\u00e9 du b\u00e2timent","potentialAction":[{"@type":"SearchAction","target":{"@type":"EntryPoint","urlTemplate":"https:\/\/batijournal.com\/?s={search_term_string}"},"query-input":{"@type":"PropertyValueSpecification","valueRequired":true,"valueName":"search_term_string"}}],"inLanguage":"fr-FR"},{"@type":"Person","@id":"https:\/\/batijournal.com\/#\/schema\/person\/6a657e8967569e1b299972574848aa76","name":"Bati-journal","image":{"@type":"ImageObject","inLanguage":"fr-FR","@id":"https:\/\/secure.gravatar.com\/avatar\/a64364ea26392f9b4dd47e017ddaec74ff03aefc073b49e492e847201258f777?s=96&d=mm&r=g","url":"https:\/\/secure.gravatar.com\/avatar\/a64364ea26392f9b4dd47e017ddaec74ff03aefc073b49e492e847201258f777?s=96&d=mm&r=g","contentUrl":"https:\/\/secure.gravatar.com\/avatar\/a64364ea26392f9b4dd47e017ddaec74ff03aefc073b49e492e847201258f777?s=96&d=mm&r=g","caption":"Bati-journal"},"url":"https:\/\/batijournal.com\/index.php\/author\/elodie\/"}]}},"_links":{"self":[{"href":"https:\/\/batijournal.com\/index.php\/wp-json\/wp\/v2\/posts\/113440","targetHints":{"allow":["GET"]}}],"collection":[{"href":"https:\/\/batijournal.com\/index.php\/wp-json\/wp\/v2\/posts"}],"about":[{"href":"https:\/\/batijournal.com\/index.php\/wp-json\/wp\/v2\/types\/post"}],"author":[{"embeddable":true,"href":"https:\/\/batijournal.com\/index.php\/wp-json\/wp\/v2\/users\/1"}],"replies":[{"embeddable":true,"href":"https:\/\/batijournal.com\/index.php\/wp-json\/wp\/v2\/comments?post=113440"}],"version-history":[{"count":0,"href":"https:\/\/batijournal.com\/index.php\/wp-json\/wp\/v2\/posts\/113440\/revisions"}],"wp:featuredmedia":[{"embeddable":true,"href":"https:\/\/batijournal.com\/index.php\/wp-json\/wp\/v2\/media\/111864"}],"wp:attachment":[{"href":"https:\/\/batijournal.com\/index.php\/wp-json\/wp\/v2\/media?parent=113440"}],"wp:term":[{"taxonomy":"category","embeddable":true,"href":"https:\/\/batijournal.com\/index.php\/wp-json\/wp\/v2\/categories?post=113440"},{"taxonomy":"post_tag","embeddable":true,"href":"https:\/\/batijournal.com\/index.php\/wp-json\/wp\/v2\/tags?post=113440"}],"curies":[{"name":"wp","href":"https:\/\/api.w.org\/{rel}","templated":true}]}}