{"id":113446,"date":"2026-04-27T16:30:10","date_gmt":"2026-04-27T14:30:10","guid":{"rendered":"https:\/\/batijournal.com\/?p=113446"},"modified":"2026-04-27T16:24:57","modified_gmt":"2026-04-27T14:24:57","slug":"amelia-tavella-primee-pour-son-architecture-durable","status":"publish","type":"post","link":"https:\/\/batijournal.com\/index.php\/amelia-tavella-primee-pour-son-architecture-durable\/113446\/","title":{"rendered":"Amelia Tavella prim\u00e9e pour son architecture durable"},"content":{"rendered":"<p class=\"p1\"><b>L\u2019architecte <\/b><b>Amelia Tavella<\/b><b> a re\u00e7u le Global Award for Sustainable Architecture\u2122 2026, une distinction internationale qui r\u00e9compense des d\u00e9marches engag\u00e9es en mati\u00e8re d\u2019architecture durable. Cette reconnaissance met en lumi\u00e8re une approche attentive aux territoires, aux ressources et aux usages.<\/b><\/p>\n<p><img loading=\"lazy\" decoding=\"async\" class=\"aligncenter wp-image-113447\" src=\"https:\/\/batijournal.com\/wp-content\/uploads\/2026\/04\/custom4.jpg\" alt=\"\" width=\"621\" height=\"414\" \/><\/p>\n<p class=\"p1\"><span class=\"s1\"><b>Une reconnaissance internationale de premier plan<\/b><\/span><\/p>\n<p class=\"p3\">Attribu\u00e9 \u00e0 Istanbul par la <span class=\"s2\">Mimar Sinan Fine Arts University<\/span>, le prix distingue chaque ann\u00e9e des architectes dont les travaux participent \u00e0 renouveler les pratiques architecturales face aux enjeux contemporains. Cr\u00e9\u00e9 en 2006 et plac\u00e9 sous le patronage de l\u2019UNESCO, le Global Award for Sustainable Architecture\u2122 s\u2019impose aujourd\u2019hui comme une r\u00e9f\u00e9rence dans le domaine de l\u2019architecture durable.<\/p>\n<p class=\"p3\"><span class=\"s1\"><b>Une architecture ancr\u00e9e dans le contexte<\/b><\/span><\/p>\n<p class=\"p3\">Le travail d\u2019Amelia Tavella se caract\u00e9rise par une attention particuli\u00e8re port\u00e9e au site et \u00e0 ses sp\u00e9cificit\u00e9s. Ses projets privil\u00e9gient :<\/p>\n<ul>\n<li>une int\u00e9gration dans le paysage<\/li>\n<li>l\u2019usage de mat\u00e9riaux adapt\u00e9s<\/li>\n<li>une approche mesur\u00e9e de l\u2019intervention architecturale<\/li>\n<\/ul>\n<p class=\"p4\">Cette d\u00e9marche, \u00e9loign\u00e9e des effets formels, s\u2019inscrit dans une recherche de durabilit\u00e9 fond\u00e9e sur la sobri\u00e9t\u00e9 et la p\u00e9rennit\u00e9.<\/p>\n<p class=\"p4\"><span class=\"s1\"><b>Une approche sensible et engag\u00e9e<\/b><\/span><\/p>\n<p class=\"p3\">Au-del\u00e0 des performances environnementales, l\u2019architecture d\u00e9velopp\u00e9e par Amelia Tavella repose sur une dimension culturelle et humaine. Elle interroge la notion de transmission, \u00e0 travers :<\/p>\n<ul>\n<li>la valorisation des savoir-faire<\/li>\n<li>le respect des identit\u00e9s locales<\/li>\n<li>la continuit\u00e9 entre patrimoine et cr\u00e9ation contemporaine<\/li>\n<\/ul>\n<p class=\"p4\">Cette approche rejoint les r\u00e9flexions actuelles sur une architecture plus contextualis\u00e9e et responsable.<\/p>\n<p class=\"p4\"><span class=\"s1\"><b>Une distinction dans un contexte international<\/b><\/span><\/p>\n<p class=\"p3\">En int\u00e9grant le cercle des laur\u00e9ats du Global Award, Amelia Tavella rejoint des architectes dont certains ont ensuite \u00e9t\u00e9 distingu\u00e9s par le Prix Pritzker. Cette reconnaissance contribue \u00e0 renforcer la visibilit\u00e9 d\u2019une architecture fran\u00e7aise attentive aux enjeux environnementaux et soci\u00e9taux, dans un contexte international marqu\u00e9 par la transformation des pratiques du secteur.<\/p>\n<p class=\"p3\"><span class=\"s1\"><b>Une \u0153uvre inscrite dans la dur\u00e9e<\/b><\/span><\/p>\n<p class=\"p3\">Parmi ses r\u00e9alisations r\u00e9centes figurent notamment le couvent Saint-Fran\u00e7ois en Corse, le ch\u00e2teau de Nalys ou encore des projets tertiaires \u00e0 Ajaccio. Autant d\u2019op\u00e9rations qui illustrent une approche o\u00f9 la qualit\u00e9 architecturale repose sur l\u2019\u00e9quilibre entre intervention contemporaine et inscription dans le territoire.<\/p>\n","protected":false},"excerpt":{"rendered":"<p>L\u2019architecte Amelia Tavella a re\u00e7u le Global Award for Sustainable Architecture\u2122 2026, une distinction internationale qui r\u00e9compense des d\u00e9marches engag\u00e9es en mati\u00e8re d\u2019architecture durable. Cette reconnaissance met en lumi\u00e8re une approche attentive aux territoires, aux ressources et aux usages. Une reconnaissance internationale de premier plan Attribu\u00e9 \u00e0 Istanbul par la Mimar Sinan Fine Arts University, [&hellip;]<\/p>\n","protected":false},"author":1,"featured_media":113447,"comment_status":"closed","ping_status":"closed","sticky":false,"template":"","format":"standard","meta":{"_et_pb_use_builder":"","_et_pb_old_content":"","_et_gb_content_width":"","footnotes":""},"categories":[10736,10530],"tags":[],"class_list":["post-113446","post","type-post","status-publish","format-standard","has-post-thumbnail","hentry","category-a-la-une","category-actualites"],"yoast_head":"<!-- This site is optimized with the Yoast SEO plugin v27.4 - https:\/\/yoast.com\/product\/yoast-seo-wordpress\/ -->\n<title>Amelia Tavella prim\u00e9e pour son architecture durable<\/title>\n<meta name=\"robots\" content=\"index, follow, max-snippet:-1, max-image-preview:large, max-video-preview:-1\" \/>\n<link rel=\"canonical\" href=\"https:\/\/batijournal.com\/index.php\/amelia-tavella-primee-pour-son-architecture-durable\/113446\/\" \/>\n<meta property=\"og:locale\" content=\"fr_FR\" \/>\n<meta property=\"og:type\" content=\"article\" \/>\n<meta property=\"og:title\" content=\"Amelia Tavella prim\u00e9e pour son architecture durable\" \/>\n<meta property=\"og:description\" content=\"L\u2019architecte Amelia Tavella a re\u00e7u le Global Award for Sustainable Architecture\u2122 2026, une distinction internationale qui r\u00e9compense des d\u00e9marches engag\u00e9es en mati\u00e8re d\u2019architecture durable. Cette reconnaissance met en lumi\u00e8re une approche attentive aux territoires, aux ressources et aux usages. Une reconnaissance internationale de premier plan Attribu\u00e9 \u00e0 Istanbul par la Mimar Sinan Fine Arts University, [&hellip;]\" \/>\n<meta property=\"og:url\" content=\"https:\/\/batijournal.com\/index.php\/amelia-tavella-primee-pour-son-architecture-durable\/113446\/\" \/>\n<meta property=\"og:site_name\" content=\"Batijournal\" \/>\n<meta property=\"article:published_time\" content=\"2026-04-27T14:30:10+00:00\" \/>\n<meta property=\"og:image\" content=\"https:\/\/batijournal.com\/wp-content\/uploads\/2026\/04\/custom4.jpg\" \/>\n\t<meta property=\"og:image:width\" content=\"1060\" \/>\n\t<meta property=\"og:image:height\" content=\"707\" \/>\n\t<meta property=\"og:image:type\" content=\"image\/jpeg\" \/>\n<meta name=\"author\" content=\"Bati-journal\" \/>\n<meta name=\"twitter:card\" content=\"summary_large_image\" \/>\n<meta name=\"twitter:creator\" content=\"@bati_journal\" \/>\n<meta name=\"twitter:site\" content=\"@bati_journal\" \/>\n<meta name=\"twitter:label1\" content=\"\u00c9crit par\" \/>\n\t<meta name=\"twitter:data1\" content=\"Bati-journal\" \/>\n\t<meta name=\"twitter:label2\" content=\"Dur\u00e9e de lecture estim\u00e9e\" \/>\n\t<meta name=\"twitter:data2\" content=\"3 minutes\" \/>\n<script type=\"application\/ld+json\" class=\"yoast-schema-graph\">{\"@context\":\"https:\\\/\\\/schema.org\",\"@graph\":[{\"@type\":\"Article\",\"@id\":\"https:\\\/\\\/batijournal.com\\\/index.php\\\/amelia-tavella-primee-pour-son-architecture-durable\\\/113446\\\/#article\",\"isPartOf\":{\"@id\":\"https:\\\/\\\/batijournal.com\\\/index.php\\\/amelia-tavella-primee-pour-son-architecture-durable\\\/113446\\\/\"},\"author\":{\"name\":\"Bati-journal\",\"@id\":\"https:\\\/\\\/batijournal.com\\\/#\\\/schema\\\/person\\\/6a657e8967569e1b299972574848aa76\"},\"headline\":\"Amelia Tavella prim\u00e9e pour son architecture durable\",\"datePublished\":\"2026-04-27T14:30:10+00:00\",\"mainEntityOfPage\":{\"@id\":\"https:\\\/\\\/batijournal.com\\\/index.php\\\/amelia-tavella-primee-pour-son-architecture-durable\\\/113446\\\/\"},\"wordCount\":384,\"image\":{\"@id\":\"https:\\\/\\\/batijournal.com\\\/index.php\\\/amelia-tavella-primee-pour-son-architecture-durable\\\/113446\\\/#primaryimage\"},\"thumbnailUrl\":\"https:\\\/\\\/batijournal.com\\\/wp-content\\\/uploads\\\/2026\\\/04\\\/custom4.jpg\",\"articleSection\":[\"A la Une\",\"Actualit\u00e9s\"],\"inLanguage\":\"fr-FR\"},{\"@type\":\"WebPage\",\"@id\":\"https:\\\/\\\/batijournal.com\\\/index.php\\\/amelia-tavella-primee-pour-son-architecture-durable\\\/113446\\\/\",\"url\":\"https:\\\/\\\/batijournal.com\\\/index.php\\\/amelia-tavella-primee-pour-son-architecture-durable\\\/113446\\\/\",\"name\":\"Amelia Tavella prim\u00e9e pour son architecture durable\",\"isPartOf\":{\"@id\":\"https:\\\/\\\/batijournal.com\\\/#website\"},\"primaryImageOfPage\":{\"@id\":\"https:\\\/\\\/batijournal.com\\\/index.php\\\/amelia-tavella-primee-pour-son-architecture-durable\\\/113446\\\/#primaryimage\"},\"image\":{\"@id\":\"https:\\\/\\\/batijournal.com\\\/index.php\\\/amelia-tavella-primee-pour-son-architecture-durable\\\/113446\\\/#primaryimage\"},\"thumbnailUrl\":\"https:\\\/\\\/batijournal.com\\\/wp-content\\\/uploads\\\/2026\\\/04\\\/custom4.jpg\",\"datePublished\":\"2026-04-27T14:30:10+00:00\",\"author\":{\"@id\":\"https:\\\/\\\/batijournal.com\\\/#\\\/schema\\\/person\\\/6a657e8967569e1b299972574848aa76\"},\"breadcrumb\":{\"@id\":\"https:\\\/\\\/batijournal.com\\\/index.php\\\/amelia-tavella-primee-pour-son-architecture-durable\\\/113446\\\/#breadcrumb\"},\"inLanguage\":\"fr-FR\",\"potentialAction\":[{\"@type\":\"ReadAction\",\"target\":[\"https:\\\/\\\/batijournal.com\\\/index.php\\\/amelia-tavella-primee-pour-son-architecture-durable\\\/113446\\\/\"]}]},{\"@type\":\"ImageObject\",\"inLanguage\":\"fr-FR\",\"@id\":\"https:\\\/\\\/batijournal.com\\\/index.php\\\/amelia-tavella-primee-pour-son-architecture-durable\\\/113446\\\/#primaryimage\",\"url\":\"https:\\\/\\\/batijournal.com\\\/wp-content\\\/uploads\\\/2026\\\/04\\\/custom4.jpg\",\"contentUrl\":\"https:\\\/\\\/batijournal.com\\\/wp-content\\\/uploads\\\/2026\\\/04\\\/custom4.jpg\",\"width\":1060,\"height\":707},{\"@type\":\"BreadcrumbList\",\"@id\":\"https:\\\/\\\/batijournal.com\\\/index.php\\\/amelia-tavella-primee-pour-son-architecture-durable\\\/113446\\\/#breadcrumb\",\"itemListElement\":[{\"@type\":\"ListItem\",\"position\":1,\"name\":\"Accueil\",\"item\":\"https:\\\/\\\/batijournal.com\\\/\"},{\"@type\":\"ListItem\",\"position\":2,\"name\":\"A la Une\",\"item\":\"https:\\\/\\\/batijournal.com\\\/index.php\\\/category\\\/a-la-une\\\/\"},{\"@type\":\"ListItem\",\"position\":3,\"name\":\"Amelia Tavella prim\u00e9e pour son architecture durable\"}]},{\"@type\":\"WebSite\",\"@id\":\"https:\\\/\\\/batijournal.com\\\/#website\",\"url\":\"https:\\\/\\\/batijournal.com\\\/\",\"name\":\"Batijournal\",\"description\":\"L&#039;actualit\u00e9 du b\u00e2timent\",\"potentialAction\":[{\"@type\":\"SearchAction\",\"target\":{\"@type\":\"EntryPoint\",\"urlTemplate\":\"https:\\\/\\\/batijournal.com\\\/?s={search_term_string}\"},\"query-input\":{\"@type\":\"PropertyValueSpecification\",\"valueRequired\":true,\"valueName\":\"search_term_string\"}}],\"inLanguage\":\"fr-FR\"},{\"@type\":\"Person\",\"@id\":\"https:\\\/\\\/batijournal.com\\\/#\\\/schema\\\/person\\\/6a657e8967569e1b299972574848aa76\",\"name\":\"Bati-journal\",\"image\":{\"@type\":\"ImageObject\",\"inLanguage\":\"fr-FR\",\"@id\":\"https:\\\/\\\/secure.gravatar.com\\\/avatar\\\/a64364ea26392f9b4dd47e017ddaec74ff03aefc073b49e492e847201258f777?s=96&d=mm&r=g\",\"url\":\"https:\\\/\\\/secure.gravatar.com\\\/avatar\\\/a64364ea26392f9b4dd47e017ddaec74ff03aefc073b49e492e847201258f777?s=96&d=mm&r=g\",\"contentUrl\":\"https:\\\/\\\/secure.gravatar.com\\\/avatar\\\/a64364ea26392f9b4dd47e017ddaec74ff03aefc073b49e492e847201258f777?s=96&d=mm&r=g\",\"caption\":\"Bati-journal\"},\"url\":\"https:\\\/\\\/batijournal.com\\\/index.php\\\/author\\\/elodie\\\/\"}]}<\/script>\n<!-- \/ Yoast SEO plugin. -->","yoast_head_json":{"title":"Amelia Tavella prim\u00e9e pour son architecture durable","robots":{"index":"index","follow":"follow","max-snippet":"max-snippet:-1","max-image-preview":"max-image-preview:large","max-video-preview":"max-video-preview:-1"},"canonical":"https:\/\/batijournal.com\/index.php\/amelia-tavella-primee-pour-son-architecture-durable\/113446\/","og_locale":"fr_FR","og_type":"article","og_title":"Amelia Tavella prim\u00e9e pour son architecture durable","og_description":"L\u2019architecte Amelia Tavella a re\u00e7u le Global Award for Sustainable Architecture\u2122 2026, une distinction internationale qui r\u00e9compense des d\u00e9marches engag\u00e9es en mati\u00e8re d\u2019architecture durable. Cette reconnaissance met en lumi\u00e8re une approche attentive aux territoires, aux ressources et aux usages. Une reconnaissance internationale de premier plan Attribu\u00e9 \u00e0 Istanbul par la Mimar Sinan Fine Arts University, [&hellip;]","og_url":"https:\/\/batijournal.com\/index.php\/amelia-tavella-primee-pour-son-architecture-durable\/113446\/","og_site_name":"Batijournal","article_published_time":"2026-04-27T14:30:10+00:00","og_image":[{"width":1060,"height":707,"url":"https:\/\/batijournal.com\/wp-content\/uploads\/2026\/04\/custom4.jpg","type":"image\/jpeg"}],"author":"Bati-journal","twitter_card":"summary_large_image","twitter_creator":"@bati_journal","twitter_site":"@bati_journal","twitter_misc":{"\u00c9crit par":"Bati-journal","Dur\u00e9e de lecture estim\u00e9e":"3 minutes"},"schema":{"@context":"https:\/\/schema.org","@graph":[{"@type":"Article","@id":"https:\/\/batijournal.com\/index.php\/amelia-tavella-primee-pour-son-architecture-durable\/113446\/#article","isPartOf":{"@id":"https:\/\/batijournal.com\/index.php\/amelia-tavella-primee-pour-son-architecture-durable\/113446\/"},"author":{"name":"Bati-journal","@id":"https:\/\/batijournal.com\/#\/schema\/person\/6a657e8967569e1b299972574848aa76"},"headline":"Amelia Tavella prim\u00e9e pour son architecture durable","datePublished":"2026-04-27T14:30:10+00:00","mainEntityOfPage":{"@id":"https:\/\/batijournal.com\/index.php\/amelia-tavella-primee-pour-son-architecture-durable\/113446\/"},"wordCount":384,"image":{"@id":"https:\/\/batijournal.com\/index.php\/amelia-tavella-primee-pour-son-architecture-durable\/113446\/#primaryimage"},"thumbnailUrl":"https:\/\/batijournal.com\/wp-content\/uploads\/2026\/04\/custom4.jpg","articleSection":["A la Une","Actualit\u00e9s"],"inLanguage":"fr-FR"},{"@type":"WebPage","@id":"https:\/\/batijournal.com\/index.php\/amelia-tavella-primee-pour-son-architecture-durable\/113446\/","url":"https:\/\/batijournal.com\/index.php\/amelia-tavella-primee-pour-son-architecture-durable\/113446\/","name":"Amelia Tavella prim\u00e9e pour son architecture durable","isPartOf":{"@id":"https:\/\/batijournal.com\/#website"},"primaryImageOfPage":{"@id":"https:\/\/batijournal.com\/index.php\/amelia-tavella-primee-pour-son-architecture-durable\/113446\/#primaryimage"},"image":{"@id":"https:\/\/batijournal.com\/index.php\/amelia-tavella-primee-pour-son-architecture-durable\/113446\/#primaryimage"},"thumbnailUrl":"https:\/\/batijournal.com\/wp-content\/uploads\/2026\/04\/custom4.jpg","datePublished":"2026-04-27T14:30:10+00:00","author":{"@id":"https:\/\/batijournal.com\/#\/schema\/person\/6a657e8967569e1b299972574848aa76"},"breadcrumb":{"@id":"https:\/\/batijournal.com\/index.php\/amelia-tavella-primee-pour-son-architecture-durable\/113446\/#breadcrumb"},"inLanguage":"fr-FR","potentialAction":[{"@type":"ReadAction","target":["https:\/\/batijournal.com\/index.php\/amelia-tavella-primee-pour-son-architecture-durable\/113446\/"]}]},{"@type":"ImageObject","inLanguage":"fr-FR","@id":"https:\/\/batijournal.com\/index.php\/amelia-tavella-primee-pour-son-architecture-durable\/113446\/#primaryimage","url":"https:\/\/batijournal.com\/wp-content\/uploads\/2026\/04\/custom4.jpg","contentUrl":"https:\/\/batijournal.com\/wp-content\/uploads\/2026\/04\/custom4.jpg","width":1060,"height":707},{"@type":"BreadcrumbList","@id":"https:\/\/batijournal.com\/index.php\/amelia-tavella-primee-pour-son-architecture-durable\/113446\/#breadcrumb","itemListElement":[{"@type":"ListItem","position":1,"name":"Accueil","item":"https:\/\/batijournal.com\/"},{"@type":"ListItem","position":2,"name":"A la Une","item":"https:\/\/batijournal.com\/index.php\/category\/a-la-une\/"},{"@type":"ListItem","position":3,"name":"Amelia Tavella prim\u00e9e pour son architecture durable"}]},{"@type":"WebSite","@id":"https:\/\/batijournal.com\/#website","url":"https:\/\/batijournal.com\/","name":"Batijournal","description":"L&#039;actualit\u00e9 du b\u00e2timent","potentialAction":[{"@type":"SearchAction","target":{"@type":"EntryPoint","urlTemplate":"https:\/\/batijournal.com\/?s={search_term_string}"},"query-input":{"@type":"PropertyValueSpecification","valueRequired":true,"valueName":"search_term_string"}}],"inLanguage":"fr-FR"},{"@type":"Person","@id":"https:\/\/batijournal.com\/#\/schema\/person\/6a657e8967569e1b299972574848aa76","name":"Bati-journal","image":{"@type":"ImageObject","inLanguage":"fr-FR","@id":"https:\/\/secure.gravatar.com\/avatar\/a64364ea26392f9b4dd47e017ddaec74ff03aefc073b49e492e847201258f777?s=96&d=mm&r=g","url":"https:\/\/secure.gravatar.com\/avatar\/a64364ea26392f9b4dd47e017ddaec74ff03aefc073b49e492e847201258f777?s=96&d=mm&r=g","contentUrl":"https:\/\/secure.gravatar.com\/avatar\/a64364ea26392f9b4dd47e017ddaec74ff03aefc073b49e492e847201258f777?s=96&d=mm&r=g","caption":"Bati-journal"},"url":"https:\/\/batijournal.com\/index.php\/author\/elodie\/"}]}},"_links":{"self":[{"href":"https:\/\/batijournal.com\/index.php\/wp-json\/wp\/v2\/posts\/113446","targetHints":{"allow":["GET"]}}],"collection":[{"href":"https:\/\/batijournal.com\/index.php\/wp-json\/wp\/v2\/posts"}],"about":[{"href":"https:\/\/batijournal.com\/index.php\/wp-json\/wp\/v2\/types\/post"}],"author":[{"embeddable":true,"href":"https:\/\/batijournal.com\/index.php\/wp-json\/wp\/v2\/users\/1"}],"replies":[{"embeddable":true,"href":"https:\/\/batijournal.com\/index.php\/wp-json\/wp\/v2\/comments?post=113446"}],"version-history":[{"count":0,"href":"https:\/\/batijournal.com\/index.php\/wp-json\/wp\/v2\/posts\/113446\/revisions"}],"wp:featuredmedia":[{"embeddable":true,"href":"https:\/\/batijournal.com\/index.php\/wp-json\/wp\/v2\/media\/113447"}],"wp:attachment":[{"href":"https:\/\/batijournal.com\/index.php\/wp-json\/wp\/v2\/media?parent=113446"}],"wp:term":[{"taxonomy":"category","embeddable":true,"href":"https:\/\/batijournal.com\/index.php\/wp-json\/wp\/v2\/categories?post=113446"},{"taxonomy":"post_tag","embeddable":true,"href":"https:\/\/batijournal.com\/index.php\/wp-json\/wp\/v2\/tags?post=113446"}],"curies":[{"name":"wp","href":"https:\/\/api.w.org\/{rel}","templated":true}]}}