{"id":113457,"date":"2026-04-29T12:30:10","date_gmt":"2026-04-29T10:30:10","guid":{"rendered":"https:\/\/batijournal.com\/?p=113457"},"modified":"2026-04-29T12:35:09","modified_gmt":"2026-04-29T10:35:09","slug":"rep-pmcb-la-ffb-denonce-la-hausse-des-baremes","status":"publish","type":"post","link":"https:\/\/batijournal.com\/index.php\/rep-pmcb-la-ffb-denonce-la-hausse-des-baremes\/113457\/","title":{"rendered":"REP PMCB : la FFB d\u00e9nonce la hausse des bar\u00e8mes"},"content":{"rendered":"<p><strong>La F\u00e9d\u00e9ration fran\u00e7aise du b\u00e2timent soutient les arbitrages gouvernementaux sur la refonte de la REP PMCB, mais s\u2019oppose aux nouvelles augmentations tarifaires des \u00e9co-organismes.<\/strong><\/p>\n<p><a href=\"https:\/\/batijournal.com\/?s=FFB\" target=\"_blank\" rel=\"noopener\">La F\u00e9d\u00e9ration fran\u00e7aise du b\u00e2timent (FFB)<\/a> a r\u00e9affirm\u00e9 son soutien <a href=\"https:\/\/batijournal.com\/index.php\/reforme-en-profondeur-de-la-rep-pmcb\/113183\/\" target=\"_blank\" rel=\"noopener\">aux arbitrages rendus par le gouvernement<\/a> dans le cadre de la refonte de la REP PMCB, et a d\u00e9nonc\u00e9, mardi, la hausse des bar\u00e8mes annonc\u00e9e par les \u00e9co-organismes.<\/p>\n<p><em>\u00ab Aller \u00e0 l\u2019encontre des d\u00e9cisions prises par le gouvernement, c&rsquo;est ignorer le surco\u00fbt insoutenable pour la fili\u00e8re du b\u00e2timent qui en r\u00e9sultera sur le prix des mat\u00e9riaux. \u00bb<\/em>, \u00e9crit la f\u00e9d\u00e9ration dans un communiqu\u00e9.<\/p>\n<p><em>\u00ab La FFB soutient les arbitrages rendus par le ministre Lef\u00e8vre, qui vont dans le bon sens. Mais la refondation ne peut pas se r\u00e9sumer \u00e0 un exercice de communication alors m\u00eame que les bar\u00e8mes continuent d&rsquo;augmenter, notamment pour combler les d\u00e9ficits. \u00bb,<\/em> a d\u00e9clar\u00e9 Olivier Salleron, pr\u00e9sident de la FFB.<\/p>\n<p>Pour rappel, en mars, apr\u00e8s un an de concertation, le gouvernement avait d\u00e9voil\u00e9 son projet de refonte de la REP PMCB. La r\u00e9forme avait globalement \u00e9t\u00e9 salu\u00e9e par les professionnels du b\u00e2timent, mais vivement critiqu\u00e9e par les collectivit\u00e9s, qui redoutent un d\u00e9s\u00e9quilibre financier \u00e0 leur d\u00e9triment. Les textes r\u00e9glementaires sont actuellement en consultation et doivent \u00eatre publi\u00e9s \u00e0 l\u2019\u00e9t\u00e9, pour une application au 1er janvier 2027.<\/p>\n<p>Une p\u00e9riode de transition s\u2019amorce donc, mais elle <em>\u00ab ne saurait servir de pr\u00e9texte \u00e0 des augmentations de bar\u00e8mes. \u00bb<\/em>. Or, les quatre organismes de la fili\u00e8re ont augmenter leurs bar\u00e8mes pour 2026,<em> \u00ab qui touchent notamment les fili\u00e8res matures \u2014 inertes, bois, pl\u00e2tre \u2014 que la r\u00e9forme s&rsquo;\u00e9tait pourtant promis de soulager. \u00bb.<\/em><\/p>\n<h2>Geler les hausses<\/h2>\n<p>En effet, il est pr\u00e9vu de baisser les co\u00fbts de la REP en diff\u00e9renciant les mat\u00e9riaux matures comme les inertes, le m\u00e9tal, le bois et le pl\u00e2tre, disposant de leur propre cha\u00eene de valeur fonctionnelle et mature pour le recyclage, et les mat\u00e9riaux non matures tels que les laines de verre, les plastiques, les huisseries ou les membranes bitumeuses, qui doivent encore structurer leur cha\u00eene de valeur.<\/p>\n<p><em>\u00ab C&rsquo;est sur cette promesse que les artisans et entrepreneurs ont accept\u00e9 de s\u2019engager dans ces travaux aux c\u00f4t\u00e9s de l&rsquo;\u00c9tat. \u00bb<\/em> Une situation qui s\u2019ajoute aux hausses tarifaires des mat\u00e9riaux, impact\u00e9s par la guerre au Moyen-Orient.<\/p>\n<p>\u00c0 titre d\u2019exemple, chez Valobat, le prix HT par m\u00b3 pour les \u00e9l\u00e9ments de couverture en bois massif brut \u00e9tait de 4,38 \u20ac en 2025 et est pass\u00e9 \u00e0 5,91 \u20ac en 2026. Autre exemple : les enduits int\u00e9rieurs organiques (p\u00e2te &gt; 25 kg) sont pass\u00e9s de 80 \u20ac HT\/tonne \u00e0 88 \u20ac HT\/tonne. Les bar\u00e8mes sont accessibles en ligne.<\/p>\n<p><em>\u00ab Alourdir encore les charges qui p\u00e8sent sur la fili\u00e8re est irresponsable. \u00bb<\/em> s\u2019inqui\u00e8te la FFB, qui demande le gel des hausses annonc\u00e9es. <em>\u00ab La FFB sera intransigeante dans les n\u00e9gociations \u00e0 venir \u00bb,<\/em> pr\u00e9vient Olivier Salleron. Elle demande \u00e9galement une <em>\u00ab transparence totale \u00bb<\/em> sur la mani\u00e8re dont sont con\u00e7us les bar\u00e8mes.<\/p>\n","protected":false},"excerpt":{"rendered":"<p>La F\u00e9d\u00e9ration fran\u00e7aise du b\u00e2timent soutient les arbitrages gouvernementaux sur la refonte de la REP PMCB, mais s\u2019oppose fermement aux augmentations tarifaires annonc\u00e9es par les \u00e9co-organismes.<\/p>\n","protected":false},"author":1,"featured_media":110719,"comment_status":"closed","ping_status":"closed","sticky":false,"template":"","format":"standard","meta":{"_et_pb_use_builder":"","_et_pb_old_content":"","_et_gb_content_width":"","footnotes":""},"categories":[10736,10530,6351],"tags":[],"class_list":["post-113457","post","type-post","status-publish","format-standard","has-post-thumbnail","hentry","category-a-la-une","category-actualites","category-energie-environnement"],"yoast_head":"<!-- This site is optimized with the Yoast SEO plugin v27.4 - https:\/\/yoast.com\/product\/yoast-seo-wordpress\/ -->\n<title>REP PMCB : la FFB d\u00e9nonce la hausse des bar\u00e8mes<\/title>\n<meta name=\"description\" content=\"La F\u00e9d\u00e9ration fran\u00e7aise du b\u00e2timent soutient les arbitrages gouvernementaux sur la refonte de la REP PMCB, mais s\u2019oppose fermement aux augmentations tarifaires annonc\u00e9es par les \u00e9co-organismes.\" \/>\n<meta name=\"robots\" content=\"index, follow, max-snippet:-1, max-image-preview:large, max-video-preview:-1\" \/>\n<link rel=\"canonical\" href=\"https:\/\/batijournal.com\/index.php\/rep-pmcb-la-ffb-denonce-la-hausse-des-baremes\/113457\/\" \/>\n<meta property=\"og:locale\" content=\"fr_FR\" \/>\n<meta property=\"og:type\" content=\"article\" \/>\n<meta property=\"og:title\" content=\"REP PMCB : la FFB d\u00e9nonce la hausse des bar\u00e8mes\" \/>\n<meta property=\"og:description\" content=\"La F\u00e9d\u00e9ration fran\u00e7aise du b\u00e2timent soutient les arbitrages gouvernementaux sur la refonte de la REP PMCB, mais s\u2019oppose fermement aux augmentations tarifaires annonc\u00e9es par les \u00e9co-organismes.\" \/>\n<meta property=\"og:url\" content=\"https:\/\/batijournal.com\/index.php\/rep-pmcb-la-ffb-denonce-la-hausse-des-baremes\/113457\/\" \/>\n<meta property=\"og:site_name\" content=\"Batijournal\" \/>\n<meta property=\"article:published_time\" content=\"2026-04-29T10:30:10+00:00\" \/>\n<meta property=\"article:modified_time\" content=\"2026-04-29T10:35:09+00:00\" \/>\n<meta property=\"og:image\" content=\"https:\/\/batijournal.com\/wp-content\/uploads\/2024\/06\/wicona-recyclage.jpeg\" \/>\n\t<meta property=\"og:image:width\" content=\"605\" \/>\n\t<meta property=\"og:image:height\" content=\"404\" \/>\n\t<meta property=\"og:image:type\" content=\"image\/jpeg\" \/>\n<meta name=\"author\" content=\"Bati-journal\" \/>\n<meta name=\"twitter:card\" content=\"summary_large_image\" \/>\n<meta name=\"twitter:creator\" content=\"@bati_journal\" \/>\n<meta name=\"twitter:site\" content=\"@bati_journal\" \/>\n<meta name=\"twitter:label1\" content=\"\u00c9crit par\" \/>\n\t<meta name=\"twitter:data1\" content=\"Bati-journal\" \/>\n\t<meta name=\"twitter:label2\" content=\"Dur\u00e9e de lecture estim\u00e9e\" \/>\n\t<meta name=\"twitter:data2\" content=\"3 minutes\" \/>\n<script type=\"application\/ld+json\" class=\"yoast-schema-graph\">{\"@context\":\"https:\\\/\\\/schema.org\",\"@graph\":[{\"@type\":\"Article\",\"@id\":\"https:\\\/\\\/batijournal.com\\\/index.php\\\/rep-pmcb-la-ffb-denonce-la-hausse-des-baremes\\\/113457\\\/#article\",\"isPartOf\":{\"@id\":\"https:\\\/\\\/batijournal.com\\\/index.php\\\/rep-pmcb-la-ffb-denonce-la-hausse-des-baremes\\\/113457\\\/\"},\"author\":{\"name\":\"Bati-journal\",\"@id\":\"https:\\\/\\\/batijournal.com\\\/#\\\/schema\\\/person\\\/6a657e8967569e1b299972574848aa76\"},\"headline\":\"REP PMCB : la FFB d\u00e9nonce la hausse des bar\u00e8mes\",\"datePublished\":\"2026-04-29T10:30:10+00:00\",\"dateModified\":\"2026-04-29T10:35:09+00:00\",\"mainEntityOfPage\":{\"@id\":\"https:\\\/\\\/batijournal.com\\\/index.php\\\/rep-pmcb-la-ffb-denonce-la-hausse-des-baremes\\\/113457\\\/\"},\"wordCount\":547,\"image\":{\"@id\":\"https:\\\/\\\/batijournal.com\\\/index.php\\\/rep-pmcb-la-ffb-denonce-la-hausse-des-baremes\\\/113457\\\/#primaryimage\"},\"thumbnailUrl\":\"https:\\\/\\\/batijournal.com\\\/wp-content\\\/uploads\\\/2024\\\/06\\\/wicona-recyclage.jpeg\",\"articleSection\":[\"A la Une\",\"Actualit\u00e9s\",\"\u00c9nergie &amp; Environnement\"],\"inLanguage\":\"fr-FR\"},{\"@type\":\"WebPage\",\"@id\":\"https:\\\/\\\/batijournal.com\\\/index.php\\\/rep-pmcb-la-ffb-denonce-la-hausse-des-baremes\\\/113457\\\/\",\"url\":\"https:\\\/\\\/batijournal.com\\\/index.php\\\/rep-pmcb-la-ffb-denonce-la-hausse-des-baremes\\\/113457\\\/\",\"name\":\"REP PMCB : la FFB d\u00e9nonce la hausse des bar\u00e8mes\",\"isPartOf\":{\"@id\":\"https:\\\/\\\/batijournal.com\\\/#website\"},\"primaryImageOfPage\":{\"@id\":\"https:\\\/\\\/batijournal.com\\\/index.php\\\/rep-pmcb-la-ffb-denonce-la-hausse-des-baremes\\\/113457\\\/#primaryimage\"},\"image\":{\"@id\":\"https:\\\/\\\/batijournal.com\\\/index.php\\\/rep-pmcb-la-ffb-denonce-la-hausse-des-baremes\\\/113457\\\/#primaryimage\"},\"thumbnailUrl\":\"https:\\\/\\\/batijournal.com\\\/wp-content\\\/uploads\\\/2024\\\/06\\\/wicona-recyclage.jpeg\",\"datePublished\":\"2026-04-29T10:30:10+00:00\",\"dateModified\":\"2026-04-29T10:35:09+00:00\",\"author\":{\"@id\":\"https:\\\/\\\/batijournal.com\\\/#\\\/schema\\\/person\\\/6a657e8967569e1b299972574848aa76\"},\"description\":\"La F\u00e9d\u00e9ration fran\u00e7aise du b\u00e2timent soutient les arbitrages gouvernementaux sur la refonte de la REP PMCB, mais s\u2019oppose fermement aux augmentations tarifaires annonc\u00e9es par les \u00e9co-organismes.\",\"breadcrumb\":{\"@id\":\"https:\\\/\\\/batijournal.com\\\/index.php\\\/rep-pmcb-la-ffb-denonce-la-hausse-des-baremes\\\/113457\\\/#breadcrumb\"},\"inLanguage\":\"fr-FR\",\"potentialAction\":[{\"@type\":\"ReadAction\",\"target\":[\"https:\\\/\\\/batijournal.com\\\/index.php\\\/rep-pmcb-la-ffb-denonce-la-hausse-des-baremes\\\/113457\\\/\"]}]},{\"@type\":\"ImageObject\",\"inLanguage\":\"fr-FR\",\"@id\":\"https:\\\/\\\/batijournal.com\\\/index.php\\\/rep-pmcb-la-ffb-denonce-la-hausse-des-baremes\\\/113457\\\/#primaryimage\",\"url\":\"https:\\\/\\\/batijournal.com\\\/wp-content\\\/uploads\\\/2024\\\/06\\\/wicona-recyclage.jpeg\",\"contentUrl\":\"https:\\\/\\\/batijournal.com\\\/wp-content\\\/uploads\\\/2024\\\/06\\\/wicona-recyclage.jpeg\",\"width\":605,\"height\":404},{\"@type\":\"BreadcrumbList\",\"@id\":\"https:\\\/\\\/batijournal.com\\\/index.php\\\/rep-pmcb-la-ffb-denonce-la-hausse-des-baremes\\\/113457\\\/#breadcrumb\",\"itemListElement\":[{\"@type\":\"ListItem\",\"position\":1,\"name\":\"Accueil\",\"item\":\"https:\\\/\\\/batijournal.com\\\/\"},{\"@type\":\"ListItem\",\"position\":2,\"name\":\"A la Une\",\"item\":\"https:\\\/\\\/batijournal.com\\\/index.php\\\/category\\\/a-la-une\\\/\"},{\"@type\":\"ListItem\",\"position\":3,\"name\":\"REP PMCB : la FFB d\u00e9nonce la hausse des bar\u00e8mes\"}]},{\"@type\":\"WebSite\",\"@id\":\"https:\\\/\\\/batijournal.com\\\/#website\",\"url\":\"https:\\\/\\\/batijournal.com\\\/\",\"name\":\"Batijournal\",\"description\":\"L&#039;actualit\u00e9 du b\u00e2timent\",\"potentialAction\":[{\"@type\":\"SearchAction\",\"target\":{\"@type\":\"EntryPoint\",\"urlTemplate\":\"https:\\\/\\\/batijournal.com\\\/?s={search_term_string}\"},\"query-input\":{\"@type\":\"PropertyValueSpecification\",\"valueRequired\":true,\"valueName\":\"search_term_string\"}}],\"inLanguage\":\"fr-FR\"},{\"@type\":\"Person\",\"@id\":\"https:\\\/\\\/batijournal.com\\\/#\\\/schema\\\/person\\\/6a657e8967569e1b299972574848aa76\",\"name\":\"Bati-journal\",\"image\":{\"@type\":\"ImageObject\",\"inLanguage\":\"fr-FR\",\"@id\":\"https:\\\/\\\/secure.gravatar.com\\\/avatar\\\/a64364ea26392f9b4dd47e017ddaec74ff03aefc073b49e492e847201258f777?s=96&d=mm&r=g\",\"url\":\"https:\\\/\\\/secure.gravatar.com\\\/avatar\\\/a64364ea26392f9b4dd47e017ddaec74ff03aefc073b49e492e847201258f777?s=96&d=mm&r=g\",\"contentUrl\":\"https:\\\/\\\/secure.gravatar.com\\\/avatar\\\/a64364ea26392f9b4dd47e017ddaec74ff03aefc073b49e492e847201258f777?s=96&d=mm&r=g\",\"caption\":\"Bati-journal\"},\"url\":\"https:\\\/\\\/batijournal.com\\\/index.php\\\/author\\\/elodie\\\/\"}]}<\/script>\n<!-- \/ Yoast SEO plugin. -->","yoast_head_json":{"title":"REP PMCB : la FFB d\u00e9nonce la hausse des bar\u00e8mes","description":"La F\u00e9d\u00e9ration fran\u00e7aise du b\u00e2timent soutient les arbitrages gouvernementaux sur la refonte de la REP PMCB, mais s\u2019oppose fermement aux augmentations tarifaires annonc\u00e9es par les \u00e9co-organismes.","robots":{"index":"index","follow":"follow","max-snippet":"max-snippet:-1","max-image-preview":"max-image-preview:large","max-video-preview":"max-video-preview:-1"},"canonical":"https:\/\/batijournal.com\/index.php\/rep-pmcb-la-ffb-denonce-la-hausse-des-baremes\/113457\/","og_locale":"fr_FR","og_type":"article","og_title":"REP PMCB : la FFB d\u00e9nonce la hausse des bar\u00e8mes","og_description":"La F\u00e9d\u00e9ration fran\u00e7aise du b\u00e2timent soutient les arbitrages gouvernementaux sur la refonte de la REP PMCB, mais s\u2019oppose fermement aux augmentations tarifaires annonc\u00e9es par les \u00e9co-organismes.","og_url":"https:\/\/batijournal.com\/index.php\/rep-pmcb-la-ffb-denonce-la-hausse-des-baremes\/113457\/","og_site_name":"Batijournal","article_published_time":"2026-04-29T10:30:10+00:00","article_modified_time":"2026-04-29T10:35:09+00:00","og_image":[{"width":605,"height":404,"url":"https:\/\/batijournal.com\/wp-content\/uploads\/2024\/06\/wicona-recyclage.jpeg","type":"image\/jpeg"}],"author":"Bati-journal","twitter_card":"summary_large_image","twitter_creator":"@bati_journal","twitter_site":"@bati_journal","twitter_misc":{"\u00c9crit par":"Bati-journal","Dur\u00e9e de lecture estim\u00e9e":"3 minutes"},"schema":{"@context":"https:\/\/schema.org","@graph":[{"@type":"Article","@id":"https:\/\/batijournal.com\/index.php\/rep-pmcb-la-ffb-denonce-la-hausse-des-baremes\/113457\/#article","isPartOf":{"@id":"https:\/\/batijournal.com\/index.php\/rep-pmcb-la-ffb-denonce-la-hausse-des-baremes\/113457\/"},"author":{"name":"Bati-journal","@id":"https:\/\/batijournal.com\/#\/schema\/person\/6a657e8967569e1b299972574848aa76"},"headline":"REP PMCB : la FFB d\u00e9nonce la hausse des bar\u00e8mes","datePublished":"2026-04-29T10:30:10+00:00","dateModified":"2026-04-29T10:35:09+00:00","mainEntityOfPage":{"@id":"https:\/\/batijournal.com\/index.php\/rep-pmcb-la-ffb-denonce-la-hausse-des-baremes\/113457\/"},"wordCount":547,"image":{"@id":"https:\/\/batijournal.com\/index.php\/rep-pmcb-la-ffb-denonce-la-hausse-des-baremes\/113457\/#primaryimage"},"thumbnailUrl":"https:\/\/batijournal.com\/wp-content\/uploads\/2024\/06\/wicona-recyclage.jpeg","articleSection":["A la Une","Actualit\u00e9s","\u00c9nergie &amp; Environnement"],"inLanguage":"fr-FR"},{"@type":"WebPage","@id":"https:\/\/batijournal.com\/index.php\/rep-pmcb-la-ffb-denonce-la-hausse-des-baremes\/113457\/","url":"https:\/\/batijournal.com\/index.php\/rep-pmcb-la-ffb-denonce-la-hausse-des-baremes\/113457\/","name":"REP PMCB : la FFB d\u00e9nonce la hausse des bar\u00e8mes","isPartOf":{"@id":"https:\/\/batijournal.com\/#website"},"primaryImageOfPage":{"@id":"https:\/\/batijournal.com\/index.php\/rep-pmcb-la-ffb-denonce-la-hausse-des-baremes\/113457\/#primaryimage"},"image":{"@id":"https:\/\/batijournal.com\/index.php\/rep-pmcb-la-ffb-denonce-la-hausse-des-baremes\/113457\/#primaryimage"},"thumbnailUrl":"https:\/\/batijournal.com\/wp-content\/uploads\/2024\/06\/wicona-recyclage.jpeg","datePublished":"2026-04-29T10:30:10+00:00","dateModified":"2026-04-29T10:35:09+00:00","author":{"@id":"https:\/\/batijournal.com\/#\/schema\/person\/6a657e8967569e1b299972574848aa76"},"description":"La F\u00e9d\u00e9ration fran\u00e7aise du b\u00e2timent soutient les arbitrages gouvernementaux sur la refonte de la REP PMCB, mais s\u2019oppose fermement aux augmentations tarifaires annonc\u00e9es par les \u00e9co-organismes.","breadcrumb":{"@id":"https:\/\/batijournal.com\/index.php\/rep-pmcb-la-ffb-denonce-la-hausse-des-baremes\/113457\/#breadcrumb"},"inLanguage":"fr-FR","potentialAction":[{"@type":"ReadAction","target":["https:\/\/batijournal.com\/index.php\/rep-pmcb-la-ffb-denonce-la-hausse-des-baremes\/113457\/"]}]},{"@type":"ImageObject","inLanguage":"fr-FR","@id":"https:\/\/batijournal.com\/index.php\/rep-pmcb-la-ffb-denonce-la-hausse-des-baremes\/113457\/#primaryimage","url":"https:\/\/batijournal.com\/wp-content\/uploads\/2024\/06\/wicona-recyclage.jpeg","contentUrl":"https:\/\/batijournal.com\/wp-content\/uploads\/2024\/06\/wicona-recyclage.jpeg","width":605,"height":404},{"@type":"BreadcrumbList","@id":"https:\/\/batijournal.com\/index.php\/rep-pmcb-la-ffb-denonce-la-hausse-des-baremes\/113457\/#breadcrumb","itemListElement":[{"@type":"ListItem","position":1,"name":"Accueil","item":"https:\/\/batijournal.com\/"},{"@type":"ListItem","position":2,"name":"A la Une","item":"https:\/\/batijournal.com\/index.php\/category\/a-la-une\/"},{"@type":"ListItem","position":3,"name":"REP PMCB : la FFB d\u00e9nonce la hausse des bar\u00e8mes"}]},{"@type":"WebSite","@id":"https:\/\/batijournal.com\/#website","url":"https:\/\/batijournal.com\/","name":"Batijournal","description":"L&#039;actualit\u00e9 du b\u00e2timent","potentialAction":[{"@type":"SearchAction","target":{"@type":"EntryPoint","urlTemplate":"https:\/\/batijournal.com\/?s={search_term_string}"},"query-input":{"@type":"PropertyValueSpecification","valueRequired":true,"valueName":"search_term_string"}}],"inLanguage":"fr-FR"},{"@type":"Person","@id":"https:\/\/batijournal.com\/#\/schema\/person\/6a657e8967569e1b299972574848aa76","name":"Bati-journal","image":{"@type":"ImageObject","inLanguage":"fr-FR","@id":"https:\/\/secure.gravatar.com\/avatar\/a64364ea26392f9b4dd47e017ddaec74ff03aefc073b49e492e847201258f777?s=96&d=mm&r=g","url":"https:\/\/secure.gravatar.com\/avatar\/a64364ea26392f9b4dd47e017ddaec74ff03aefc073b49e492e847201258f777?s=96&d=mm&r=g","contentUrl":"https:\/\/secure.gravatar.com\/avatar\/a64364ea26392f9b4dd47e017ddaec74ff03aefc073b49e492e847201258f777?s=96&d=mm&r=g","caption":"Bati-journal"},"url":"https:\/\/batijournal.com\/index.php\/author\/elodie\/"}]}},"_links":{"self":[{"href":"https:\/\/batijournal.com\/index.php\/wp-json\/wp\/v2\/posts\/113457","targetHints":{"allow":["GET"]}}],"collection":[{"href":"https:\/\/batijournal.com\/index.php\/wp-json\/wp\/v2\/posts"}],"about":[{"href":"https:\/\/batijournal.com\/index.php\/wp-json\/wp\/v2\/types\/post"}],"author":[{"embeddable":true,"href":"https:\/\/batijournal.com\/index.php\/wp-json\/wp\/v2\/users\/1"}],"replies":[{"embeddable":true,"href":"https:\/\/batijournal.com\/index.php\/wp-json\/wp\/v2\/comments?post=113457"}],"version-history":[{"count":0,"href":"https:\/\/batijournal.com\/index.php\/wp-json\/wp\/v2\/posts\/113457\/revisions"}],"wp:featuredmedia":[{"embeddable":true,"href":"https:\/\/batijournal.com\/index.php\/wp-json\/wp\/v2\/media\/110719"}],"wp:attachment":[{"href":"https:\/\/batijournal.com\/index.php\/wp-json\/wp\/v2\/media?parent=113457"}],"wp:term":[{"taxonomy":"category","embeddable":true,"href":"https:\/\/batijournal.com\/index.php\/wp-json\/wp\/v2\/categories?post=113457"},{"taxonomy":"post_tag","embeddable":true,"href":"https:\/\/batijournal.com\/index.php\/wp-json\/wp\/v2\/tags?post=113457"}],"curies":[{"name":"wp","href":"https:\/\/api.w.org\/{rel}","templated":true}]}}