{"id":113462,"date":"2026-04-30T10:57:57","date_gmt":"2026-04-30T08:57:57","guid":{"rendered":"https:\/\/batijournal.com\/?p=113462"},"modified":"2026-04-30T10:57:57","modified_gmt":"2026-04-30T08:57:57","slug":"edilteco-france-sort-du-redressement-judiciaire","status":"publish","type":"post","link":"https:\/\/batijournal.com\/index.php\/edilteco-france-sort-du-redressement-judiciaire\/113462\/","title":{"rendered":"Edilteco France sort du redressement judiciaire"},"content":{"rendered":"<section class=\"text-token-text-primary w-full focus:outline-none [--shadow-height:45px] has-data-writing-block:pointer-events-none has-data-writing-block:-mt-(--shadow-height) has-data-writing-block:pt-(--shadow-height) [&amp;:has([data-writing-block])&gt;*]:pointer-events-auto [content-visibility:auto] supports-[content-visibility:auto]:[contain-intrinsic-size:auto_100lvh] R6Vx5W_threadScrollVars scroll-mb-[calc(var(--scroll-root-safe-area-inset-bottom,0px)+var(--thread-response-height))] scroll-mt-[calc(var(--header-height)+min(200px,max(70px,20svh)))]\" dir=\"auto\" data-turn-id=\"request-WEB:7652c70a-3cbf-42ee-8a2e-c84b2b34ef43-7\" data-testid=\"conversation-turn-8\" data-scroll-anchor=\"false\" data-turn=\"assistant\">\n<div class=\"text-base my-auto mx-auto pb-10 [--thread-content-margin:var(--thread-content-margin-xs,calc(var(--spacing)*4))] @w-sm\/main:[--thread-content-margin:var(--thread-content-margin-sm,calc(var(--spacing)*6))] @w-lg\/main:[--thread-content-margin:var(--thread-content-margin-lg,calc(var(--spacing)*16))] px-(--thread-content-margin)\">\n<div class=\"[--thread-content-max-width:40rem] @w-lg\/main:[--thread-content-max-width:48rem] mx-auto max-w-(--thread-content-max-width) flex-1 group\/turn-messages focus-visible:outline-hidden relative flex w-full min-w-0 flex-col agent-turn\">\n<div class=\"flex max-w-full flex-col gap-4 grow\">\n<div class=\"min-h-8 text-message relative flex w-full flex-col items-end gap-2 text-start break-words whitespace-normal outline-none keyboard-focused:focus-ring [.text-message+&amp;]:mt-1\" dir=\"auto\" tabindex=\"0\" data-message-author-role=\"assistant\" data-message-id=\"e6fb4ac0-1e57-4958-9ef8-54b12021045d\" data-message-model-slug=\"gpt-5-3\" data-turn-start-message=\"true\">\n<div class=\"flex w-full flex-col gap-1 empty:hidden\">\n<div class=\"markdown prose dark:prose-invert w-full wrap-break-word dark markdown-new-styling\">\n<p data-start=\"0\" data-end=\"146\" data-is-last-node=\"\" data-is-only-node=\"\"><strong>Edilteco France en sort avec une organisation restructur\u00e9e et l\u2019ambition de se relancer sur ses march\u00e9s. Deux sites industriels de l&rsquo;entreprise ont \u00e9t\u00e9 ferm\u00e9s.\u00a0<\/strong><\/p>\n<\/div>\n<\/div>\n<\/div>\n<\/div>\n<\/div>\n<\/div>\n<\/section>\n<p>Apr\u00e8s 14 mois de proc\u00e9dure, Edilteco France en a fini avec la proc\u00e9dure redressement judiciaire prononc\u00e9e par le tribunal de commerce. L\u2019entreprise, sp\u00e9cialis\u00e9e dans les solutions pour le b\u00e2timent, a men\u00e9 une restructuration en profondeur pour s\u2019adapter \u00e0 la crise du secteur. Edilteco France n\u2019en est pas sorti indemne, puisque d\u00e9cision a \u00e9t\u00e9 prise de r\u00e9organiser ses sites industriels, et d\u2019en fermer deux sites dans le Vaucluse. Sur les 14 salari\u00e9s concern\u00e9s, 2 ont \u00e9t\u00e9 reclass\u00e9s sur un site voisin. D\u00e9sormais, la soci\u00e9t\u00e9 entend se consolider sur ses march\u00e9s et explorer de nouvelles opportunit\u00e9s, notamment \u00e0 l\u2019occasion du salon Batimat, o\u00f9 elle pr\u00e9sentera ses nouveaux produits.<\/p>\n","protected":false},"excerpt":{"rendered":"<p>Edilteco France en sort avec une organisation restructur\u00e9e et l\u2019ambition de se relancer sur ses march\u00e9s. Deux sites industriels de l&rsquo;entreprise ont \u00e9t\u00e9 ferm\u00e9s.\u00a0<\/p>\n","protected":false},"author":1,"featured_media":113463,"comment_status":"closed","ping_status":"closed","sticky":false,"template":"","format":"standard","meta":{"_et_pb_use_builder":"","_et_pb_old_content":"","_et_gb_content_width":"","footnotes":""},"categories":[10736,10530],"tags":[],"class_list":["post-113462","post","type-post","status-publish","format-standard","has-post-thumbnail","hentry","category-a-la-une","category-actualites"],"yoast_head":"<!-- This site is optimized with the Yoast SEO plugin v27.4 - https:\/\/yoast.com\/product\/yoast-seo-wordpress\/ -->\n<title>Edilteco France sort du redressement judiciaire<\/title>\n<meta name=\"description\" content=\"Edilteco France en sort avec une organisation restructur\u00e9e et l\u2019ambition de se relancer sur ses march\u00e9s. Deux sites industriels de l&#039;entreprise ont \u00e9t\u00e9 ferm\u00e9s.\u00a0\" \/>\n<meta name=\"robots\" content=\"index, follow, max-snippet:-1, max-image-preview:large, max-video-preview:-1\" \/>\n<link rel=\"canonical\" href=\"https:\/\/batijournal.com\/index.php\/edilteco-france-sort-du-redressement-judiciaire\/113462\/\" \/>\n<meta property=\"og:locale\" content=\"fr_FR\" \/>\n<meta property=\"og:type\" content=\"article\" \/>\n<meta property=\"og:title\" content=\"Edilteco France sort du redressement judiciaire\" \/>\n<meta property=\"og:description\" content=\"Edilteco France en sort avec une organisation restructur\u00e9e et l\u2019ambition de se relancer sur ses march\u00e9s. Deux sites industriels de l&#039;entreprise ont \u00e9t\u00e9 ferm\u00e9s.\u00a0\" \/>\n<meta property=\"og:url\" content=\"https:\/\/batijournal.com\/index.php\/edilteco-france-sort-du-redressement-judiciaire\/113462\/\" \/>\n<meta property=\"og:site_name\" content=\"Batijournal\" \/>\n<meta property=\"article:published_time\" content=\"2026-04-30T08:57:57+00:00\" \/>\n<meta property=\"og:image\" content=\"https:\/\/batijournal.com\/wp-content\/uploads\/2026\/04\/PHOTO-2026-03-04-09-51-20-1.jpg\" \/>\n\t<meta property=\"og:image:width\" content=\"1280\" \/>\n\t<meta property=\"og:image:height\" content=\"960\" \/>\n\t<meta property=\"og:image:type\" content=\"image\/jpeg\" \/>\n<meta name=\"author\" content=\"Bati-journal\" \/>\n<meta name=\"twitter:card\" content=\"summary_large_image\" \/>\n<meta name=\"twitter:creator\" content=\"@bati_journal\" \/>\n<meta name=\"twitter:site\" content=\"@bati_journal\" \/>\n<meta name=\"twitter:label1\" content=\"\u00c9crit par\" \/>\n\t<meta name=\"twitter:data1\" content=\"Bati-journal\" \/>\n\t<meta name=\"twitter:label2\" content=\"Dur\u00e9e de lecture estim\u00e9e\" \/>\n\t<meta name=\"twitter:data2\" content=\"1 minute\" \/>\n<script type=\"application\/ld+json\" class=\"yoast-schema-graph\">{\"@context\":\"https:\\\/\\\/schema.org\",\"@graph\":[{\"@type\":\"Article\",\"@id\":\"https:\\\/\\\/batijournal.com\\\/index.php\\\/edilteco-france-sort-du-redressement-judiciaire\\\/113462\\\/#article\",\"isPartOf\":{\"@id\":\"https:\\\/\\\/batijournal.com\\\/index.php\\\/edilteco-france-sort-du-redressement-judiciaire\\\/113462\\\/\"},\"author\":{\"name\":\"Bati-journal\",\"@id\":\"https:\\\/\\\/batijournal.com\\\/#\\\/schema\\\/person\\\/6a657e8967569e1b299972574848aa76\"},\"headline\":\"Edilteco France sort du redressement judiciaire\",\"datePublished\":\"2026-04-30T08:57:57+00:00\",\"mainEntityOfPage\":{\"@id\":\"https:\\\/\\\/batijournal.com\\\/index.php\\\/edilteco-france-sort-du-redressement-judiciaire\\\/113462\\\/\"},\"wordCount\":158,\"image\":{\"@id\":\"https:\\\/\\\/batijournal.com\\\/index.php\\\/edilteco-france-sort-du-redressement-judiciaire\\\/113462\\\/#primaryimage\"},\"thumbnailUrl\":\"https:\\\/\\\/batijournal.com\\\/wp-content\\\/uploads\\\/2026\\\/04\\\/PHOTO-2026-03-04-09-51-20-1.jpg\",\"articleSection\":[\"A la Une\",\"Actualit\u00e9s\"],\"inLanguage\":\"fr-FR\"},{\"@type\":\"WebPage\",\"@id\":\"https:\\\/\\\/batijournal.com\\\/index.php\\\/edilteco-france-sort-du-redressement-judiciaire\\\/113462\\\/\",\"url\":\"https:\\\/\\\/batijournal.com\\\/index.php\\\/edilteco-france-sort-du-redressement-judiciaire\\\/113462\\\/\",\"name\":\"Edilteco France sort du redressement judiciaire\",\"isPartOf\":{\"@id\":\"https:\\\/\\\/batijournal.com\\\/#website\"},\"primaryImageOfPage\":{\"@id\":\"https:\\\/\\\/batijournal.com\\\/index.php\\\/edilteco-france-sort-du-redressement-judiciaire\\\/113462\\\/#primaryimage\"},\"image\":{\"@id\":\"https:\\\/\\\/batijournal.com\\\/index.php\\\/edilteco-france-sort-du-redressement-judiciaire\\\/113462\\\/#primaryimage\"},\"thumbnailUrl\":\"https:\\\/\\\/batijournal.com\\\/wp-content\\\/uploads\\\/2026\\\/04\\\/PHOTO-2026-03-04-09-51-20-1.jpg\",\"datePublished\":\"2026-04-30T08:57:57+00:00\",\"author\":{\"@id\":\"https:\\\/\\\/batijournal.com\\\/#\\\/schema\\\/person\\\/6a657e8967569e1b299972574848aa76\"},\"description\":\"Edilteco France en sort avec une organisation restructur\u00e9e et l\u2019ambition de se relancer sur ses march\u00e9s. Deux sites industriels de l'entreprise ont \u00e9t\u00e9 ferm\u00e9s.\u00a0\",\"breadcrumb\":{\"@id\":\"https:\\\/\\\/batijournal.com\\\/index.php\\\/edilteco-france-sort-du-redressement-judiciaire\\\/113462\\\/#breadcrumb\"},\"inLanguage\":\"fr-FR\",\"potentialAction\":[{\"@type\":\"ReadAction\",\"target\":[\"https:\\\/\\\/batijournal.com\\\/index.php\\\/edilteco-france-sort-du-redressement-judiciaire\\\/113462\\\/\"]}]},{\"@type\":\"ImageObject\",\"inLanguage\":\"fr-FR\",\"@id\":\"https:\\\/\\\/batijournal.com\\\/index.php\\\/edilteco-france-sort-du-redressement-judiciaire\\\/113462\\\/#primaryimage\",\"url\":\"https:\\\/\\\/batijournal.com\\\/wp-content\\\/uploads\\\/2026\\\/04\\\/PHOTO-2026-03-04-09-51-20-1.jpg\",\"contentUrl\":\"https:\\\/\\\/batijournal.com\\\/wp-content\\\/uploads\\\/2026\\\/04\\\/PHOTO-2026-03-04-09-51-20-1.jpg\",\"width\":1280,\"height\":960},{\"@type\":\"BreadcrumbList\",\"@id\":\"https:\\\/\\\/batijournal.com\\\/index.php\\\/edilteco-france-sort-du-redressement-judiciaire\\\/113462\\\/#breadcrumb\",\"itemListElement\":[{\"@type\":\"ListItem\",\"position\":1,\"name\":\"Accueil\",\"item\":\"https:\\\/\\\/batijournal.com\\\/\"},{\"@type\":\"ListItem\",\"position\":2,\"name\":\"A la Une\",\"item\":\"https:\\\/\\\/batijournal.com\\\/index.php\\\/category\\\/a-la-une\\\/\"},{\"@type\":\"ListItem\",\"position\":3,\"name\":\"Edilteco France sort du redressement judiciaire\"}]},{\"@type\":\"WebSite\",\"@id\":\"https:\\\/\\\/batijournal.com\\\/#website\",\"url\":\"https:\\\/\\\/batijournal.com\\\/\",\"name\":\"Batijournal\",\"description\":\"L&#039;actualit\u00e9 du b\u00e2timent\",\"potentialAction\":[{\"@type\":\"SearchAction\",\"target\":{\"@type\":\"EntryPoint\",\"urlTemplate\":\"https:\\\/\\\/batijournal.com\\\/?s={search_term_string}\"},\"query-input\":{\"@type\":\"PropertyValueSpecification\",\"valueRequired\":true,\"valueName\":\"search_term_string\"}}],\"inLanguage\":\"fr-FR\"},{\"@type\":\"Person\",\"@id\":\"https:\\\/\\\/batijournal.com\\\/#\\\/schema\\\/person\\\/6a657e8967569e1b299972574848aa76\",\"name\":\"Bati-journal\",\"image\":{\"@type\":\"ImageObject\",\"inLanguage\":\"fr-FR\",\"@id\":\"https:\\\/\\\/secure.gravatar.com\\\/avatar\\\/a64364ea26392f9b4dd47e017ddaec74ff03aefc073b49e492e847201258f777?s=96&d=mm&r=g\",\"url\":\"https:\\\/\\\/secure.gravatar.com\\\/avatar\\\/a64364ea26392f9b4dd47e017ddaec74ff03aefc073b49e492e847201258f777?s=96&d=mm&r=g\",\"contentUrl\":\"https:\\\/\\\/secure.gravatar.com\\\/avatar\\\/a64364ea26392f9b4dd47e017ddaec74ff03aefc073b49e492e847201258f777?s=96&d=mm&r=g\",\"caption\":\"Bati-journal\"},\"url\":\"https:\\\/\\\/batijournal.com\\\/index.php\\\/author\\\/elodie\\\/\"}]}<\/script>\n<!-- \/ Yoast SEO plugin. -->","yoast_head_json":{"title":"Edilteco France sort du redressement judiciaire","description":"Edilteco France en sort avec une organisation restructur\u00e9e et l\u2019ambition de se relancer sur ses march\u00e9s. Deux sites industriels de l'entreprise ont \u00e9t\u00e9 ferm\u00e9s.\u00a0","robots":{"index":"index","follow":"follow","max-snippet":"max-snippet:-1","max-image-preview":"max-image-preview:large","max-video-preview":"max-video-preview:-1"},"canonical":"https:\/\/batijournal.com\/index.php\/edilteco-france-sort-du-redressement-judiciaire\/113462\/","og_locale":"fr_FR","og_type":"article","og_title":"Edilteco France sort du redressement judiciaire","og_description":"Edilteco France en sort avec une organisation restructur\u00e9e et l\u2019ambition de se relancer sur ses march\u00e9s. Deux sites industriels de l'entreprise ont \u00e9t\u00e9 ferm\u00e9s.\u00a0","og_url":"https:\/\/batijournal.com\/index.php\/edilteco-france-sort-du-redressement-judiciaire\/113462\/","og_site_name":"Batijournal","article_published_time":"2026-04-30T08:57:57+00:00","og_image":[{"width":1280,"height":960,"url":"https:\/\/batijournal.com\/wp-content\/uploads\/2026\/04\/PHOTO-2026-03-04-09-51-20-1.jpg","type":"image\/jpeg"}],"author":"Bati-journal","twitter_card":"summary_large_image","twitter_creator":"@bati_journal","twitter_site":"@bati_journal","twitter_misc":{"\u00c9crit par":"Bati-journal","Dur\u00e9e de lecture estim\u00e9e":"1 minute"},"schema":{"@context":"https:\/\/schema.org","@graph":[{"@type":"Article","@id":"https:\/\/batijournal.com\/index.php\/edilteco-france-sort-du-redressement-judiciaire\/113462\/#article","isPartOf":{"@id":"https:\/\/batijournal.com\/index.php\/edilteco-france-sort-du-redressement-judiciaire\/113462\/"},"author":{"name":"Bati-journal","@id":"https:\/\/batijournal.com\/#\/schema\/person\/6a657e8967569e1b299972574848aa76"},"headline":"Edilteco France sort du redressement judiciaire","datePublished":"2026-04-30T08:57:57+00:00","mainEntityOfPage":{"@id":"https:\/\/batijournal.com\/index.php\/edilteco-france-sort-du-redressement-judiciaire\/113462\/"},"wordCount":158,"image":{"@id":"https:\/\/batijournal.com\/index.php\/edilteco-france-sort-du-redressement-judiciaire\/113462\/#primaryimage"},"thumbnailUrl":"https:\/\/batijournal.com\/wp-content\/uploads\/2026\/04\/PHOTO-2026-03-04-09-51-20-1.jpg","articleSection":["A la Une","Actualit\u00e9s"],"inLanguage":"fr-FR"},{"@type":"WebPage","@id":"https:\/\/batijournal.com\/index.php\/edilteco-france-sort-du-redressement-judiciaire\/113462\/","url":"https:\/\/batijournal.com\/index.php\/edilteco-france-sort-du-redressement-judiciaire\/113462\/","name":"Edilteco France sort du redressement judiciaire","isPartOf":{"@id":"https:\/\/batijournal.com\/#website"},"primaryImageOfPage":{"@id":"https:\/\/batijournal.com\/index.php\/edilteco-france-sort-du-redressement-judiciaire\/113462\/#primaryimage"},"image":{"@id":"https:\/\/batijournal.com\/index.php\/edilteco-france-sort-du-redressement-judiciaire\/113462\/#primaryimage"},"thumbnailUrl":"https:\/\/batijournal.com\/wp-content\/uploads\/2026\/04\/PHOTO-2026-03-04-09-51-20-1.jpg","datePublished":"2026-04-30T08:57:57+00:00","author":{"@id":"https:\/\/batijournal.com\/#\/schema\/person\/6a657e8967569e1b299972574848aa76"},"description":"Edilteco France en sort avec une organisation restructur\u00e9e et l\u2019ambition de se relancer sur ses march\u00e9s. Deux sites industriels de l'entreprise ont \u00e9t\u00e9 ferm\u00e9s.\u00a0","breadcrumb":{"@id":"https:\/\/batijournal.com\/index.php\/edilteco-france-sort-du-redressement-judiciaire\/113462\/#breadcrumb"},"inLanguage":"fr-FR","potentialAction":[{"@type":"ReadAction","target":["https:\/\/batijournal.com\/index.php\/edilteco-france-sort-du-redressement-judiciaire\/113462\/"]}]},{"@type":"ImageObject","inLanguage":"fr-FR","@id":"https:\/\/batijournal.com\/index.php\/edilteco-france-sort-du-redressement-judiciaire\/113462\/#primaryimage","url":"https:\/\/batijournal.com\/wp-content\/uploads\/2026\/04\/PHOTO-2026-03-04-09-51-20-1.jpg","contentUrl":"https:\/\/batijournal.com\/wp-content\/uploads\/2026\/04\/PHOTO-2026-03-04-09-51-20-1.jpg","width":1280,"height":960},{"@type":"BreadcrumbList","@id":"https:\/\/batijournal.com\/index.php\/edilteco-france-sort-du-redressement-judiciaire\/113462\/#breadcrumb","itemListElement":[{"@type":"ListItem","position":1,"name":"Accueil","item":"https:\/\/batijournal.com\/"},{"@type":"ListItem","position":2,"name":"A la Une","item":"https:\/\/batijournal.com\/index.php\/category\/a-la-une\/"},{"@type":"ListItem","position":3,"name":"Edilteco France sort du redressement judiciaire"}]},{"@type":"WebSite","@id":"https:\/\/batijournal.com\/#website","url":"https:\/\/batijournal.com\/","name":"Batijournal","description":"L&#039;actualit\u00e9 du b\u00e2timent","potentialAction":[{"@type":"SearchAction","target":{"@type":"EntryPoint","urlTemplate":"https:\/\/batijournal.com\/?s={search_term_string}"},"query-input":{"@type":"PropertyValueSpecification","valueRequired":true,"valueName":"search_term_string"}}],"inLanguage":"fr-FR"},{"@type":"Person","@id":"https:\/\/batijournal.com\/#\/schema\/person\/6a657e8967569e1b299972574848aa76","name":"Bati-journal","image":{"@type":"ImageObject","inLanguage":"fr-FR","@id":"https:\/\/secure.gravatar.com\/avatar\/a64364ea26392f9b4dd47e017ddaec74ff03aefc073b49e492e847201258f777?s=96&d=mm&r=g","url":"https:\/\/secure.gravatar.com\/avatar\/a64364ea26392f9b4dd47e017ddaec74ff03aefc073b49e492e847201258f777?s=96&d=mm&r=g","contentUrl":"https:\/\/secure.gravatar.com\/avatar\/a64364ea26392f9b4dd47e017ddaec74ff03aefc073b49e492e847201258f777?s=96&d=mm&r=g","caption":"Bati-journal"},"url":"https:\/\/batijournal.com\/index.php\/author\/elodie\/"}]}},"_links":{"self":[{"href":"https:\/\/batijournal.com\/index.php\/wp-json\/wp\/v2\/posts\/113462","targetHints":{"allow":["GET"]}}],"collection":[{"href":"https:\/\/batijournal.com\/index.php\/wp-json\/wp\/v2\/posts"}],"about":[{"href":"https:\/\/batijournal.com\/index.php\/wp-json\/wp\/v2\/types\/post"}],"author":[{"embeddable":true,"href":"https:\/\/batijournal.com\/index.php\/wp-json\/wp\/v2\/users\/1"}],"replies":[{"embeddable":true,"href":"https:\/\/batijournal.com\/index.php\/wp-json\/wp\/v2\/comments?post=113462"}],"version-history":[{"count":0,"href":"https:\/\/batijournal.com\/index.php\/wp-json\/wp\/v2\/posts\/113462\/revisions"}],"wp:featuredmedia":[{"embeddable":true,"href":"https:\/\/batijournal.com\/index.php\/wp-json\/wp\/v2\/media\/113463"}],"wp:attachment":[{"href":"https:\/\/batijournal.com\/index.php\/wp-json\/wp\/v2\/media?parent=113462"}],"wp:term":[{"taxonomy":"category","embeddable":true,"href":"https:\/\/batijournal.com\/index.php\/wp-json\/wp\/v2\/categories?post=113462"},{"taxonomy":"post_tag","embeddable":true,"href":"https:\/\/batijournal.com\/index.php\/wp-json\/wp\/v2\/tags?post=113462"}],"curies":[{"name":"wp","href":"https:\/\/api.w.org\/{rel}","templated":true}]}}