{"id":113793,"date":"2026-09-02T09:00:51","date_gmt":"2026-09-02T07:00:51","guid":{"rendered":"https:\/\/batijournal.com\/?p=113793"},"modified":"2026-09-01T16:39:32","modified_gmt":"2026-09-01T14:39:32","slug":"saint-astier-rapproche-ses-formations-du-patrimoine-francilien","status":"publish","type":"post","link":"https:\/\/batijournal.com\/index.php\/saint-astier-rapproche-ses-formations-du-patrimoine-francilien\/113793\/","title":{"rendered":"Saint-Astier rapproche ses formations du patrimoine francilien"},"content":{"rendered":"<p class=\"p1\"><b>Chaux de Saint-Astier ouvre \u00e0 Noisiel, en Seine-et-Marne, une antenne de son centre de formation professionnelle. Cette implantation en r\u00e9gion parisienne doit faciliter l\u2019acc\u00e8s aux formations consacr\u00e9es \u00e0 la chaux naturelle et aux techniques du b\u00e2ti ancien pour les artisans, architectes, ma\u00eetres d\u2019\u0153uvre et acteurs du patrimoine du nord de la France.<\/b><\/p>\n<p class=\"p2\">La transmission des techniques traditionnelles constitue l\u2019un des enjeux de la conservation du b\u00e2ti ancien. Enduits et badigeons \u00e0 la chaux, r\u00e9paration des pierres, mortiers de pl\u00e2tre et chaux ou encore b\u00e9tons de chaux et de chanvre n\u00e9cessitent une connaissance des mat\u00e9riaux mais \u00e9galement une ma\u00eetrise du geste. Pour rapprocher ces formations des professionnels intervenant en \u00cele-de-France et dans la moiti\u00e9 nord du pays, Chaux de Saint-Astier ouvre une nouvelle antenne de son p\u00f4le de formation \u00e0 <span class=\"s1\">Noisiel, en Seine-et-Marne<\/span>. Elle compl\u00e8te le centre historique install\u00e9 \u00e0 Saint-Astier, en Dordogne, o\u00f9 l\u2019entreprise produit ses chaux hydrauliques naturelles et d\u00e9veloppe depuis plusieurs ann\u00e9es son activit\u00e9 de formation.<\/p>\n<p class=\"p2\"><span class=\"s1\"><b>R\u00e9pondre aux besoins du b\u00e2ti ancien<\/b><\/span><\/p>\n<p class=\"p2\">Cette implantation vise notamment les professionnels d\u2019\u00cele-de-France, des Hauts-de-France, du Grand Est et de Normandie. Ces territoires concentrent monuments historiques, \u00e9difices anciens et patrimoine vernaculaire n\u00e9cessitant des comp\u00e9tences sp\u00e9cifiques pour leur entretien et leur restauration. \u00ab Nous constatons depuis plusieurs ann\u00e9es une demande tr\u00e8s forte en \u00cele-de-France de la part des entreprises du b\u00e2ti ancien, mais aussi des \u00e9coles et des institutions patrimoniales \u00bb, explique Guillaume Roz\u00e9, directeur du d\u00e9veloppement de Saint-Astier. L\u2019objectif du nouveau centre est ainsi de rendre ces enseignements accessibles sans imposer aux professionnels un d\u00e9placement jusqu\u2019en Dordogne. Le choix de Noisiel r\u00e9pond \u00e9galement \u00e0 une logique pratique : le centre est implant\u00e9 \u00e0 proximit\u00e9 du d\u00e9p\u00f4t francilien de l\u2019entreprise, regroupant ainsi produits, accompagnement technique et formation.<\/p>\n<p class=\"p2\"><span class=\"s1\"><b>De l\u2019enduit \u00e0 la r\u00e9paration de la pierre<\/b><\/span><\/p>\n<p class=\"p2\">Certifi\u00e9e Qualiopi, l\u2019antenne francilienne reprend le catalogue propos\u00e9 par le centre de Saint-Astier. Les enseignements associent apports th\u00e9oriques, pratique et mises en situation. Parmi les techniques abord\u00e9es figurent les <span class=\"s1\">enduits et badigeons de chaux naturelle<\/span>, les enduits d\u00e9coratifs et minces, les <span class=\"s1\">r\u00e9parations de pierres et les patines<\/span>, les b\u00e9tons de chaux naturelle ainsi que les <span class=\"s1\">mortiers de pl\u00e2tre et chaux<\/span>. Une partie du programme concerne \u00e9galement le chanvre. Une formation de trois jours, certifiante et agr\u00e9\u00e9e \u00ab Construire en Chanvre \u00bb, porte sur les applications des enduits et b\u00e9tons de chaux et chanvre. Une autre, destin\u00e9e \u00e0 la ma\u00eetrise d\u2019\u0153uvre, aborde la conception des ouvrages en b\u00e9ton de chanvre. Les sessions s\u2019\u00e9tendent de deux \u00e0 quatre jours selon les th\u00e8mes. Elles s\u2019adressent aux artisans et entreprises \u2013 ma\u00e7ons, peintres ou tailleurs de pierre \u2013 mais aussi aux architectes, ma\u00eetres d\u2019\u0153uvre, techniciens du b\u00e2timent, \u00e9conomistes de la construction et professionnels de la prescription.<\/p>\n<p class=\"p2\"><span class=\"s1\"><b>Transmettre des techniques de restauration<\/b><\/span><\/p>\n<p class=\"p2\">Les enseignements sont assur\u00e9s par une \u00e9quipe issue de l\u2019univers Saint-Astier et disposant d\u2019une exp\u00e9rience du b\u00e2ti ancien et de la restauration du patrimoine. Cinq formateurs sont \u00e9galement agr\u00e9\u00e9s par Construire en Chanvre. Le centre historique indique avoir accueilli <span class=\"s1\">319 stagiaires en 2025<\/span>, avec un taux de r\u00e9ussite de 100 % aux formations certifiantes et un taux de satisfaction global de 94,68 %. Avec cette nouvelle implantation, l\u2019entreprise cherche ainsi \u00e0 rapprocher la formation des territoires o\u00f9 se concentrent de nombreux chantiers de conservation et de restauration. Un enjeu qui d\u00e9passe la seule connaissance des mat\u00e9riaux : dans le patrimoine b\u00e2ti, la p\u00e9rennit\u00e9 des interventions repose aussi sur la transmission et la pratique des techniques adapt\u00e9es aux ma\u00e7onneries anciennes.<\/p>\n<p class=\"p2\"><b>Informations pratiques<\/b><br \/>\nCentre de formation Saint-Astier \u2013 Noisiel (Seine-et-Marne).<br \/>\nFormations professionnelles de deux \u00e0 quatre jours selon les modules. Des prises en charge peuvent \u00eatre mobilis\u00e9es aupr\u00e8s des organismes de financement de la formation professionnelle, notamment Constructys et le FAFCEA.<\/p>\n","protected":false},"excerpt":{"rendered":"<p>Chaux de Saint-Astier ouvre \u00e0 Noisiel, en Seine-et-Marne, une antenne de son centre de formation professionnelle. Cette implantation en r\u00e9gion parisienne doit faciliter l\u2019acc\u00e8s aux formations consacr\u00e9es \u00e0 la chaux naturelle et aux techniques du b\u00e2ti ancien pour les artisans, architectes, ma\u00eetres d\u2019\u0153uvre et acteurs du patrimoine du nord de la France. La transmission des [&hellip;]<\/p>\n","protected":false},"author":1,"featured_media":113790,"comment_status":"closed","ping_status":"closed","sticky":false,"template":"","format":"standard","meta":{"_et_pb_use_builder":"","_et_pb_old_content":"","_et_gb_content_width":"","footnotes":""},"categories":[10736,10530],"tags":[],"class_list":["post-113793","post","type-post","status-publish","format-standard","has-post-thumbnail","hentry","category-a-la-une","category-actualites"],"yoast_head":"<!-- This site is optimized with the Yoast SEO plugin v28.4 - https:\/\/yoast.com\/product\/yoast-seo-wordpress\/ -->\n<title>Saint-Astier rapproche ses formations du patrimoine francilien<\/title>\n<meta name=\"robots\" content=\"index, follow, max-snippet:-1, max-image-preview:large, max-video-preview:-1\" \/>\n<link rel=\"canonical\" href=\"https:\/\/batijournal.com\/index.php\/saint-astier-rapproche-ses-formations-du-patrimoine-francilien\/113793\/\" \/>\n<meta property=\"og:locale\" content=\"fr_FR\" \/>\n<meta property=\"og:type\" content=\"article\" \/>\n<meta property=\"og:title\" content=\"Saint-Astier rapproche ses formations du patrimoine francilien\" \/>\n<meta property=\"og:description\" content=\"Chaux de Saint-Astier ouvre \u00e0 Noisiel, en Seine-et-Marne, une antenne de son centre de formation professionnelle. Cette implantation en r\u00e9gion parisienne doit faciliter l\u2019acc\u00e8s aux formations consacr\u00e9es \u00e0 la chaux naturelle et aux techniques du b\u00e2ti ancien pour les artisans, architectes, ma\u00eetres d\u2019\u0153uvre et acteurs du patrimoine du nord de la France. La transmission des [&hellip;]\" \/>\n<meta property=\"og:url\" content=\"https:\/\/batijournal.com\/index.php\/saint-astier-rapproche-ses-formations-du-patrimoine-francilien\/113793\/\" \/>\n<meta property=\"og:site_name\" content=\"Batijournal\" \/>\n<meta property=\"article:published_time\" content=\"2026-09-02T07:00:51+00:00\" \/>\n<meta property=\"og:image\" content=\"https:\/\/batijournal.com\/wp-content\/uploads\/2026\/09\/10827_639233504566944008.jpeg\" \/>\n\t<meta property=\"og:image:width\" content=\"1996\" \/>\n\t<meta property=\"og:image:height\" content=\"1196\" \/>\n\t<meta property=\"og:image:type\" content=\"image\/jpeg\" \/>\n<meta name=\"author\" content=\"Bati-journal\" \/>\n<meta name=\"twitter:card\" content=\"summary_large_image\" \/>\n<meta name=\"twitter:creator\" content=\"@bati_journal\" \/>\n<meta name=\"twitter:site\" content=\"@bati_journal\" \/>\n<meta name=\"twitter:label1\" content=\"\u00c9crit par\" \/>\n\t<meta name=\"twitter:data1\" content=\"Bati-journal\" \/>\n\t<meta name=\"twitter:label2\" content=\"Dur\u00e9e de lecture estim\u00e9e\" \/>\n\t<meta name=\"twitter:data2\" content=\"4 minutes\" \/>\n<script type=\"application\/ld+json\" class=\"yoast-schema-graph\">{\"@context\":\"https:\\\/\\\/schema.org\",\"@graph\":[{\"@type\":\"Article\",\"@id\":\"https:\\\/\\\/batijournal.com\\\/index.php\\\/saint-astier-rapproche-ses-formations-du-patrimoine-francilien\\\/113793\\\/#article\",\"isPartOf\":{\"@id\":\"https:\\\/\\\/batijournal.com\\\/index.php\\\/saint-astier-rapproche-ses-formations-du-patrimoine-francilien\\\/113793\\\/\"},\"author\":{\"name\":\"Bati-journal\",\"@id\":\"https:\\\/\\\/batijournal.com\\\/#\\\/schema\\\/person\\\/6a657e8967569e1b299972574848aa76\"},\"headline\":\"Saint-Astier rapproche ses formations du patrimoine francilien\",\"datePublished\":\"2026-09-02T07:00:51+00:00\",\"mainEntityOfPage\":{\"@id\":\"https:\\\/\\\/batijournal.com\\\/index.php\\\/saint-astier-rapproche-ses-formations-du-patrimoine-francilien\\\/113793\\\/\"},\"wordCount\":664,\"image\":{\"@id\":\"https:\\\/\\\/batijournal.com\\\/index.php\\\/saint-astier-rapproche-ses-formations-du-patrimoine-francilien\\\/113793\\\/#primaryimage\"},\"thumbnailUrl\":\"https:\\\/\\\/batijournal.com\\\/wp-content\\\/uploads\\\/2026\\\/09\\\/10827_639233504566944008.jpeg\",\"articleSection\":[\"A la Une\",\"Actualit\u00e9s\"],\"inLanguage\":\"fr-FR\"},{\"@type\":\"WebPage\",\"@id\":\"https:\\\/\\\/batijournal.com\\\/index.php\\\/saint-astier-rapproche-ses-formations-du-patrimoine-francilien\\\/113793\\\/\",\"url\":\"https:\\\/\\\/batijournal.com\\\/index.php\\\/saint-astier-rapproche-ses-formations-du-patrimoine-francilien\\\/113793\\\/\",\"name\":\"Saint-Astier rapproche ses formations du patrimoine francilien\",\"isPartOf\":{\"@id\":\"https:\\\/\\\/batijournal.com\\\/#website\"},\"primaryImageOfPage\":{\"@id\":\"https:\\\/\\\/batijournal.com\\\/index.php\\\/saint-astier-rapproche-ses-formations-du-patrimoine-francilien\\\/113793\\\/#primaryimage\"},\"image\":{\"@id\":\"https:\\\/\\\/batijournal.com\\\/index.php\\\/saint-astier-rapproche-ses-formations-du-patrimoine-francilien\\\/113793\\\/#primaryimage\"},\"thumbnailUrl\":\"https:\\\/\\\/batijournal.com\\\/wp-content\\\/uploads\\\/2026\\\/09\\\/10827_639233504566944008.jpeg\",\"datePublished\":\"2026-09-02T07:00:51+00:00\",\"author\":{\"@id\":\"https:\\\/\\\/batijournal.com\\\/#\\\/schema\\\/person\\\/6a657e8967569e1b299972574848aa76\"},\"breadcrumb\":{\"@id\":\"https:\\\/\\\/batijournal.com\\\/index.php\\\/saint-astier-rapproche-ses-formations-du-patrimoine-francilien\\\/113793\\\/#breadcrumb\"},\"inLanguage\":\"fr-FR\",\"potentialAction\":[{\"@type\":\"ReadAction\",\"target\":[\"https:\\\/\\\/batijournal.com\\\/index.php\\\/saint-astier-rapproche-ses-formations-du-patrimoine-francilien\\\/113793\\\/\"]}]},{\"@type\":\"ImageObject\",\"inLanguage\":\"fr-FR\",\"@id\":\"https:\\\/\\\/batijournal.com\\\/index.php\\\/saint-astier-rapproche-ses-formations-du-patrimoine-francilien\\\/113793\\\/#primaryimage\",\"url\":\"https:\\\/\\\/batijournal.com\\\/wp-content\\\/uploads\\\/2026\\\/09\\\/10827_639233504566944008.jpeg\",\"contentUrl\":\"https:\\\/\\\/batijournal.com\\\/wp-content\\\/uploads\\\/2026\\\/09\\\/10827_639233504566944008.jpeg\",\"width\":1996,\"height\":1196},{\"@type\":\"BreadcrumbList\",\"@id\":\"https:\\\/\\\/batijournal.com\\\/index.php\\\/saint-astier-rapproche-ses-formations-du-patrimoine-francilien\\\/113793\\\/#breadcrumb\",\"itemListElement\":[{\"@type\":\"ListItem\",\"position\":1,\"name\":\"Accueil\",\"item\":\"https:\\\/\\\/batijournal.com\\\/\"},{\"@type\":\"ListItem\",\"position\":2,\"name\":\"A la Une\",\"item\":\"https:\\\/\\\/batijournal.com\\\/index.php\\\/category\\\/a-la-une\\\/\"},{\"@type\":\"ListItem\",\"position\":3,\"name\":\"Saint-Astier rapproche ses formations du patrimoine francilien\"}]},{\"@type\":\"WebSite\",\"@id\":\"https:\\\/\\\/batijournal.com\\\/#website\",\"url\":\"https:\\\/\\\/batijournal.com\\\/\",\"name\":\"Batijournal\",\"description\":\"L&#039;actualit\u00e9 du b\u00e2timent\",\"potentialAction\":[{\"@type\":\"SearchAction\",\"target\":{\"@type\":\"EntryPoint\",\"urlTemplate\":\"https:\\\/\\\/batijournal.com\\\/?s={search_term_string}\"},\"query-input\":{\"@type\":\"PropertyValueSpecification\",\"valueRequired\":true,\"valueName\":\"search_term_string\"}}],\"inLanguage\":\"fr-FR\"},{\"@type\":\"Person\",\"@id\":\"https:\\\/\\\/batijournal.com\\\/#\\\/schema\\\/person\\\/6a657e8967569e1b299972574848aa76\",\"name\":\"Bati-journal\",\"image\":{\"@type\":\"ImageObject\",\"inLanguage\":\"fr-FR\",\"@id\":\"https:\\\/\\\/secure.gravatar.com\\\/avatar\\\/a64364ea26392f9b4dd47e017ddaec74ff03aefc073b49e492e847201258f777?s=96&d=mm&r=g\",\"url\":\"https:\\\/\\\/secure.gravatar.com\\\/avatar\\\/a64364ea26392f9b4dd47e017ddaec74ff03aefc073b49e492e847201258f777?s=96&d=mm&r=g\",\"contentUrl\":\"https:\\\/\\\/secure.gravatar.com\\\/avatar\\\/a64364ea26392f9b4dd47e017ddaec74ff03aefc073b49e492e847201258f777?s=96&d=mm&r=g\",\"caption\":\"Bati-journal\"},\"url\":\"https:\\\/\\\/batijournal.com\\\/index.php\\\/author\\\/elodie\\\/\"}]}<\/script>\n<!-- \/ Yoast SEO plugin. -->","yoast_head_json":{"title":"Saint-Astier rapproche ses formations du patrimoine francilien","robots":{"index":"index","follow":"follow","max-snippet":"max-snippet:-1","max-image-preview":"max-image-preview:large","max-video-preview":"max-video-preview:-1"},"canonical":"https:\/\/batijournal.com\/index.php\/saint-astier-rapproche-ses-formations-du-patrimoine-francilien\/113793\/","og_locale":"fr_FR","og_type":"article","og_title":"Saint-Astier rapproche ses formations du patrimoine francilien","og_description":"Chaux de Saint-Astier ouvre \u00e0 Noisiel, en Seine-et-Marne, une antenne de son centre de formation professionnelle. Cette implantation en r\u00e9gion parisienne doit faciliter l\u2019acc\u00e8s aux formations consacr\u00e9es \u00e0 la chaux naturelle et aux techniques du b\u00e2ti ancien pour les artisans, architectes, ma\u00eetres d\u2019\u0153uvre et acteurs du patrimoine du nord de la France. La transmission des [&hellip;]","og_url":"https:\/\/batijournal.com\/index.php\/saint-astier-rapproche-ses-formations-du-patrimoine-francilien\/113793\/","og_site_name":"Batijournal","article_published_time":"2026-09-02T07:00:51+00:00","og_image":[{"width":1996,"height":1196,"url":"https:\/\/batijournal.com\/wp-content\/uploads\/2026\/09\/10827_639233504566944008.jpeg","type":"image\/jpeg"}],"author":"Bati-journal","twitter_card":"summary_large_image","twitter_creator":"@bati_journal","twitter_site":"@bati_journal","twitter_misc":{"\u00c9crit par":"Bati-journal","Dur\u00e9e de lecture estim\u00e9e":"4 minutes"},"schema":{"@context":"https:\/\/schema.org","@graph":[{"@type":"Article","@id":"https:\/\/batijournal.com\/index.php\/saint-astier-rapproche-ses-formations-du-patrimoine-francilien\/113793\/#article","isPartOf":{"@id":"https:\/\/batijournal.com\/index.php\/saint-astier-rapproche-ses-formations-du-patrimoine-francilien\/113793\/"},"author":{"name":"Bati-journal","@id":"https:\/\/batijournal.com\/#\/schema\/person\/6a657e8967569e1b299972574848aa76"},"headline":"Saint-Astier rapproche ses formations du patrimoine francilien","datePublished":"2026-09-02T07:00:51+00:00","mainEntityOfPage":{"@id":"https:\/\/batijournal.com\/index.php\/saint-astier-rapproche-ses-formations-du-patrimoine-francilien\/113793\/"},"wordCount":664,"image":{"@id":"https:\/\/batijournal.com\/index.php\/saint-astier-rapproche-ses-formations-du-patrimoine-francilien\/113793\/#primaryimage"},"thumbnailUrl":"https:\/\/batijournal.com\/wp-content\/uploads\/2026\/09\/10827_639233504566944008.jpeg","articleSection":["A la Une","Actualit\u00e9s"],"inLanguage":"fr-FR"},{"@type":"WebPage","@id":"https:\/\/batijournal.com\/index.php\/saint-astier-rapproche-ses-formations-du-patrimoine-francilien\/113793\/","url":"https:\/\/batijournal.com\/index.php\/saint-astier-rapproche-ses-formations-du-patrimoine-francilien\/113793\/","name":"Saint-Astier rapproche ses formations du patrimoine francilien","isPartOf":{"@id":"https:\/\/batijournal.com\/#website"},"primaryImageOfPage":{"@id":"https:\/\/batijournal.com\/index.php\/saint-astier-rapproche-ses-formations-du-patrimoine-francilien\/113793\/#primaryimage"},"image":{"@id":"https:\/\/batijournal.com\/index.php\/saint-astier-rapproche-ses-formations-du-patrimoine-francilien\/113793\/#primaryimage"},"thumbnailUrl":"https:\/\/batijournal.com\/wp-content\/uploads\/2026\/09\/10827_639233504566944008.jpeg","datePublished":"2026-09-02T07:00:51+00:00","author":{"@id":"https:\/\/batijournal.com\/#\/schema\/person\/6a657e8967569e1b299972574848aa76"},"breadcrumb":{"@id":"https:\/\/batijournal.com\/index.php\/saint-astier-rapproche-ses-formations-du-patrimoine-francilien\/113793\/#breadcrumb"},"inLanguage":"fr-FR","potentialAction":[{"@type":"ReadAction","target":["https:\/\/batijournal.com\/index.php\/saint-astier-rapproche-ses-formations-du-patrimoine-francilien\/113793\/"]}]},{"@type":"ImageObject","inLanguage":"fr-FR","@id":"https:\/\/batijournal.com\/index.php\/saint-astier-rapproche-ses-formations-du-patrimoine-francilien\/113793\/#primaryimage","url":"https:\/\/batijournal.com\/wp-content\/uploads\/2026\/09\/10827_639233504566944008.jpeg","contentUrl":"https:\/\/batijournal.com\/wp-content\/uploads\/2026\/09\/10827_639233504566944008.jpeg","width":1996,"height":1196},{"@type":"BreadcrumbList","@id":"https:\/\/batijournal.com\/index.php\/saint-astier-rapproche-ses-formations-du-patrimoine-francilien\/113793\/#breadcrumb","itemListElement":[{"@type":"ListItem","position":1,"name":"Accueil","item":"https:\/\/batijournal.com\/"},{"@type":"ListItem","position":2,"name":"A la Une","item":"https:\/\/batijournal.com\/index.php\/category\/a-la-une\/"},{"@type":"ListItem","position":3,"name":"Saint-Astier rapproche ses formations du patrimoine francilien"}]},{"@type":"WebSite","@id":"https:\/\/batijournal.com\/#website","url":"https:\/\/batijournal.com\/","name":"Batijournal","description":"L&#039;actualit\u00e9 du b\u00e2timent","potentialAction":[{"@type":"SearchAction","target":{"@type":"EntryPoint","urlTemplate":"https:\/\/batijournal.com\/?s={search_term_string}"},"query-input":{"@type":"PropertyValueSpecification","valueRequired":true,"valueName":"search_term_string"}}],"inLanguage":"fr-FR"},{"@type":"Person","@id":"https:\/\/batijournal.com\/#\/schema\/person\/6a657e8967569e1b299972574848aa76","name":"Bati-journal","image":{"@type":"ImageObject","inLanguage":"fr-FR","@id":"https:\/\/secure.gravatar.com\/avatar\/a64364ea26392f9b4dd47e017ddaec74ff03aefc073b49e492e847201258f777?s=96&d=mm&r=g","url":"https:\/\/secure.gravatar.com\/avatar\/a64364ea26392f9b4dd47e017ddaec74ff03aefc073b49e492e847201258f777?s=96&d=mm&r=g","contentUrl":"https:\/\/secure.gravatar.com\/avatar\/a64364ea26392f9b4dd47e017ddaec74ff03aefc073b49e492e847201258f777?s=96&d=mm&r=g","caption":"Bati-journal"},"url":"https:\/\/batijournal.com\/index.php\/author\/elodie\/"}]}},"_links":{"self":[{"href":"https:\/\/batijournal.com\/index.php\/wp-json\/wp\/v2\/posts\/113793","targetHints":{"allow":["GET"]}}],"collection":[{"href":"https:\/\/batijournal.com\/index.php\/wp-json\/wp\/v2\/posts"}],"about":[{"href":"https:\/\/batijournal.com\/index.php\/wp-json\/wp\/v2\/types\/post"}],"author":[{"embeddable":true,"href":"https:\/\/batijournal.com\/index.php\/wp-json\/wp\/v2\/users\/1"}],"replies":[{"embeddable":true,"href":"https:\/\/batijournal.com\/index.php\/wp-json\/wp\/v2\/comments?post=113793"}],"version-history":[{"count":0,"href":"https:\/\/batijournal.com\/index.php\/wp-json\/wp\/v2\/posts\/113793\/revisions"}],"wp:featuredmedia":[{"embeddable":true,"href":"https:\/\/batijournal.com\/index.php\/wp-json\/wp\/v2\/media\/113790"}],"wp:attachment":[{"href":"https:\/\/batijournal.com\/index.php\/wp-json\/wp\/v2\/media?parent=113793"}],"wp:term":[{"taxonomy":"category","embeddable":true,"href":"https:\/\/batijournal.com\/index.php\/wp-json\/wp\/v2\/categories?post=113793"},{"taxonomy":"post_tag","embeddable":true,"href":"https:\/\/batijournal.com\/index.php\/wp-json\/wp\/v2\/tags?post=113793"}],"curies":[{"name":"wp","href":"https:\/\/api.w.org\/{rel}","templated":true}]}}