{"id":113808,"date":"2026-09-04T09:30:57","date_gmt":"2026-09-04T07:30:57","guid":{"rendered":"https:\/\/batijournal.com\/?p=113808"},"modified":"2026-09-03T09:49:41","modified_gmt":"2026-09-03T07:49:41","slug":"le-forum-bois-construction-2027-ouvre-ses-candidatures","status":"publish","type":"post","link":"https:\/\/batijournal.com\/index.php\/le-forum-bois-construction-2027-ouvre-ses-candidatures\/113808\/","title":{"rendered":"Le Forum Bois Construction 2027 ouvre ses candidatures"},"content":{"rendered":"<p class=\"p1\"><b>Le Forum International Bois Construction pr\u00e9pare sa 16e \u00e9dition, organis\u00e9e du 10 au 12 f\u00e9vrier 2027 au Grand Palais \u00e0 Paris. Plac\u00e9 sous le th\u00e8me \u00ab La construction biosourc\u00e9e pour b\u00e2tir un avenir \u00bb, l\u2019\u00e9v\u00e9nement ouvre trois appels \u00e0 candidatures consacr\u00e9s aux r\u00e9alisations, aux innovations et \u00e0 l\u2019architecture bois et biosourc\u00e9e. Les premiers dossiers sont attendus avant le 15 septembre 2026.<\/b><\/p>\n<p class=\"p2\">Le Forum International Bois Construction (FBC) retrouvera le Grand Palais \u00e0 Paris du <span class=\"s1\">10 au 12 f\u00e9vrier 2027<\/span>. Pour cette nouvelle \u00e9dition francilienne, Fibois \u00cele-de-France sera de nouveau co-organisateur aux c\u00f4t\u00e9s des \u00e9quipes du Forum.<\/p>\n<p class=\"p2\">\u00c0 quelques mois de l\u2019\u00e9v\u00e9nement, trois appels \u00e0 candidatures sont lanc\u00e9s. Ils s\u2019adressent aux acteurs de la construction et de l\u2019am\u00e9nagement bois, mais \u00e9galement aux professionnels travaillant avec les mat\u00e9riaux biosourc\u00e9s et g\u00e9osourc\u00e9s.<\/p>\n<p class=\"p2\"><span class=\"s1\"><b>Des r\u00e9alisations \u00e0 pr\u00e9senter au Forum<\/b><\/span><\/p>\n<p class=\"p2\">Le premier appel concerne les <span class=\"s1\">projets de construction, de r\u00e9habilitation ou d\u2019am\u00e9nagement<\/span> r\u00e9alis\u00e9s en bois ou faisant appel \u00e0 des mat\u00e9riaux biosourc\u00e9s ou g\u00e9osourc\u00e9s. Les projets retenus pourront \u00eatre pr\u00e9sent\u00e9s dans le cadre de la programmation du Forum International Bois Construction 2027. Les candidatures doivent \u00eatre d\u00e9pos\u00e9es <span class=\"s1\"><b>avant le 15 septembre 2026<\/b><\/span>. Cette s\u00e9lection doit permettre de mettre en avant des r\u00e9alisations r\u00e9centes et de partager les solutions constructives d\u00e9velopp\u00e9es par leurs concepteurs et entreprises.<\/p>\n<p class=\"p2\"><span class=\"s1\"><b>Une tribune pour les innovations<\/b><\/span><\/p>\n<p class=\"p2\">Le deuxi\u00e8me appel concerne la <span class=\"s1\">Tribune des Innovations et l\u2019\u00c9co-Mat\u00e9riauth\u00e8que<\/span>. Il est ouvert aux solutions destin\u00e9es \u00e0 la construction, \u00e0 l\u2019am\u00e9nagement et \u00e0 la r\u00e9habilitation, mais aussi au r\u00e9emploi des mat\u00e9riaux bois, biosourc\u00e9s et g\u00e9osourc\u00e9s. Deux formats sont propos\u00e9s. Les candidats peuvent pr\u00e9senter leur innovation lors d\u2019un <span class=\"s1\">pitch de 15 minutes \u00e0 la Tribune des Innovations<\/span> ou demander son exposition au sein de l\u2019\u00c9co-Mat\u00e9riauth\u00e8que. Les propositions seront soumises \u00e0 la validation d\u2019un jury.<\/p>\n<p class=\"p2\">La date limite de candidature est fix\u00e9e au <span class=\"s1\"><b>30 septembre 2026<\/b><\/span>.<\/p>\n<p class=\"p2\"><span class=\"s1\"><b>L\u2019architecture bois expos\u00e9e au Grand Palais<\/b><\/span><\/p>\n<p class=\"p2\">Le troisi\u00e8me appel s\u2019adresse aux <span class=\"s1\">agences d\u2019architecture et d\u2019urbanisme ainsi qu\u2019aux structures d\u2019ing\u00e9nierie et de design<\/span>. Les projets s\u00e9lectionn\u00e9s int\u00e9greront la <span class=\"s1\">Galerie de l\u2019Architecture Bois\/Biosourc\u00e9e du XXIe si\u00e8cle<\/span>, install\u00e9e sur la mezzanine du Grand Palais. Ils pourront y \u00eatre pr\u00e9sent\u00e9s \u00e0 travers des maquettes, plans ou photographies.<\/p>\n<p class=\"p2\">Les candidatures pour la Galerie sont ouvertes <span class=\"s1\"><b>jusqu\u2019au 15 septembre 2026<\/b><\/span>.<\/p>\n<p class=\"p2\">Avec ces trois appels, le Forum pr\u00e9pare ainsi une \u00e9dition associant retours d\u2019exp\u00e9rience, innovations constructives et pr\u00e9sentation de projets architecturaux autour du bois et des mat\u00e9riaux bio et g\u00e9osourc\u00e9s.<\/p>\n<p><a href=\"https:\/\/www.forum-boisconstruction.com\/index.php\" target=\"_blank\" rel=\"noopener\">Participez au Forum Bois Construction 2027<\/a><\/p>\n<p>Photo \u00a9Kristopher Guidoux<\/p>\n","protected":false},"excerpt":{"rendered":"<p>Le Forum International Bois Construction pr\u00e9pare sa 16e \u00e9dition, organis\u00e9e du 10 au 12 f\u00e9vrier 2027 au Grand Palais \u00e0 Paris. Plac\u00e9 sous le th\u00e8me \u00ab La construction biosourc\u00e9e pour b\u00e2tir un avenir \u00bb, l\u2019\u00e9v\u00e9nement ouvre trois appels \u00e0 candidatures consacr\u00e9s aux r\u00e9alisations, aux innovations et \u00e0 l\u2019architecture bois et biosourc\u00e9e. Les premiers dossiers sont [&hellip;]<\/p>\n","protected":false},"author":1,"featured_media":113805,"comment_status":"closed","ping_status":"closed","sticky":false,"template":"","format":"standard","meta":{"_et_pb_use_builder":"","_et_pb_old_content":"","_et_gb_content_width":"","footnotes":""},"categories":[10736,10530],"tags":[],"class_list":["post-113808","post","type-post","status-publish","format-standard","has-post-thumbnail","hentry","category-a-la-une","category-actualites"],"yoast_head":"<!-- This site is optimized with the Yoast SEO plugin v28.4 - https:\/\/yoast.com\/product\/yoast-seo-wordpress\/ -->\n<title>Le Forum Bois Construction 2027 ouvre ses candidatures<\/title>\n<meta name=\"robots\" content=\"index, follow, max-snippet:-1, max-image-preview:large, max-video-preview:-1\" \/>\n<link rel=\"canonical\" href=\"https:\/\/batijournal.com\/index.php\/le-forum-bois-construction-2027-ouvre-ses-candidatures\/113808\/\" \/>\n<meta property=\"og:locale\" content=\"fr_FR\" \/>\n<meta property=\"og:type\" content=\"article\" \/>\n<meta property=\"og:title\" content=\"Le Forum Bois Construction 2027 ouvre ses candidatures\" \/>\n<meta property=\"og:description\" content=\"Le Forum International Bois Construction pr\u00e9pare sa 16e \u00e9dition, organis\u00e9e du 10 au 12 f\u00e9vrier 2027 au Grand Palais \u00e0 Paris. Plac\u00e9 sous le th\u00e8me \u00ab La construction biosourc\u00e9e pour b\u00e2tir un avenir \u00bb, l\u2019\u00e9v\u00e9nement ouvre trois appels \u00e0 candidatures consacr\u00e9s aux r\u00e9alisations, aux innovations et \u00e0 l\u2019architecture bois et biosourc\u00e9e. Les premiers dossiers sont [&hellip;]\" \/>\n<meta property=\"og:url\" content=\"https:\/\/batijournal.com\/index.php\/le-forum-bois-construction-2027-ouvre-ses-candidatures\/113808\/\" \/>\n<meta property=\"og:site_name\" content=\"Batijournal\" \/>\n<meta property=\"article:published_time\" content=\"2026-09-04T07:30:57+00:00\" \/>\n<meta property=\"og:image\" content=\"https:\/\/batijournal.com\/wp-content\/uploads\/2026\/09\/2.jpg\" \/>\n\t<meta property=\"og:image:width\" content=\"843\" \/>\n\t<meta property=\"og:image:height\" content=\"475\" \/>\n\t<meta property=\"og:image:type\" content=\"image\/jpeg\" \/>\n<meta name=\"author\" content=\"Bati-journal\" \/>\n<meta name=\"twitter:card\" content=\"summary_large_image\" \/>\n<meta name=\"twitter:creator\" content=\"@bati_journal\" \/>\n<meta name=\"twitter:site\" content=\"@bati_journal\" \/>\n<meta name=\"twitter:label1\" content=\"\u00c9crit par\" \/>\n\t<meta name=\"twitter:data1\" content=\"Bati-journal\" \/>\n\t<meta name=\"twitter:label2\" content=\"Dur\u00e9e de lecture estim\u00e9e\" \/>\n\t<meta name=\"twitter:data2\" content=\"3 minutes\" \/>\n<script type=\"application\/ld+json\" class=\"yoast-schema-graph\">{\"@context\":\"https:\\\/\\\/schema.org\",\"@graph\":[{\"@type\":\"Article\",\"@id\":\"https:\\\/\\\/batijournal.com\\\/index.php\\\/le-forum-bois-construction-2027-ouvre-ses-candidatures\\\/113808\\\/#article\",\"isPartOf\":{\"@id\":\"https:\\\/\\\/batijournal.com\\\/index.php\\\/le-forum-bois-construction-2027-ouvre-ses-candidatures\\\/113808\\\/\"},\"author\":{\"name\":\"Bati-journal\",\"@id\":\"https:\\\/\\\/batijournal.com\\\/#\\\/schema\\\/person\\\/6a657e8967569e1b299972574848aa76\"},\"headline\":\"Le Forum Bois Construction 2027 ouvre ses candidatures\",\"datePublished\":\"2026-09-04T07:30:57+00:00\",\"mainEntityOfPage\":{\"@id\":\"https:\\\/\\\/batijournal.com\\\/index.php\\\/le-forum-bois-construction-2027-ouvre-ses-candidatures\\\/113808\\\/\"},\"wordCount\":468,\"image\":{\"@id\":\"https:\\\/\\\/batijournal.com\\\/index.php\\\/le-forum-bois-construction-2027-ouvre-ses-candidatures\\\/113808\\\/#primaryimage\"},\"thumbnailUrl\":\"https:\\\/\\\/batijournal.com\\\/wp-content\\\/uploads\\\/2026\\\/09\\\/2.jpg\",\"articleSection\":[\"A la Une\",\"Actualit\u00e9s\"],\"inLanguage\":\"fr-FR\"},{\"@type\":\"WebPage\",\"@id\":\"https:\\\/\\\/batijournal.com\\\/index.php\\\/le-forum-bois-construction-2027-ouvre-ses-candidatures\\\/113808\\\/\",\"url\":\"https:\\\/\\\/batijournal.com\\\/index.php\\\/le-forum-bois-construction-2027-ouvre-ses-candidatures\\\/113808\\\/\",\"name\":\"Le Forum Bois Construction 2027 ouvre ses candidatures\",\"isPartOf\":{\"@id\":\"https:\\\/\\\/batijournal.com\\\/#website\"},\"primaryImageOfPage\":{\"@id\":\"https:\\\/\\\/batijournal.com\\\/index.php\\\/le-forum-bois-construction-2027-ouvre-ses-candidatures\\\/113808\\\/#primaryimage\"},\"image\":{\"@id\":\"https:\\\/\\\/batijournal.com\\\/index.php\\\/le-forum-bois-construction-2027-ouvre-ses-candidatures\\\/113808\\\/#primaryimage\"},\"thumbnailUrl\":\"https:\\\/\\\/batijournal.com\\\/wp-content\\\/uploads\\\/2026\\\/09\\\/2.jpg\",\"datePublished\":\"2026-09-04T07:30:57+00:00\",\"author\":{\"@id\":\"https:\\\/\\\/batijournal.com\\\/#\\\/schema\\\/person\\\/6a657e8967569e1b299972574848aa76\"},\"breadcrumb\":{\"@id\":\"https:\\\/\\\/batijournal.com\\\/index.php\\\/le-forum-bois-construction-2027-ouvre-ses-candidatures\\\/113808\\\/#breadcrumb\"},\"inLanguage\":\"fr-FR\",\"potentialAction\":[{\"@type\":\"ReadAction\",\"target\":[\"https:\\\/\\\/batijournal.com\\\/index.php\\\/le-forum-bois-construction-2027-ouvre-ses-candidatures\\\/113808\\\/\"]}]},{\"@type\":\"ImageObject\",\"inLanguage\":\"fr-FR\",\"@id\":\"https:\\\/\\\/batijournal.com\\\/index.php\\\/le-forum-bois-construction-2027-ouvre-ses-candidatures\\\/113808\\\/#primaryimage\",\"url\":\"https:\\\/\\\/batijournal.com\\\/wp-content\\\/uploads\\\/2026\\\/09\\\/2.jpg\",\"contentUrl\":\"https:\\\/\\\/batijournal.com\\\/wp-content\\\/uploads\\\/2026\\\/09\\\/2.jpg\",\"width\":843,\"height\":475},{\"@type\":\"BreadcrumbList\",\"@id\":\"https:\\\/\\\/batijournal.com\\\/index.php\\\/le-forum-bois-construction-2027-ouvre-ses-candidatures\\\/113808\\\/#breadcrumb\",\"itemListElement\":[{\"@type\":\"ListItem\",\"position\":1,\"name\":\"Accueil\",\"item\":\"https:\\\/\\\/batijournal.com\\\/\"},{\"@type\":\"ListItem\",\"position\":2,\"name\":\"A la Une\",\"item\":\"https:\\\/\\\/batijournal.com\\\/index.php\\\/category\\\/a-la-une\\\/\"},{\"@type\":\"ListItem\",\"position\":3,\"name\":\"Le Forum Bois Construction 2027 ouvre ses candidatures\"}]},{\"@type\":\"WebSite\",\"@id\":\"https:\\\/\\\/batijournal.com\\\/#website\",\"url\":\"https:\\\/\\\/batijournal.com\\\/\",\"name\":\"Batijournal\",\"description\":\"L&#039;actualit\u00e9 du b\u00e2timent\",\"potentialAction\":[{\"@type\":\"SearchAction\",\"target\":{\"@type\":\"EntryPoint\",\"urlTemplate\":\"https:\\\/\\\/batijournal.com\\\/?s={search_term_string}\"},\"query-input\":{\"@type\":\"PropertyValueSpecification\",\"valueRequired\":true,\"valueName\":\"search_term_string\"}}],\"inLanguage\":\"fr-FR\"},{\"@type\":\"Person\",\"@id\":\"https:\\\/\\\/batijournal.com\\\/#\\\/schema\\\/person\\\/6a657e8967569e1b299972574848aa76\",\"name\":\"Bati-journal\",\"image\":{\"@type\":\"ImageObject\",\"inLanguage\":\"fr-FR\",\"@id\":\"https:\\\/\\\/secure.gravatar.com\\\/avatar\\\/a64364ea26392f9b4dd47e017ddaec74ff03aefc073b49e492e847201258f777?s=96&d=mm&r=g\",\"url\":\"https:\\\/\\\/secure.gravatar.com\\\/avatar\\\/a64364ea26392f9b4dd47e017ddaec74ff03aefc073b49e492e847201258f777?s=96&d=mm&r=g\",\"contentUrl\":\"https:\\\/\\\/secure.gravatar.com\\\/avatar\\\/a64364ea26392f9b4dd47e017ddaec74ff03aefc073b49e492e847201258f777?s=96&d=mm&r=g\",\"caption\":\"Bati-journal\"},\"url\":\"https:\\\/\\\/batijournal.com\\\/index.php\\\/author\\\/elodie\\\/\"}]}<\/script>\n<!-- \/ Yoast SEO plugin. -->","yoast_head_json":{"title":"Le Forum Bois Construction 2027 ouvre ses candidatures","robots":{"index":"index","follow":"follow","max-snippet":"max-snippet:-1","max-image-preview":"max-image-preview:large","max-video-preview":"max-video-preview:-1"},"canonical":"https:\/\/batijournal.com\/index.php\/le-forum-bois-construction-2027-ouvre-ses-candidatures\/113808\/","og_locale":"fr_FR","og_type":"article","og_title":"Le Forum Bois Construction 2027 ouvre ses candidatures","og_description":"Le Forum International Bois Construction pr\u00e9pare sa 16e \u00e9dition, organis\u00e9e du 10 au 12 f\u00e9vrier 2027 au Grand Palais \u00e0 Paris. Plac\u00e9 sous le th\u00e8me \u00ab La construction biosourc\u00e9e pour b\u00e2tir un avenir \u00bb, l\u2019\u00e9v\u00e9nement ouvre trois appels \u00e0 candidatures consacr\u00e9s aux r\u00e9alisations, aux innovations et \u00e0 l\u2019architecture bois et biosourc\u00e9e. Les premiers dossiers sont [&hellip;]","og_url":"https:\/\/batijournal.com\/index.php\/le-forum-bois-construction-2027-ouvre-ses-candidatures\/113808\/","og_site_name":"Batijournal","article_published_time":"2026-09-04T07:30:57+00:00","og_image":[{"width":843,"height":475,"url":"https:\/\/batijournal.com\/wp-content\/uploads\/2026\/09\/2.jpg","type":"image\/jpeg"}],"author":"Bati-journal","twitter_card":"summary_large_image","twitter_creator":"@bati_journal","twitter_site":"@bati_journal","twitter_misc":{"\u00c9crit par":"Bati-journal","Dur\u00e9e de lecture estim\u00e9e":"3 minutes"},"schema":{"@context":"https:\/\/schema.org","@graph":[{"@type":"Article","@id":"https:\/\/batijournal.com\/index.php\/le-forum-bois-construction-2027-ouvre-ses-candidatures\/113808\/#article","isPartOf":{"@id":"https:\/\/batijournal.com\/index.php\/le-forum-bois-construction-2027-ouvre-ses-candidatures\/113808\/"},"author":{"name":"Bati-journal","@id":"https:\/\/batijournal.com\/#\/schema\/person\/6a657e8967569e1b299972574848aa76"},"headline":"Le Forum Bois Construction 2027 ouvre ses candidatures","datePublished":"2026-09-04T07:30:57+00:00","mainEntityOfPage":{"@id":"https:\/\/batijournal.com\/index.php\/le-forum-bois-construction-2027-ouvre-ses-candidatures\/113808\/"},"wordCount":468,"image":{"@id":"https:\/\/batijournal.com\/index.php\/le-forum-bois-construction-2027-ouvre-ses-candidatures\/113808\/#primaryimage"},"thumbnailUrl":"https:\/\/batijournal.com\/wp-content\/uploads\/2026\/09\/2.jpg","articleSection":["A la Une","Actualit\u00e9s"],"inLanguage":"fr-FR"},{"@type":"WebPage","@id":"https:\/\/batijournal.com\/index.php\/le-forum-bois-construction-2027-ouvre-ses-candidatures\/113808\/","url":"https:\/\/batijournal.com\/index.php\/le-forum-bois-construction-2027-ouvre-ses-candidatures\/113808\/","name":"Le Forum Bois Construction 2027 ouvre ses candidatures","isPartOf":{"@id":"https:\/\/batijournal.com\/#website"},"primaryImageOfPage":{"@id":"https:\/\/batijournal.com\/index.php\/le-forum-bois-construction-2027-ouvre-ses-candidatures\/113808\/#primaryimage"},"image":{"@id":"https:\/\/batijournal.com\/index.php\/le-forum-bois-construction-2027-ouvre-ses-candidatures\/113808\/#primaryimage"},"thumbnailUrl":"https:\/\/batijournal.com\/wp-content\/uploads\/2026\/09\/2.jpg","datePublished":"2026-09-04T07:30:57+00:00","author":{"@id":"https:\/\/batijournal.com\/#\/schema\/person\/6a657e8967569e1b299972574848aa76"},"breadcrumb":{"@id":"https:\/\/batijournal.com\/index.php\/le-forum-bois-construction-2027-ouvre-ses-candidatures\/113808\/#breadcrumb"},"inLanguage":"fr-FR","potentialAction":[{"@type":"ReadAction","target":["https:\/\/batijournal.com\/index.php\/le-forum-bois-construction-2027-ouvre-ses-candidatures\/113808\/"]}]},{"@type":"ImageObject","inLanguage":"fr-FR","@id":"https:\/\/batijournal.com\/index.php\/le-forum-bois-construction-2027-ouvre-ses-candidatures\/113808\/#primaryimage","url":"https:\/\/batijournal.com\/wp-content\/uploads\/2026\/09\/2.jpg","contentUrl":"https:\/\/batijournal.com\/wp-content\/uploads\/2026\/09\/2.jpg","width":843,"height":475},{"@type":"BreadcrumbList","@id":"https:\/\/batijournal.com\/index.php\/le-forum-bois-construction-2027-ouvre-ses-candidatures\/113808\/#breadcrumb","itemListElement":[{"@type":"ListItem","position":1,"name":"Accueil","item":"https:\/\/batijournal.com\/"},{"@type":"ListItem","position":2,"name":"A la Une","item":"https:\/\/batijournal.com\/index.php\/category\/a-la-une\/"},{"@type":"ListItem","position":3,"name":"Le Forum Bois Construction 2027 ouvre ses candidatures"}]},{"@type":"WebSite","@id":"https:\/\/batijournal.com\/#website","url":"https:\/\/batijournal.com\/","name":"Batijournal","description":"L&#039;actualit\u00e9 du b\u00e2timent","potentialAction":[{"@type":"SearchAction","target":{"@type":"EntryPoint","urlTemplate":"https:\/\/batijournal.com\/?s={search_term_string}"},"query-input":{"@type":"PropertyValueSpecification","valueRequired":true,"valueName":"search_term_string"}}],"inLanguage":"fr-FR"},{"@type":"Person","@id":"https:\/\/batijournal.com\/#\/schema\/person\/6a657e8967569e1b299972574848aa76","name":"Bati-journal","image":{"@type":"ImageObject","inLanguage":"fr-FR","@id":"https:\/\/secure.gravatar.com\/avatar\/a64364ea26392f9b4dd47e017ddaec74ff03aefc073b49e492e847201258f777?s=96&d=mm&r=g","url":"https:\/\/secure.gravatar.com\/avatar\/a64364ea26392f9b4dd47e017ddaec74ff03aefc073b49e492e847201258f777?s=96&d=mm&r=g","contentUrl":"https:\/\/secure.gravatar.com\/avatar\/a64364ea26392f9b4dd47e017ddaec74ff03aefc073b49e492e847201258f777?s=96&d=mm&r=g","caption":"Bati-journal"},"url":"https:\/\/batijournal.com\/index.php\/author\/elodie\/"}]}},"_links":{"self":[{"href":"https:\/\/batijournal.com\/index.php\/wp-json\/wp\/v2\/posts\/113808","targetHints":{"allow":["GET"]}}],"collection":[{"href":"https:\/\/batijournal.com\/index.php\/wp-json\/wp\/v2\/posts"}],"about":[{"href":"https:\/\/batijournal.com\/index.php\/wp-json\/wp\/v2\/types\/post"}],"author":[{"embeddable":true,"href":"https:\/\/batijournal.com\/index.php\/wp-json\/wp\/v2\/users\/1"}],"replies":[{"embeddable":true,"href":"https:\/\/batijournal.com\/index.php\/wp-json\/wp\/v2\/comments?post=113808"}],"version-history":[{"count":0,"href":"https:\/\/batijournal.com\/index.php\/wp-json\/wp\/v2\/posts\/113808\/revisions"}],"wp:featuredmedia":[{"embeddable":true,"href":"https:\/\/batijournal.com\/index.php\/wp-json\/wp\/v2\/media\/113805"}],"wp:attachment":[{"href":"https:\/\/batijournal.com\/index.php\/wp-json\/wp\/v2\/media?parent=113808"}],"wp:term":[{"taxonomy":"category","embeddable":true,"href":"https:\/\/batijournal.com\/index.php\/wp-json\/wp\/v2\/categories?post=113808"},{"taxonomy":"post_tag","embeddable":true,"href":"https:\/\/batijournal.com\/index.php\/wp-json\/wp\/v2\/tags?post=113808"}],"curies":[{"name":"wp","href":"https:\/\/api.w.org\/{rel}","templated":true}]}}