{"id":113809,"date":"2026-09-03T11:04:49","date_gmt":"2026-09-03T09:04:49","guid":{"rendered":"https:\/\/batijournal.com\/?p=113809"},"modified":"2026-09-03T11:05:34","modified_gmt":"2026-09-03T09:05:34","slug":"risques-climatiques-letat-double-le-budget-de-la-dsec-pour-les-collectivites","status":"publish","type":"post","link":"https:\/\/batijournal.com\/index.php\/risques-climatiques-letat-double-le-budget-de-la-dsec-pour-les-collectivites\/113809\/","title":{"rendered":"Risques climatiques\u00a0: l&rsquo;\u00c9tat double le budget de la DSEC pour les collectivit\u00e9s"},"content":{"rendered":"<p><strong>Le budget de la dotation de solidarit\u00e9 en faveur des collectivit\u00e9s territoriales confront\u00e9es \u00e0 des \u00e9v\u00e9nements climatiques et g\u00e9ologiques passe de 30 millions d&rsquo;euros en 2025 \u00e0 70 millions pour 2026.<\/strong><\/p>\n<p>Canicules, s\u00e9cheresse, incendies, inondations, ruissellement, mouvements de terrain : l&rsquo;\u00e9t\u00e9 2026 en France a \u00e9t\u00e9 marqu\u00e9 par une succession d&rsquo;\u00e9v\u00e9nements climatiques sans pr\u00e9c\u00e9dent pour certains, qui ont occasionn\u00e9 d\u2019importants d\u00e9g\u00e2ts.<\/p>\n<p>Face \u00e0 l&rsquo;urgence, le gouvernement a indiqu\u00e9, fin ao\u00fbt, qu&rsquo;il (plus que) doublait le budget de la DSEC, la dotation de solidarit\u00e9 en faveur des collectivit\u00e9s territoriales confront\u00e9es \u00e0 des \u00e9v\u00e9nements climatiques et g\u00e9ologiques. Son budget passe ainsi de 30 millions d&rsquo;euros l&rsquo;ann\u00e9e derni\u00e8re \u00e0 70 millions cette ann\u00e9e.<\/p>\n<p>Un nouveau d\u00e9cret du code g\u00e9n\u00e9ral des collectivit\u00e9s territoriales (CGCT) a \u00e9t\u00e9 publi\u00e9 en ce sens. Dans le d\u00e9tail, cette aide se destine aux d\u00e9penses de fonctionnement (sans compter celles li\u00e9es au personnel) engag\u00e9es pendant l&rsquo;\u00e9v\u00e9nement, pour les travaux d&rsquo;urgence n\u00e9cessaires \u00e0 la mise en s\u00e9curit\u00e9 des personnes et des biens. Le montant des dommages \u00e9ligibles doit \u00eatre sup\u00e9rieur \u00e0 150 000 \u20ac HT sur la zone concern\u00e9e. \u00ab La liste des biens \u00e9ligibles est \u00e9largie \u00e0 la r\u00e9fection des pistes cyclables et des passerelles pi\u00e9tonnes \u00bb, pr\u00e9cise le minist\u00e8re du Logement dans un communiqu\u00e9.<\/p>\n<h2><strong>Des taux de subvention et d&rsquo;avance revus \u00e0 la hausse<\/strong><\/h2>\n<p><em>\u00ab Un nouveau taux de subvention \u00e0 60 % s&rsquo;applique lorsque le montant des d\u00e9g\u00e2ts subis par la collectivit\u00e9 est compris entre 30 et 50 % de son budget total.Les avances vers\u00e9es peuvent repr\u00e9senter jusqu&rsquo;\u00e0 30 % (au lieu de 20 %) du montant pr\u00e9visionnel de la subvention \u00bb, <\/em>est-il en outre expliqu\u00e9.<\/p>\n<p>Le d\u00e9cret pr\u00e9voit en outre une majoration de la dotation jusqu&rsquo;\u00e0 10 % pour les collectivit\u00e9s qui se sont engag\u00e9es dans une d\u00e9marche volontaire de pr\u00e9vention des risques et de renforcement de leur r\u00e9silience. Cette majoration devra \u00eatre d\u00e9cid\u00e9e par le pr\u00e9fet du d\u00e9partement. Afin d&rsquo;acc\u00e9l\u00e9rer les indemnisations, les subventions pourront d\u00e9sormais \u00eatre attribu\u00e9es aux communes sans attendre la finalisation des dossiers des autres collectivit\u00e9s touch\u00e9es par un m\u00eame \u00e9v\u00e9nement.<\/p>\n","protected":false},"excerpt":{"rendered":"<p>Le budget de la dotation de solidarit\u00e9 en faveur des collectivit\u00e9s territoriales confront\u00e9es \u00e0 des \u00e9v\u00e9nements climatiques et g\u00e9ologiques passe de 30 millions d&rsquo;euros en 2025 \u00e0 70 millions pour 2026.<\/p>\n","protected":false},"author":1,"featured_media":99498,"comment_status":"closed","ping_status":"closed","sticky":false,"template":"","format":"standard","meta":{"_et_pb_use_builder":"","_et_pb_old_content":"","_et_gb_content_width":"","footnotes":""},"categories":[10736,10530],"tags":[],"class_list":["post-113809","post","type-post","status-publish","format-standard","has-post-thumbnail","hentry","category-a-la-une","category-actualites"],"yoast_head":"<!-- This site is optimized with the Yoast SEO plugin v28.4 - https:\/\/yoast.com\/product\/yoast-seo-wordpress\/ -->\n<title>Risques climatiques\u00a0: l&#039;\u00c9tat double le budget de la DSEC pour les collectivit\u00e9s<\/title>\n<meta name=\"description\" content=\"Le budget de la dotation de solidarit\u00e9 en faveur des collectivit\u00e9s territoriales confront\u00e9es \u00e0 des \u00e9v\u00e9nements climatiques et g\u00e9ologiques passe de 30 millions d&#039;euros en 2025 \u00e0 70 millions pour 2026.\" \/>\n<meta name=\"robots\" content=\"index, follow, max-snippet:-1, max-image-preview:large, max-video-preview:-1\" \/>\n<link rel=\"canonical\" href=\"https:\/\/batijournal.com\/index.php\/risques-climatiques-letat-double-le-budget-de-la-dsec-pour-les-collectivites\/113809\/\" \/>\n<meta property=\"og:locale\" content=\"fr_FR\" \/>\n<meta property=\"og:type\" content=\"article\" \/>\n<meta property=\"og:title\" content=\"Risques climatiques\u00a0: l&#039;\u00c9tat double le budget de la DSEC pour les collectivit\u00e9s\" \/>\n<meta property=\"og:description\" content=\"Le budget de la dotation de solidarit\u00e9 en faveur des collectivit\u00e9s territoriales confront\u00e9es \u00e0 des \u00e9v\u00e9nements climatiques et g\u00e9ologiques passe de 30 millions d&#039;euros en 2025 \u00e0 70 millions pour 2026.\" \/>\n<meta property=\"og:url\" content=\"https:\/\/batijournal.com\/index.php\/risques-climatiques-letat-double-le-budget-de-la-dsec-pour-les-collectivites\/113809\/\" \/>\n<meta property=\"og:site_name\" content=\"Batijournal\" \/>\n<meta property=\"article:published_time\" content=\"2026-09-03T09:04:49+00:00\" \/>\n<meta property=\"article:modified_time\" content=\"2026-09-03T09:05:34+00:00\" \/>\n<meta property=\"og:image\" content=\"https:\/\/batijournal.com\/wp-content\/uploads\/2018\/06\/impots-gouv.png\" \/>\n\t<meta property=\"og:image:width\" content=\"880\" \/>\n\t<meta property=\"og:image:height\" content=\"540\" \/>\n\t<meta property=\"og:image:type\" content=\"image\/png\" \/>\n<meta name=\"author\" content=\"Bati-journal\" \/>\n<meta name=\"twitter:card\" content=\"summary_large_image\" \/>\n<meta name=\"twitter:creator\" content=\"@bati_journal\" \/>\n<meta name=\"twitter:site\" content=\"@bati_journal\" \/>\n<meta name=\"twitter:label1\" content=\"\u00c9crit par\" \/>\n\t<meta name=\"twitter:data1\" content=\"Bati-journal\" \/>\n\t<meta name=\"twitter:label2\" content=\"Dur\u00e9e de lecture estim\u00e9e\" \/>\n\t<meta name=\"twitter:data2\" content=\"2 minutes\" \/>\n<script type=\"application\/ld+json\" class=\"yoast-schema-graph\">{\"@context\":\"https:\\\/\\\/schema.org\",\"@graph\":[{\"@type\":\"Article\",\"@id\":\"https:\\\/\\\/batijournal.com\\\/index.php\\\/risques-climatiques-letat-double-le-budget-de-la-dsec-pour-les-collectivites\\\/113809\\\/#article\",\"isPartOf\":{\"@id\":\"https:\\\/\\\/batijournal.com\\\/index.php\\\/risques-climatiques-letat-double-le-budget-de-la-dsec-pour-les-collectivites\\\/113809\\\/\"},\"author\":{\"name\":\"Bati-journal\",\"@id\":\"https:\\\/\\\/batijournal.com\\\/#\\\/schema\\\/person\\\/6a657e8967569e1b299972574848aa76\"},\"headline\":\"Risques climatiques\u00a0: l&rsquo;\u00c9tat double le budget de la DSEC pour les collectivit\u00e9s\",\"datePublished\":\"2026-09-03T09:04:49+00:00\",\"dateModified\":\"2026-09-03T09:05:34+00:00\",\"mainEntityOfPage\":{\"@id\":\"https:\\\/\\\/batijournal.com\\\/index.php\\\/risques-climatiques-letat-double-le-budget-de-la-dsec-pour-les-collectivites\\\/113809\\\/\"},\"wordCount\":389,\"image\":{\"@id\":\"https:\\\/\\\/batijournal.com\\\/index.php\\\/risques-climatiques-letat-double-le-budget-de-la-dsec-pour-les-collectivites\\\/113809\\\/#primaryimage\"},\"thumbnailUrl\":\"https:\\\/\\\/batijournal.com\\\/wp-content\\\/uploads\\\/2018\\\/06\\\/impots-gouv.png\",\"articleSection\":[\"A la Une\",\"Actualit\u00e9s\"],\"inLanguage\":\"fr-FR\"},{\"@type\":\"WebPage\",\"@id\":\"https:\\\/\\\/batijournal.com\\\/index.php\\\/risques-climatiques-letat-double-le-budget-de-la-dsec-pour-les-collectivites\\\/113809\\\/\",\"url\":\"https:\\\/\\\/batijournal.com\\\/index.php\\\/risques-climatiques-letat-double-le-budget-de-la-dsec-pour-les-collectivites\\\/113809\\\/\",\"name\":\"Risques climatiques\u00a0: l'\u00c9tat double le budget de la DSEC pour les collectivit\u00e9s\",\"isPartOf\":{\"@id\":\"https:\\\/\\\/batijournal.com\\\/#website\"},\"primaryImageOfPage\":{\"@id\":\"https:\\\/\\\/batijournal.com\\\/index.php\\\/risques-climatiques-letat-double-le-budget-de-la-dsec-pour-les-collectivites\\\/113809\\\/#primaryimage\"},\"image\":{\"@id\":\"https:\\\/\\\/batijournal.com\\\/index.php\\\/risques-climatiques-letat-double-le-budget-de-la-dsec-pour-les-collectivites\\\/113809\\\/#primaryimage\"},\"thumbnailUrl\":\"https:\\\/\\\/batijournal.com\\\/wp-content\\\/uploads\\\/2018\\\/06\\\/impots-gouv.png\",\"datePublished\":\"2026-09-03T09:04:49+00:00\",\"dateModified\":\"2026-09-03T09:05:34+00:00\",\"author\":{\"@id\":\"https:\\\/\\\/batijournal.com\\\/#\\\/schema\\\/person\\\/6a657e8967569e1b299972574848aa76\"},\"description\":\"Le budget de la dotation de solidarit\u00e9 en faveur des collectivit\u00e9s territoriales confront\u00e9es \u00e0 des \u00e9v\u00e9nements climatiques et g\u00e9ologiques passe de 30 millions d'euros en 2025 \u00e0 70 millions pour 2026.\",\"breadcrumb\":{\"@id\":\"https:\\\/\\\/batijournal.com\\\/index.php\\\/risques-climatiques-letat-double-le-budget-de-la-dsec-pour-les-collectivites\\\/113809\\\/#breadcrumb\"},\"inLanguage\":\"fr-FR\",\"potentialAction\":[{\"@type\":\"ReadAction\",\"target\":[\"https:\\\/\\\/batijournal.com\\\/index.php\\\/risques-climatiques-letat-double-le-budget-de-la-dsec-pour-les-collectivites\\\/113809\\\/\"]}]},{\"@type\":\"ImageObject\",\"inLanguage\":\"fr-FR\",\"@id\":\"https:\\\/\\\/batijournal.com\\\/index.php\\\/risques-climatiques-letat-double-le-budget-de-la-dsec-pour-les-collectivites\\\/113809\\\/#primaryimage\",\"url\":\"https:\\\/\\\/batijournal.com\\\/wp-content\\\/uploads\\\/2018\\\/06\\\/impots-gouv.png\",\"contentUrl\":\"https:\\\/\\\/batijournal.com\\\/wp-content\\\/uploads\\\/2018\\\/06\\\/impots-gouv.png\",\"width\":880,\"height\":540},{\"@type\":\"BreadcrumbList\",\"@id\":\"https:\\\/\\\/batijournal.com\\\/index.php\\\/risques-climatiques-letat-double-le-budget-de-la-dsec-pour-les-collectivites\\\/113809\\\/#breadcrumb\",\"itemListElement\":[{\"@type\":\"ListItem\",\"position\":1,\"name\":\"Accueil\",\"item\":\"https:\\\/\\\/batijournal.com\\\/\"},{\"@type\":\"ListItem\",\"position\":2,\"name\":\"A la Une\",\"item\":\"https:\\\/\\\/batijournal.com\\\/index.php\\\/category\\\/a-la-une\\\/\"},{\"@type\":\"ListItem\",\"position\":3,\"name\":\"Risques climatiques\u00a0: l&rsquo;\u00c9tat double le budget de la DSEC pour les collectivit\u00e9s\"}]},{\"@type\":\"WebSite\",\"@id\":\"https:\\\/\\\/batijournal.com\\\/#website\",\"url\":\"https:\\\/\\\/batijournal.com\\\/\",\"name\":\"Batijournal\",\"description\":\"L&#039;actualit\u00e9 du b\u00e2timent\",\"potentialAction\":[{\"@type\":\"SearchAction\",\"target\":{\"@type\":\"EntryPoint\",\"urlTemplate\":\"https:\\\/\\\/batijournal.com\\\/?s={search_term_string}\"},\"query-input\":{\"@type\":\"PropertyValueSpecification\",\"valueRequired\":true,\"valueName\":\"search_term_string\"}}],\"inLanguage\":\"fr-FR\"},{\"@type\":\"Person\",\"@id\":\"https:\\\/\\\/batijournal.com\\\/#\\\/schema\\\/person\\\/6a657e8967569e1b299972574848aa76\",\"name\":\"Bati-journal\",\"image\":{\"@type\":\"ImageObject\",\"inLanguage\":\"fr-FR\",\"@id\":\"https:\\\/\\\/secure.gravatar.com\\\/avatar\\\/a64364ea26392f9b4dd47e017ddaec74ff03aefc073b49e492e847201258f777?s=96&d=mm&r=g\",\"url\":\"https:\\\/\\\/secure.gravatar.com\\\/avatar\\\/a64364ea26392f9b4dd47e017ddaec74ff03aefc073b49e492e847201258f777?s=96&d=mm&r=g\",\"contentUrl\":\"https:\\\/\\\/secure.gravatar.com\\\/avatar\\\/a64364ea26392f9b4dd47e017ddaec74ff03aefc073b49e492e847201258f777?s=96&d=mm&r=g\",\"caption\":\"Bati-journal\"},\"url\":\"https:\\\/\\\/batijournal.com\\\/index.php\\\/author\\\/elodie\\\/\"}]}<\/script>\n<!-- \/ Yoast SEO plugin. -->","yoast_head_json":{"title":"Risques climatiques\u00a0: l'\u00c9tat double le budget de la DSEC pour les collectivit\u00e9s","description":"Le budget de la dotation de solidarit\u00e9 en faveur des collectivit\u00e9s territoriales confront\u00e9es \u00e0 des \u00e9v\u00e9nements climatiques et g\u00e9ologiques passe de 30 millions d'euros en 2025 \u00e0 70 millions pour 2026.","robots":{"index":"index","follow":"follow","max-snippet":"max-snippet:-1","max-image-preview":"max-image-preview:large","max-video-preview":"max-video-preview:-1"},"canonical":"https:\/\/batijournal.com\/index.php\/risques-climatiques-letat-double-le-budget-de-la-dsec-pour-les-collectivites\/113809\/","og_locale":"fr_FR","og_type":"article","og_title":"Risques climatiques\u00a0: l'\u00c9tat double le budget de la DSEC pour les collectivit\u00e9s","og_description":"Le budget de la dotation de solidarit\u00e9 en faveur des collectivit\u00e9s territoriales confront\u00e9es \u00e0 des \u00e9v\u00e9nements climatiques et g\u00e9ologiques passe de 30 millions d'euros en 2025 \u00e0 70 millions pour 2026.","og_url":"https:\/\/batijournal.com\/index.php\/risques-climatiques-letat-double-le-budget-de-la-dsec-pour-les-collectivites\/113809\/","og_site_name":"Batijournal","article_published_time":"2026-09-03T09:04:49+00:00","article_modified_time":"2026-09-03T09:05:34+00:00","og_image":[{"width":880,"height":540,"url":"https:\/\/batijournal.com\/wp-content\/uploads\/2018\/06\/impots-gouv.png","type":"image\/png"}],"author":"Bati-journal","twitter_card":"summary_large_image","twitter_creator":"@bati_journal","twitter_site":"@bati_journal","twitter_misc":{"\u00c9crit par":"Bati-journal","Dur\u00e9e de lecture estim\u00e9e":"2 minutes"},"schema":{"@context":"https:\/\/schema.org","@graph":[{"@type":"Article","@id":"https:\/\/batijournal.com\/index.php\/risques-climatiques-letat-double-le-budget-de-la-dsec-pour-les-collectivites\/113809\/#article","isPartOf":{"@id":"https:\/\/batijournal.com\/index.php\/risques-climatiques-letat-double-le-budget-de-la-dsec-pour-les-collectivites\/113809\/"},"author":{"name":"Bati-journal","@id":"https:\/\/batijournal.com\/#\/schema\/person\/6a657e8967569e1b299972574848aa76"},"headline":"Risques climatiques\u00a0: l&rsquo;\u00c9tat double le budget de la DSEC pour les collectivit\u00e9s","datePublished":"2026-09-03T09:04:49+00:00","dateModified":"2026-09-03T09:05:34+00:00","mainEntityOfPage":{"@id":"https:\/\/batijournal.com\/index.php\/risques-climatiques-letat-double-le-budget-de-la-dsec-pour-les-collectivites\/113809\/"},"wordCount":389,"image":{"@id":"https:\/\/batijournal.com\/index.php\/risques-climatiques-letat-double-le-budget-de-la-dsec-pour-les-collectivites\/113809\/#primaryimage"},"thumbnailUrl":"https:\/\/batijournal.com\/wp-content\/uploads\/2018\/06\/impots-gouv.png","articleSection":["A la Une","Actualit\u00e9s"],"inLanguage":"fr-FR"},{"@type":"WebPage","@id":"https:\/\/batijournal.com\/index.php\/risques-climatiques-letat-double-le-budget-de-la-dsec-pour-les-collectivites\/113809\/","url":"https:\/\/batijournal.com\/index.php\/risques-climatiques-letat-double-le-budget-de-la-dsec-pour-les-collectivites\/113809\/","name":"Risques climatiques\u00a0: l'\u00c9tat double le budget de la DSEC pour les collectivit\u00e9s","isPartOf":{"@id":"https:\/\/batijournal.com\/#website"},"primaryImageOfPage":{"@id":"https:\/\/batijournal.com\/index.php\/risques-climatiques-letat-double-le-budget-de-la-dsec-pour-les-collectivites\/113809\/#primaryimage"},"image":{"@id":"https:\/\/batijournal.com\/index.php\/risques-climatiques-letat-double-le-budget-de-la-dsec-pour-les-collectivites\/113809\/#primaryimage"},"thumbnailUrl":"https:\/\/batijournal.com\/wp-content\/uploads\/2018\/06\/impots-gouv.png","datePublished":"2026-09-03T09:04:49+00:00","dateModified":"2026-09-03T09:05:34+00:00","author":{"@id":"https:\/\/batijournal.com\/#\/schema\/person\/6a657e8967569e1b299972574848aa76"},"description":"Le budget de la dotation de solidarit\u00e9 en faveur des collectivit\u00e9s territoriales confront\u00e9es \u00e0 des \u00e9v\u00e9nements climatiques et g\u00e9ologiques passe de 30 millions d'euros en 2025 \u00e0 70 millions pour 2026.","breadcrumb":{"@id":"https:\/\/batijournal.com\/index.php\/risques-climatiques-letat-double-le-budget-de-la-dsec-pour-les-collectivites\/113809\/#breadcrumb"},"inLanguage":"fr-FR","potentialAction":[{"@type":"ReadAction","target":["https:\/\/batijournal.com\/index.php\/risques-climatiques-letat-double-le-budget-de-la-dsec-pour-les-collectivites\/113809\/"]}]},{"@type":"ImageObject","inLanguage":"fr-FR","@id":"https:\/\/batijournal.com\/index.php\/risques-climatiques-letat-double-le-budget-de-la-dsec-pour-les-collectivites\/113809\/#primaryimage","url":"https:\/\/batijournal.com\/wp-content\/uploads\/2018\/06\/impots-gouv.png","contentUrl":"https:\/\/batijournal.com\/wp-content\/uploads\/2018\/06\/impots-gouv.png","width":880,"height":540},{"@type":"BreadcrumbList","@id":"https:\/\/batijournal.com\/index.php\/risques-climatiques-letat-double-le-budget-de-la-dsec-pour-les-collectivites\/113809\/#breadcrumb","itemListElement":[{"@type":"ListItem","position":1,"name":"Accueil","item":"https:\/\/batijournal.com\/"},{"@type":"ListItem","position":2,"name":"A la Une","item":"https:\/\/batijournal.com\/index.php\/category\/a-la-une\/"},{"@type":"ListItem","position":3,"name":"Risques climatiques\u00a0: l&rsquo;\u00c9tat double le budget de la DSEC pour les collectivit\u00e9s"}]},{"@type":"WebSite","@id":"https:\/\/batijournal.com\/#website","url":"https:\/\/batijournal.com\/","name":"Batijournal","description":"L&#039;actualit\u00e9 du b\u00e2timent","potentialAction":[{"@type":"SearchAction","target":{"@type":"EntryPoint","urlTemplate":"https:\/\/batijournal.com\/?s={search_term_string}"},"query-input":{"@type":"PropertyValueSpecification","valueRequired":true,"valueName":"search_term_string"}}],"inLanguage":"fr-FR"},{"@type":"Person","@id":"https:\/\/batijournal.com\/#\/schema\/person\/6a657e8967569e1b299972574848aa76","name":"Bati-journal","image":{"@type":"ImageObject","inLanguage":"fr-FR","@id":"https:\/\/secure.gravatar.com\/avatar\/a64364ea26392f9b4dd47e017ddaec74ff03aefc073b49e492e847201258f777?s=96&d=mm&r=g","url":"https:\/\/secure.gravatar.com\/avatar\/a64364ea26392f9b4dd47e017ddaec74ff03aefc073b49e492e847201258f777?s=96&d=mm&r=g","contentUrl":"https:\/\/secure.gravatar.com\/avatar\/a64364ea26392f9b4dd47e017ddaec74ff03aefc073b49e492e847201258f777?s=96&d=mm&r=g","caption":"Bati-journal"},"url":"https:\/\/batijournal.com\/index.php\/author\/elodie\/"}]}},"_links":{"self":[{"href":"https:\/\/batijournal.com\/index.php\/wp-json\/wp\/v2\/posts\/113809","targetHints":{"allow":["GET"]}}],"collection":[{"href":"https:\/\/batijournal.com\/index.php\/wp-json\/wp\/v2\/posts"}],"about":[{"href":"https:\/\/batijournal.com\/index.php\/wp-json\/wp\/v2\/types\/post"}],"author":[{"embeddable":true,"href":"https:\/\/batijournal.com\/index.php\/wp-json\/wp\/v2\/users\/1"}],"replies":[{"embeddable":true,"href":"https:\/\/batijournal.com\/index.php\/wp-json\/wp\/v2\/comments?post=113809"}],"version-history":[{"count":0,"href":"https:\/\/batijournal.com\/index.php\/wp-json\/wp\/v2\/posts\/113809\/revisions"}],"wp:featuredmedia":[{"embeddable":true,"href":"https:\/\/batijournal.com\/index.php\/wp-json\/wp\/v2\/media\/99498"}],"wp:attachment":[{"href":"https:\/\/batijournal.com\/index.php\/wp-json\/wp\/v2\/media?parent=113809"}],"wp:term":[{"taxonomy":"category","embeddable":true,"href":"https:\/\/batijournal.com\/index.php\/wp-json\/wp\/v2\/categories?post=113809"},{"taxonomy":"post_tag","embeddable":true,"href":"https:\/\/batijournal.com\/index.php\/wp-json\/wp\/v2\/tags?post=113809"}],"curies":[{"name":"wp","href":"https:\/\/api.w.org\/{rel}","templated":true}]}}