{"id":113813,"date":"2026-09-04T12:39:25","date_gmt":"2026-09-04T10:39:25","guid":{"rendered":"https:\/\/batijournal.com\/?p=113813"},"modified":"2026-09-04T12:42:24","modified_gmt":"2026-09-04T10:42:24","slug":"letat-a-t-il-reduit-son-enveloppe-pour-le-confort-dete-des-ecoles","status":"publish","type":"post","link":"https:\/\/batijournal.com\/index.php\/letat-a-t-il-reduit-son-enveloppe-pour-le-confort-dete-des-ecoles\/113813\/","title":{"rendered":"L&rsquo;\u00c9tat a-t-il r\u00e9duit son enveloppe pour le confort d&rsquo;\u00e9t\u00e9 des \u00e9coles ?"},"content":{"rendered":"<p><strong>Sur les 60 millions d&rsquo;euros promis pour adapter les \u00e9tablissements scolaires aux fortes chaleurs, seuls 20 millions seront finalement maintenus.<\/strong><\/p>\n<p>Ce que l&rsquo;\u00c9tat donne, l&rsquo;\u00c9tat peut le reprendre. Alors que cet \u00e9t\u00e9 le mercure a explos\u00e9 tous les records et qu&rsquo;une large partie sud du pays est de nouveau touch\u00e9e par les fortes chaleurs, le gouvernement a d\u00e9cid\u00e9 de r\u00e9duire le montant de l&rsquo;enveloppe annonc\u00e9e d\u00e9but juillet pour am\u00e9liorer le confort d&rsquo;\u00e9t\u00e9 dans les \u00e9tablissements scolaires.<\/p>\n<p>D&rsquo;apr\u00e8s des informations du quotidien Le Monde et du site Politico, il ne restera que 20 millions d&rsquo;euros sur les 60 millions d&rsquo;euros initialement pr\u00e9vus.<\/p>\n<p>Pour rappel, face aux vagues de chaleur, 4 000 \u00e9coles ont d\u00fb fermer leurs portes, et 11 000 \u00e9tablissements ont adapt\u00e9 leurs horaires et leur organisation, d&rsquo;apr\u00e8s des chiffres du minist\u00e8re de l&rsquo;\u00c9ducation nationale.<\/p>\n<p>C&rsquo;est dans ce contexte que la Banque des territoires et le programme Actee (d\u00e9di\u00e9 \u00e0 l&rsquo;accompagnement des collectivit\u00e9s dans le domaine de l&rsquo;\u00e9nergie), en partenariat avec l&rsquo;\u00c9tat, avaient, fin juin, d\u00e9taill\u00e9 leur plan. 10 millions d&rsquo;euros devaient \u00eatre consacr\u00e9s au diagnostic de 2 500 \u00e9tablissements les plus vuln\u00e9rables et au financement de travaux d&rsquo;adaptation passifs (volets, brasseurs d&rsquo;air, brise-soleil\u2026), et 40 millions d&rsquo;euros pour la r\u00e9alisation d&rsquo;audits dans 10 000 autres \u00e9tablissements. L&rsquo;enveloppe a m\u00eame \u00e9t\u00e9 revue \u00e0 la hausse pour finalement atteindre 60 millions d&rsquo;euros.<\/p>\n<h2>Priorit\u00e9 au plan d&rsquo;\u00e9lectrification<\/h2>\n<p>Contact\u00e9 par Politico, Actee a confirm\u00e9 le<em> \u00ab recadrage \u00bb<\/em> du plan mais juge qu&rsquo;il reste tout de m\u00eame une <em>\u00ab tr\u00e8s bonne premi\u00e8re avanc\u00e9e \u00bb.<\/em> La somme restante servira \u00e0 la seule r\u00e9alisation des diagnostics dans les 2 500 \u00e9tablissements prioritaires. Toujours selon Politico, la Banque des territoires va <em>\u00ab rehausser \u00bb<\/em> sa contribution financi\u00e8re pour accompagner <em>\u00ab au moins \u00bb<\/em> 5 000 \u00e9coles pour la r\u00e9alisation d&rsquo;audits.<\/p>\n<p>Interrog\u00e9 par Le Monde, le directeur d&rsquo;Actee, Guillaume Perrin, a indiqu\u00e9 que le gouvernement <em>\u00ab a choisi de geler 40 millions d&rsquo;euros qui sont en attente d&rsquo;affectation mais qui seront fl\u00e9ch\u00e9s, a priori, vers le plan d&rsquo;\u00e9lectrification \u00bb<\/em>. Ce plan, annonc\u00e9 en avril par le Premier ministre S\u00e9bastien Lecornu, au plus fort de la crise \u00e9nerg\u00e9tique aggrav\u00e9e par le conflit au Moyen-Orient, doit acc\u00e9l\u00e9rer l&rsquo;\u00e9lectrification du pays afin de d\u00e9carboner l&rsquo;\u00e9conomie fran\u00e7aise, tout en renfor\u00e7ant l&rsquo;ind\u00e9pendance \u00e9nerg\u00e9tique de l&rsquo;Hexagone.<\/p>\n<p>Cette annonce intervient \u00e9galement alors m\u00eame que le gouvernement a dop\u00e9 le budget de<a href=\"https:\/\/batijournal.com\/index.php\/risques-climatiques-letat-double-le-budget-de-la-dsec-pour-les-collectivites\/113809\/\" target=\"_blank\" rel=\"noopener\"> la dotation de solidarit\u00e9 en faveur des collectivit\u00e9s territoriales<\/a> confront\u00e9es \u00e0 des \u00e9v\u00e9nements climatiques et g\u00e9ologiques, qui de 30 millions d&rsquo;euros en 2025 devrait passer \u00e0 70 millions d&rsquo;euros pour 2026. Sauf r\u00e9trop\u00e9dalage.<\/p>\n","protected":false},"excerpt":{"rendered":"<p>Sur les 60 millions d&rsquo;euros promis pour adapter les \u00e9tablissements scolaires aux fortes chaleurs, seuls 20 millions seront finalement maintenus.<\/p>\n","protected":false},"author":1,"featured_media":99498,"comment_status":"closed","ping_status":"closed","sticky":false,"template":"","format":"standard","meta":{"_et_pb_use_builder":"","_et_pb_old_content":"","_et_gb_content_width":"","footnotes":""},"categories":[10736,6351],"tags":[],"class_list":["post-113813","post","type-post","status-publish","format-standard","has-post-thumbnail","hentry","category-a-la-une","category-energie-environnement"],"yoast_head":"<!-- This site is optimized with the Yoast SEO plugin v28.4 - https:\/\/yoast.com\/product\/yoast-seo-wordpress\/ -->\n<title>L&#039;\u00c9tat a-t-il r\u00e9duit son enveloppe pour le confort d&#039;\u00e9t\u00e9 des \u00e9coles ?<\/title>\n<meta name=\"description\" content=\"Sur les 60 millions d&#039;euros promis pour adapter les \u00e9tablissements scolaires aux fortes chaleurs, seuls 20 millions seront finalement maintenus.\" \/>\n<meta name=\"robots\" content=\"index, follow, max-snippet:-1, max-image-preview:large, max-video-preview:-1\" \/>\n<link rel=\"canonical\" href=\"https:\/\/batijournal.com\/index.php\/letat-a-t-il-reduit-son-enveloppe-pour-le-confort-dete-des-ecoles\/113813\/\" \/>\n<meta property=\"og:locale\" content=\"fr_FR\" \/>\n<meta property=\"og:type\" content=\"article\" \/>\n<meta property=\"og:title\" content=\"L&#039;\u00c9tat a-t-il r\u00e9duit son enveloppe pour le confort d&#039;\u00e9t\u00e9 des \u00e9coles ?\" \/>\n<meta property=\"og:description\" content=\"Sur les 60 millions d&#039;euros promis pour adapter les \u00e9tablissements scolaires aux fortes chaleurs, seuls 20 millions seront finalement maintenus.\" \/>\n<meta property=\"og:url\" content=\"https:\/\/batijournal.com\/index.php\/letat-a-t-il-reduit-son-enveloppe-pour-le-confort-dete-des-ecoles\/113813\/\" \/>\n<meta property=\"og:site_name\" content=\"Batijournal\" \/>\n<meta property=\"article:published_time\" content=\"2026-09-04T10:39:25+00:00\" \/>\n<meta property=\"article:modified_time\" content=\"2026-09-04T10:42:24+00:00\" \/>\n<meta property=\"og:image\" content=\"https:\/\/batijournal.com\/wp-content\/uploads\/2018\/06\/impots-gouv.png\" \/>\n\t<meta property=\"og:image:width\" content=\"880\" \/>\n\t<meta property=\"og:image:height\" content=\"540\" \/>\n\t<meta property=\"og:image:type\" content=\"image\/png\" \/>\n<meta name=\"author\" content=\"Bati-journal\" \/>\n<meta name=\"twitter:card\" content=\"summary_large_image\" \/>\n<meta name=\"twitter:creator\" content=\"@bati_journal\" \/>\n<meta name=\"twitter:site\" content=\"@bati_journal\" \/>\n<meta name=\"twitter:label1\" content=\"\u00c9crit par\" \/>\n\t<meta name=\"twitter:data1\" content=\"Bati-journal\" \/>\n\t<meta name=\"twitter:label2\" content=\"Dur\u00e9e de lecture estim\u00e9e\" \/>\n\t<meta name=\"twitter:data2\" content=\"3 minutes\" \/>\n<script type=\"application\/ld+json\" class=\"yoast-schema-graph\">{\"@context\":\"https:\\\/\\\/schema.org\",\"@graph\":[{\"@type\":\"Article\",\"@id\":\"https:\\\/\\\/batijournal.com\\\/index.php\\\/letat-a-t-il-reduit-son-enveloppe-pour-le-confort-dete-des-ecoles\\\/113813\\\/#article\",\"isPartOf\":{\"@id\":\"https:\\\/\\\/batijournal.com\\\/index.php\\\/letat-a-t-il-reduit-son-enveloppe-pour-le-confort-dete-des-ecoles\\\/113813\\\/\"},\"author\":{\"name\":\"Bati-journal\",\"@id\":\"https:\\\/\\\/batijournal.com\\\/#\\\/schema\\\/person\\\/6a657e8967569e1b299972574848aa76\"},\"headline\":\"L&rsquo;\u00c9tat a-t-il r\u00e9duit son enveloppe pour le confort d&rsquo;\u00e9t\u00e9 des \u00e9coles ?\",\"datePublished\":\"2026-09-04T10:39:25+00:00\",\"dateModified\":\"2026-09-04T10:42:24+00:00\",\"mainEntityOfPage\":{\"@id\":\"https:\\\/\\\/batijournal.com\\\/index.php\\\/letat-a-t-il-reduit-son-enveloppe-pour-le-confort-dete-des-ecoles\\\/113813\\\/\"},\"wordCount\":473,\"image\":{\"@id\":\"https:\\\/\\\/batijournal.com\\\/index.php\\\/letat-a-t-il-reduit-son-enveloppe-pour-le-confort-dete-des-ecoles\\\/113813\\\/#primaryimage\"},\"thumbnailUrl\":\"https:\\\/\\\/batijournal.com\\\/wp-content\\\/uploads\\\/2018\\\/06\\\/impots-gouv.png\",\"articleSection\":[\"A la Une\",\"\u00c9nergie &amp; Environnement\"],\"inLanguage\":\"fr-FR\"},{\"@type\":\"WebPage\",\"@id\":\"https:\\\/\\\/batijournal.com\\\/index.php\\\/letat-a-t-il-reduit-son-enveloppe-pour-le-confort-dete-des-ecoles\\\/113813\\\/\",\"url\":\"https:\\\/\\\/batijournal.com\\\/index.php\\\/letat-a-t-il-reduit-son-enveloppe-pour-le-confort-dete-des-ecoles\\\/113813\\\/\",\"name\":\"L'\u00c9tat a-t-il r\u00e9duit son enveloppe pour le confort d'\u00e9t\u00e9 des \u00e9coles ?\",\"isPartOf\":{\"@id\":\"https:\\\/\\\/batijournal.com\\\/#website\"},\"primaryImageOfPage\":{\"@id\":\"https:\\\/\\\/batijournal.com\\\/index.php\\\/letat-a-t-il-reduit-son-enveloppe-pour-le-confort-dete-des-ecoles\\\/113813\\\/#primaryimage\"},\"image\":{\"@id\":\"https:\\\/\\\/batijournal.com\\\/index.php\\\/letat-a-t-il-reduit-son-enveloppe-pour-le-confort-dete-des-ecoles\\\/113813\\\/#primaryimage\"},\"thumbnailUrl\":\"https:\\\/\\\/batijournal.com\\\/wp-content\\\/uploads\\\/2018\\\/06\\\/impots-gouv.png\",\"datePublished\":\"2026-09-04T10:39:25+00:00\",\"dateModified\":\"2026-09-04T10:42:24+00:00\",\"author\":{\"@id\":\"https:\\\/\\\/batijournal.com\\\/#\\\/schema\\\/person\\\/6a657e8967569e1b299972574848aa76\"},\"description\":\"Sur les 60 millions d'euros promis pour adapter les \u00e9tablissements scolaires aux fortes chaleurs, seuls 20 millions seront finalement maintenus.\",\"breadcrumb\":{\"@id\":\"https:\\\/\\\/batijournal.com\\\/index.php\\\/letat-a-t-il-reduit-son-enveloppe-pour-le-confort-dete-des-ecoles\\\/113813\\\/#breadcrumb\"},\"inLanguage\":\"fr-FR\",\"potentialAction\":[{\"@type\":\"ReadAction\",\"target\":[\"https:\\\/\\\/batijournal.com\\\/index.php\\\/letat-a-t-il-reduit-son-enveloppe-pour-le-confort-dete-des-ecoles\\\/113813\\\/\"]}]},{\"@type\":\"ImageObject\",\"inLanguage\":\"fr-FR\",\"@id\":\"https:\\\/\\\/batijournal.com\\\/index.php\\\/letat-a-t-il-reduit-son-enveloppe-pour-le-confort-dete-des-ecoles\\\/113813\\\/#primaryimage\",\"url\":\"https:\\\/\\\/batijournal.com\\\/wp-content\\\/uploads\\\/2018\\\/06\\\/impots-gouv.png\",\"contentUrl\":\"https:\\\/\\\/batijournal.com\\\/wp-content\\\/uploads\\\/2018\\\/06\\\/impots-gouv.png\",\"width\":880,\"height\":540},{\"@type\":\"BreadcrumbList\",\"@id\":\"https:\\\/\\\/batijournal.com\\\/index.php\\\/letat-a-t-il-reduit-son-enveloppe-pour-le-confort-dete-des-ecoles\\\/113813\\\/#breadcrumb\",\"itemListElement\":[{\"@type\":\"ListItem\",\"position\":1,\"name\":\"Accueil\",\"item\":\"https:\\\/\\\/batijournal.com\\\/\"},{\"@type\":\"ListItem\",\"position\":2,\"name\":\"A la Une\",\"item\":\"https:\\\/\\\/batijournal.com\\\/index.php\\\/category\\\/a-la-une\\\/\"},{\"@type\":\"ListItem\",\"position\":3,\"name\":\"L&rsquo;\u00c9tat a-t-il r\u00e9duit son enveloppe pour le confort d&rsquo;\u00e9t\u00e9 des \u00e9coles ?\"}]},{\"@type\":\"WebSite\",\"@id\":\"https:\\\/\\\/batijournal.com\\\/#website\",\"url\":\"https:\\\/\\\/batijournal.com\\\/\",\"name\":\"Batijournal\",\"description\":\"L&#039;actualit\u00e9 du b\u00e2timent\",\"potentialAction\":[{\"@type\":\"SearchAction\",\"target\":{\"@type\":\"EntryPoint\",\"urlTemplate\":\"https:\\\/\\\/batijournal.com\\\/?s={search_term_string}\"},\"query-input\":{\"@type\":\"PropertyValueSpecification\",\"valueRequired\":true,\"valueName\":\"search_term_string\"}}],\"inLanguage\":\"fr-FR\"},{\"@type\":\"Person\",\"@id\":\"https:\\\/\\\/batijournal.com\\\/#\\\/schema\\\/person\\\/6a657e8967569e1b299972574848aa76\",\"name\":\"Bati-journal\",\"image\":{\"@type\":\"ImageObject\",\"inLanguage\":\"fr-FR\",\"@id\":\"https:\\\/\\\/secure.gravatar.com\\\/avatar\\\/a64364ea26392f9b4dd47e017ddaec74ff03aefc073b49e492e847201258f777?s=96&d=mm&r=g\",\"url\":\"https:\\\/\\\/secure.gravatar.com\\\/avatar\\\/a64364ea26392f9b4dd47e017ddaec74ff03aefc073b49e492e847201258f777?s=96&d=mm&r=g\",\"contentUrl\":\"https:\\\/\\\/secure.gravatar.com\\\/avatar\\\/a64364ea26392f9b4dd47e017ddaec74ff03aefc073b49e492e847201258f777?s=96&d=mm&r=g\",\"caption\":\"Bati-journal\"},\"url\":\"https:\\\/\\\/batijournal.com\\\/index.php\\\/author\\\/elodie\\\/\"}]}<\/script>\n<!-- \/ Yoast SEO plugin. -->","yoast_head_json":{"title":"L'\u00c9tat a-t-il r\u00e9duit son enveloppe pour le confort d'\u00e9t\u00e9 des \u00e9coles ?","description":"Sur les 60 millions d'euros promis pour adapter les \u00e9tablissements scolaires aux fortes chaleurs, seuls 20 millions seront finalement maintenus.","robots":{"index":"index","follow":"follow","max-snippet":"max-snippet:-1","max-image-preview":"max-image-preview:large","max-video-preview":"max-video-preview:-1"},"canonical":"https:\/\/batijournal.com\/index.php\/letat-a-t-il-reduit-son-enveloppe-pour-le-confort-dete-des-ecoles\/113813\/","og_locale":"fr_FR","og_type":"article","og_title":"L'\u00c9tat a-t-il r\u00e9duit son enveloppe pour le confort d'\u00e9t\u00e9 des \u00e9coles ?","og_description":"Sur les 60 millions d'euros promis pour adapter les \u00e9tablissements scolaires aux fortes chaleurs, seuls 20 millions seront finalement maintenus.","og_url":"https:\/\/batijournal.com\/index.php\/letat-a-t-il-reduit-son-enveloppe-pour-le-confort-dete-des-ecoles\/113813\/","og_site_name":"Batijournal","article_published_time":"2026-09-04T10:39:25+00:00","article_modified_time":"2026-09-04T10:42:24+00:00","og_image":[{"width":880,"height":540,"url":"https:\/\/batijournal.com\/wp-content\/uploads\/2018\/06\/impots-gouv.png","type":"image\/png"}],"author":"Bati-journal","twitter_card":"summary_large_image","twitter_creator":"@bati_journal","twitter_site":"@bati_journal","twitter_misc":{"\u00c9crit par":"Bati-journal","Dur\u00e9e de lecture estim\u00e9e":"3 minutes"},"schema":{"@context":"https:\/\/schema.org","@graph":[{"@type":"Article","@id":"https:\/\/batijournal.com\/index.php\/letat-a-t-il-reduit-son-enveloppe-pour-le-confort-dete-des-ecoles\/113813\/#article","isPartOf":{"@id":"https:\/\/batijournal.com\/index.php\/letat-a-t-il-reduit-son-enveloppe-pour-le-confort-dete-des-ecoles\/113813\/"},"author":{"name":"Bati-journal","@id":"https:\/\/batijournal.com\/#\/schema\/person\/6a657e8967569e1b299972574848aa76"},"headline":"L&rsquo;\u00c9tat a-t-il r\u00e9duit son enveloppe pour le confort d&rsquo;\u00e9t\u00e9 des \u00e9coles ?","datePublished":"2026-09-04T10:39:25+00:00","dateModified":"2026-09-04T10:42:24+00:00","mainEntityOfPage":{"@id":"https:\/\/batijournal.com\/index.php\/letat-a-t-il-reduit-son-enveloppe-pour-le-confort-dete-des-ecoles\/113813\/"},"wordCount":473,"image":{"@id":"https:\/\/batijournal.com\/index.php\/letat-a-t-il-reduit-son-enveloppe-pour-le-confort-dete-des-ecoles\/113813\/#primaryimage"},"thumbnailUrl":"https:\/\/batijournal.com\/wp-content\/uploads\/2018\/06\/impots-gouv.png","articleSection":["A la Une","\u00c9nergie &amp; Environnement"],"inLanguage":"fr-FR"},{"@type":"WebPage","@id":"https:\/\/batijournal.com\/index.php\/letat-a-t-il-reduit-son-enveloppe-pour-le-confort-dete-des-ecoles\/113813\/","url":"https:\/\/batijournal.com\/index.php\/letat-a-t-il-reduit-son-enveloppe-pour-le-confort-dete-des-ecoles\/113813\/","name":"L'\u00c9tat a-t-il r\u00e9duit son enveloppe pour le confort d'\u00e9t\u00e9 des \u00e9coles ?","isPartOf":{"@id":"https:\/\/batijournal.com\/#website"},"primaryImageOfPage":{"@id":"https:\/\/batijournal.com\/index.php\/letat-a-t-il-reduit-son-enveloppe-pour-le-confort-dete-des-ecoles\/113813\/#primaryimage"},"image":{"@id":"https:\/\/batijournal.com\/index.php\/letat-a-t-il-reduit-son-enveloppe-pour-le-confort-dete-des-ecoles\/113813\/#primaryimage"},"thumbnailUrl":"https:\/\/batijournal.com\/wp-content\/uploads\/2018\/06\/impots-gouv.png","datePublished":"2026-09-04T10:39:25+00:00","dateModified":"2026-09-04T10:42:24+00:00","author":{"@id":"https:\/\/batijournal.com\/#\/schema\/person\/6a657e8967569e1b299972574848aa76"},"description":"Sur les 60 millions d'euros promis pour adapter les \u00e9tablissements scolaires aux fortes chaleurs, seuls 20 millions seront finalement maintenus.","breadcrumb":{"@id":"https:\/\/batijournal.com\/index.php\/letat-a-t-il-reduit-son-enveloppe-pour-le-confort-dete-des-ecoles\/113813\/#breadcrumb"},"inLanguage":"fr-FR","potentialAction":[{"@type":"ReadAction","target":["https:\/\/batijournal.com\/index.php\/letat-a-t-il-reduit-son-enveloppe-pour-le-confort-dete-des-ecoles\/113813\/"]}]},{"@type":"ImageObject","inLanguage":"fr-FR","@id":"https:\/\/batijournal.com\/index.php\/letat-a-t-il-reduit-son-enveloppe-pour-le-confort-dete-des-ecoles\/113813\/#primaryimage","url":"https:\/\/batijournal.com\/wp-content\/uploads\/2018\/06\/impots-gouv.png","contentUrl":"https:\/\/batijournal.com\/wp-content\/uploads\/2018\/06\/impots-gouv.png","width":880,"height":540},{"@type":"BreadcrumbList","@id":"https:\/\/batijournal.com\/index.php\/letat-a-t-il-reduit-son-enveloppe-pour-le-confort-dete-des-ecoles\/113813\/#breadcrumb","itemListElement":[{"@type":"ListItem","position":1,"name":"Accueil","item":"https:\/\/batijournal.com\/"},{"@type":"ListItem","position":2,"name":"A la Une","item":"https:\/\/batijournal.com\/index.php\/category\/a-la-une\/"},{"@type":"ListItem","position":3,"name":"L&rsquo;\u00c9tat a-t-il r\u00e9duit son enveloppe pour le confort d&rsquo;\u00e9t\u00e9 des \u00e9coles ?"}]},{"@type":"WebSite","@id":"https:\/\/batijournal.com\/#website","url":"https:\/\/batijournal.com\/","name":"Batijournal","description":"L&#039;actualit\u00e9 du b\u00e2timent","potentialAction":[{"@type":"SearchAction","target":{"@type":"EntryPoint","urlTemplate":"https:\/\/batijournal.com\/?s={search_term_string}"},"query-input":{"@type":"PropertyValueSpecification","valueRequired":true,"valueName":"search_term_string"}}],"inLanguage":"fr-FR"},{"@type":"Person","@id":"https:\/\/batijournal.com\/#\/schema\/person\/6a657e8967569e1b299972574848aa76","name":"Bati-journal","image":{"@type":"ImageObject","inLanguage":"fr-FR","@id":"https:\/\/secure.gravatar.com\/avatar\/a64364ea26392f9b4dd47e017ddaec74ff03aefc073b49e492e847201258f777?s=96&d=mm&r=g","url":"https:\/\/secure.gravatar.com\/avatar\/a64364ea26392f9b4dd47e017ddaec74ff03aefc073b49e492e847201258f777?s=96&d=mm&r=g","contentUrl":"https:\/\/secure.gravatar.com\/avatar\/a64364ea26392f9b4dd47e017ddaec74ff03aefc073b49e492e847201258f777?s=96&d=mm&r=g","caption":"Bati-journal"},"url":"https:\/\/batijournal.com\/index.php\/author\/elodie\/"}]}},"_links":{"self":[{"href":"https:\/\/batijournal.com\/index.php\/wp-json\/wp\/v2\/posts\/113813","targetHints":{"allow":["GET"]}}],"collection":[{"href":"https:\/\/batijournal.com\/index.php\/wp-json\/wp\/v2\/posts"}],"about":[{"href":"https:\/\/batijournal.com\/index.php\/wp-json\/wp\/v2\/types\/post"}],"author":[{"embeddable":true,"href":"https:\/\/batijournal.com\/index.php\/wp-json\/wp\/v2\/users\/1"}],"replies":[{"embeddable":true,"href":"https:\/\/batijournal.com\/index.php\/wp-json\/wp\/v2\/comments?post=113813"}],"version-history":[{"count":0,"href":"https:\/\/batijournal.com\/index.php\/wp-json\/wp\/v2\/posts\/113813\/revisions"}],"wp:featuredmedia":[{"embeddable":true,"href":"https:\/\/batijournal.com\/index.php\/wp-json\/wp\/v2\/media\/99498"}],"wp:attachment":[{"href":"https:\/\/batijournal.com\/index.php\/wp-json\/wp\/v2\/media?parent=113813"}],"wp:term":[{"taxonomy":"category","embeddable":true,"href":"https:\/\/batijournal.com\/index.php\/wp-json\/wp\/v2\/categories?post=113813"},{"taxonomy":"post_tag","embeddable":true,"href":"https:\/\/batijournal.com\/index.php\/wp-json\/wp\/v2\/tags?post=113813"}],"curies":[{"name":"wp","href":"https:\/\/api.w.org\/{rel}","templated":true}]}}