{"id":67463,"date":"2012-12-16T14:45:34","date_gmt":"2012-12-16T13:45:34","guid":{"rendered":"http:\/\/b.bati-journal.com\/?p=67463"},"modified":"2019-07-15T12:48:12","modified_gmt":"2019-07-15T10:48:12","slug":"lite-un-marche-porteur-pour-la-fibre-bois","status":"publish","type":"post","link":"https:\/\/batijournal.com\/index.php\/lite-un-marche-porteur-pour-la-fibre-bois\/67463\/","title":{"rendered":"L&rsquo;ITE, un march\u00e9 porteur pour la fibre bois"},"content":{"rendered":"<p><a href=\"http:\/\/www.woodsurfer.com\/wp-content\/uploads\/2013\/06\/43517150g.jpg\"><img decoding=\"async\" class=\" wp-image-4115 alignright\" src=\"http:\/\/www.woodsurfer.com\/wp-content\/uploads\/2013\/06\/43517150g.jpg\" alt=\"photo-panneau-isolation-pavatex\" \/><\/a><\/p>\n<p>&nbsp;<\/p>\n<p>Largement r\u00e9pandue outre-Rhin, l\u2019isolation thermique par l\u2019ext\u00e9rieur\u00a0(ITE) se d\u00e9veloppe depuis quelques ann\u00e9es en France. Elle repr\u00e9sente d\u00e9sormais pr\u00e8s de 7\u2009% du march\u00e9 de l\u2019isolation. Ses avantages sur le plan \u00e9nerg\u00e9tique sont incontestables puisqu\u2019elle permet de r\u00e9duire efficacement les ponts thermiques tout en pr\u00e9servant le volume habitable. Les fabricants d\u2019isolants en fibres de bois s\u2019int\u00e9ressent de tr\u00e8s pr\u00e8s \u00e0 ce march\u00e9 et sont pr\u00eats \u00e0 faire valoir les nombreux atouts de leurs produits\u00a0: respect de l\u2019environnement, excellente isolation thermique, protection contre le bruit,\u00a0etc. Ce type de mat\u00e9riaux convient aussi bien aux constructions traditionnelles (ma\u00e7onnerie) qu\u2019\u00e0 celles en bois massif ou aux b\u00e2timents \u00e0 ossature bois, en fort d\u00e9veloppement actuellement.<\/p>\n<p>&nbsp;<\/p>\n<h3><\/h3>\n<p><a href=\"http:\/\/www.woodsurfer.com\/wp-content\/uploads\/2013\/06\/43517296g.jpg\"><img decoding=\"async\" class=\" wp-image-4116 alignleft\" src=\"http:\/\/www.woodsurfer.com\/wp-content\/uploads\/2013\/06\/43517296g.jpg\" alt=\"photo-panneau-rigide\" \/><\/a><\/p>\n<h3><\/h3>\n<h3>Neuf et r\u00e9novation<\/h3>\n<p>L\u2019isolation thermique par l\u2019ext\u00e9rieur est majoritairement pr\u00e9sente en r\u00e9novation (environ 70\u2009% en r\u00e9novation et 30\u2009% pour le neuf), mais elle tend \u00e9galement \u00e0 se d\u00e9velopper dans le neuf. Son efficacit\u00e9 est en effet aujourd\u2019hui largement d\u00e9montr\u00e9e et permet de r\u00e9pondre aux \u00e9volutions de la r\u00e9glementation thermique. \u00ab\u00a0Avec l\u2019arriv\u00e9e de la r\u00e9glementation thermique dans l\u2019existant et de toutes les aides fiscales mises en place par le gouvernement (cr\u00e9dit d\u2019imp\u00f4t, pr\u00eat \u00e0 taux z\u00e9ro,\u00a0etc.), le march\u00e9 de la r\u00e9novation s\u2019est r\u00e9ellement d\u00e9velopp\u00e9 depuis trois ou quatre ans. L\u2019ITE est souvent la solution id\u00e9ale lorsqu\u2019il n\u2019est pas possible de renforcer l\u2019isolation par l\u2019int\u00e9rieur, constate \u00adClaire \u00adMellinand, directrice marketing pour la soci\u00e9t\u00e9 Actis. En ce qui concerne le march\u00e9 du neuf, l\u2019utilisation de panneaux en fibres de bois par l\u2019ext\u00e9rieur convient parfaitement \u00e0 l\u2019isolation des maisons \u00e0 ossature bois, march\u00e9 \u00e9galement en forte croissance. Mais tous les types de b\u00e2timents sont susceptibles d\u2019\u00eatre concern\u00e9s, aussi bien dans l\u2019habitat individuel<br \/>\nou collectif que dans le tertiaire.\u00a0\u00bb Gr\u00e2ce \u00e0 ses propri\u00e9t\u00e9s d\u2019isolation naturelle, la fibre de bois permet en effet de r\u00e9duire efficacement les consommations d\u2019\u00e9nergie des b\u00e2timents g\u00e9n\u00e9r\u00e9es par le chauffage et la climatisation. En hiver, la faible conductivit\u00e9 thermique du mat\u00e9riau limite les d\u00e9perditions de chaleur vers l\u2019ext\u00e9rieur, tandis qu\u2019en \u00e9t\u00e9, l\u2019excellente inertie du bois permet d\u2019amortir les fortes variations de temp\u00e9rature et d\u2019allonger le temps n\u00e9cessaire \u00e0 la chaleur pour traverser la paroi (d\u00e9phasage thermique). Les propri\u00e9t\u00e9s perspirantes du mat\u00e9riau permettent \u00e9galement de r\u00e9guler l\u2019hygrom\u00e9trie. Ainsi, la structure du b\u00e2timent est mieux pr\u00e9serv\u00e9e, de m\u00eame que la qualit\u00e9 de l\u2019air int\u00e9rieur. \u00ab\u00a0Le ma\u00eetre d\u2019ouvrage est g\u00e9n\u00e9ralement motiv\u00e9 par le confort d\u2019\u00e9t\u00e9, mais aussi par la r\u00e9gulation hygrom\u00e9trique et la durabilit\u00e9 de la fibre de bois, explique \u00adChristophe \u00adBeaussire, responsable commercial chez Pavatex France. Il dispose \u00e9galement de plusieurs types de finition\u00a0: enduit ou bardage qui permettent, dans le cas d\u2019une r\u00e9novation, de changer l\u2019aspect d\u2019une fa\u00e7ade.\u00a0\u00bb<\/p>\n<p>&nbsp;<\/p>\n<p><a href=\"http:\/\/www.woodsurfer.com\/wp-content\/uploads\/2013\/06\/43521932g.jpg\"><img decoding=\"async\" class=\" wp-image-4117 alignright\" src=\"http:\/\/www.woodsurfer.com\/wp-content\/uploads\/2013\/06\/43521932g.jpg\" alt=\"photo-enduit\" \/><\/a><\/p>\n<h3>Panneaux pr\u00eats \u00e0 enduire<\/h3>\n<p>Les industriels de l\u2019isolation en fibres de bois proposent aujourd\u2019hui des produits particuli\u00e8rement adapt\u00e9s aux probl\u00e9matiques de l\u2019ITE. Il s\u2019agit g\u00e9n\u00e9ralement de panneaux de forte densit\u00e9 (&gt;\u00a0140\u2009kg\/m3) suffisamment rigides pour r\u00e9pondre aux contraintes de r\u00e9sistance m\u00e9canique et de durabilit\u00e9 exig\u00e9es par ce syst\u00e8me. Moins sensibles au tassement, ils assurent une isolation efficace dans la dur\u00e9e. Cette densit\u00e9 permet, par ailleurs, d\u2019offrir de la masse pour une bonne qualit\u00e9 d\u2019isolation acoustique. Dans certains cas, leur mode de pose r\u00e9duit encore l\u2019apparition de ponts thermiques. Les diff\u00e9rentes marques proposent g\u00e9n\u00e9ralement des panneaux d\u2019isolation thermique sp\u00e9cialement con\u00e7us pour les fa\u00e7ades \u00e0 enduire. Ces produits permettent de r\u00e9aliser des fa\u00e7ades ouvertes \u00e0 la diffusion de vapeur d\u2019eau. Ils am\u00e9liorent \u00e9galement l\u2019isolation contre la chaleur estivale et le bruit, comparativement \u00e0 d\u2019autres isolants conventionnels. Ce type de mat\u00e9riau est \u00e0 privil\u00e9gier sur des constructions en bois massif. La mise en \u0153uvre est alors simple et rapide. Les panneaux sont directement coll\u00e9s ou fix\u00e9s m\u00e9caniquement sur les parois \u00e0 l\u2019aide de chevilles sp\u00e9cialement con\u00e7ues pour les mat\u00e9riaux isolants. Dans le cas d\u2019une construction \u00e0 ossature bois, l\u2019isolant peut \u00eatre fix\u00e9 directement sur les montants. L\u2019ensemble de la surface est ensuite recouvert d\u2019un enduit de base perm\u00e9able \u00e0 la vapeur d\u2019eau et d\u2019un enduit de finition r\u00e9sistant \u00e0 la p\u00e9n\u00e9tration d\u2019eau de pluie et aux chocs. Certains fabricants tels que Gutex conseillent \u00e9galement l\u2019application d\u2019une armature entre les deux couches afin d\u2019\u00e9viter l\u2019apparition de fissures. L\u2019ITE concerne alors diff\u00e9rents corps de m\u00e9tier\u00a0: peinture, enduits, pl\u00e2tre et isolation.<\/p>\n<p>&nbsp;<\/p>\n","protected":false},"excerpt":{"rendered":"<p>&nbsp; Largement r\u00e9pandue outre-Rhin, l\u2019isolation thermique par l\u2019ext\u00e9rieur\u00a0(ITE) se d\u00e9veloppe depuis quelques ann\u00e9es en France. Elle repr\u00e9sente d\u00e9sormais pr\u00e8s de 7\u2009% du march\u00e9 de l\u2019isolation. Ses avantages sur le plan \u00e9nerg\u00e9tique sont incontestables puisqu\u2019elle permet de r\u00e9duire efficacement les ponts thermiques tout en pr\u00e9servant le volume habitable. Les fabricants d\u2019isolants en fibres de bois s\u2019int\u00e9ressent [&hellip;]<\/p>\n","protected":false},"author":1,"featured_media":67464,"comment_status":"open","ping_status":"closed","sticky":false,"template":"","format":"standard","meta":{"_et_pb_use_builder":"","_et_pb_old_content":"","_et_gb_content_width":"","footnotes":""},"categories":[10530],"tags":[70],"class_list":["post-67463","post","type-post","status-publish","format-standard","has-post-thumbnail","hentry","category-actualites","tag-ite"],"yoast_head":"<!-- This site is optimized with the Yoast SEO plugin v27.4 - https:\/\/yoast.com\/product\/yoast-seo-wordpress\/ -->\n<title>L&#039;ITE, un march\u00e9 porteur pour la fibre bois<\/title>\n<meta name=\"robots\" content=\"index, follow, max-snippet:-1, max-image-preview:large, max-video-preview:-1\" \/>\n<link rel=\"canonical\" href=\"https:\/\/batijournal.com\/index.php\/lite-un-marche-porteur-pour-la-fibre-bois\/67463\/\" \/>\n<meta property=\"og:locale\" content=\"fr_FR\" \/>\n<meta property=\"og:type\" content=\"article\" \/>\n<meta property=\"og:title\" content=\"L&#039;ITE, un march\u00e9 porteur pour la fibre bois\" \/>\n<meta property=\"og:description\" content=\"&nbsp; Largement r\u00e9pandue outre-Rhin, l\u2019isolation thermique par l\u2019ext\u00e9rieur\u00a0(ITE) se d\u00e9veloppe depuis quelques ann\u00e9es en France. Elle repr\u00e9sente d\u00e9sormais pr\u00e8s de 7\u2009% du march\u00e9 de l\u2019isolation. Ses avantages sur le plan \u00e9nerg\u00e9tique sont incontestables puisqu\u2019elle permet de r\u00e9duire efficacement les ponts thermiques tout en pr\u00e9servant le volume habitable. Les fabricants d\u2019isolants en fibres de bois s\u2019int\u00e9ressent [&hellip;]\" \/>\n<meta property=\"og:url\" content=\"https:\/\/batijournal.com\/index.php\/lite-un-marche-porteur-pour-la-fibre-bois\/67463\/\" \/>\n<meta property=\"og:site_name\" content=\"Batijournal\" \/>\n<meta property=\"article:published_time\" content=\"2012-12-16T13:45:34+00:00\" \/>\n<meta property=\"article:modified_time\" content=\"2019-07-15T10:48:12+00:00\" \/>\n<meta property=\"og:image\" content=\"https:\/\/batijournal.com\/wp-content\/uploads\/2015\/02\/43517296.jpg\" \/>\n\t<meta property=\"og:image:width\" content=\"600\" \/>\n\t<meta property=\"og:image:height\" content=\"400\" \/>\n\t<meta property=\"og:image:type\" content=\"image\/jpeg\" \/>\n<meta name=\"author\" content=\"Bati-journal\" \/>\n<meta name=\"twitter:card\" content=\"summary_large_image\" \/>\n<meta name=\"twitter:creator\" content=\"@bati_journal\" \/>\n<meta name=\"twitter:site\" content=\"@bati_journal\" \/>\n<meta name=\"twitter:label1\" content=\"\u00c9crit par\" \/>\n\t<meta name=\"twitter:data1\" content=\"Bati-journal\" \/>\n\t<meta name=\"twitter:label2\" content=\"Dur\u00e9e de lecture estim\u00e9e\" \/>\n\t<meta name=\"twitter:data2\" content=\"4 minutes\" \/>\n<script type=\"application\/ld+json\" class=\"yoast-schema-graph\">{\"@context\":\"https:\\\/\\\/schema.org\",\"@graph\":[{\"@type\":\"Article\",\"@id\":\"https:\\\/\\\/batijournal.com\\\/index.php\\\/lite-un-marche-porteur-pour-la-fibre-bois\\\/67463\\\/#article\",\"isPartOf\":{\"@id\":\"https:\\\/\\\/batijournal.com\\\/index.php\\\/lite-un-marche-porteur-pour-la-fibre-bois\\\/67463\\\/\"},\"author\":{\"name\":\"Bati-journal\",\"@id\":\"https:\\\/\\\/batijournal.com\\\/#\\\/schema\\\/person\\\/6a657e8967569e1b299972574848aa76\"},\"headline\":\"L&rsquo;ITE, un march\u00e9 porteur pour la fibre bois\",\"datePublished\":\"2012-12-16T13:45:34+00:00\",\"dateModified\":\"2019-07-15T10:48:12+00:00\",\"mainEntityOfPage\":{\"@id\":\"https:\\\/\\\/batijournal.com\\\/index.php\\\/lite-un-marche-porteur-pour-la-fibre-bois\\\/67463\\\/\"},\"wordCount\":848,\"commentCount\":0,\"image\":{\"@id\":\"https:\\\/\\\/batijournal.com\\\/index.php\\\/lite-un-marche-porteur-pour-la-fibre-bois\\\/67463\\\/#primaryimage\"},\"thumbnailUrl\":\"https:\\\/\\\/batijournal.com\\\/wp-content\\\/uploads\\\/2015\\\/02\\\/43517296.jpg\",\"keywords\":[\"ITE\"],\"articleSection\":[\"Actualit\u00e9s\"],\"inLanguage\":\"fr-FR\",\"potentialAction\":[{\"@type\":\"CommentAction\",\"name\":\"Comment\",\"target\":[\"https:\\\/\\\/batijournal.com\\\/index.php\\\/lite-un-marche-porteur-pour-la-fibre-bois\\\/67463\\\/#respond\"]}]},{\"@type\":\"WebPage\",\"@id\":\"https:\\\/\\\/batijournal.com\\\/index.php\\\/lite-un-marche-porteur-pour-la-fibre-bois\\\/67463\\\/\",\"url\":\"https:\\\/\\\/batijournal.com\\\/index.php\\\/lite-un-marche-porteur-pour-la-fibre-bois\\\/67463\\\/\",\"name\":\"L'ITE, un march\u00e9 porteur pour la fibre bois\",\"isPartOf\":{\"@id\":\"https:\\\/\\\/batijournal.com\\\/#website\"},\"primaryImageOfPage\":{\"@id\":\"https:\\\/\\\/batijournal.com\\\/index.php\\\/lite-un-marche-porteur-pour-la-fibre-bois\\\/67463\\\/#primaryimage\"},\"image\":{\"@id\":\"https:\\\/\\\/batijournal.com\\\/index.php\\\/lite-un-marche-porteur-pour-la-fibre-bois\\\/67463\\\/#primaryimage\"},\"thumbnailUrl\":\"https:\\\/\\\/batijournal.com\\\/wp-content\\\/uploads\\\/2015\\\/02\\\/43517296.jpg\",\"datePublished\":\"2012-12-16T13:45:34+00:00\",\"dateModified\":\"2019-07-15T10:48:12+00:00\",\"author\":{\"@id\":\"https:\\\/\\\/batijournal.com\\\/#\\\/schema\\\/person\\\/6a657e8967569e1b299972574848aa76\"},\"breadcrumb\":{\"@id\":\"https:\\\/\\\/batijournal.com\\\/index.php\\\/lite-un-marche-porteur-pour-la-fibre-bois\\\/67463\\\/#breadcrumb\"},\"inLanguage\":\"fr-FR\",\"potentialAction\":[{\"@type\":\"ReadAction\",\"target\":[\"https:\\\/\\\/batijournal.com\\\/index.php\\\/lite-un-marche-porteur-pour-la-fibre-bois\\\/67463\\\/\"]}]},{\"@type\":\"ImageObject\",\"inLanguage\":\"fr-FR\",\"@id\":\"https:\\\/\\\/batijournal.com\\\/index.php\\\/lite-un-marche-porteur-pour-la-fibre-bois\\\/67463\\\/#primaryimage\",\"url\":\"https:\\\/\\\/batijournal.com\\\/wp-content\\\/uploads\\\/2015\\\/02\\\/43517296.jpg\",\"contentUrl\":\"https:\\\/\\\/batijournal.com\\\/wp-content\\\/uploads\\\/2015\\\/02\\\/43517296.jpg\",\"width\":600,\"height\":400,\"caption\":\"Mise en place panneau d'isolation sur un toit\"},{\"@type\":\"BreadcrumbList\",\"@id\":\"https:\\\/\\\/batijournal.com\\\/index.php\\\/lite-un-marche-porteur-pour-la-fibre-bois\\\/67463\\\/#breadcrumb\",\"itemListElement\":[{\"@type\":\"ListItem\",\"position\":1,\"name\":\"Accueil\",\"item\":\"https:\\\/\\\/batijournal.com\\\/\"},{\"@type\":\"ListItem\",\"position\":2,\"name\":\"Actualit\u00e9s\",\"item\":\"https:\\\/\\\/batijournal.com\\\/index.php\\\/category\\\/actualites\\\/\"},{\"@type\":\"ListItem\",\"position\":3,\"name\":\"L&rsquo;ITE, un march\u00e9 porteur pour la fibre bois\"}]},{\"@type\":\"WebSite\",\"@id\":\"https:\\\/\\\/batijournal.com\\\/#website\",\"url\":\"https:\\\/\\\/batijournal.com\\\/\",\"name\":\"Batijournal\",\"description\":\"L&#039;actualit\u00e9 du b\u00e2timent\",\"potentialAction\":[{\"@type\":\"SearchAction\",\"target\":{\"@type\":\"EntryPoint\",\"urlTemplate\":\"https:\\\/\\\/batijournal.com\\\/?s={search_term_string}\"},\"query-input\":{\"@type\":\"PropertyValueSpecification\",\"valueRequired\":true,\"valueName\":\"search_term_string\"}}],\"inLanguage\":\"fr-FR\"},{\"@type\":\"Person\",\"@id\":\"https:\\\/\\\/batijournal.com\\\/#\\\/schema\\\/person\\\/6a657e8967569e1b299972574848aa76\",\"name\":\"Bati-journal\",\"image\":{\"@type\":\"ImageObject\",\"inLanguage\":\"fr-FR\",\"@id\":\"https:\\\/\\\/secure.gravatar.com\\\/avatar\\\/a64364ea26392f9b4dd47e017ddaec74ff03aefc073b49e492e847201258f777?s=96&d=mm&r=g\",\"url\":\"https:\\\/\\\/secure.gravatar.com\\\/avatar\\\/a64364ea26392f9b4dd47e017ddaec74ff03aefc073b49e492e847201258f777?s=96&d=mm&r=g\",\"contentUrl\":\"https:\\\/\\\/secure.gravatar.com\\\/avatar\\\/a64364ea26392f9b4dd47e017ddaec74ff03aefc073b49e492e847201258f777?s=96&d=mm&r=g\",\"caption\":\"Bati-journal\"},\"url\":\"https:\\\/\\\/batijournal.com\\\/index.php\\\/author\\\/elodie\\\/\"}]}<\/script>\n<!-- \/ Yoast SEO plugin. -->","yoast_head_json":{"title":"L'ITE, un march\u00e9 porteur pour la fibre bois","robots":{"index":"index","follow":"follow","max-snippet":"max-snippet:-1","max-image-preview":"max-image-preview:large","max-video-preview":"max-video-preview:-1"},"canonical":"https:\/\/batijournal.com\/index.php\/lite-un-marche-porteur-pour-la-fibre-bois\/67463\/","og_locale":"fr_FR","og_type":"article","og_title":"L'ITE, un march\u00e9 porteur pour la fibre bois","og_description":"&nbsp; Largement r\u00e9pandue outre-Rhin, l\u2019isolation thermique par l\u2019ext\u00e9rieur\u00a0(ITE) se d\u00e9veloppe depuis quelques ann\u00e9es en France. Elle repr\u00e9sente d\u00e9sormais pr\u00e8s de 7\u2009% du march\u00e9 de l\u2019isolation. Ses avantages sur le plan \u00e9nerg\u00e9tique sont incontestables puisqu\u2019elle permet de r\u00e9duire efficacement les ponts thermiques tout en pr\u00e9servant le volume habitable. Les fabricants d\u2019isolants en fibres de bois s\u2019int\u00e9ressent [&hellip;]","og_url":"https:\/\/batijournal.com\/index.php\/lite-un-marche-porteur-pour-la-fibre-bois\/67463\/","og_site_name":"Batijournal","article_published_time":"2012-12-16T13:45:34+00:00","article_modified_time":"2019-07-15T10:48:12+00:00","og_image":[{"width":600,"height":400,"url":"https:\/\/batijournal.com\/wp-content\/uploads\/2015\/02\/43517296.jpg","type":"image\/jpeg"}],"author":"Bati-journal","twitter_card":"summary_large_image","twitter_creator":"@bati_journal","twitter_site":"@bati_journal","twitter_misc":{"\u00c9crit par":"Bati-journal","Dur\u00e9e de lecture estim\u00e9e":"4 minutes"},"schema":{"@context":"https:\/\/schema.org","@graph":[{"@type":"Article","@id":"https:\/\/batijournal.com\/index.php\/lite-un-marche-porteur-pour-la-fibre-bois\/67463\/#article","isPartOf":{"@id":"https:\/\/batijournal.com\/index.php\/lite-un-marche-porteur-pour-la-fibre-bois\/67463\/"},"author":{"name":"Bati-journal","@id":"https:\/\/batijournal.com\/#\/schema\/person\/6a657e8967569e1b299972574848aa76"},"headline":"L&rsquo;ITE, un march\u00e9 porteur pour la fibre bois","datePublished":"2012-12-16T13:45:34+00:00","dateModified":"2019-07-15T10:48:12+00:00","mainEntityOfPage":{"@id":"https:\/\/batijournal.com\/index.php\/lite-un-marche-porteur-pour-la-fibre-bois\/67463\/"},"wordCount":848,"commentCount":0,"image":{"@id":"https:\/\/batijournal.com\/index.php\/lite-un-marche-porteur-pour-la-fibre-bois\/67463\/#primaryimage"},"thumbnailUrl":"https:\/\/batijournal.com\/wp-content\/uploads\/2015\/02\/43517296.jpg","keywords":["ITE"],"articleSection":["Actualit\u00e9s"],"inLanguage":"fr-FR","potentialAction":[{"@type":"CommentAction","name":"Comment","target":["https:\/\/batijournal.com\/index.php\/lite-un-marche-porteur-pour-la-fibre-bois\/67463\/#respond"]}]},{"@type":"WebPage","@id":"https:\/\/batijournal.com\/index.php\/lite-un-marche-porteur-pour-la-fibre-bois\/67463\/","url":"https:\/\/batijournal.com\/index.php\/lite-un-marche-porteur-pour-la-fibre-bois\/67463\/","name":"L'ITE, un march\u00e9 porteur pour la fibre bois","isPartOf":{"@id":"https:\/\/batijournal.com\/#website"},"primaryImageOfPage":{"@id":"https:\/\/batijournal.com\/index.php\/lite-un-marche-porteur-pour-la-fibre-bois\/67463\/#primaryimage"},"image":{"@id":"https:\/\/batijournal.com\/index.php\/lite-un-marche-porteur-pour-la-fibre-bois\/67463\/#primaryimage"},"thumbnailUrl":"https:\/\/batijournal.com\/wp-content\/uploads\/2015\/02\/43517296.jpg","datePublished":"2012-12-16T13:45:34+00:00","dateModified":"2019-07-15T10:48:12+00:00","author":{"@id":"https:\/\/batijournal.com\/#\/schema\/person\/6a657e8967569e1b299972574848aa76"},"breadcrumb":{"@id":"https:\/\/batijournal.com\/index.php\/lite-un-marche-porteur-pour-la-fibre-bois\/67463\/#breadcrumb"},"inLanguage":"fr-FR","potentialAction":[{"@type":"ReadAction","target":["https:\/\/batijournal.com\/index.php\/lite-un-marche-porteur-pour-la-fibre-bois\/67463\/"]}]},{"@type":"ImageObject","inLanguage":"fr-FR","@id":"https:\/\/batijournal.com\/index.php\/lite-un-marche-porteur-pour-la-fibre-bois\/67463\/#primaryimage","url":"https:\/\/batijournal.com\/wp-content\/uploads\/2015\/02\/43517296.jpg","contentUrl":"https:\/\/batijournal.com\/wp-content\/uploads\/2015\/02\/43517296.jpg","width":600,"height":400,"caption":"Mise en place panneau d'isolation sur un toit"},{"@type":"BreadcrumbList","@id":"https:\/\/batijournal.com\/index.php\/lite-un-marche-porteur-pour-la-fibre-bois\/67463\/#breadcrumb","itemListElement":[{"@type":"ListItem","position":1,"name":"Accueil","item":"https:\/\/batijournal.com\/"},{"@type":"ListItem","position":2,"name":"Actualit\u00e9s","item":"https:\/\/batijournal.com\/index.php\/category\/actualites\/"},{"@type":"ListItem","position":3,"name":"L&rsquo;ITE, un march\u00e9 porteur pour la fibre bois"}]},{"@type":"WebSite","@id":"https:\/\/batijournal.com\/#website","url":"https:\/\/batijournal.com\/","name":"Batijournal","description":"L&#039;actualit\u00e9 du b\u00e2timent","potentialAction":[{"@type":"SearchAction","target":{"@type":"EntryPoint","urlTemplate":"https:\/\/batijournal.com\/?s={search_term_string}"},"query-input":{"@type":"PropertyValueSpecification","valueRequired":true,"valueName":"search_term_string"}}],"inLanguage":"fr-FR"},{"@type":"Person","@id":"https:\/\/batijournal.com\/#\/schema\/person\/6a657e8967569e1b299972574848aa76","name":"Bati-journal","image":{"@type":"ImageObject","inLanguage":"fr-FR","@id":"https:\/\/secure.gravatar.com\/avatar\/a64364ea26392f9b4dd47e017ddaec74ff03aefc073b49e492e847201258f777?s=96&d=mm&r=g","url":"https:\/\/secure.gravatar.com\/avatar\/a64364ea26392f9b4dd47e017ddaec74ff03aefc073b49e492e847201258f777?s=96&d=mm&r=g","contentUrl":"https:\/\/secure.gravatar.com\/avatar\/a64364ea26392f9b4dd47e017ddaec74ff03aefc073b49e492e847201258f777?s=96&d=mm&r=g","caption":"Bati-journal"},"url":"https:\/\/batijournal.com\/index.php\/author\/elodie\/"}]}},"_links":{"self":[{"href":"https:\/\/batijournal.com\/index.php\/wp-json\/wp\/v2\/posts\/67463","targetHints":{"allow":["GET"]}}],"collection":[{"href":"https:\/\/batijournal.com\/index.php\/wp-json\/wp\/v2\/posts"}],"about":[{"href":"https:\/\/batijournal.com\/index.php\/wp-json\/wp\/v2\/types\/post"}],"author":[{"embeddable":true,"href":"https:\/\/batijournal.com\/index.php\/wp-json\/wp\/v2\/users\/1"}],"replies":[{"embeddable":true,"href":"https:\/\/batijournal.com\/index.php\/wp-json\/wp\/v2\/comments?post=67463"}],"version-history":[{"count":0,"href":"https:\/\/batijournal.com\/index.php\/wp-json\/wp\/v2\/posts\/67463\/revisions"}],"wp:featuredmedia":[{"embeddable":true,"href":"https:\/\/batijournal.com\/index.php\/wp-json\/wp\/v2\/media\/67464"}],"wp:attachment":[{"href":"https:\/\/batijournal.com\/index.php\/wp-json\/wp\/v2\/media?parent=67463"}],"wp:term":[{"taxonomy":"category","embeddable":true,"href":"https:\/\/batijournal.com\/index.php\/wp-json\/wp\/v2\/categories?post=67463"},{"taxonomy":"post_tag","embeddable":true,"href":"https:\/\/batijournal.com\/index.php\/wp-json\/wp\/v2\/tags?post=67463"}],"curies":[{"name":"wp","href":"https:\/\/api.w.org\/{rel}","templated":true}]}}