{"id":69004,"date":"2009-04-02T00:00:00","date_gmt":"2009-04-01T22:00:00","guid":{"rendered":"http:\/\/b.bati-journal.com\/facades-de-batiments-en-bois\/69004"},"modified":"2019-07-15T16:35:40","modified_gmt":"2019-07-15T14:35:40","slug":"facades-de-batiments-en-bois","status":"publish","type":"post","link":"https:\/\/batijournal.com\/index.php\/facades-de-batiments-en-bois\/69004\/","title":{"rendered":"Fa\u00e7ades de b\u00e2timents en bois"},"content":{"rendered":"<p>Le nouveau cahier Lignatec \u00ab\u00a0Rev\u00eatements de fa\u00e7ades\u00a0\u00bb\u00a0offre un panorama de solutions compatibles avec des b\u00e2timents contemporains en bois. L\u0092ouvrage de 60 pages traite des utilisations actuelles du bois, du lambris massif avec ou sans traitement, trait\u00e9 thermiquement ou en autoclave, jusqu\u0092aux bardeaux, et d\u0092autres mat\u00e9riaux comme le verre, le m\u00e9tal, les mati\u00e8res synth\u00e9tiques, ainsi que des syst\u00e8mes de fa\u00e7ade avec capteurs solaires. Pour chaque type de produits, des exemples de r\u00e9alisations d\u00e9taill\u00e9s et les principales caract\u00e9ristiques sont fournis, tandis que les adresses de r\u00e9f\u00e9rence en fin de brochure permettent d\u0092obtenir les renseignements compl\u00e9mentaires souhait\u00e9s.<\/p>\n","protected":false},"excerpt":{"rendered":"<p>Le nouveau cahier Lignatec \u00ab\u00a0Rev\u00eatements de fa\u00e7ades\u00a0\u00bb\u00a0offre un panorama de solutions compatibles avec des b\u00e2timents contemporains en bois. L\u0092ouvrage de 60 pages traite des utilisations actuelles du bois, du lambris massif avec ou sans traitement, trait\u00e9 thermiquement ou en autoclave, jusqu\u0092aux bardeaux, et d\u0092autres mat\u00e9riaux comme le verre, le m\u00e9tal, les mati\u00e8res synth\u00e9tiques, ainsi que [&hellip;]<\/p>\n","protected":false},"author":1,"featured_media":69005,"comment_status":"open","ping_status":"closed","sticky":false,"template":"","format":"standard","meta":{"_et_pb_use_builder":"","_et_pb_old_content":"","_et_gb_content_width":"","footnotes":""},"categories":[6362],"tags":[3157],"class_list":["post-69004","post","type-post","status-publish","format-standard","has-post-thumbnail","hentry","category-services-equipements","tag-lignatec"],"yoast_head":"<!-- This site is optimized with the Yoast SEO plugin v27.4 - https:\/\/yoast.com\/product\/yoast-seo-wordpress\/ -->\n<title>Fa\u00e7ades de b\u00e2timents en bois<\/title>\n<meta name=\"robots\" content=\"index, follow, max-snippet:-1, max-image-preview:large, max-video-preview:-1\" \/>\n<link rel=\"canonical\" href=\"https:\/\/batijournal.com\/index.php\/facades-de-batiments-en-bois\/69004\/\" \/>\n<meta property=\"og:locale\" content=\"fr_FR\" \/>\n<meta property=\"og:type\" content=\"article\" \/>\n<meta property=\"og:title\" content=\"Fa\u00e7ades de b\u00e2timents en bois\" \/>\n<meta property=\"og:description\" content=\"Le nouveau cahier Lignatec \u00ab\u00a0Rev\u00eatements de fa\u00e7ades\u00a0\u00bb\u00a0offre un panorama de solutions compatibles avec des b\u00e2timents contemporains en bois. L\u0092ouvrage de 60 pages traite des utilisations actuelles du bois, du lambris massif avec ou sans traitement, trait\u00e9 thermiquement ou en autoclave, jusqu\u0092aux bardeaux, et d\u0092autres mat\u00e9riaux comme le verre, le m\u00e9tal, les mati\u00e8res synth\u00e9tiques, ainsi que [&hellip;]\" \/>\n<meta property=\"og:url\" content=\"https:\/\/batijournal.com\/index.php\/facades-de-batiments-en-bois\/69004\/\" \/>\n<meta property=\"og:site_name\" content=\"Batijournal\" \/>\n<meta property=\"article:published_time\" content=\"2009-04-01T22:00:00+00:00\" \/>\n<meta property=\"article:modified_time\" content=\"2019-07-15T14:35:40+00:00\" \/>\n<meta property=\"og:image\" content=\"https:\/\/batijournal.com\/wp-content\/uploads\/2015\/02\/03721388.jpg\" \/>\n\t<meta property=\"og:image:width\" content=\"424\" \/>\n\t<meta property=\"og:image:height\" content=\"600\" \/>\n\t<meta property=\"og:image:type\" content=\"image\/jpeg\" \/>\n<meta name=\"author\" content=\"Bati-journal\" \/>\n<meta name=\"twitter:card\" content=\"summary_large_image\" \/>\n<meta name=\"twitter:creator\" content=\"@bati_journal\" \/>\n<meta name=\"twitter:site\" content=\"@bati_journal\" \/>\n<meta name=\"twitter:label1\" content=\"\u00c9crit par\" \/>\n\t<meta name=\"twitter:data1\" content=\"Bati-journal\" \/>\n\t<meta name=\"twitter:label2\" content=\"Dur\u00e9e de lecture estim\u00e9e\" \/>\n\t<meta name=\"twitter:data2\" content=\"1 minute\" \/>\n<script type=\"application\/ld+json\" class=\"yoast-schema-graph\">{\"@context\":\"https:\\\/\\\/schema.org\",\"@graph\":[{\"@type\":\"Article\",\"@id\":\"https:\\\/\\\/batijournal.com\\\/index.php\\\/facades-de-batiments-en-bois\\\/69004\\\/#article\",\"isPartOf\":{\"@id\":\"https:\\\/\\\/batijournal.com\\\/index.php\\\/facades-de-batiments-en-bois\\\/69004\\\/\"},\"author\":{\"name\":\"Bati-journal\",\"@id\":\"https:\\\/\\\/batijournal.com\\\/#\\\/schema\\\/person\\\/6a657e8967569e1b299972574848aa76\"},\"headline\":\"Fa\u00e7ades de b\u00e2timents en bois\",\"datePublished\":\"2009-04-01T22:00:00+00:00\",\"dateModified\":\"2019-07-15T14:35:40+00:00\",\"mainEntityOfPage\":{\"@id\":\"https:\\\/\\\/batijournal.com\\\/index.php\\\/facades-de-batiments-en-bois\\\/69004\\\/\"},\"wordCount\":122,\"commentCount\":0,\"image\":{\"@id\":\"https:\\\/\\\/batijournal.com\\\/index.php\\\/facades-de-batiments-en-bois\\\/69004\\\/#primaryimage\"},\"thumbnailUrl\":\"https:\\\/\\\/batijournal.com\\\/wp-content\\\/uploads\\\/2015\\\/02\\\/03721388.jpg\",\"keywords\":[\"Lignatec\"],\"articleSection\":[\"Divers\"],\"inLanguage\":\"fr-FR\",\"potentialAction\":[{\"@type\":\"CommentAction\",\"name\":\"Comment\",\"target\":[\"https:\\\/\\\/batijournal.com\\\/index.php\\\/facades-de-batiments-en-bois\\\/69004\\\/#respond\"]}]},{\"@type\":\"WebPage\",\"@id\":\"https:\\\/\\\/batijournal.com\\\/index.php\\\/facades-de-batiments-en-bois\\\/69004\\\/\",\"url\":\"https:\\\/\\\/batijournal.com\\\/index.php\\\/facades-de-batiments-en-bois\\\/69004\\\/\",\"name\":\"Fa\u00e7ades de b\u00e2timents en bois\",\"isPartOf\":{\"@id\":\"https:\\\/\\\/batijournal.com\\\/#website\"},\"primaryImageOfPage\":{\"@id\":\"https:\\\/\\\/batijournal.com\\\/index.php\\\/facades-de-batiments-en-bois\\\/69004\\\/#primaryimage\"},\"image\":{\"@id\":\"https:\\\/\\\/batijournal.com\\\/index.php\\\/facades-de-batiments-en-bois\\\/69004\\\/#primaryimage\"},\"thumbnailUrl\":\"https:\\\/\\\/batijournal.com\\\/wp-content\\\/uploads\\\/2015\\\/02\\\/03721388.jpg\",\"datePublished\":\"2009-04-01T22:00:00+00:00\",\"dateModified\":\"2019-07-15T14:35:40+00:00\",\"author\":{\"@id\":\"https:\\\/\\\/batijournal.com\\\/#\\\/schema\\\/person\\\/6a657e8967569e1b299972574848aa76\"},\"breadcrumb\":{\"@id\":\"https:\\\/\\\/batijournal.com\\\/index.php\\\/facades-de-batiments-en-bois\\\/69004\\\/#breadcrumb\"},\"inLanguage\":\"fr-FR\",\"potentialAction\":[{\"@type\":\"ReadAction\",\"target\":[\"https:\\\/\\\/batijournal.com\\\/index.php\\\/facades-de-batiments-en-bois\\\/69004\\\/\"]}]},{\"@type\":\"ImageObject\",\"inLanguage\":\"fr-FR\",\"@id\":\"https:\\\/\\\/batijournal.com\\\/index.php\\\/facades-de-batiments-en-bois\\\/69004\\\/#primaryimage\",\"url\":\"https:\\\/\\\/batijournal.com\\\/wp-content\\\/uploads\\\/2015\\\/02\\\/03721388.jpg\",\"contentUrl\":\"https:\\\/\\\/batijournal.com\\\/wp-content\\\/uploads\\\/2015\\\/02\\\/03721388.jpg\",\"width\":424,\"height\":600},{\"@type\":\"BreadcrumbList\",\"@id\":\"https:\\\/\\\/batijournal.com\\\/index.php\\\/facades-de-batiments-en-bois\\\/69004\\\/#breadcrumb\",\"itemListElement\":[{\"@type\":\"ListItem\",\"position\":1,\"name\":\"Accueil\",\"item\":\"https:\\\/\\\/batijournal.com\\\/\"},{\"@type\":\"ListItem\",\"position\":2,\"name\":\"Actualit\u00e9s\",\"item\":\"https:\\\/\\\/batijournal.com\\\/index.php\\\/category\\\/actualites\\\/\"},{\"@type\":\"ListItem\",\"position\":3,\"name\":\"Divers\",\"item\":\"https:\\\/\\\/batijournal.com\\\/index.php\\\/category\\\/actualites\\\/services-equipements\\\/\"},{\"@type\":\"ListItem\",\"position\":4,\"name\":\"Fa\u00e7ades de b\u00e2timents en bois\"}]},{\"@type\":\"WebSite\",\"@id\":\"https:\\\/\\\/batijournal.com\\\/#website\",\"url\":\"https:\\\/\\\/batijournal.com\\\/\",\"name\":\"Batijournal\",\"description\":\"L&#039;actualit\u00e9 du b\u00e2timent\",\"potentialAction\":[{\"@type\":\"SearchAction\",\"target\":{\"@type\":\"EntryPoint\",\"urlTemplate\":\"https:\\\/\\\/batijournal.com\\\/?s={search_term_string}\"},\"query-input\":{\"@type\":\"PropertyValueSpecification\",\"valueRequired\":true,\"valueName\":\"search_term_string\"}}],\"inLanguage\":\"fr-FR\"},{\"@type\":\"Person\",\"@id\":\"https:\\\/\\\/batijournal.com\\\/#\\\/schema\\\/person\\\/6a657e8967569e1b299972574848aa76\",\"name\":\"Bati-journal\",\"image\":{\"@type\":\"ImageObject\",\"inLanguage\":\"fr-FR\",\"@id\":\"https:\\\/\\\/secure.gravatar.com\\\/avatar\\\/a64364ea26392f9b4dd47e017ddaec74ff03aefc073b49e492e847201258f777?s=96&d=mm&r=g\",\"url\":\"https:\\\/\\\/secure.gravatar.com\\\/avatar\\\/a64364ea26392f9b4dd47e017ddaec74ff03aefc073b49e492e847201258f777?s=96&d=mm&r=g\",\"contentUrl\":\"https:\\\/\\\/secure.gravatar.com\\\/avatar\\\/a64364ea26392f9b4dd47e017ddaec74ff03aefc073b49e492e847201258f777?s=96&d=mm&r=g\",\"caption\":\"Bati-journal\"},\"url\":\"https:\\\/\\\/batijournal.com\\\/index.php\\\/author\\\/elodie\\\/\"}]}<\/script>\n<!-- \/ Yoast SEO plugin. -->","yoast_head_json":{"title":"Fa\u00e7ades de b\u00e2timents en bois","robots":{"index":"index","follow":"follow","max-snippet":"max-snippet:-1","max-image-preview":"max-image-preview:large","max-video-preview":"max-video-preview:-1"},"canonical":"https:\/\/batijournal.com\/index.php\/facades-de-batiments-en-bois\/69004\/","og_locale":"fr_FR","og_type":"article","og_title":"Fa\u00e7ades de b\u00e2timents en bois","og_description":"Le nouveau cahier Lignatec \u00ab\u00a0Rev\u00eatements de fa\u00e7ades\u00a0\u00bb\u00a0offre un panorama de solutions compatibles avec des b\u00e2timents contemporains en bois. L\u0092ouvrage de 60 pages traite des utilisations actuelles du bois, du lambris massif avec ou sans traitement, trait\u00e9 thermiquement ou en autoclave, jusqu\u0092aux bardeaux, et d\u0092autres mat\u00e9riaux comme le verre, le m\u00e9tal, les mati\u00e8res synth\u00e9tiques, ainsi que [&hellip;]","og_url":"https:\/\/batijournal.com\/index.php\/facades-de-batiments-en-bois\/69004\/","og_site_name":"Batijournal","article_published_time":"2009-04-01T22:00:00+00:00","article_modified_time":"2019-07-15T14:35:40+00:00","og_image":[{"width":424,"height":600,"url":"https:\/\/batijournal.com\/wp-content\/uploads\/2015\/02\/03721388.jpg","type":"image\/jpeg"}],"author":"Bati-journal","twitter_card":"summary_large_image","twitter_creator":"@bati_journal","twitter_site":"@bati_journal","twitter_misc":{"\u00c9crit par":"Bati-journal","Dur\u00e9e de lecture estim\u00e9e":"1 minute"},"schema":{"@context":"https:\/\/schema.org","@graph":[{"@type":"Article","@id":"https:\/\/batijournal.com\/index.php\/facades-de-batiments-en-bois\/69004\/#article","isPartOf":{"@id":"https:\/\/batijournal.com\/index.php\/facades-de-batiments-en-bois\/69004\/"},"author":{"name":"Bati-journal","@id":"https:\/\/batijournal.com\/#\/schema\/person\/6a657e8967569e1b299972574848aa76"},"headline":"Fa\u00e7ades de b\u00e2timents en bois","datePublished":"2009-04-01T22:00:00+00:00","dateModified":"2019-07-15T14:35:40+00:00","mainEntityOfPage":{"@id":"https:\/\/batijournal.com\/index.php\/facades-de-batiments-en-bois\/69004\/"},"wordCount":122,"commentCount":0,"image":{"@id":"https:\/\/batijournal.com\/index.php\/facades-de-batiments-en-bois\/69004\/#primaryimage"},"thumbnailUrl":"https:\/\/batijournal.com\/wp-content\/uploads\/2015\/02\/03721388.jpg","keywords":["Lignatec"],"articleSection":["Divers"],"inLanguage":"fr-FR","potentialAction":[{"@type":"CommentAction","name":"Comment","target":["https:\/\/batijournal.com\/index.php\/facades-de-batiments-en-bois\/69004\/#respond"]}]},{"@type":"WebPage","@id":"https:\/\/batijournal.com\/index.php\/facades-de-batiments-en-bois\/69004\/","url":"https:\/\/batijournal.com\/index.php\/facades-de-batiments-en-bois\/69004\/","name":"Fa\u00e7ades de b\u00e2timents en bois","isPartOf":{"@id":"https:\/\/batijournal.com\/#website"},"primaryImageOfPage":{"@id":"https:\/\/batijournal.com\/index.php\/facades-de-batiments-en-bois\/69004\/#primaryimage"},"image":{"@id":"https:\/\/batijournal.com\/index.php\/facades-de-batiments-en-bois\/69004\/#primaryimage"},"thumbnailUrl":"https:\/\/batijournal.com\/wp-content\/uploads\/2015\/02\/03721388.jpg","datePublished":"2009-04-01T22:00:00+00:00","dateModified":"2019-07-15T14:35:40+00:00","author":{"@id":"https:\/\/batijournal.com\/#\/schema\/person\/6a657e8967569e1b299972574848aa76"},"breadcrumb":{"@id":"https:\/\/batijournal.com\/index.php\/facades-de-batiments-en-bois\/69004\/#breadcrumb"},"inLanguage":"fr-FR","potentialAction":[{"@type":"ReadAction","target":["https:\/\/batijournal.com\/index.php\/facades-de-batiments-en-bois\/69004\/"]}]},{"@type":"ImageObject","inLanguage":"fr-FR","@id":"https:\/\/batijournal.com\/index.php\/facades-de-batiments-en-bois\/69004\/#primaryimage","url":"https:\/\/batijournal.com\/wp-content\/uploads\/2015\/02\/03721388.jpg","contentUrl":"https:\/\/batijournal.com\/wp-content\/uploads\/2015\/02\/03721388.jpg","width":424,"height":600},{"@type":"BreadcrumbList","@id":"https:\/\/batijournal.com\/index.php\/facades-de-batiments-en-bois\/69004\/#breadcrumb","itemListElement":[{"@type":"ListItem","position":1,"name":"Accueil","item":"https:\/\/batijournal.com\/"},{"@type":"ListItem","position":2,"name":"Actualit\u00e9s","item":"https:\/\/batijournal.com\/index.php\/category\/actualites\/"},{"@type":"ListItem","position":3,"name":"Divers","item":"https:\/\/batijournal.com\/index.php\/category\/actualites\/services-equipements\/"},{"@type":"ListItem","position":4,"name":"Fa\u00e7ades de b\u00e2timents en bois"}]},{"@type":"WebSite","@id":"https:\/\/batijournal.com\/#website","url":"https:\/\/batijournal.com\/","name":"Batijournal","description":"L&#039;actualit\u00e9 du b\u00e2timent","potentialAction":[{"@type":"SearchAction","target":{"@type":"EntryPoint","urlTemplate":"https:\/\/batijournal.com\/?s={search_term_string}"},"query-input":{"@type":"PropertyValueSpecification","valueRequired":true,"valueName":"search_term_string"}}],"inLanguage":"fr-FR"},{"@type":"Person","@id":"https:\/\/batijournal.com\/#\/schema\/person\/6a657e8967569e1b299972574848aa76","name":"Bati-journal","image":{"@type":"ImageObject","inLanguage":"fr-FR","@id":"https:\/\/secure.gravatar.com\/avatar\/a64364ea26392f9b4dd47e017ddaec74ff03aefc073b49e492e847201258f777?s=96&d=mm&r=g","url":"https:\/\/secure.gravatar.com\/avatar\/a64364ea26392f9b4dd47e017ddaec74ff03aefc073b49e492e847201258f777?s=96&d=mm&r=g","contentUrl":"https:\/\/secure.gravatar.com\/avatar\/a64364ea26392f9b4dd47e017ddaec74ff03aefc073b49e492e847201258f777?s=96&d=mm&r=g","caption":"Bati-journal"},"url":"https:\/\/batijournal.com\/index.php\/author\/elodie\/"}]}},"_links":{"self":[{"href":"https:\/\/batijournal.com\/index.php\/wp-json\/wp\/v2\/posts\/69004","targetHints":{"allow":["GET"]}}],"collection":[{"href":"https:\/\/batijournal.com\/index.php\/wp-json\/wp\/v2\/posts"}],"about":[{"href":"https:\/\/batijournal.com\/index.php\/wp-json\/wp\/v2\/types\/post"}],"author":[{"embeddable":true,"href":"https:\/\/batijournal.com\/index.php\/wp-json\/wp\/v2\/users\/1"}],"replies":[{"embeddable":true,"href":"https:\/\/batijournal.com\/index.php\/wp-json\/wp\/v2\/comments?post=69004"}],"version-history":[{"count":0,"href":"https:\/\/batijournal.com\/index.php\/wp-json\/wp\/v2\/posts\/69004\/revisions"}],"wp:featuredmedia":[{"embeddable":true,"href":"https:\/\/batijournal.com\/index.php\/wp-json\/wp\/v2\/media\/69005"}],"wp:attachment":[{"href":"https:\/\/batijournal.com\/index.php\/wp-json\/wp\/v2\/media?parent=69004"}],"wp:term":[{"taxonomy":"category","embeddable":true,"href":"https:\/\/batijournal.com\/index.php\/wp-json\/wp\/v2\/categories?post=69004"},{"taxonomy":"post_tag","embeddable":true,"href":"https:\/\/batijournal.com\/index.php\/wp-json\/wp\/v2\/tags?post=69004"}],"curies":[{"name":"wp","href":"https:\/\/api.w.org\/{rel}","templated":true}]}}