{"id":69077,"date":"2009-12-23T16:14:33","date_gmt":"2009-12-23T15:14:33","guid":{"rendered":"http:\/\/b.bati-journal.com\/esthetique-et-singularite-des-arbres\/69077"},"modified":"2019-07-15T16:35:32","modified_gmt":"2019-07-15T14:35:32","slug":"esthetique-et-singularite-des-arbres","status":"publish","type":"post","link":"https:\/\/batijournal.com\/index.php\/esthetique-et-singularite-des-arbres\/69077\/","title":{"rendered":"Esth\u00e9tique et singularit\u00e9 des arbres"},"content":{"rendered":"<p>Bilingue fran\u00e7ais-anglais, le livre intitul\u00e9 \u00ab\u00a0Identification des bois\u00a0\u00bb pr\u00e9sente plus de 400 essences d&rsquo;arbres. Deux collections, l&rsquo;une en bois de fil, l&rsquo;autre en bois de bout, se compl\u00e8tent dans une approche \u00a0originale, fond\u00e9e sur la botanique. Le livre offre un autre regard sur le bois, une invitation \u00e0 mieux le conna\u00eetre et \u00e0 s&rsquo;inspirer de son veinage, de ses couleurs&#8230; La premi\u00e8re partie, \u00ab\u00a0Connaissance du bois\u00a0\u00bb, d\u00e9crit l&rsquo;arbre, le cycle de la s\u00e8ve, de la feuille au bois. C&rsquo;est le voyage de l&rsquo;\u00e9corce au c\u009cur du tronc o\u00f9 sont expos\u00e9s les plans d&rsquo;observation de la structure du bois. Dans la seconde partie, consacr\u00e9e \u00e0 l&rsquo;identit\u00e9 et \u00e0 l&rsquo;esth\u00e9tique des bois, les auteurs d\u00e9crivent diff\u00e9rents types d&rsquo;arbres : gymnospermes, conif\u00e8res, angiospermes&#8230; Elle contient \u00e9galement le r\u00e9pertoire du classement par ordre alphab\u00e9tique. \u00ab\u00a0Identification des bois\u00a0\u00bb, par Paul Corbineau et Jean-Michel Flandin, \u00e9ditions Vial, 2009, 130<\/p>\n","protected":false},"excerpt":{"rendered":"<p>Bilingue fran\u00e7ais-anglais, le livre intitul\u00e9 \u00ab\u00a0Identification des bois\u00a0\u00bb pr\u00e9sente plus de 400 essences d&rsquo;arbres. Deux collections, l&rsquo;une en bois de fil, l&rsquo;autre en bois de bout, se compl\u00e8tent dans une approche \u00a0originale, fond\u00e9e sur la botanique. Le livre offre un autre regard sur le bois, une invitation \u00e0 mieux le conna\u00eetre et \u00e0 s&rsquo;inspirer de [&hellip;]<\/p>\n","protected":false},"author":1,"featured_media":69078,"comment_status":"open","ping_status":"closed","sticky":false,"template":"","format":"standard","meta":{"_et_pb_use_builder":"","_et_pb_old_content":"","_et_gb_content_width":"","footnotes":""},"categories":[6362],"tags":[44,88],"class_list":["post-69077","post","type-post","status-publish","format-standard","has-post-thumbnail","hentry","category-services-equipements","tag-bois","tag-publication"],"yoast_head":"<!-- This site is optimized with the Yoast SEO plugin v27.4 - https:\/\/yoast.com\/product\/yoast-seo-wordpress\/ -->\n<title>Esth\u00e9tique et singularit\u00e9 des arbres<\/title>\n<meta name=\"robots\" content=\"index, follow, max-snippet:-1, max-image-preview:large, max-video-preview:-1\" \/>\n<link rel=\"canonical\" href=\"https:\/\/batijournal.com\/index.php\/esthetique-et-singularite-des-arbres\/69077\/\" \/>\n<meta property=\"og:locale\" content=\"fr_FR\" \/>\n<meta property=\"og:type\" content=\"article\" \/>\n<meta property=\"og:title\" content=\"Esth\u00e9tique et singularit\u00e9 des arbres\" \/>\n<meta property=\"og:description\" content=\"Bilingue fran\u00e7ais-anglais, le livre intitul\u00e9 \u00ab\u00a0Identification des bois\u00a0\u00bb pr\u00e9sente plus de 400 essences d&rsquo;arbres. Deux collections, l&rsquo;une en bois de fil, l&rsquo;autre en bois de bout, se compl\u00e8tent dans une approche \u00a0originale, fond\u00e9e sur la botanique. Le livre offre un autre regard sur le bois, une invitation \u00e0 mieux le conna\u00eetre et \u00e0 s&rsquo;inspirer de [&hellip;]\" \/>\n<meta property=\"og:url\" content=\"https:\/\/batijournal.com\/index.php\/esthetique-et-singularite-des-arbres\/69077\/\" \/>\n<meta property=\"og:site_name\" content=\"Batijournal\" \/>\n<meta property=\"article:published_time\" content=\"2009-12-23T15:14:33+00:00\" \/>\n<meta property=\"article:modified_time\" content=\"2019-07-15T14:35:32+00:00\" \/>\n<meta property=\"og:image\" content=\"https:\/\/batijournal.com\/wp-content\/uploads\/2015\/02\/08268444.jpg\" \/>\n\t<meta property=\"og:image:width\" content=\"422\" \/>\n\t<meta property=\"og:image:height\" content=\"600\" \/>\n\t<meta property=\"og:image:type\" content=\"image\/jpeg\" \/>\n<meta name=\"author\" content=\"Bati-journal\" \/>\n<meta name=\"twitter:card\" content=\"summary_large_image\" \/>\n<meta name=\"twitter:creator\" content=\"@bati_journal\" \/>\n<meta name=\"twitter:site\" content=\"@bati_journal\" \/>\n<meta name=\"twitter:label1\" content=\"\u00c9crit par\" \/>\n\t<meta name=\"twitter:data1\" content=\"Bati-journal\" \/>\n\t<meta name=\"twitter:label2\" content=\"Dur\u00e9e de lecture estim\u00e9e\" \/>\n\t<meta name=\"twitter:data2\" content=\"1 minute\" \/>\n<script type=\"application\/ld+json\" class=\"yoast-schema-graph\">{\"@context\":\"https:\\\/\\\/schema.org\",\"@graph\":[{\"@type\":\"Article\",\"@id\":\"https:\\\/\\\/batijournal.com\\\/index.php\\\/esthetique-et-singularite-des-arbres\\\/69077\\\/#article\",\"isPartOf\":{\"@id\":\"https:\\\/\\\/batijournal.com\\\/index.php\\\/esthetique-et-singularite-des-arbres\\\/69077\\\/\"},\"author\":{\"name\":\"Bati-journal\",\"@id\":\"https:\\\/\\\/batijournal.com\\\/#\\\/schema\\\/person\\\/6a657e8967569e1b299972574848aa76\"},\"headline\":\"Esth\u00e9tique et singularit\u00e9 des arbres\",\"datePublished\":\"2009-12-23T15:14:33+00:00\",\"dateModified\":\"2019-07-15T14:35:32+00:00\",\"mainEntityOfPage\":{\"@id\":\"https:\\\/\\\/batijournal.com\\\/index.php\\\/esthetique-et-singularite-des-arbres\\\/69077\\\/\"},\"wordCount\":169,\"commentCount\":0,\"image\":{\"@id\":\"https:\\\/\\\/batijournal.com\\\/index.php\\\/esthetique-et-singularite-des-arbres\\\/69077\\\/#primaryimage\"},\"thumbnailUrl\":\"https:\\\/\\\/batijournal.com\\\/wp-content\\\/uploads\\\/2015\\\/02\\\/08268444.jpg\",\"keywords\":[\"bois\",\"publication\"],\"articleSection\":[\"Divers\"],\"inLanguage\":\"fr-FR\",\"potentialAction\":[{\"@type\":\"CommentAction\",\"name\":\"Comment\",\"target\":[\"https:\\\/\\\/batijournal.com\\\/index.php\\\/esthetique-et-singularite-des-arbres\\\/69077\\\/#respond\"]}]},{\"@type\":\"WebPage\",\"@id\":\"https:\\\/\\\/batijournal.com\\\/index.php\\\/esthetique-et-singularite-des-arbres\\\/69077\\\/\",\"url\":\"https:\\\/\\\/batijournal.com\\\/index.php\\\/esthetique-et-singularite-des-arbres\\\/69077\\\/\",\"name\":\"Esth\u00e9tique et singularit\u00e9 des arbres\",\"isPartOf\":{\"@id\":\"https:\\\/\\\/batijournal.com\\\/#website\"},\"primaryImageOfPage\":{\"@id\":\"https:\\\/\\\/batijournal.com\\\/index.php\\\/esthetique-et-singularite-des-arbres\\\/69077\\\/#primaryimage\"},\"image\":{\"@id\":\"https:\\\/\\\/batijournal.com\\\/index.php\\\/esthetique-et-singularite-des-arbres\\\/69077\\\/#primaryimage\"},\"thumbnailUrl\":\"https:\\\/\\\/batijournal.com\\\/wp-content\\\/uploads\\\/2015\\\/02\\\/08268444.jpg\",\"datePublished\":\"2009-12-23T15:14:33+00:00\",\"dateModified\":\"2019-07-15T14:35:32+00:00\",\"author\":{\"@id\":\"https:\\\/\\\/batijournal.com\\\/#\\\/schema\\\/person\\\/6a657e8967569e1b299972574848aa76\"},\"breadcrumb\":{\"@id\":\"https:\\\/\\\/batijournal.com\\\/index.php\\\/esthetique-et-singularite-des-arbres\\\/69077\\\/#breadcrumb\"},\"inLanguage\":\"fr-FR\",\"potentialAction\":[{\"@type\":\"ReadAction\",\"target\":[\"https:\\\/\\\/batijournal.com\\\/index.php\\\/esthetique-et-singularite-des-arbres\\\/69077\\\/\"]}]},{\"@type\":\"ImageObject\",\"inLanguage\":\"fr-FR\",\"@id\":\"https:\\\/\\\/batijournal.com\\\/index.php\\\/esthetique-et-singularite-des-arbres\\\/69077\\\/#primaryimage\",\"url\":\"https:\\\/\\\/batijournal.com\\\/wp-content\\\/uploads\\\/2015\\\/02\\\/08268444.jpg\",\"contentUrl\":\"https:\\\/\\\/batijournal.com\\\/wp-content\\\/uploads\\\/2015\\\/02\\\/08268444.jpg\",\"width\":422,\"height\":600},{\"@type\":\"BreadcrumbList\",\"@id\":\"https:\\\/\\\/batijournal.com\\\/index.php\\\/esthetique-et-singularite-des-arbres\\\/69077\\\/#breadcrumb\",\"itemListElement\":[{\"@type\":\"ListItem\",\"position\":1,\"name\":\"Accueil\",\"item\":\"https:\\\/\\\/batijournal.com\\\/\"},{\"@type\":\"ListItem\",\"position\":2,\"name\":\"Actualit\u00e9s\",\"item\":\"https:\\\/\\\/batijournal.com\\\/index.php\\\/category\\\/actualites\\\/\"},{\"@type\":\"ListItem\",\"position\":3,\"name\":\"Divers\",\"item\":\"https:\\\/\\\/batijournal.com\\\/index.php\\\/category\\\/actualites\\\/services-equipements\\\/\"},{\"@type\":\"ListItem\",\"position\":4,\"name\":\"Esth\u00e9tique et singularit\u00e9 des arbres\"}]},{\"@type\":\"WebSite\",\"@id\":\"https:\\\/\\\/batijournal.com\\\/#website\",\"url\":\"https:\\\/\\\/batijournal.com\\\/\",\"name\":\"Batijournal\",\"description\":\"L&#039;actualit\u00e9 du b\u00e2timent\",\"potentialAction\":[{\"@type\":\"SearchAction\",\"target\":{\"@type\":\"EntryPoint\",\"urlTemplate\":\"https:\\\/\\\/batijournal.com\\\/?s={search_term_string}\"},\"query-input\":{\"@type\":\"PropertyValueSpecification\",\"valueRequired\":true,\"valueName\":\"search_term_string\"}}],\"inLanguage\":\"fr-FR\"},{\"@type\":\"Person\",\"@id\":\"https:\\\/\\\/batijournal.com\\\/#\\\/schema\\\/person\\\/6a657e8967569e1b299972574848aa76\",\"name\":\"Bati-journal\",\"image\":{\"@type\":\"ImageObject\",\"inLanguage\":\"fr-FR\",\"@id\":\"https:\\\/\\\/secure.gravatar.com\\\/avatar\\\/a64364ea26392f9b4dd47e017ddaec74ff03aefc073b49e492e847201258f777?s=96&d=mm&r=g\",\"url\":\"https:\\\/\\\/secure.gravatar.com\\\/avatar\\\/a64364ea26392f9b4dd47e017ddaec74ff03aefc073b49e492e847201258f777?s=96&d=mm&r=g\",\"contentUrl\":\"https:\\\/\\\/secure.gravatar.com\\\/avatar\\\/a64364ea26392f9b4dd47e017ddaec74ff03aefc073b49e492e847201258f777?s=96&d=mm&r=g\",\"caption\":\"Bati-journal\"},\"url\":\"https:\\\/\\\/batijournal.com\\\/index.php\\\/author\\\/elodie\\\/\"}]}<\/script>\n<!-- \/ Yoast SEO plugin. -->","yoast_head_json":{"title":"Esth\u00e9tique et singularit\u00e9 des arbres","robots":{"index":"index","follow":"follow","max-snippet":"max-snippet:-1","max-image-preview":"max-image-preview:large","max-video-preview":"max-video-preview:-1"},"canonical":"https:\/\/batijournal.com\/index.php\/esthetique-et-singularite-des-arbres\/69077\/","og_locale":"fr_FR","og_type":"article","og_title":"Esth\u00e9tique et singularit\u00e9 des arbres","og_description":"Bilingue fran\u00e7ais-anglais, le livre intitul\u00e9 \u00ab\u00a0Identification des bois\u00a0\u00bb pr\u00e9sente plus de 400 essences d&rsquo;arbres. Deux collections, l&rsquo;une en bois de fil, l&rsquo;autre en bois de bout, se compl\u00e8tent dans une approche \u00a0originale, fond\u00e9e sur la botanique. Le livre offre un autre regard sur le bois, une invitation \u00e0 mieux le conna\u00eetre et \u00e0 s&rsquo;inspirer de [&hellip;]","og_url":"https:\/\/batijournal.com\/index.php\/esthetique-et-singularite-des-arbres\/69077\/","og_site_name":"Batijournal","article_published_time":"2009-12-23T15:14:33+00:00","article_modified_time":"2019-07-15T14:35:32+00:00","og_image":[{"width":422,"height":600,"url":"https:\/\/batijournal.com\/wp-content\/uploads\/2015\/02\/08268444.jpg","type":"image\/jpeg"}],"author":"Bati-journal","twitter_card":"summary_large_image","twitter_creator":"@bati_journal","twitter_site":"@bati_journal","twitter_misc":{"\u00c9crit par":"Bati-journal","Dur\u00e9e de lecture estim\u00e9e":"1 minute"},"schema":{"@context":"https:\/\/schema.org","@graph":[{"@type":"Article","@id":"https:\/\/batijournal.com\/index.php\/esthetique-et-singularite-des-arbres\/69077\/#article","isPartOf":{"@id":"https:\/\/batijournal.com\/index.php\/esthetique-et-singularite-des-arbres\/69077\/"},"author":{"name":"Bati-journal","@id":"https:\/\/batijournal.com\/#\/schema\/person\/6a657e8967569e1b299972574848aa76"},"headline":"Esth\u00e9tique et singularit\u00e9 des arbres","datePublished":"2009-12-23T15:14:33+00:00","dateModified":"2019-07-15T14:35:32+00:00","mainEntityOfPage":{"@id":"https:\/\/batijournal.com\/index.php\/esthetique-et-singularite-des-arbres\/69077\/"},"wordCount":169,"commentCount":0,"image":{"@id":"https:\/\/batijournal.com\/index.php\/esthetique-et-singularite-des-arbres\/69077\/#primaryimage"},"thumbnailUrl":"https:\/\/batijournal.com\/wp-content\/uploads\/2015\/02\/08268444.jpg","keywords":["bois","publication"],"articleSection":["Divers"],"inLanguage":"fr-FR","potentialAction":[{"@type":"CommentAction","name":"Comment","target":["https:\/\/batijournal.com\/index.php\/esthetique-et-singularite-des-arbres\/69077\/#respond"]}]},{"@type":"WebPage","@id":"https:\/\/batijournal.com\/index.php\/esthetique-et-singularite-des-arbres\/69077\/","url":"https:\/\/batijournal.com\/index.php\/esthetique-et-singularite-des-arbres\/69077\/","name":"Esth\u00e9tique et singularit\u00e9 des arbres","isPartOf":{"@id":"https:\/\/batijournal.com\/#website"},"primaryImageOfPage":{"@id":"https:\/\/batijournal.com\/index.php\/esthetique-et-singularite-des-arbres\/69077\/#primaryimage"},"image":{"@id":"https:\/\/batijournal.com\/index.php\/esthetique-et-singularite-des-arbres\/69077\/#primaryimage"},"thumbnailUrl":"https:\/\/batijournal.com\/wp-content\/uploads\/2015\/02\/08268444.jpg","datePublished":"2009-12-23T15:14:33+00:00","dateModified":"2019-07-15T14:35:32+00:00","author":{"@id":"https:\/\/batijournal.com\/#\/schema\/person\/6a657e8967569e1b299972574848aa76"},"breadcrumb":{"@id":"https:\/\/batijournal.com\/index.php\/esthetique-et-singularite-des-arbres\/69077\/#breadcrumb"},"inLanguage":"fr-FR","potentialAction":[{"@type":"ReadAction","target":["https:\/\/batijournal.com\/index.php\/esthetique-et-singularite-des-arbres\/69077\/"]}]},{"@type":"ImageObject","inLanguage":"fr-FR","@id":"https:\/\/batijournal.com\/index.php\/esthetique-et-singularite-des-arbres\/69077\/#primaryimage","url":"https:\/\/batijournal.com\/wp-content\/uploads\/2015\/02\/08268444.jpg","contentUrl":"https:\/\/batijournal.com\/wp-content\/uploads\/2015\/02\/08268444.jpg","width":422,"height":600},{"@type":"BreadcrumbList","@id":"https:\/\/batijournal.com\/index.php\/esthetique-et-singularite-des-arbres\/69077\/#breadcrumb","itemListElement":[{"@type":"ListItem","position":1,"name":"Accueil","item":"https:\/\/batijournal.com\/"},{"@type":"ListItem","position":2,"name":"Actualit\u00e9s","item":"https:\/\/batijournal.com\/index.php\/category\/actualites\/"},{"@type":"ListItem","position":3,"name":"Divers","item":"https:\/\/batijournal.com\/index.php\/category\/actualites\/services-equipements\/"},{"@type":"ListItem","position":4,"name":"Esth\u00e9tique et singularit\u00e9 des arbres"}]},{"@type":"WebSite","@id":"https:\/\/batijournal.com\/#website","url":"https:\/\/batijournal.com\/","name":"Batijournal","description":"L&#039;actualit\u00e9 du b\u00e2timent","potentialAction":[{"@type":"SearchAction","target":{"@type":"EntryPoint","urlTemplate":"https:\/\/batijournal.com\/?s={search_term_string}"},"query-input":{"@type":"PropertyValueSpecification","valueRequired":true,"valueName":"search_term_string"}}],"inLanguage":"fr-FR"},{"@type":"Person","@id":"https:\/\/batijournal.com\/#\/schema\/person\/6a657e8967569e1b299972574848aa76","name":"Bati-journal","image":{"@type":"ImageObject","inLanguage":"fr-FR","@id":"https:\/\/secure.gravatar.com\/avatar\/a64364ea26392f9b4dd47e017ddaec74ff03aefc073b49e492e847201258f777?s=96&d=mm&r=g","url":"https:\/\/secure.gravatar.com\/avatar\/a64364ea26392f9b4dd47e017ddaec74ff03aefc073b49e492e847201258f777?s=96&d=mm&r=g","contentUrl":"https:\/\/secure.gravatar.com\/avatar\/a64364ea26392f9b4dd47e017ddaec74ff03aefc073b49e492e847201258f777?s=96&d=mm&r=g","caption":"Bati-journal"},"url":"https:\/\/batijournal.com\/index.php\/author\/elodie\/"}]}},"_links":{"self":[{"href":"https:\/\/batijournal.com\/index.php\/wp-json\/wp\/v2\/posts\/69077","targetHints":{"allow":["GET"]}}],"collection":[{"href":"https:\/\/batijournal.com\/index.php\/wp-json\/wp\/v2\/posts"}],"about":[{"href":"https:\/\/batijournal.com\/index.php\/wp-json\/wp\/v2\/types\/post"}],"author":[{"embeddable":true,"href":"https:\/\/batijournal.com\/index.php\/wp-json\/wp\/v2\/users\/1"}],"replies":[{"embeddable":true,"href":"https:\/\/batijournal.com\/index.php\/wp-json\/wp\/v2\/comments?post=69077"}],"version-history":[{"count":0,"href":"https:\/\/batijournal.com\/index.php\/wp-json\/wp\/v2\/posts\/69077\/revisions"}],"wp:featuredmedia":[{"embeddable":true,"href":"https:\/\/batijournal.com\/index.php\/wp-json\/wp\/v2\/media\/69078"}],"wp:attachment":[{"href":"https:\/\/batijournal.com\/index.php\/wp-json\/wp\/v2\/media?parent=69077"}],"wp:term":[{"taxonomy":"category","embeddable":true,"href":"https:\/\/batijournal.com\/index.php\/wp-json\/wp\/v2\/categories?post=69077"},{"taxonomy":"post_tag","embeddable":true,"href":"https:\/\/batijournal.com\/index.php\/wp-json\/wp\/v2\/tags?post=69077"}],"curies":[{"name":"wp","href":"https:\/\/api.w.org\/{rel}","templated":true}]}}