{"id":69140,"date":"2010-12-03T00:00:00","date_gmt":"2010-12-02T23:00:00","guid":{"rendered":"http:\/\/b.bati-journal.com\/dimensionner-les-radiateurs-pour-moins-consommer\/69140"},"modified":"2019-07-15T16:35:26","modified_gmt":"2019-07-15T14:35:26","slug":"dimensionner-les-radiateurs-pour-moins-consommer","status":"publish","type":"post","link":"https:\/\/batijournal.com\/index.php\/dimensionner-les-radiateurs-pour-moins-consommer\/69140\/","title":{"rendered":"Dimensionner les radiateurs pour moins consommer"},"content":{"rendered":"<p>L\u0092&rsquo;association de la fili\u00e8re du chauffage \u00e0 eau chaude, Energies et Avenir, vient d&rsquo;\u00e9diter un \u00ab\u00a0Guide de dimensionnement des radiateurs\u00a0\u00bb. L&rsquo;objectif est de montrer qu&rsquo;un radiateur bien dimensionn\u00e9 permet non seulement l&rsquo;am\u00e9lioration de la performance \u00e9nerg\u00e9tique de l&rsquo;installation, mais aussi la r\u00e9duction des consommations d&rsquo;\u00e9nergie du logement. Destin\u00e9 aux professionnels de la fili\u00e8re \u00ab\u00a0eau chaude\u00a0\u00bb, ce guide donne des r\u00e8gles simples permettant de v\u00e9rifier et de mettre en ad\u00e9quation, le cas \u00e9ch\u00e9ant, le dimensionnement des radiateurs, le type de g\u00e9n\u00e9rateur et les besoins de chauffage des habitants. Il permet \u00e9galement de dimensionner les radiateurs lors de leur remplacement, de choisir une r\u00e9gulation adapt\u00e9e au syst\u00e8me de chauffage et de s\u0092assurer du bon \u00e9quilibrage de l\u0092&rsquo;installation. Ce document technique concerne les installations de chauffage de type monotube et bitube. Il peut \u00eatre t\u00e9l\u00e9charg\u00e9 directement sur le site internet de l&rsquo;association.<\/p>\n","protected":false},"excerpt":{"rendered":"<p>L\u0092&rsquo;association de la fili\u00e8re du chauffage \u00e0 eau chaude, Energies et Avenir, vient d&rsquo;\u00e9diter un \u00ab\u00a0Guide de dimensionnement des radiateurs\u00a0\u00bb. L&rsquo;objectif est de montrer qu&rsquo;un radiateur bien dimensionn\u00e9 permet non seulement l&rsquo;am\u00e9lioration de la performance \u00e9nerg\u00e9tique de l&rsquo;installation, mais aussi la r\u00e9duction des consommations d&rsquo;\u00e9nergie du logement. Destin\u00e9 aux professionnels de la fili\u00e8re \u00ab\u00a0eau chaude\u00a0\u00bb, [&hellip;]<\/p>\n","protected":false},"author":1,"featured_media":69141,"comment_status":"open","ping_status":"closed","sticky":false,"template":"","format":"standard","meta":{"_et_pb_use_builder":"","_et_pb_old_content":"","_et_gb_content_width":"","footnotes":""},"categories":[6362],"tags":[5176,1656,850,6640],"class_list":["post-69140","post","type-post","status-publish","format-standard","has-post-thumbnail","hentry","category-services-equipements","tag-dimensionnement","tag-eau-chaude","tag-guide","tag-radiateurs"],"yoast_head":"<!-- This site is optimized with the Yoast SEO plugin v27.4 - https:\/\/yoast.com\/product\/yoast-seo-wordpress\/ -->\n<title>Dimensionner les radiateurs pour moins consommer<\/title>\n<meta name=\"robots\" content=\"index, follow, max-snippet:-1, max-image-preview:large, max-video-preview:-1\" \/>\n<link rel=\"canonical\" href=\"https:\/\/batijournal.com\/index.php\/dimensionner-les-radiateurs-pour-moins-consommer\/69140\/\" \/>\n<meta property=\"og:locale\" content=\"fr_FR\" \/>\n<meta property=\"og:type\" content=\"article\" \/>\n<meta property=\"og:title\" content=\"Dimensionner les radiateurs pour moins consommer\" \/>\n<meta property=\"og:description\" content=\"L\u0092&rsquo;association de la fili\u00e8re du chauffage \u00e0 eau chaude, Energies et Avenir, vient d&rsquo;\u00e9diter un \u00ab\u00a0Guide de dimensionnement des radiateurs\u00a0\u00bb. L&rsquo;objectif est de montrer qu&rsquo;un radiateur bien dimensionn\u00e9 permet non seulement l&rsquo;am\u00e9lioration de la performance \u00e9nerg\u00e9tique de l&rsquo;installation, mais aussi la r\u00e9duction des consommations d&rsquo;\u00e9nergie du logement. Destin\u00e9 aux professionnels de la fili\u00e8re \u00ab\u00a0eau chaude\u00a0\u00bb, [&hellip;]\" \/>\n<meta property=\"og:url\" content=\"https:\/\/batijournal.com\/index.php\/dimensionner-les-radiateurs-pour-moins-consommer\/69140\/\" \/>\n<meta property=\"og:site_name\" content=\"Batijournal\" \/>\n<meta property=\"article:published_time\" content=\"2010-12-02T23:00:00+00:00\" \/>\n<meta property=\"article:modified_time\" content=\"2019-07-15T14:35:26+00:00\" \/>\n<meta property=\"og:image\" content=\"https:\/\/batijournal.com\/wp-content\/uploads\/2015\/02\/17763618.jpg\" \/>\n\t<meta property=\"og:image:width\" content=\"424\" \/>\n\t<meta property=\"og:image:height\" content=\"600\" \/>\n\t<meta property=\"og:image:type\" content=\"image\/jpeg\" \/>\n<meta name=\"author\" content=\"Bati-journal\" \/>\n<meta name=\"twitter:card\" content=\"summary_large_image\" \/>\n<meta name=\"twitter:creator\" content=\"@bati_journal\" \/>\n<meta name=\"twitter:site\" content=\"@bati_journal\" \/>\n<meta name=\"twitter:label1\" content=\"\u00c9crit par\" \/>\n\t<meta name=\"twitter:data1\" content=\"Bati-journal\" \/>\n\t<meta name=\"twitter:label2\" content=\"Dur\u00e9e de lecture estim\u00e9e\" \/>\n\t<meta name=\"twitter:data2\" content=\"1 minute\" \/>\n<script type=\"application\/ld+json\" class=\"yoast-schema-graph\">{\"@context\":\"https:\\\/\\\/schema.org\",\"@graph\":[{\"@type\":\"Article\",\"@id\":\"https:\\\/\\\/batijournal.com\\\/index.php\\\/dimensionner-les-radiateurs-pour-moins-consommer\\\/69140\\\/#article\",\"isPartOf\":{\"@id\":\"https:\\\/\\\/batijournal.com\\\/index.php\\\/dimensionner-les-radiateurs-pour-moins-consommer\\\/69140\\\/\"},\"author\":{\"name\":\"Bati-journal\",\"@id\":\"https:\\\/\\\/batijournal.com\\\/#\\\/schema\\\/person\\\/6a657e8967569e1b299972574848aa76\"},\"headline\":\"Dimensionner les radiateurs pour moins consommer\",\"datePublished\":\"2010-12-02T23:00:00+00:00\",\"dateModified\":\"2019-07-15T14:35:26+00:00\",\"mainEntityOfPage\":{\"@id\":\"https:\\\/\\\/batijournal.com\\\/index.php\\\/dimensionner-les-radiateurs-pour-moins-consommer\\\/69140\\\/\"},\"wordCount\":170,\"commentCount\":0,\"image\":{\"@id\":\"https:\\\/\\\/batijournal.com\\\/index.php\\\/dimensionner-les-radiateurs-pour-moins-consommer\\\/69140\\\/#primaryimage\"},\"thumbnailUrl\":\"https:\\\/\\\/batijournal.com\\\/wp-content\\\/uploads\\\/2015\\\/02\\\/17763618.jpg\",\"keywords\":[\"dimensionnement\",\"eau chaude\",\"guide\",\"radiateurs\"],\"articleSection\":[\"Divers\"],\"inLanguage\":\"fr-FR\",\"potentialAction\":[{\"@type\":\"CommentAction\",\"name\":\"Comment\",\"target\":[\"https:\\\/\\\/batijournal.com\\\/index.php\\\/dimensionner-les-radiateurs-pour-moins-consommer\\\/69140\\\/#respond\"]}]},{\"@type\":\"WebPage\",\"@id\":\"https:\\\/\\\/batijournal.com\\\/index.php\\\/dimensionner-les-radiateurs-pour-moins-consommer\\\/69140\\\/\",\"url\":\"https:\\\/\\\/batijournal.com\\\/index.php\\\/dimensionner-les-radiateurs-pour-moins-consommer\\\/69140\\\/\",\"name\":\"Dimensionner les radiateurs pour moins consommer\",\"isPartOf\":{\"@id\":\"https:\\\/\\\/batijournal.com\\\/#website\"},\"primaryImageOfPage\":{\"@id\":\"https:\\\/\\\/batijournal.com\\\/index.php\\\/dimensionner-les-radiateurs-pour-moins-consommer\\\/69140\\\/#primaryimage\"},\"image\":{\"@id\":\"https:\\\/\\\/batijournal.com\\\/index.php\\\/dimensionner-les-radiateurs-pour-moins-consommer\\\/69140\\\/#primaryimage\"},\"thumbnailUrl\":\"https:\\\/\\\/batijournal.com\\\/wp-content\\\/uploads\\\/2015\\\/02\\\/17763618.jpg\",\"datePublished\":\"2010-12-02T23:00:00+00:00\",\"dateModified\":\"2019-07-15T14:35:26+00:00\",\"author\":{\"@id\":\"https:\\\/\\\/batijournal.com\\\/#\\\/schema\\\/person\\\/6a657e8967569e1b299972574848aa76\"},\"breadcrumb\":{\"@id\":\"https:\\\/\\\/batijournal.com\\\/index.php\\\/dimensionner-les-radiateurs-pour-moins-consommer\\\/69140\\\/#breadcrumb\"},\"inLanguage\":\"fr-FR\",\"potentialAction\":[{\"@type\":\"ReadAction\",\"target\":[\"https:\\\/\\\/batijournal.com\\\/index.php\\\/dimensionner-les-radiateurs-pour-moins-consommer\\\/69140\\\/\"]}]},{\"@type\":\"ImageObject\",\"inLanguage\":\"fr-FR\",\"@id\":\"https:\\\/\\\/batijournal.com\\\/index.php\\\/dimensionner-les-radiateurs-pour-moins-consommer\\\/69140\\\/#primaryimage\",\"url\":\"https:\\\/\\\/batijournal.com\\\/wp-content\\\/uploads\\\/2015\\\/02\\\/17763618.jpg\",\"contentUrl\":\"https:\\\/\\\/batijournal.com\\\/wp-content\\\/uploads\\\/2015\\\/02\\\/17763618.jpg\",\"width\":424,\"height\":600},{\"@type\":\"BreadcrumbList\",\"@id\":\"https:\\\/\\\/batijournal.com\\\/index.php\\\/dimensionner-les-radiateurs-pour-moins-consommer\\\/69140\\\/#breadcrumb\",\"itemListElement\":[{\"@type\":\"ListItem\",\"position\":1,\"name\":\"Accueil\",\"item\":\"https:\\\/\\\/batijournal.com\\\/\"},{\"@type\":\"ListItem\",\"position\":2,\"name\":\"Actualit\u00e9s\",\"item\":\"https:\\\/\\\/batijournal.com\\\/index.php\\\/category\\\/actualites\\\/\"},{\"@type\":\"ListItem\",\"position\":3,\"name\":\"Divers\",\"item\":\"https:\\\/\\\/batijournal.com\\\/index.php\\\/category\\\/actualites\\\/services-equipements\\\/\"},{\"@type\":\"ListItem\",\"position\":4,\"name\":\"Dimensionner les radiateurs pour moins consommer\"}]},{\"@type\":\"WebSite\",\"@id\":\"https:\\\/\\\/batijournal.com\\\/#website\",\"url\":\"https:\\\/\\\/batijournal.com\\\/\",\"name\":\"Batijournal\",\"description\":\"L&#039;actualit\u00e9 du b\u00e2timent\",\"potentialAction\":[{\"@type\":\"SearchAction\",\"target\":{\"@type\":\"EntryPoint\",\"urlTemplate\":\"https:\\\/\\\/batijournal.com\\\/?s={search_term_string}\"},\"query-input\":{\"@type\":\"PropertyValueSpecification\",\"valueRequired\":true,\"valueName\":\"search_term_string\"}}],\"inLanguage\":\"fr-FR\"},{\"@type\":\"Person\",\"@id\":\"https:\\\/\\\/batijournal.com\\\/#\\\/schema\\\/person\\\/6a657e8967569e1b299972574848aa76\",\"name\":\"Bati-journal\",\"image\":{\"@type\":\"ImageObject\",\"inLanguage\":\"fr-FR\",\"@id\":\"https:\\\/\\\/secure.gravatar.com\\\/avatar\\\/a64364ea26392f9b4dd47e017ddaec74ff03aefc073b49e492e847201258f777?s=96&d=mm&r=g\",\"url\":\"https:\\\/\\\/secure.gravatar.com\\\/avatar\\\/a64364ea26392f9b4dd47e017ddaec74ff03aefc073b49e492e847201258f777?s=96&d=mm&r=g\",\"contentUrl\":\"https:\\\/\\\/secure.gravatar.com\\\/avatar\\\/a64364ea26392f9b4dd47e017ddaec74ff03aefc073b49e492e847201258f777?s=96&d=mm&r=g\",\"caption\":\"Bati-journal\"},\"url\":\"https:\\\/\\\/batijournal.com\\\/index.php\\\/author\\\/elodie\\\/\"}]}<\/script>\n<!-- \/ Yoast SEO plugin. -->","yoast_head_json":{"title":"Dimensionner les radiateurs pour moins consommer","robots":{"index":"index","follow":"follow","max-snippet":"max-snippet:-1","max-image-preview":"max-image-preview:large","max-video-preview":"max-video-preview:-1"},"canonical":"https:\/\/batijournal.com\/index.php\/dimensionner-les-radiateurs-pour-moins-consommer\/69140\/","og_locale":"fr_FR","og_type":"article","og_title":"Dimensionner les radiateurs pour moins consommer","og_description":"L\u0092&rsquo;association de la fili\u00e8re du chauffage \u00e0 eau chaude, Energies et Avenir, vient d&rsquo;\u00e9diter un \u00ab\u00a0Guide de dimensionnement des radiateurs\u00a0\u00bb. L&rsquo;objectif est de montrer qu&rsquo;un radiateur bien dimensionn\u00e9 permet non seulement l&rsquo;am\u00e9lioration de la performance \u00e9nerg\u00e9tique de l&rsquo;installation, mais aussi la r\u00e9duction des consommations d&rsquo;\u00e9nergie du logement. Destin\u00e9 aux professionnels de la fili\u00e8re \u00ab\u00a0eau chaude\u00a0\u00bb, [&hellip;]","og_url":"https:\/\/batijournal.com\/index.php\/dimensionner-les-radiateurs-pour-moins-consommer\/69140\/","og_site_name":"Batijournal","article_published_time":"2010-12-02T23:00:00+00:00","article_modified_time":"2019-07-15T14:35:26+00:00","og_image":[{"width":424,"height":600,"url":"https:\/\/batijournal.com\/wp-content\/uploads\/2015\/02\/17763618.jpg","type":"image\/jpeg"}],"author":"Bati-journal","twitter_card":"summary_large_image","twitter_creator":"@bati_journal","twitter_site":"@bati_journal","twitter_misc":{"\u00c9crit par":"Bati-journal","Dur\u00e9e de lecture estim\u00e9e":"1 minute"},"schema":{"@context":"https:\/\/schema.org","@graph":[{"@type":"Article","@id":"https:\/\/batijournal.com\/index.php\/dimensionner-les-radiateurs-pour-moins-consommer\/69140\/#article","isPartOf":{"@id":"https:\/\/batijournal.com\/index.php\/dimensionner-les-radiateurs-pour-moins-consommer\/69140\/"},"author":{"name":"Bati-journal","@id":"https:\/\/batijournal.com\/#\/schema\/person\/6a657e8967569e1b299972574848aa76"},"headline":"Dimensionner les radiateurs pour moins consommer","datePublished":"2010-12-02T23:00:00+00:00","dateModified":"2019-07-15T14:35:26+00:00","mainEntityOfPage":{"@id":"https:\/\/batijournal.com\/index.php\/dimensionner-les-radiateurs-pour-moins-consommer\/69140\/"},"wordCount":170,"commentCount":0,"image":{"@id":"https:\/\/batijournal.com\/index.php\/dimensionner-les-radiateurs-pour-moins-consommer\/69140\/#primaryimage"},"thumbnailUrl":"https:\/\/batijournal.com\/wp-content\/uploads\/2015\/02\/17763618.jpg","keywords":["dimensionnement","eau chaude","guide","radiateurs"],"articleSection":["Divers"],"inLanguage":"fr-FR","potentialAction":[{"@type":"CommentAction","name":"Comment","target":["https:\/\/batijournal.com\/index.php\/dimensionner-les-radiateurs-pour-moins-consommer\/69140\/#respond"]}]},{"@type":"WebPage","@id":"https:\/\/batijournal.com\/index.php\/dimensionner-les-radiateurs-pour-moins-consommer\/69140\/","url":"https:\/\/batijournal.com\/index.php\/dimensionner-les-radiateurs-pour-moins-consommer\/69140\/","name":"Dimensionner les radiateurs pour moins consommer","isPartOf":{"@id":"https:\/\/batijournal.com\/#website"},"primaryImageOfPage":{"@id":"https:\/\/batijournal.com\/index.php\/dimensionner-les-radiateurs-pour-moins-consommer\/69140\/#primaryimage"},"image":{"@id":"https:\/\/batijournal.com\/index.php\/dimensionner-les-radiateurs-pour-moins-consommer\/69140\/#primaryimage"},"thumbnailUrl":"https:\/\/batijournal.com\/wp-content\/uploads\/2015\/02\/17763618.jpg","datePublished":"2010-12-02T23:00:00+00:00","dateModified":"2019-07-15T14:35:26+00:00","author":{"@id":"https:\/\/batijournal.com\/#\/schema\/person\/6a657e8967569e1b299972574848aa76"},"breadcrumb":{"@id":"https:\/\/batijournal.com\/index.php\/dimensionner-les-radiateurs-pour-moins-consommer\/69140\/#breadcrumb"},"inLanguage":"fr-FR","potentialAction":[{"@type":"ReadAction","target":["https:\/\/batijournal.com\/index.php\/dimensionner-les-radiateurs-pour-moins-consommer\/69140\/"]}]},{"@type":"ImageObject","inLanguage":"fr-FR","@id":"https:\/\/batijournal.com\/index.php\/dimensionner-les-radiateurs-pour-moins-consommer\/69140\/#primaryimage","url":"https:\/\/batijournal.com\/wp-content\/uploads\/2015\/02\/17763618.jpg","contentUrl":"https:\/\/batijournal.com\/wp-content\/uploads\/2015\/02\/17763618.jpg","width":424,"height":600},{"@type":"BreadcrumbList","@id":"https:\/\/batijournal.com\/index.php\/dimensionner-les-radiateurs-pour-moins-consommer\/69140\/#breadcrumb","itemListElement":[{"@type":"ListItem","position":1,"name":"Accueil","item":"https:\/\/batijournal.com\/"},{"@type":"ListItem","position":2,"name":"Actualit\u00e9s","item":"https:\/\/batijournal.com\/index.php\/category\/actualites\/"},{"@type":"ListItem","position":3,"name":"Divers","item":"https:\/\/batijournal.com\/index.php\/category\/actualites\/services-equipements\/"},{"@type":"ListItem","position":4,"name":"Dimensionner les radiateurs pour moins consommer"}]},{"@type":"WebSite","@id":"https:\/\/batijournal.com\/#website","url":"https:\/\/batijournal.com\/","name":"Batijournal","description":"L&#039;actualit\u00e9 du b\u00e2timent","potentialAction":[{"@type":"SearchAction","target":{"@type":"EntryPoint","urlTemplate":"https:\/\/batijournal.com\/?s={search_term_string}"},"query-input":{"@type":"PropertyValueSpecification","valueRequired":true,"valueName":"search_term_string"}}],"inLanguage":"fr-FR"},{"@type":"Person","@id":"https:\/\/batijournal.com\/#\/schema\/person\/6a657e8967569e1b299972574848aa76","name":"Bati-journal","image":{"@type":"ImageObject","inLanguage":"fr-FR","@id":"https:\/\/secure.gravatar.com\/avatar\/a64364ea26392f9b4dd47e017ddaec74ff03aefc073b49e492e847201258f777?s=96&d=mm&r=g","url":"https:\/\/secure.gravatar.com\/avatar\/a64364ea26392f9b4dd47e017ddaec74ff03aefc073b49e492e847201258f777?s=96&d=mm&r=g","contentUrl":"https:\/\/secure.gravatar.com\/avatar\/a64364ea26392f9b4dd47e017ddaec74ff03aefc073b49e492e847201258f777?s=96&d=mm&r=g","caption":"Bati-journal"},"url":"https:\/\/batijournal.com\/index.php\/author\/elodie\/"}]}},"_links":{"self":[{"href":"https:\/\/batijournal.com\/index.php\/wp-json\/wp\/v2\/posts\/69140","targetHints":{"allow":["GET"]}}],"collection":[{"href":"https:\/\/batijournal.com\/index.php\/wp-json\/wp\/v2\/posts"}],"about":[{"href":"https:\/\/batijournal.com\/index.php\/wp-json\/wp\/v2\/types\/post"}],"author":[{"embeddable":true,"href":"https:\/\/batijournal.com\/index.php\/wp-json\/wp\/v2\/users\/1"}],"replies":[{"embeddable":true,"href":"https:\/\/batijournal.com\/index.php\/wp-json\/wp\/v2\/comments?post=69140"}],"version-history":[{"count":0,"href":"https:\/\/batijournal.com\/index.php\/wp-json\/wp\/v2\/posts\/69140\/revisions"}],"wp:featuredmedia":[{"embeddable":true,"href":"https:\/\/batijournal.com\/index.php\/wp-json\/wp\/v2\/media\/69141"}],"wp:attachment":[{"href":"https:\/\/batijournal.com\/index.php\/wp-json\/wp\/v2\/media?parent=69140"}],"wp:term":[{"taxonomy":"category","embeddable":true,"href":"https:\/\/batijournal.com\/index.php\/wp-json\/wp\/v2\/categories?post=69140"},{"taxonomy":"post_tag","embeddable":true,"href":"https:\/\/batijournal.com\/index.php\/wp-json\/wp\/v2\/tags?post=69140"}],"curies":[{"name":"wp","href":"https:\/\/api.w.org\/{rel}","templated":true}]}}