{"id":69372,"date":"2012-05-30T16:10:26","date_gmt":"2012-05-30T14:10:26","guid":{"rendered":"http:\/\/b.bati-journal.com\/nouveaux-catalogues-terrasses-bois-de-reseau-pro-et-decking-de-panofrance\/69372"},"modified":"2019-07-15T16:34:58","modified_gmt":"2019-07-15T14:34:58","slug":"nouveaux-catalogues-terrasses-bois-de-reseau-pro-et-decking-de-panofrance","status":"publish","type":"post","link":"https:\/\/batijournal.com\/index.php\/nouveaux-catalogues-terrasses-bois-de-reseau-pro-et-decking-de-panofrance\/69372\/","title":{"rendered":"Nouveaux catalogues &quot;Terrasses bois&quot; de R\u00e9seau Pro et &quot;Decking&quot; de Panofrance"},"content":{"rendered":"<p>Les enseignes R\u00e9seau Pro et Panofrance, de la Division Bois et Mat\u00e9riaux de Wolseley France, proposent leurs nouveaux catalogues d\u00e9di\u00e9s \u00e0 la terrasse bois. Destin\u00e9s aux professionnels, les catalogues <i>Decking<\/i> de Panofrance et <i>Terrasses Bois<\/i> chez R\u00e9seau Pro recensent une s\u00e9lection des meilleures solutions pour l&rsquo;am\u00e9nagement ext\u00e9rieur (r\u00e9sidentiel, collectif ou urbain) des plus grands noms du secteur : Silverwood, Bois des 3 Ports, Silvadec, Ducerf, FP Bois et Grouazel. Tir\u00e9s \u00e0 60 000 exemplaires (40 000 R\u00e9seau Pro et 20 000 Panofrance), ces guides pr\u00e9sentent toutes les caract\u00e9ristiques techniques et de mise en oeuvre, agr\u00e9ment\u00e9es de visuels produits ainsi qu&rsquo;une mise en situation. Des outils pratiques d&rsquo;aide \u00e0 la d\u00e9cision pour les architectes, artisans, paysagistes, menuisiers, agenceurs, etc.<\/p>\n","protected":false},"excerpt":{"rendered":"<p>Les enseignes R\u00e9seau Pro et Panofrance, de la Division Bois et Mat\u00e9riaux de Wolseley France, proposent leurs nouveaux catalogues d\u00e9di\u00e9s \u00e0 la terrasse bois. Destin\u00e9s aux professionnels, les catalogues Decking de Panofrance et Terrasses Bois chez R\u00e9seau Pro recensent une s\u00e9lection des meilleures solutions pour l&rsquo;am\u00e9nagement ext\u00e9rieur (r\u00e9sidentiel, collectif ou urbain) des plus grands noms [&hellip;]<\/p>\n","protected":false},"author":1,"featured_media":69373,"comment_status":"open","ping_status":"closed","sticky":false,"template":"","format":"standard","meta":{"_et_pb_use_builder":"","_et_pb_old_content":"","_et_gb_content_width":"","footnotes":""},"categories":[6362],"tags":[5932,5933,5887],"class_list":["post-69372","post","type-post","status-publish","format-standard","has-post-thumbnail","hentry","category-services-equipements","tag-panofrance","tag-reseau-pro","tag-terrasses-bois"],"yoast_head":"<!-- This site is optimized with the Yoast SEO plugin v27.4 - https:\/\/yoast.com\/product\/yoast-seo-wordpress\/ -->\n<title>Nouveaux catalogues &quot;Terrasses bois&quot; de R\u00e9seau Pro et &quot;Decking&quot; de Panofrance<\/title>\n<meta name=\"robots\" content=\"index, follow, max-snippet:-1, max-image-preview:large, max-video-preview:-1\" \/>\n<link rel=\"canonical\" href=\"https:\/\/batijournal.com\/index.php\/nouveaux-catalogues-terrasses-bois-de-reseau-pro-et-decking-de-panofrance\/69372\/\" \/>\n<meta property=\"og:locale\" content=\"fr_FR\" \/>\n<meta property=\"og:type\" content=\"article\" \/>\n<meta property=\"og:title\" content=\"Nouveaux catalogues &quot;Terrasses bois&quot; de R\u00e9seau Pro et &quot;Decking&quot; de Panofrance\" \/>\n<meta property=\"og:description\" content=\"Les enseignes R\u00e9seau Pro et Panofrance, de la Division Bois et Mat\u00e9riaux de Wolseley France, proposent leurs nouveaux catalogues d\u00e9di\u00e9s \u00e0 la terrasse bois. Destin\u00e9s aux professionnels, les catalogues Decking de Panofrance et Terrasses Bois chez R\u00e9seau Pro recensent une s\u00e9lection des meilleures solutions pour l&rsquo;am\u00e9nagement ext\u00e9rieur (r\u00e9sidentiel, collectif ou urbain) des plus grands noms [&hellip;]\" \/>\n<meta property=\"og:url\" content=\"https:\/\/batijournal.com\/index.php\/nouveaux-catalogues-terrasses-bois-de-reseau-pro-et-decking-de-panofrance\/69372\/\" \/>\n<meta property=\"og:site_name\" content=\"Batijournal\" \/>\n<meta property=\"article:published_time\" content=\"2012-05-30T14:10:26+00:00\" \/>\n<meta property=\"article:modified_time\" content=\"2019-07-15T14:34:58+00:00\" \/>\n<meta property=\"og:image\" content=\"https:\/\/batijournal.com\/wp-content\/uploads\/2015\/02\/44856976.jpg\" \/>\n\t<meta property=\"og:image:width\" content=\"424\" \/>\n\t<meta property=\"og:image:height\" content=\"600\" \/>\n\t<meta property=\"og:image:type\" content=\"image\/jpeg\" \/>\n<meta name=\"author\" content=\"Bati-journal\" \/>\n<meta name=\"twitter:card\" content=\"summary_large_image\" \/>\n<meta name=\"twitter:creator\" content=\"@bati_journal\" \/>\n<meta name=\"twitter:site\" content=\"@bati_journal\" \/>\n<meta name=\"twitter:label1\" content=\"\u00c9crit par\" \/>\n\t<meta name=\"twitter:data1\" content=\"Bati-journal\" \/>\n\t<meta name=\"twitter:label2\" content=\"Dur\u00e9e de lecture estim\u00e9e\" \/>\n\t<meta name=\"twitter:data2\" content=\"1 minute\" \/>\n<script type=\"application\/ld+json\" class=\"yoast-schema-graph\">{\"@context\":\"https:\\\/\\\/schema.org\",\"@graph\":[{\"@type\":\"Article\",\"@id\":\"https:\\\/\\\/batijournal.com\\\/index.php\\\/nouveaux-catalogues-terrasses-bois-de-reseau-pro-et-decking-de-panofrance\\\/69372\\\/#article\",\"isPartOf\":{\"@id\":\"https:\\\/\\\/batijournal.com\\\/index.php\\\/nouveaux-catalogues-terrasses-bois-de-reseau-pro-et-decking-de-panofrance\\\/69372\\\/\"},\"author\":{\"name\":\"Bati-journal\",\"@id\":\"https:\\\/\\\/batijournal.com\\\/#\\\/schema\\\/person\\\/6a657e8967569e1b299972574848aa76\"},\"headline\":\"Nouveaux catalogues &quot;Terrasses bois&quot; de R\u00e9seau Pro et &quot;Decking&quot; de Panofrance\",\"datePublished\":\"2012-05-30T14:10:26+00:00\",\"dateModified\":\"2019-07-15T14:34:58+00:00\",\"mainEntityOfPage\":{\"@id\":\"https:\\\/\\\/batijournal.com\\\/index.php\\\/nouveaux-catalogues-terrasses-bois-de-reseau-pro-et-decking-de-panofrance\\\/69372\\\/\"},\"wordCount\":143,\"commentCount\":0,\"image\":{\"@id\":\"https:\\\/\\\/batijournal.com\\\/index.php\\\/nouveaux-catalogues-terrasses-bois-de-reseau-pro-et-decking-de-panofrance\\\/69372\\\/#primaryimage\"},\"thumbnailUrl\":\"https:\\\/\\\/batijournal.com\\\/wp-content\\\/uploads\\\/2015\\\/02\\\/44856976.jpg\",\"keywords\":[\"Panofrance\",\"r\u00e9seau pro\",\"terrasses bois\"],\"articleSection\":[\"Divers\"],\"inLanguage\":\"fr-FR\",\"potentialAction\":[{\"@type\":\"CommentAction\",\"name\":\"Comment\",\"target\":[\"https:\\\/\\\/batijournal.com\\\/index.php\\\/nouveaux-catalogues-terrasses-bois-de-reseau-pro-et-decking-de-panofrance\\\/69372\\\/#respond\"]}]},{\"@type\":\"WebPage\",\"@id\":\"https:\\\/\\\/batijournal.com\\\/index.php\\\/nouveaux-catalogues-terrasses-bois-de-reseau-pro-et-decking-de-panofrance\\\/69372\\\/\",\"url\":\"https:\\\/\\\/batijournal.com\\\/index.php\\\/nouveaux-catalogues-terrasses-bois-de-reseau-pro-et-decking-de-panofrance\\\/69372\\\/\",\"name\":\"Nouveaux catalogues &quot;Terrasses bois&quot; de R\u00e9seau Pro et &quot;Decking&quot; de Panofrance\",\"isPartOf\":{\"@id\":\"https:\\\/\\\/batijournal.com\\\/#website\"},\"primaryImageOfPage\":{\"@id\":\"https:\\\/\\\/batijournal.com\\\/index.php\\\/nouveaux-catalogues-terrasses-bois-de-reseau-pro-et-decking-de-panofrance\\\/69372\\\/#primaryimage\"},\"image\":{\"@id\":\"https:\\\/\\\/batijournal.com\\\/index.php\\\/nouveaux-catalogues-terrasses-bois-de-reseau-pro-et-decking-de-panofrance\\\/69372\\\/#primaryimage\"},\"thumbnailUrl\":\"https:\\\/\\\/batijournal.com\\\/wp-content\\\/uploads\\\/2015\\\/02\\\/44856976.jpg\",\"datePublished\":\"2012-05-30T14:10:26+00:00\",\"dateModified\":\"2019-07-15T14:34:58+00:00\",\"author\":{\"@id\":\"https:\\\/\\\/batijournal.com\\\/#\\\/schema\\\/person\\\/6a657e8967569e1b299972574848aa76\"},\"breadcrumb\":{\"@id\":\"https:\\\/\\\/batijournal.com\\\/index.php\\\/nouveaux-catalogues-terrasses-bois-de-reseau-pro-et-decking-de-panofrance\\\/69372\\\/#breadcrumb\"},\"inLanguage\":\"fr-FR\",\"potentialAction\":[{\"@type\":\"ReadAction\",\"target\":[\"https:\\\/\\\/batijournal.com\\\/index.php\\\/nouveaux-catalogues-terrasses-bois-de-reseau-pro-et-decking-de-panofrance\\\/69372\\\/\"]}]},{\"@type\":\"ImageObject\",\"inLanguage\":\"fr-FR\",\"@id\":\"https:\\\/\\\/batijournal.com\\\/index.php\\\/nouveaux-catalogues-terrasses-bois-de-reseau-pro-et-decking-de-panofrance\\\/69372\\\/#primaryimage\",\"url\":\"https:\\\/\\\/batijournal.com\\\/wp-content\\\/uploads\\\/2015\\\/02\\\/44856976.jpg\",\"contentUrl\":\"https:\\\/\\\/batijournal.com\\\/wp-content\\\/uploads\\\/2015\\\/02\\\/44856976.jpg\",\"width\":424,\"height\":600},{\"@type\":\"BreadcrumbList\",\"@id\":\"https:\\\/\\\/batijournal.com\\\/index.php\\\/nouveaux-catalogues-terrasses-bois-de-reseau-pro-et-decking-de-panofrance\\\/69372\\\/#breadcrumb\",\"itemListElement\":[{\"@type\":\"ListItem\",\"position\":1,\"name\":\"Accueil\",\"item\":\"https:\\\/\\\/batijournal.com\\\/\"},{\"@type\":\"ListItem\",\"position\":2,\"name\":\"Actualit\u00e9s\",\"item\":\"https:\\\/\\\/batijournal.com\\\/index.php\\\/category\\\/actualites\\\/\"},{\"@type\":\"ListItem\",\"position\":3,\"name\":\"Divers\",\"item\":\"https:\\\/\\\/batijournal.com\\\/index.php\\\/category\\\/actualites\\\/services-equipements\\\/\"},{\"@type\":\"ListItem\",\"position\":4,\"name\":\"Nouveaux catalogues &quot;Terrasses bois&quot; de R\u00e9seau Pro et &quot;Decking&quot; de Panofrance\"}]},{\"@type\":\"WebSite\",\"@id\":\"https:\\\/\\\/batijournal.com\\\/#website\",\"url\":\"https:\\\/\\\/batijournal.com\\\/\",\"name\":\"Batijournal\",\"description\":\"L&#039;actualit\u00e9 du b\u00e2timent\",\"potentialAction\":[{\"@type\":\"SearchAction\",\"target\":{\"@type\":\"EntryPoint\",\"urlTemplate\":\"https:\\\/\\\/batijournal.com\\\/?s={search_term_string}\"},\"query-input\":{\"@type\":\"PropertyValueSpecification\",\"valueRequired\":true,\"valueName\":\"search_term_string\"}}],\"inLanguage\":\"fr-FR\"},{\"@type\":\"Person\",\"@id\":\"https:\\\/\\\/batijournal.com\\\/#\\\/schema\\\/person\\\/6a657e8967569e1b299972574848aa76\",\"name\":\"Bati-journal\",\"image\":{\"@type\":\"ImageObject\",\"inLanguage\":\"fr-FR\",\"@id\":\"https:\\\/\\\/secure.gravatar.com\\\/avatar\\\/a64364ea26392f9b4dd47e017ddaec74ff03aefc073b49e492e847201258f777?s=96&d=mm&r=g\",\"url\":\"https:\\\/\\\/secure.gravatar.com\\\/avatar\\\/a64364ea26392f9b4dd47e017ddaec74ff03aefc073b49e492e847201258f777?s=96&d=mm&r=g\",\"contentUrl\":\"https:\\\/\\\/secure.gravatar.com\\\/avatar\\\/a64364ea26392f9b4dd47e017ddaec74ff03aefc073b49e492e847201258f777?s=96&d=mm&r=g\",\"caption\":\"Bati-journal\"},\"url\":\"https:\\\/\\\/batijournal.com\\\/index.php\\\/author\\\/elodie\\\/\"}]}<\/script>\n<!-- \/ Yoast SEO plugin. -->","yoast_head_json":{"title":"Nouveaux catalogues &quot;Terrasses bois&quot; de R\u00e9seau Pro et &quot;Decking&quot; de Panofrance","robots":{"index":"index","follow":"follow","max-snippet":"max-snippet:-1","max-image-preview":"max-image-preview:large","max-video-preview":"max-video-preview:-1"},"canonical":"https:\/\/batijournal.com\/index.php\/nouveaux-catalogues-terrasses-bois-de-reseau-pro-et-decking-de-panofrance\/69372\/","og_locale":"fr_FR","og_type":"article","og_title":"Nouveaux catalogues &quot;Terrasses bois&quot; de R\u00e9seau Pro et &quot;Decking&quot; de Panofrance","og_description":"Les enseignes R\u00e9seau Pro et Panofrance, de la Division Bois et Mat\u00e9riaux de Wolseley France, proposent leurs nouveaux catalogues d\u00e9di\u00e9s \u00e0 la terrasse bois. Destin\u00e9s aux professionnels, les catalogues Decking de Panofrance et Terrasses Bois chez R\u00e9seau Pro recensent une s\u00e9lection des meilleures solutions pour l&rsquo;am\u00e9nagement ext\u00e9rieur (r\u00e9sidentiel, collectif ou urbain) des plus grands noms [&hellip;]","og_url":"https:\/\/batijournal.com\/index.php\/nouveaux-catalogues-terrasses-bois-de-reseau-pro-et-decking-de-panofrance\/69372\/","og_site_name":"Batijournal","article_published_time":"2012-05-30T14:10:26+00:00","article_modified_time":"2019-07-15T14:34:58+00:00","og_image":[{"width":424,"height":600,"url":"https:\/\/batijournal.com\/wp-content\/uploads\/2015\/02\/44856976.jpg","type":"image\/jpeg"}],"author":"Bati-journal","twitter_card":"summary_large_image","twitter_creator":"@bati_journal","twitter_site":"@bati_journal","twitter_misc":{"\u00c9crit par":"Bati-journal","Dur\u00e9e de lecture estim\u00e9e":"1 minute"},"schema":{"@context":"https:\/\/schema.org","@graph":[{"@type":"Article","@id":"https:\/\/batijournal.com\/index.php\/nouveaux-catalogues-terrasses-bois-de-reseau-pro-et-decking-de-panofrance\/69372\/#article","isPartOf":{"@id":"https:\/\/batijournal.com\/index.php\/nouveaux-catalogues-terrasses-bois-de-reseau-pro-et-decking-de-panofrance\/69372\/"},"author":{"name":"Bati-journal","@id":"https:\/\/batijournal.com\/#\/schema\/person\/6a657e8967569e1b299972574848aa76"},"headline":"Nouveaux catalogues &quot;Terrasses bois&quot; de R\u00e9seau Pro et &quot;Decking&quot; de Panofrance","datePublished":"2012-05-30T14:10:26+00:00","dateModified":"2019-07-15T14:34:58+00:00","mainEntityOfPage":{"@id":"https:\/\/batijournal.com\/index.php\/nouveaux-catalogues-terrasses-bois-de-reseau-pro-et-decking-de-panofrance\/69372\/"},"wordCount":143,"commentCount":0,"image":{"@id":"https:\/\/batijournal.com\/index.php\/nouveaux-catalogues-terrasses-bois-de-reseau-pro-et-decking-de-panofrance\/69372\/#primaryimage"},"thumbnailUrl":"https:\/\/batijournal.com\/wp-content\/uploads\/2015\/02\/44856976.jpg","keywords":["Panofrance","r\u00e9seau pro","terrasses bois"],"articleSection":["Divers"],"inLanguage":"fr-FR","potentialAction":[{"@type":"CommentAction","name":"Comment","target":["https:\/\/batijournal.com\/index.php\/nouveaux-catalogues-terrasses-bois-de-reseau-pro-et-decking-de-panofrance\/69372\/#respond"]}]},{"@type":"WebPage","@id":"https:\/\/batijournal.com\/index.php\/nouveaux-catalogues-terrasses-bois-de-reseau-pro-et-decking-de-panofrance\/69372\/","url":"https:\/\/batijournal.com\/index.php\/nouveaux-catalogues-terrasses-bois-de-reseau-pro-et-decking-de-panofrance\/69372\/","name":"Nouveaux catalogues &quot;Terrasses bois&quot; de R\u00e9seau Pro et &quot;Decking&quot; de Panofrance","isPartOf":{"@id":"https:\/\/batijournal.com\/#website"},"primaryImageOfPage":{"@id":"https:\/\/batijournal.com\/index.php\/nouveaux-catalogues-terrasses-bois-de-reseau-pro-et-decking-de-panofrance\/69372\/#primaryimage"},"image":{"@id":"https:\/\/batijournal.com\/index.php\/nouveaux-catalogues-terrasses-bois-de-reseau-pro-et-decking-de-panofrance\/69372\/#primaryimage"},"thumbnailUrl":"https:\/\/batijournal.com\/wp-content\/uploads\/2015\/02\/44856976.jpg","datePublished":"2012-05-30T14:10:26+00:00","dateModified":"2019-07-15T14:34:58+00:00","author":{"@id":"https:\/\/batijournal.com\/#\/schema\/person\/6a657e8967569e1b299972574848aa76"},"breadcrumb":{"@id":"https:\/\/batijournal.com\/index.php\/nouveaux-catalogues-terrasses-bois-de-reseau-pro-et-decking-de-panofrance\/69372\/#breadcrumb"},"inLanguage":"fr-FR","potentialAction":[{"@type":"ReadAction","target":["https:\/\/batijournal.com\/index.php\/nouveaux-catalogues-terrasses-bois-de-reseau-pro-et-decking-de-panofrance\/69372\/"]}]},{"@type":"ImageObject","inLanguage":"fr-FR","@id":"https:\/\/batijournal.com\/index.php\/nouveaux-catalogues-terrasses-bois-de-reseau-pro-et-decking-de-panofrance\/69372\/#primaryimage","url":"https:\/\/batijournal.com\/wp-content\/uploads\/2015\/02\/44856976.jpg","contentUrl":"https:\/\/batijournal.com\/wp-content\/uploads\/2015\/02\/44856976.jpg","width":424,"height":600},{"@type":"BreadcrumbList","@id":"https:\/\/batijournal.com\/index.php\/nouveaux-catalogues-terrasses-bois-de-reseau-pro-et-decking-de-panofrance\/69372\/#breadcrumb","itemListElement":[{"@type":"ListItem","position":1,"name":"Accueil","item":"https:\/\/batijournal.com\/"},{"@type":"ListItem","position":2,"name":"Actualit\u00e9s","item":"https:\/\/batijournal.com\/index.php\/category\/actualites\/"},{"@type":"ListItem","position":3,"name":"Divers","item":"https:\/\/batijournal.com\/index.php\/category\/actualites\/services-equipements\/"},{"@type":"ListItem","position":4,"name":"Nouveaux catalogues &quot;Terrasses bois&quot; de R\u00e9seau Pro et &quot;Decking&quot; de Panofrance"}]},{"@type":"WebSite","@id":"https:\/\/batijournal.com\/#website","url":"https:\/\/batijournal.com\/","name":"Batijournal","description":"L&#039;actualit\u00e9 du b\u00e2timent","potentialAction":[{"@type":"SearchAction","target":{"@type":"EntryPoint","urlTemplate":"https:\/\/batijournal.com\/?s={search_term_string}"},"query-input":{"@type":"PropertyValueSpecification","valueRequired":true,"valueName":"search_term_string"}}],"inLanguage":"fr-FR"},{"@type":"Person","@id":"https:\/\/batijournal.com\/#\/schema\/person\/6a657e8967569e1b299972574848aa76","name":"Bati-journal","image":{"@type":"ImageObject","inLanguage":"fr-FR","@id":"https:\/\/secure.gravatar.com\/avatar\/a64364ea26392f9b4dd47e017ddaec74ff03aefc073b49e492e847201258f777?s=96&d=mm&r=g","url":"https:\/\/secure.gravatar.com\/avatar\/a64364ea26392f9b4dd47e017ddaec74ff03aefc073b49e492e847201258f777?s=96&d=mm&r=g","contentUrl":"https:\/\/secure.gravatar.com\/avatar\/a64364ea26392f9b4dd47e017ddaec74ff03aefc073b49e492e847201258f777?s=96&d=mm&r=g","caption":"Bati-journal"},"url":"https:\/\/batijournal.com\/index.php\/author\/elodie\/"}]}},"_links":{"self":[{"href":"https:\/\/batijournal.com\/index.php\/wp-json\/wp\/v2\/posts\/69372","targetHints":{"allow":["GET"]}}],"collection":[{"href":"https:\/\/batijournal.com\/index.php\/wp-json\/wp\/v2\/posts"}],"about":[{"href":"https:\/\/batijournal.com\/index.php\/wp-json\/wp\/v2\/types\/post"}],"author":[{"embeddable":true,"href":"https:\/\/batijournal.com\/index.php\/wp-json\/wp\/v2\/users\/1"}],"replies":[{"embeddable":true,"href":"https:\/\/batijournal.com\/index.php\/wp-json\/wp\/v2\/comments?post=69372"}],"version-history":[{"count":0,"href":"https:\/\/batijournal.com\/index.php\/wp-json\/wp\/v2\/posts\/69372\/revisions"}],"wp:featuredmedia":[{"embeddable":true,"href":"https:\/\/batijournal.com\/index.php\/wp-json\/wp\/v2\/media\/69373"}],"wp:attachment":[{"href":"https:\/\/batijournal.com\/index.php\/wp-json\/wp\/v2\/media?parent=69372"}],"wp:term":[{"taxonomy":"category","embeddable":true,"href":"https:\/\/batijournal.com\/index.php\/wp-json\/wp\/v2\/categories?post=69372"},{"taxonomy":"post_tag","embeddable":true,"href":"https:\/\/batijournal.com\/index.php\/wp-json\/wp\/v2\/tags?post=69372"}],"curies":[{"name":"wp","href":"https:\/\/api.w.org\/{rel}","templated":true}]}}