{"id":69491,"date":"2013-03-08T07:55:16","date_gmt":"2013-03-08T06:55:16","guid":{"rendered":"http:\/\/b.bati-journal.com\/guide-environnemental-de-la-filiere-foret-bois-bretonne\/69491"},"modified":"2019-07-15T16:34:47","modified_gmt":"2019-07-15T14:34:47","slug":"guide-environnemental-de-la-filiere-foret-bois-bretonne","status":"publish","type":"post","link":"https:\/\/batijournal.com\/index.php\/guide-environnemental-de-la-filiere-foret-bois-bretonne\/69491\/","title":{"rendered":"Guide environnemental de la fili\u00e8re for\u00eat bois bretonne"},"content":{"rendered":"<p>Abibois publie le guide pr\u00e9sentant la synth\u00e8se d&rsquo;une analyse approfondie des impacts environnementaux de la fili\u00e8re bois en Bretagne. L&rsquo;ouvrage a \u00e9t\u00e9 aliment\u00e9 par des \u00e9tudes portant sur la ressource foresti\u00e8re, sur les flux de bois \u00e0 l&rsquo;\u00e9chelle r\u00e9gionale, sur les d\u00e9chets de bois ou encore l&rsquo;impact carbone des principales activit\u00e9s de transformation de bois. La fili\u00e8re for\u00eat bois emploie plus de 20 000 personnes, soit deux fois plus que la fili\u00e8re p\u00eache et cultures marines en Bretagne et porte un chiffre d&rsquo;affaires de plus de 2 milliards d&rsquo;euro HT. Destin\u00e9 aux d\u00e9cideurs publics, le guide met en valeur les avantages de la fili\u00e8re s\u00e8che qui contribue au d\u00e9veloppement \u00e9conomique du territoire breton tout en int\u00e9grant un sch\u00e9ma environnemental vertueux.<\/p>\n<p><span style=\"font-size: medium;\"><a href=\"http:\/\/www.abibois.com\" target=\"_blank\" rel=\"noopener noreferrer\">www.abibois.com<\/a><\/span><\/p>\n","protected":false},"excerpt":{"rendered":"<p>Abibois publie le guide pr\u00e9sentant la synth\u00e8se d&rsquo;une analyse approfondie des impacts environnementaux de la fili\u00e8re bois en Bretagne. L&rsquo;ouvrage a \u00e9t\u00e9 aliment\u00e9 par des \u00e9tudes portant sur la ressource foresti\u00e8re, sur les flux de bois \u00e0 l&rsquo;\u00e9chelle r\u00e9gionale, sur les d\u00e9chets de bois ou encore l&rsquo;impact carbone des principales activit\u00e9s de transformation de bois. [&hellip;]<\/p>\n","protected":false},"author":1,"featured_media":69492,"comment_status":"open","ping_status":"closed","sticky":false,"template":"","format":"standard","meta":{"_et_pb_use_builder":"","_et_pb_old_content":"","_et_gb_content_width":"","footnotes":""},"categories":[6362],"tags":[2384,850],"class_list":["post-69491","post","type-post","status-publish","format-standard","has-post-thumbnail","hentry","category-services-equipements","tag-bretagne","tag-guide"],"yoast_head":"<!-- This site is optimized with the Yoast SEO plugin v27.4 - https:\/\/yoast.com\/product\/yoast-seo-wordpress\/ -->\n<title>Guide environnemental de la fili\u00e8re for\u00eat bois bretonne<\/title>\n<meta name=\"robots\" content=\"index, follow, max-snippet:-1, max-image-preview:large, max-video-preview:-1\" \/>\n<link rel=\"canonical\" href=\"https:\/\/batijournal.com\/index.php\/guide-environnemental-de-la-filiere-foret-bois-bretonne\/69491\/\" \/>\n<meta property=\"og:locale\" content=\"fr_FR\" \/>\n<meta property=\"og:type\" content=\"article\" \/>\n<meta property=\"og:title\" content=\"Guide environnemental de la fili\u00e8re for\u00eat bois bretonne\" \/>\n<meta property=\"og:description\" content=\"Abibois publie le guide pr\u00e9sentant la synth\u00e8se d&rsquo;une analyse approfondie des impacts environnementaux de la fili\u00e8re bois en Bretagne. L&rsquo;ouvrage a \u00e9t\u00e9 aliment\u00e9 par des \u00e9tudes portant sur la ressource foresti\u00e8re, sur les flux de bois \u00e0 l&rsquo;\u00e9chelle r\u00e9gionale, sur les d\u00e9chets de bois ou encore l&rsquo;impact carbone des principales activit\u00e9s de transformation de bois. [&hellip;]\" \/>\n<meta property=\"og:url\" content=\"https:\/\/batijournal.com\/index.php\/guide-environnemental-de-la-filiere-foret-bois-bretonne\/69491\/\" \/>\n<meta property=\"og:site_name\" content=\"Batijournal\" \/>\n<meta property=\"article:published_time\" content=\"2013-03-08T06:55:16+00:00\" \/>\n<meta property=\"article:modified_time\" content=\"2019-07-15T14:34:47+00:00\" \/>\n<meta property=\"og:image\" content=\"https:\/\/batijournal.com\/wp-content\/uploads\/2015\/02\/59638045.jpg\" \/>\n\t<meta property=\"og:image:width\" content=\"600\" \/>\n\t<meta property=\"og:image:height\" content=\"429\" \/>\n\t<meta property=\"og:image:type\" content=\"image\/jpeg\" \/>\n<meta name=\"author\" content=\"Bati-journal\" \/>\n<meta name=\"twitter:card\" content=\"summary_large_image\" \/>\n<meta name=\"twitter:creator\" content=\"@bati_journal\" \/>\n<meta name=\"twitter:site\" content=\"@bati_journal\" \/>\n<meta name=\"twitter:label1\" content=\"\u00c9crit par\" \/>\n\t<meta name=\"twitter:data1\" content=\"Bati-journal\" \/>\n\t<meta name=\"twitter:label2\" content=\"Dur\u00e9e de lecture estim\u00e9e\" \/>\n\t<meta name=\"twitter:data2\" content=\"1 minute\" \/>\n<script type=\"application\/ld+json\" class=\"yoast-schema-graph\">{\"@context\":\"https:\\\/\\\/schema.org\",\"@graph\":[{\"@type\":\"Article\",\"@id\":\"https:\\\/\\\/batijournal.com\\\/index.php\\\/guide-environnemental-de-la-filiere-foret-bois-bretonne\\\/69491\\\/#article\",\"isPartOf\":{\"@id\":\"https:\\\/\\\/batijournal.com\\\/index.php\\\/guide-environnemental-de-la-filiere-foret-bois-bretonne\\\/69491\\\/\"},\"author\":{\"name\":\"Bati-journal\",\"@id\":\"https:\\\/\\\/batijournal.com\\\/#\\\/schema\\\/person\\\/6a657e8967569e1b299972574848aa76\"},\"headline\":\"Guide environnemental de la fili\u00e8re for\u00eat bois bretonne\",\"datePublished\":\"2013-03-08T06:55:16+00:00\",\"dateModified\":\"2019-07-15T14:34:47+00:00\",\"mainEntityOfPage\":{\"@id\":\"https:\\\/\\\/batijournal.com\\\/index.php\\\/guide-environnemental-de-la-filiere-foret-bois-bretonne\\\/69491\\\/\"},\"wordCount\":152,\"commentCount\":0,\"image\":{\"@id\":\"https:\\\/\\\/batijournal.com\\\/index.php\\\/guide-environnemental-de-la-filiere-foret-bois-bretonne\\\/69491\\\/#primaryimage\"},\"thumbnailUrl\":\"https:\\\/\\\/batijournal.com\\\/wp-content\\\/uploads\\\/2015\\\/02\\\/59638045.jpg\",\"keywords\":[\"Bretagne\",\"guide\"],\"articleSection\":[\"Divers\"],\"inLanguage\":\"fr-FR\",\"potentialAction\":[{\"@type\":\"CommentAction\",\"name\":\"Comment\",\"target\":[\"https:\\\/\\\/batijournal.com\\\/index.php\\\/guide-environnemental-de-la-filiere-foret-bois-bretonne\\\/69491\\\/#respond\"]}]},{\"@type\":\"WebPage\",\"@id\":\"https:\\\/\\\/batijournal.com\\\/index.php\\\/guide-environnemental-de-la-filiere-foret-bois-bretonne\\\/69491\\\/\",\"url\":\"https:\\\/\\\/batijournal.com\\\/index.php\\\/guide-environnemental-de-la-filiere-foret-bois-bretonne\\\/69491\\\/\",\"name\":\"Guide environnemental de la fili\u00e8re for\u00eat bois bretonne\",\"isPartOf\":{\"@id\":\"https:\\\/\\\/batijournal.com\\\/#website\"},\"primaryImageOfPage\":{\"@id\":\"https:\\\/\\\/batijournal.com\\\/index.php\\\/guide-environnemental-de-la-filiere-foret-bois-bretonne\\\/69491\\\/#primaryimage\"},\"image\":{\"@id\":\"https:\\\/\\\/batijournal.com\\\/index.php\\\/guide-environnemental-de-la-filiere-foret-bois-bretonne\\\/69491\\\/#primaryimage\"},\"thumbnailUrl\":\"https:\\\/\\\/batijournal.com\\\/wp-content\\\/uploads\\\/2015\\\/02\\\/59638045.jpg\",\"datePublished\":\"2013-03-08T06:55:16+00:00\",\"dateModified\":\"2019-07-15T14:34:47+00:00\",\"author\":{\"@id\":\"https:\\\/\\\/batijournal.com\\\/#\\\/schema\\\/person\\\/6a657e8967569e1b299972574848aa76\"},\"breadcrumb\":{\"@id\":\"https:\\\/\\\/batijournal.com\\\/index.php\\\/guide-environnemental-de-la-filiere-foret-bois-bretonne\\\/69491\\\/#breadcrumb\"},\"inLanguage\":\"fr-FR\",\"potentialAction\":[{\"@type\":\"ReadAction\",\"target\":[\"https:\\\/\\\/batijournal.com\\\/index.php\\\/guide-environnemental-de-la-filiere-foret-bois-bretonne\\\/69491\\\/\"]}]},{\"@type\":\"ImageObject\",\"inLanguage\":\"fr-FR\",\"@id\":\"https:\\\/\\\/batijournal.com\\\/index.php\\\/guide-environnemental-de-la-filiere-foret-bois-bretonne\\\/69491\\\/#primaryimage\",\"url\":\"https:\\\/\\\/batijournal.com\\\/wp-content\\\/uploads\\\/2015\\\/02\\\/59638045.jpg\",\"contentUrl\":\"https:\\\/\\\/batijournal.com\\\/wp-content\\\/uploads\\\/2015\\\/02\\\/59638045.jpg\",\"width\":600,\"height\":429},{\"@type\":\"BreadcrumbList\",\"@id\":\"https:\\\/\\\/batijournal.com\\\/index.php\\\/guide-environnemental-de-la-filiere-foret-bois-bretonne\\\/69491\\\/#breadcrumb\",\"itemListElement\":[{\"@type\":\"ListItem\",\"position\":1,\"name\":\"Accueil\",\"item\":\"https:\\\/\\\/batijournal.com\\\/\"},{\"@type\":\"ListItem\",\"position\":2,\"name\":\"Actualit\u00e9s\",\"item\":\"https:\\\/\\\/batijournal.com\\\/index.php\\\/category\\\/actualites\\\/\"},{\"@type\":\"ListItem\",\"position\":3,\"name\":\"Divers\",\"item\":\"https:\\\/\\\/batijournal.com\\\/index.php\\\/category\\\/actualites\\\/services-equipements\\\/\"},{\"@type\":\"ListItem\",\"position\":4,\"name\":\"Guide environnemental de la fili\u00e8re for\u00eat bois bretonne\"}]},{\"@type\":\"WebSite\",\"@id\":\"https:\\\/\\\/batijournal.com\\\/#website\",\"url\":\"https:\\\/\\\/batijournal.com\\\/\",\"name\":\"Batijournal\",\"description\":\"L&#039;actualit\u00e9 du b\u00e2timent\",\"potentialAction\":[{\"@type\":\"SearchAction\",\"target\":{\"@type\":\"EntryPoint\",\"urlTemplate\":\"https:\\\/\\\/batijournal.com\\\/?s={search_term_string}\"},\"query-input\":{\"@type\":\"PropertyValueSpecification\",\"valueRequired\":true,\"valueName\":\"search_term_string\"}}],\"inLanguage\":\"fr-FR\"},{\"@type\":\"Person\",\"@id\":\"https:\\\/\\\/batijournal.com\\\/#\\\/schema\\\/person\\\/6a657e8967569e1b299972574848aa76\",\"name\":\"Bati-journal\",\"image\":{\"@type\":\"ImageObject\",\"inLanguage\":\"fr-FR\",\"@id\":\"https:\\\/\\\/secure.gravatar.com\\\/avatar\\\/a64364ea26392f9b4dd47e017ddaec74ff03aefc073b49e492e847201258f777?s=96&d=mm&r=g\",\"url\":\"https:\\\/\\\/secure.gravatar.com\\\/avatar\\\/a64364ea26392f9b4dd47e017ddaec74ff03aefc073b49e492e847201258f777?s=96&d=mm&r=g\",\"contentUrl\":\"https:\\\/\\\/secure.gravatar.com\\\/avatar\\\/a64364ea26392f9b4dd47e017ddaec74ff03aefc073b49e492e847201258f777?s=96&d=mm&r=g\",\"caption\":\"Bati-journal\"},\"url\":\"https:\\\/\\\/batijournal.com\\\/index.php\\\/author\\\/elodie\\\/\"}]}<\/script>\n<!-- \/ Yoast SEO plugin. -->","yoast_head_json":{"title":"Guide environnemental de la fili\u00e8re for\u00eat bois bretonne","robots":{"index":"index","follow":"follow","max-snippet":"max-snippet:-1","max-image-preview":"max-image-preview:large","max-video-preview":"max-video-preview:-1"},"canonical":"https:\/\/batijournal.com\/index.php\/guide-environnemental-de-la-filiere-foret-bois-bretonne\/69491\/","og_locale":"fr_FR","og_type":"article","og_title":"Guide environnemental de la fili\u00e8re for\u00eat bois bretonne","og_description":"Abibois publie le guide pr\u00e9sentant la synth\u00e8se d&rsquo;une analyse approfondie des impacts environnementaux de la fili\u00e8re bois en Bretagne. L&rsquo;ouvrage a \u00e9t\u00e9 aliment\u00e9 par des \u00e9tudes portant sur la ressource foresti\u00e8re, sur les flux de bois \u00e0 l&rsquo;\u00e9chelle r\u00e9gionale, sur les d\u00e9chets de bois ou encore l&rsquo;impact carbone des principales activit\u00e9s de transformation de bois. [&hellip;]","og_url":"https:\/\/batijournal.com\/index.php\/guide-environnemental-de-la-filiere-foret-bois-bretonne\/69491\/","og_site_name":"Batijournal","article_published_time":"2013-03-08T06:55:16+00:00","article_modified_time":"2019-07-15T14:34:47+00:00","og_image":[{"width":600,"height":429,"url":"https:\/\/batijournal.com\/wp-content\/uploads\/2015\/02\/59638045.jpg","type":"image\/jpeg"}],"author":"Bati-journal","twitter_card":"summary_large_image","twitter_creator":"@bati_journal","twitter_site":"@bati_journal","twitter_misc":{"\u00c9crit par":"Bati-journal","Dur\u00e9e de lecture estim\u00e9e":"1 minute"},"schema":{"@context":"https:\/\/schema.org","@graph":[{"@type":"Article","@id":"https:\/\/batijournal.com\/index.php\/guide-environnemental-de-la-filiere-foret-bois-bretonne\/69491\/#article","isPartOf":{"@id":"https:\/\/batijournal.com\/index.php\/guide-environnemental-de-la-filiere-foret-bois-bretonne\/69491\/"},"author":{"name":"Bati-journal","@id":"https:\/\/batijournal.com\/#\/schema\/person\/6a657e8967569e1b299972574848aa76"},"headline":"Guide environnemental de la fili\u00e8re for\u00eat bois bretonne","datePublished":"2013-03-08T06:55:16+00:00","dateModified":"2019-07-15T14:34:47+00:00","mainEntityOfPage":{"@id":"https:\/\/batijournal.com\/index.php\/guide-environnemental-de-la-filiere-foret-bois-bretonne\/69491\/"},"wordCount":152,"commentCount":0,"image":{"@id":"https:\/\/batijournal.com\/index.php\/guide-environnemental-de-la-filiere-foret-bois-bretonne\/69491\/#primaryimage"},"thumbnailUrl":"https:\/\/batijournal.com\/wp-content\/uploads\/2015\/02\/59638045.jpg","keywords":["Bretagne","guide"],"articleSection":["Divers"],"inLanguage":"fr-FR","potentialAction":[{"@type":"CommentAction","name":"Comment","target":["https:\/\/batijournal.com\/index.php\/guide-environnemental-de-la-filiere-foret-bois-bretonne\/69491\/#respond"]}]},{"@type":"WebPage","@id":"https:\/\/batijournal.com\/index.php\/guide-environnemental-de-la-filiere-foret-bois-bretonne\/69491\/","url":"https:\/\/batijournal.com\/index.php\/guide-environnemental-de-la-filiere-foret-bois-bretonne\/69491\/","name":"Guide environnemental de la fili\u00e8re for\u00eat bois bretonne","isPartOf":{"@id":"https:\/\/batijournal.com\/#website"},"primaryImageOfPage":{"@id":"https:\/\/batijournal.com\/index.php\/guide-environnemental-de-la-filiere-foret-bois-bretonne\/69491\/#primaryimage"},"image":{"@id":"https:\/\/batijournal.com\/index.php\/guide-environnemental-de-la-filiere-foret-bois-bretonne\/69491\/#primaryimage"},"thumbnailUrl":"https:\/\/batijournal.com\/wp-content\/uploads\/2015\/02\/59638045.jpg","datePublished":"2013-03-08T06:55:16+00:00","dateModified":"2019-07-15T14:34:47+00:00","author":{"@id":"https:\/\/batijournal.com\/#\/schema\/person\/6a657e8967569e1b299972574848aa76"},"breadcrumb":{"@id":"https:\/\/batijournal.com\/index.php\/guide-environnemental-de-la-filiere-foret-bois-bretonne\/69491\/#breadcrumb"},"inLanguage":"fr-FR","potentialAction":[{"@type":"ReadAction","target":["https:\/\/batijournal.com\/index.php\/guide-environnemental-de-la-filiere-foret-bois-bretonne\/69491\/"]}]},{"@type":"ImageObject","inLanguage":"fr-FR","@id":"https:\/\/batijournal.com\/index.php\/guide-environnemental-de-la-filiere-foret-bois-bretonne\/69491\/#primaryimage","url":"https:\/\/batijournal.com\/wp-content\/uploads\/2015\/02\/59638045.jpg","contentUrl":"https:\/\/batijournal.com\/wp-content\/uploads\/2015\/02\/59638045.jpg","width":600,"height":429},{"@type":"BreadcrumbList","@id":"https:\/\/batijournal.com\/index.php\/guide-environnemental-de-la-filiere-foret-bois-bretonne\/69491\/#breadcrumb","itemListElement":[{"@type":"ListItem","position":1,"name":"Accueil","item":"https:\/\/batijournal.com\/"},{"@type":"ListItem","position":2,"name":"Actualit\u00e9s","item":"https:\/\/batijournal.com\/index.php\/category\/actualites\/"},{"@type":"ListItem","position":3,"name":"Divers","item":"https:\/\/batijournal.com\/index.php\/category\/actualites\/services-equipements\/"},{"@type":"ListItem","position":4,"name":"Guide environnemental de la fili\u00e8re for\u00eat bois bretonne"}]},{"@type":"WebSite","@id":"https:\/\/batijournal.com\/#website","url":"https:\/\/batijournal.com\/","name":"Batijournal","description":"L&#039;actualit\u00e9 du b\u00e2timent","potentialAction":[{"@type":"SearchAction","target":{"@type":"EntryPoint","urlTemplate":"https:\/\/batijournal.com\/?s={search_term_string}"},"query-input":{"@type":"PropertyValueSpecification","valueRequired":true,"valueName":"search_term_string"}}],"inLanguage":"fr-FR"},{"@type":"Person","@id":"https:\/\/batijournal.com\/#\/schema\/person\/6a657e8967569e1b299972574848aa76","name":"Bati-journal","image":{"@type":"ImageObject","inLanguage":"fr-FR","@id":"https:\/\/secure.gravatar.com\/avatar\/a64364ea26392f9b4dd47e017ddaec74ff03aefc073b49e492e847201258f777?s=96&d=mm&r=g","url":"https:\/\/secure.gravatar.com\/avatar\/a64364ea26392f9b4dd47e017ddaec74ff03aefc073b49e492e847201258f777?s=96&d=mm&r=g","contentUrl":"https:\/\/secure.gravatar.com\/avatar\/a64364ea26392f9b4dd47e017ddaec74ff03aefc073b49e492e847201258f777?s=96&d=mm&r=g","caption":"Bati-journal"},"url":"https:\/\/batijournal.com\/index.php\/author\/elodie\/"}]}},"_links":{"self":[{"href":"https:\/\/batijournal.com\/index.php\/wp-json\/wp\/v2\/posts\/69491","targetHints":{"allow":["GET"]}}],"collection":[{"href":"https:\/\/batijournal.com\/index.php\/wp-json\/wp\/v2\/posts"}],"about":[{"href":"https:\/\/batijournal.com\/index.php\/wp-json\/wp\/v2\/types\/post"}],"author":[{"embeddable":true,"href":"https:\/\/batijournal.com\/index.php\/wp-json\/wp\/v2\/users\/1"}],"replies":[{"embeddable":true,"href":"https:\/\/batijournal.com\/index.php\/wp-json\/wp\/v2\/comments?post=69491"}],"version-history":[{"count":0,"href":"https:\/\/batijournal.com\/index.php\/wp-json\/wp\/v2\/posts\/69491\/revisions"}],"wp:featuredmedia":[{"embeddable":true,"href":"https:\/\/batijournal.com\/index.php\/wp-json\/wp\/v2\/media\/69492"}],"wp:attachment":[{"href":"https:\/\/batijournal.com\/index.php\/wp-json\/wp\/v2\/media?parent=69491"}],"wp:term":[{"taxonomy":"category","embeddable":true,"href":"https:\/\/batijournal.com\/index.php\/wp-json\/wp\/v2\/categories?post=69491"},{"taxonomy":"post_tag","embeddable":true,"href":"https:\/\/batijournal.com\/index.php\/wp-json\/wp\/v2\/tags?post=69491"}],"curies":[{"name":"wp","href":"https:\/\/api.w.org\/{rel}","templated":true}]}}