{"id":70467,"date":"2008-01-03T00:00:00","date_gmt":"2008-01-02T23:00:00","guid":{"rendered":"http:\/\/b.bati-journal.com\/appel-a-projets\/70467"},"modified":"2019-07-15T12:11:28","modified_gmt":"2019-07-15T10:11:28","slug":"appel-a-projets","status":"publish","type":"post","link":"https:\/\/batijournal.com\/index.php\/appel-a-projets\/70467\/","title":{"rendered":"Appel \u00e0 projets"},"content":{"rendered":"<p>Jean-Louis Borloo, ministre de l&rsquo;Ecologie, du D\u00e9veloppement et de l&rsquo;Am\u00e9nagement durables, invite les particuliers, les entreprises, les associations, les \u00e9tablissements scolaires&#8230; \u00e0 participer \u00e0 la semaine du D\u00e9veloppement durable en organisant des actions qui se d\u00e9rouleront du 1er au 7 avril 2008. Pour \u00eatre s\u00e9lectionn\u00e9e dans le cadre de l&rsquo;appel \u00e0 projets, une action doit mettre en avant au moins deux des trois composantes du d\u00e9veloppement durable (d\u00e9veloppement \u00e9conomique, \u00e9volution sociale et protection de l&rsquo;environnement) et prendre en compte le th\u00e8me de cette \u00e9dition : \u201cProduction et consommation durables\u201c. Sur le m\u00eame th\u00e8me, le concours \u201cLe d\u00e9veloppement durable vu par les talents de demain\u201c invite les jeunes de 18 \u00e0 25 ans \u00e0 r\u00e9aliser une oeuvre originale (dessin, aquarelle, gouache, infographie, photomontage).<\/p>\n","protected":false},"excerpt":{"rendered":"<p>Jean-Louis Borloo, ministre de l&rsquo;Ecologie, du D\u00e9veloppement et de l&rsquo;Am\u00e9nagement durables, invite les particuliers, les entreprises, les associations, les \u00e9tablissements scolaires&#8230; \u00e0 participer \u00e0 la semaine du D\u00e9veloppement durable en organisant des actions qui se d\u00e9rouleront du 1er au 7 avril 2008. Pour \u00eatre s\u00e9lectionn\u00e9e dans le cadre de l&rsquo;appel \u00e0 projets, une action doit [&hellip;]<\/p>\n","protected":false},"author":1,"featured_media":0,"comment_status":"open","ping_status":"closed","sticky":false,"template":"","format":"standard","meta":{"_et_pb_use_builder":"","_et_pb_old_content":"","_et_gb_content_width":"","footnotes":""},"categories":[6340],"tags":[475],"class_list":["post-70467","post","type-post","status-publish","format-standard","hentry","category-architecture-conception","tag-developpement-durable"],"yoast_head":"<!-- This site is optimized with the Yoast SEO plugin v27.4 - https:\/\/yoast.com\/product\/yoast-seo-wordpress\/ -->\n<title>Appel \u00e0 projets<\/title>\n<meta name=\"robots\" content=\"index, follow, max-snippet:-1, max-image-preview:large, max-video-preview:-1\" \/>\n<link rel=\"canonical\" href=\"https:\/\/batijournal.com\/index.php\/appel-a-projets\/70467\/\" \/>\n<meta property=\"og:locale\" content=\"fr_FR\" \/>\n<meta property=\"og:type\" content=\"article\" \/>\n<meta property=\"og:title\" content=\"Appel \u00e0 projets\" \/>\n<meta property=\"og:description\" content=\"Jean-Louis Borloo, ministre de l&rsquo;Ecologie, du D\u00e9veloppement et de l&rsquo;Am\u00e9nagement durables, invite les particuliers, les entreprises, les associations, les \u00e9tablissements scolaires&#8230; \u00e0 participer \u00e0 la semaine du D\u00e9veloppement durable en organisant des actions qui se d\u00e9rouleront du 1er au 7 avril 2008. Pour \u00eatre s\u00e9lectionn\u00e9e dans le cadre de l&rsquo;appel \u00e0 projets, une action doit [&hellip;]\" \/>\n<meta property=\"og:url\" content=\"https:\/\/batijournal.com\/index.php\/appel-a-projets\/70467\/\" \/>\n<meta property=\"og:site_name\" content=\"Batijournal\" \/>\n<meta property=\"article:published_time\" content=\"2008-01-02T23:00:00+00:00\" \/>\n<meta property=\"article:modified_time\" content=\"2019-07-15T10:11:28+00:00\" \/>\n<meta name=\"author\" content=\"Bati-journal\" \/>\n<meta name=\"twitter:card\" content=\"summary_large_image\" \/>\n<meta name=\"twitter:creator\" content=\"@bati_journal\" \/>\n<meta name=\"twitter:site\" content=\"@bati_journal\" \/>\n<meta name=\"twitter:label1\" content=\"\u00c9crit par\" \/>\n\t<meta name=\"twitter:data1\" content=\"Bati-journal\" \/>\n\t<meta name=\"twitter:label2\" content=\"Dur\u00e9e de lecture estim\u00e9e\" \/>\n\t<meta name=\"twitter:data2\" content=\"1 minute\" \/>\n<script type=\"application\/ld+json\" class=\"yoast-schema-graph\">{\"@context\":\"https:\\\/\\\/schema.org\",\"@graph\":[{\"@type\":\"Article\",\"@id\":\"https:\\\/\\\/batijournal.com\\\/index.php\\\/appel-a-projets\\\/70467\\\/#article\",\"isPartOf\":{\"@id\":\"https:\\\/\\\/batijournal.com\\\/index.php\\\/appel-a-projets\\\/70467\\\/\"},\"author\":{\"name\":\"Bati-journal\",\"@id\":\"https:\\\/\\\/batijournal.com\\\/#\\\/schema\\\/person\\\/6a657e8967569e1b299972574848aa76\"},\"headline\":\"Appel \u00e0 projets\",\"datePublished\":\"2008-01-02T23:00:00+00:00\",\"dateModified\":\"2019-07-15T10:11:28+00:00\",\"mainEntityOfPage\":{\"@id\":\"https:\\\/\\\/batijournal.com\\\/index.php\\\/appel-a-projets\\\/70467\\\/\"},\"wordCount\":131,\"commentCount\":0,\"keywords\":[\"d\u00e9veloppement durable\"],\"articleSection\":[\"Architecture &amp; Conception\"],\"inLanguage\":\"fr-FR\",\"potentialAction\":[{\"@type\":\"CommentAction\",\"name\":\"Comment\",\"target\":[\"https:\\\/\\\/batijournal.com\\\/index.php\\\/appel-a-projets\\\/70467\\\/#respond\"]}]},{\"@type\":\"WebPage\",\"@id\":\"https:\\\/\\\/batijournal.com\\\/index.php\\\/appel-a-projets\\\/70467\\\/\",\"url\":\"https:\\\/\\\/batijournal.com\\\/index.php\\\/appel-a-projets\\\/70467\\\/\",\"name\":\"Appel \u00e0 projets\",\"isPartOf\":{\"@id\":\"https:\\\/\\\/batijournal.com\\\/#website\"},\"datePublished\":\"2008-01-02T23:00:00+00:00\",\"dateModified\":\"2019-07-15T10:11:28+00:00\",\"author\":{\"@id\":\"https:\\\/\\\/batijournal.com\\\/#\\\/schema\\\/person\\\/6a657e8967569e1b299972574848aa76\"},\"breadcrumb\":{\"@id\":\"https:\\\/\\\/batijournal.com\\\/index.php\\\/appel-a-projets\\\/70467\\\/#breadcrumb\"},\"inLanguage\":\"fr-FR\",\"potentialAction\":[{\"@type\":\"ReadAction\",\"target\":[\"https:\\\/\\\/batijournal.com\\\/index.php\\\/appel-a-projets\\\/70467\\\/\"]}]},{\"@type\":\"BreadcrumbList\",\"@id\":\"https:\\\/\\\/batijournal.com\\\/index.php\\\/appel-a-projets\\\/70467\\\/#breadcrumb\",\"itemListElement\":[{\"@type\":\"ListItem\",\"position\":1,\"name\":\"Accueil\",\"item\":\"https:\\\/\\\/batijournal.com\\\/\"},{\"@type\":\"ListItem\",\"position\":2,\"name\":\"Actualit\u00e9s\",\"item\":\"https:\\\/\\\/batijournal.com\\\/index.php\\\/category\\\/actualites\\\/\"},{\"@type\":\"ListItem\",\"position\":3,\"name\":\"Architecture &amp; Conception\",\"item\":\"https:\\\/\\\/batijournal.com\\\/index.php\\\/category\\\/actualites\\\/architecture-conception\\\/\"},{\"@type\":\"ListItem\",\"position\":4,\"name\":\"Appel \u00e0 projets\"}]},{\"@type\":\"WebSite\",\"@id\":\"https:\\\/\\\/batijournal.com\\\/#website\",\"url\":\"https:\\\/\\\/batijournal.com\\\/\",\"name\":\"Batijournal\",\"description\":\"L&#039;actualit\u00e9 du b\u00e2timent\",\"potentialAction\":[{\"@type\":\"SearchAction\",\"target\":{\"@type\":\"EntryPoint\",\"urlTemplate\":\"https:\\\/\\\/batijournal.com\\\/?s={search_term_string}\"},\"query-input\":{\"@type\":\"PropertyValueSpecification\",\"valueRequired\":true,\"valueName\":\"search_term_string\"}}],\"inLanguage\":\"fr-FR\"},{\"@type\":\"Person\",\"@id\":\"https:\\\/\\\/batijournal.com\\\/#\\\/schema\\\/person\\\/6a657e8967569e1b299972574848aa76\",\"name\":\"Bati-journal\",\"image\":{\"@type\":\"ImageObject\",\"inLanguage\":\"fr-FR\",\"@id\":\"https:\\\/\\\/secure.gravatar.com\\\/avatar\\\/a64364ea26392f9b4dd47e017ddaec74ff03aefc073b49e492e847201258f777?s=96&d=mm&r=g\",\"url\":\"https:\\\/\\\/secure.gravatar.com\\\/avatar\\\/a64364ea26392f9b4dd47e017ddaec74ff03aefc073b49e492e847201258f777?s=96&d=mm&r=g\",\"contentUrl\":\"https:\\\/\\\/secure.gravatar.com\\\/avatar\\\/a64364ea26392f9b4dd47e017ddaec74ff03aefc073b49e492e847201258f777?s=96&d=mm&r=g\",\"caption\":\"Bati-journal\"},\"url\":\"https:\\\/\\\/batijournal.com\\\/index.php\\\/author\\\/elodie\\\/\"}]}<\/script>\n<!-- \/ Yoast SEO plugin. -->","yoast_head_json":{"title":"Appel \u00e0 projets","robots":{"index":"index","follow":"follow","max-snippet":"max-snippet:-1","max-image-preview":"max-image-preview:large","max-video-preview":"max-video-preview:-1"},"canonical":"https:\/\/batijournal.com\/index.php\/appel-a-projets\/70467\/","og_locale":"fr_FR","og_type":"article","og_title":"Appel \u00e0 projets","og_description":"Jean-Louis Borloo, ministre de l&rsquo;Ecologie, du D\u00e9veloppement et de l&rsquo;Am\u00e9nagement durables, invite les particuliers, les entreprises, les associations, les \u00e9tablissements scolaires&#8230; \u00e0 participer \u00e0 la semaine du D\u00e9veloppement durable en organisant des actions qui se d\u00e9rouleront du 1er au 7 avril 2008. Pour \u00eatre s\u00e9lectionn\u00e9e dans le cadre de l&rsquo;appel \u00e0 projets, une action doit [&hellip;]","og_url":"https:\/\/batijournal.com\/index.php\/appel-a-projets\/70467\/","og_site_name":"Batijournal","article_published_time":"2008-01-02T23:00:00+00:00","article_modified_time":"2019-07-15T10:11:28+00:00","author":"Bati-journal","twitter_card":"summary_large_image","twitter_creator":"@bati_journal","twitter_site":"@bati_journal","twitter_misc":{"\u00c9crit par":"Bati-journal","Dur\u00e9e de lecture estim\u00e9e":"1 minute"},"schema":{"@context":"https:\/\/schema.org","@graph":[{"@type":"Article","@id":"https:\/\/batijournal.com\/index.php\/appel-a-projets\/70467\/#article","isPartOf":{"@id":"https:\/\/batijournal.com\/index.php\/appel-a-projets\/70467\/"},"author":{"name":"Bati-journal","@id":"https:\/\/batijournal.com\/#\/schema\/person\/6a657e8967569e1b299972574848aa76"},"headline":"Appel \u00e0 projets","datePublished":"2008-01-02T23:00:00+00:00","dateModified":"2019-07-15T10:11:28+00:00","mainEntityOfPage":{"@id":"https:\/\/batijournal.com\/index.php\/appel-a-projets\/70467\/"},"wordCount":131,"commentCount":0,"keywords":["d\u00e9veloppement durable"],"articleSection":["Architecture &amp; Conception"],"inLanguage":"fr-FR","potentialAction":[{"@type":"CommentAction","name":"Comment","target":["https:\/\/batijournal.com\/index.php\/appel-a-projets\/70467\/#respond"]}]},{"@type":"WebPage","@id":"https:\/\/batijournal.com\/index.php\/appel-a-projets\/70467\/","url":"https:\/\/batijournal.com\/index.php\/appel-a-projets\/70467\/","name":"Appel \u00e0 projets","isPartOf":{"@id":"https:\/\/batijournal.com\/#website"},"datePublished":"2008-01-02T23:00:00+00:00","dateModified":"2019-07-15T10:11:28+00:00","author":{"@id":"https:\/\/batijournal.com\/#\/schema\/person\/6a657e8967569e1b299972574848aa76"},"breadcrumb":{"@id":"https:\/\/batijournal.com\/index.php\/appel-a-projets\/70467\/#breadcrumb"},"inLanguage":"fr-FR","potentialAction":[{"@type":"ReadAction","target":["https:\/\/batijournal.com\/index.php\/appel-a-projets\/70467\/"]}]},{"@type":"BreadcrumbList","@id":"https:\/\/batijournal.com\/index.php\/appel-a-projets\/70467\/#breadcrumb","itemListElement":[{"@type":"ListItem","position":1,"name":"Accueil","item":"https:\/\/batijournal.com\/"},{"@type":"ListItem","position":2,"name":"Actualit\u00e9s","item":"https:\/\/batijournal.com\/index.php\/category\/actualites\/"},{"@type":"ListItem","position":3,"name":"Architecture &amp; Conception","item":"https:\/\/batijournal.com\/index.php\/category\/actualites\/architecture-conception\/"},{"@type":"ListItem","position":4,"name":"Appel \u00e0 projets"}]},{"@type":"WebSite","@id":"https:\/\/batijournal.com\/#website","url":"https:\/\/batijournal.com\/","name":"Batijournal","description":"L&#039;actualit\u00e9 du b\u00e2timent","potentialAction":[{"@type":"SearchAction","target":{"@type":"EntryPoint","urlTemplate":"https:\/\/batijournal.com\/?s={search_term_string}"},"query-input":{"@type":"PropertyValueSpecification","valueRequired":true,"valueName":"search_term_string"}}],"inLanguage":"fr-FR"},{"@type":"Person","@id":"https:\/\/batijournal.com\/#\/schema\/person\/6a657e8967569e1b299972574848aa76","name":"Bati-journal","image":{"@type":"ImageObject","inLanguage":"fr-FR","@id":"https:\/\/secure.gravatar.com\/avatar\/a64364ea26392f9b4dd47e017ddaec74ff03aefc073b49e492e847201258f777?s=96&d=mm&r=g","url":"https:\/\/secure.gravatar.com\/avatar\/a64364ea26392f9b4dd47e017ddaec74ff03aefc073b49e492e847201258f777?s=96&d=mm&r=g","contentUrl":"https:\/\/secure.gravatar.com\/avatar\/a64364ea26392f9b4dd47e017ddaec74ff03aefc073b49e492e847201258f777?s=96&d=mm&r=g","caption":"Bati-journal"},"url":"https:\/\/batijournal.com\/index.php\/author\/elodie\/"}]}},"_links":{"self":[{"href":"https:\/\/batijournal.com\/index.php\/wp-json\/wp\/v2\/posts\/70467","targetHints":{"allow":["GET"]}}],"collection":[{"href":"https:\/\/batijournal.com\/index.php\/wp-json\/wp\/v2\/posts"}],"about":[{"href":"https:\/\/batijournal.com\/index.php\/wp-json\/wp\/v2\/types\/post"}],"author":[{"embeddable":true,"href":"https:\/\/batijournal.com\/index.php\/wp-json\/wp\/v2\/users\/1"}],"replies":[{"embeddable":true,"href":"https:\/\/batijournal.com\/index.php\/wp-json\/wp\/v2\/comments?post=70467"}],"version-history":[{"count":0,"href":"https:\/\/batijournal.com\/index.php\/wp-json\/wp\/v2\/posts\/70467\/revisions"}],"wp:attachment":[{"href":"https:\/\/batijournal.com\/index.php\/wp-json\/wp\/v2\/media?parent=70467"}],"wp:term":[{"taxonomy":"category","embeddable":true,"href":"https:\/\/batijournal.com\/index.php\/wp-json\/wp\/v2\/categories?post=70467"},{"taxonomy":"post_tag","embeddable":true,"href":"https:\/\/batijournal.com\/index.php\/wp-json\/wp\/v2\/tags?post=70467"}],"curies":[{"name":"wp","href":"https:\/\/api.w.org\/{rel}","templated":true}]}}