{"id":70473,"date":"2009-06-18T00:00:00","date_gmt":"2009-06-17T22:00:00","guid":{"rendered":"http:\/\/b.bati-journal.com\/angers-recoit-le-prix-de-l%c2%92urbanisme-durable\/70473"},"modified":"2019-07-15T12:11:28","modified_gmt":"2019-07-15T10:11:28","slug":"angers-recoit-le-prix-de-l%c2%92urbanisme-durable","status":"publish","type":"post","link":"https:\/\/batijournal.com\/index.php\/angers-recoit-le-prix-de-l%c2%92urbanisme-durable\/70473\/","title":{"rendered":"Angers re\u00e7oit le Prix de l\u0092&rsquo;Urbanisme durable"},"content":{"rendered":"<p>La Ville d\u2019Angers vient de se voir d\u00e9cerner le Prix de l\u2019urbanisme durable, dot\u00e9 de 100 000 euros, par Pierre Sallenave, directeur g\u00e9n\u00e9ral de l\u2019ANRU et Fran\u00e7ois Grether, architecte-urbaniste et co-pr\u00e9sident du jury de l\u2019appel \u00e0 projet. \u00c0 Angers, le juste \u00e9quilibre entre d\u00e9veloppement et qualit\u00e9 de vie transpara\u00eet fortement dans les paysages urbains. Il fonde en partie l\u2019action municipale, qui a pour principal objectid de r\u00e9unir la ville et de p\u00e9renniser sa coh\u00e9sion sociale et \u00e9conomique, dans une d\u00e9marche de d\u00e9veloppement durable. Angers a ressenti tr\u00e8s t\u00f4t le besoin de mettre en coh\u00e9rence ses actions dans les domaines \u00e9conomique et environnemental ainsi que dans ses rapports avec les habitants. Angers et le d\u00e9veloppement durable ont donc naturellement une longue histoire commune&#8230; D\u00e8s 1992, la ville adopte une charte pour l\u2019\u00e9cologie urbaine, puis adh\u00e8re, en 1996, \u00e0 la Charte d\u2019Aalborg, charte europ\u00e9enne des villes durables. En 1999, la collectivit\u00e9 lance le projet \u00ab Angers &#8211; Ville Durable \u00bb et la m\u00eame ann\u00e9e s\u2019associe \u00e0 l\u2019ADEME. Reconnue pour son engagement et ses r\u00e9alisations, Angers fait office de pionnier et de r\u00e9f\u00e9rence parmi les villes engag\u00e9es dans ce type de d\u00e9marche. La Ville est r\u00e9compens\u00e9e au niveau national \u00e0 plusieurs reprises. En 2002, elle re\u00e7oit le premier prix sp\u00e9cial collectivit\u00e9s territoriales dans le cadre du festival Fimbacte (Festival des acteurs de la construction et de l\u2019environnement) pour la mise en ligne du projet \u00ab Angers-Ville durable \u00bb sur son site Internet, le Troph\u00e9e Eco-Maires et les Rubans du D\u00e9veloppement Durable pour la mise en place de son Agenda 21. Elle organise les rencontres nationales du d\u00e9veloppement durable \u00ab RIO+10, l\u2019apr\u00e8s Johannesburg \u00bb qui seront un succ\u00e8s (100 intervenants et plus de 1000 participants) et donneront lieu \u00e0 la cr\u00e9ation de l\u2019Observatoire europ\u00e9en des bonnes pratiques qui a pour mission de recenser des actions innovantes, de promouvoir les bonnes pratiques, de tisser un r\u00e9seau d\u2019\u00e9changes et de savoirs au service des collectivit\u00e9s locales, moteurs du d\u00e9veloppement durable.<\/p>\n","protected":false},"excerpt":{"rendered":"<p>La Ville d\u2019Angers vient de se voir d\u00e9cerner le Prix de l\u2019urbanisme durable, dot\u00e9 de 100 000 euros, par Pierre Sallenave, directeur g\u00e9n\u00e9ral de l\u2019ANRU et Fran\u00e7ois Grether, architecte-urbaniste et co-pr\u00e9sident du jury de l\u2019appel \u00e0 projet. \u00c0 Angers, le juste \u00e9quilibre entre d\u00e9veloppement et qualit\u00e9 de vie transpara\u00eet fortement dans les paysages urbains. Il [&hellip;]<\/p>\n","protected":false},"author":1,"featured_media":0,"comment_status":"open","ping_status":"closed","sticky":false,"template":"","format":"standard","meta":{"_et_pb_use_builder":"","_et_pb_old_content":"","_et_gb_content_width":"","footnotes":""},"categories":[6340],"tags":[],"class_list":["post-70473","post","type-post","status-publish","format-standard","hentry","category-architecture-conception"],"yoast_head":"<!-- This site is optimized with the Yoast SEO plugin v27.4 - https:\/\/yoast.com\/product\/yoast-seo-wordpress\/ -->\n<title>Angers re\u00e7oit le Prix de l\u0092&#039;Urbanisme durable<\/title>\n<meta name=\"robots\" content=\"index, follow, max-snippet:-1, max-image-preview:large, max-video-preview:-1\" \/>\n<link rel=\"canonical\" href=\"https:\/\/batijournal.com\/index.php\/angers-recoit-le-prix-de-l\u0092urbanisme-durable\/70473\/\" \/>\n<meta property=\"og:locale\" content=\"fr_FR\" \/>\n<meta property=\"og:type\" content=\"article\" \/>\n<meta property=\"og:title\" content=\"Angers re\u00e7oit le Prix de l\u0092&#039;Urbanisme durable\" \/>\n<meta property=\"og:description\" content=\"La Ville d\u2019Angers vient de se voir d\u00e9cerner le Prix de l\u2019urbanisme durable, dot\u00e9 de 100 000 euros, par Pierre Sallenave, directeur g\u00e9n\u00e9ral de l\u2019ANRU et Fran\u00e7ois Grether, architecte-urbaniste et co-pr\u00e9sident du jury de l\u2019appel \u00e0 projet. \u00c0 Angers, le juste \u00e9quilibre entre d\u00e9veloppement et qualit\u00e9 de vie transpara\u00eet fortement dans les paysages urbains. Il [&hellip;]\" \/>\n<meta property=\"og:url\" content=\"https:\/\/batijournal.com\/index.php\/angers-recoit-le-prix-de-l\u0092urbanisme-durable\/70473\/\" \/>\n<meta property=\"og:site_name\" content=\"Batijournal\" \/>\n<meta property=\"article:published_time\" content=\"2009-06-17T22:00:00+00:00\" \/>\n<meta property=\"article:modified_time\" content=\"2019-07-15T10:11:28+00:00\" \/>\n<meta name=\"author\" content=\"Bati-journal\" \/>\n<meta name=\"twitter:card\" content=\"summary_large_image\" \/>\n<meta name=\"twitter:creator\" content=\"@bati_journal\" \/>\n<meta name=\"twitter:site\" content=\"@bati_journal\" \/>\n<meta name=\"twitter:label1\" content=\"\u00c9crit par\" \/>\n\t<meta name=\"twitter:data1\" content=\"Bati-journal\" \/>\n\t<meta name=\"twitter:label2\" content=\"Dur\u00e9e de lecture estim\u00e9e\" \/>\n\t<meta name=\"twitter:data2\" content=\"2 minutes\" \/>\n<script type=\"application\/ld+json\" class=\"yoast-schema-graph\">{\"@context\":\"https:\\\/\\\/schema.org\",\"@graph\":[{\"@type\":\"Article\",\"@id\":\"https:\\\/\\\/batijournal.com\\\/index.php\\\/angers-recoit-le-prix-de-l%c2%92urbanisme-durable\\\/70473\\\/#article\",\"isPartOf\":{\"@id\":\"https:\\\/\\\/batijournal.com\\\/index.php\\\/angers-recoit-le-prix-de-l%c2%92urbanisme-durable\\\/70473\\\/\"},\"author\":{\"name\":\"Bati-journal\",\"@id\":\"https:\\\/\\\/batijournal.com\\\/#\\\/schema\\\/person\\\/6a657e8967569e1b299972574848aa76\"},\"headline\":\"Angers re\u00e7oit le Prix de l\u0092&rsquo;Urbanisme durable\",\"datePublished\":\"2009-06-17T22:00:00+00:00\",\"dateModified\":\"2019-07-15T10:11:28+00:00\",\"mainEntityOfPage\":{\"@id\":\"https:\\\/\\\/batijournal.com\\\/index.php\\\/angers-recoit-le-prix-de-l%c2%92urbanisme-durable\\\/70473\\\/\"},\"wordCount\":366,\"commentCount\":0,\"articleSection\":[\"Architecture &amp; Conception\"],\"inLanguage\":\"fr-FR\",\"potentialAction\":[{\"@type\":\"CommentAction\",\"name\":\"Comment\",\"target\":[\"https:\\\/\\\/batijournal.com\\\/index.php\\\/angers-recoit-le-prix-de-l%c2%92urbanisme-durable\\\/70473\\\/#respond\"]}]},{\"@type\":\"WebPage\",\"@id\":\"https:\\\/\\\/batijournal.com\\\/index.php\\\/angers-recoit-le-prix-de-l%c2%92urbanisme-durable\\\/70473\\\/\",\"url\":\"https:\\\/\\\/batijournal.com\\\/index.php\\\/angers-recoit-le-prix-de-l%c2%92urbanisme-durable\\\/70473\\\/\",\"name\":\"Angers re\u00e7oit le Prix de l\u0092'Urbanisme durable\",\"isPartOf\":{\"@id\":\"https:\\\/\\\/batijournal.com\\\/#website\"},\"datePublished\":\"2009-06-17T22:00:00+00:00\",\"dateModified\":\"2019-07-15T10:11:28+00:00\",\"author\":{\"@id\":\"https:\\\/\\\/batijournal.com\\\/#\\\/schema\\\/person\\\/6a657e8967569e1b299972574848aa76\"},\"breadcrumb\":{\"@id\":\"https:\\\/\\\/batijournal.com\\\/index.php\\\/angers-recoit-le-prix-de-l%c2%92urbanisme-durable\\\/70473\\\/#breadcrumb\"},\"inLanguage\":\"fr-FR\",\"potentialAction\":[{\"@type\":\"ReadAction\",\"target\":[\"https:\\\/\\\/batijournal.com\\\/index.php\\\/angers-recoit-le-prix-de-l%c2%92urbanisme-durable\\\/70473\\\/\"]}]},{\"@type\":\"BreadcrumbList\",\"@id\":\"https:\\\/\\\/batijournal.com\\\/index.php\\\/angers-recoit-le-prix-de-l%c2%92urbanisme-durable\\\/70473\\\/#breadcrumb\",\"itemListElement\":[{\"@type\":\"ListItem\",\"position\":1,\"name\":\"Accueil\",\"item\":\"https:\\\/\\\/batijournal.com\\\/\"},{\"@type\":\"ListItem\",\"position\":2,\"name\":\"Actualit\u00e9s\",\"item\":\"https:\\\/\\\/batijournal.com\\\/index.php\\\/category\\\/actualites\\\/\"},{\"@type\":\"ListItem\",\"position\":3,\"name\":\"Architecture &amp; Conception\",\"item\":\"https:\\\/\\\/batijournal.com\\\/index.php\\\/category\\\/actualites\\\/architecture-conception\\\/\"},{\"@type\":\"ListItem\",\"position\":4,\"name\":\"Angers re\u00e7oit le Prix de l\u0092&rsquo;Urbanisme durable\"}]},{\"@type\":\"WebSite\",\"@id\":\"https:\\\/\\\/batijournal.com\\\/#website\",\"url\":\"https:\\\/\\\/batijournal.com\\\/\",\"name\":\"Batijournal\",\"description\":\"L&#039;actualit\u00e9 du b\u00e2timent\",\"potentialAction\":[{\"@type\":\"SearchAction\",\"target\":{\"@type\":\"EntryPoint\",\"urlTemplate\":\"https:\\\/\\\/batijournal.com\\\/?s={search_term_string}\"},\"query-input\":{\"@type\":\"PropertyValueSpecification\",\"valueRequired\":true,\"valueName\":\"search_term_string\"}}],\"inLanguage\":\"fr-FR\"},{\"@type\":\"Person\",\"@id\":\"https:\\\/\\\/batijournal.com\\\/#\\\/schema\\\/person\\\/6a657e8967569e1b299972574848aa76\",\"name\":\"Bati-journal\",\"image\":{\"@type\":\"ImageObject\",\"inLanguage\":\"fr-FR\",\"@id\":\"https:\\\/\\\/secure.gravatar.com\\\/avatar\\\/a64364ea26392f9b4dd47e017ddaec74ff03aefc073b49e492e847201258f777?s=96&d=mm&r=g\",\"url\":\"https:\\\/\\\/secure.gravatar.com\\\/avatar\\\/a64364ea26392f9b4dd47e017ddaec74ff03aefc073b49e492e847201258f777?s=96&d=mm&r=g\",\"contentUrl\":\"https:\\\/\\\/secure.gravatar.com\\\/avatar\\\/a64364ea26392f9b4dd47e017ddaec74ff03aefc073b49e492e847201258f777?s=96&d=mm&r=g\",\"caption\":\"Bati-journal\"},\"url\":\"https:\\\/\\\/batijournal.com\\\/index.php\\\/author\\\/elodie\\\/\"}]}<\/script>\n<!-- \/ Yoast SEO plugin. -->","yoast_head_json":{"title":"Angers re\u00e7oit le Prix de l\u0092'Urbanisme durable","robots":{"index":"index","follow":"follow","max-snippet":"max-snippet:-1","max-image-preview":"max-image-preview:large","max-video-preview":"max-video-preview:-1"},"canonical":"https:\/\/batijournal.com\/index.php\/angers-recoit-le-prix-de-l\u0092urbanisme-durable\/70473\/","og_locale":"fr_FR","og_type":"article","og_title":"Angers re\u00e7oit le Prix de l\u0092'Urbanisme durable","og_description":"La Ville d\u2019Angers vient de se voir d\u00e9cerner le Prix de l\u2019urbanisme durable, dot\u00e9 de 100 000 euros, par Pierre Sallenave, directeur g\u00e9n\u00e9ral de l\u2019ANRU et Fran\u00e7ois Grether, architecte-urbaniste et co-pr\u00e9sident du jury de l\u2019appel \u00e0 projet. \u00c0 Angers, le juste \u00e9quilibre entre d\u00e9veloppement et qualit\u00e9 de vie transpara\u00eet fortement dans les paysages urbains. Il [&hellip;]","og_url":"https:\/\/batijournal.com\/index.php\/angers-recoit-le-prix-de-l\u0092urbanisme-durable\/70473\/","og_site_name":"Batijournal","article_published_time":"2009-06-17T22:00:00+00:00","article_modified_time":"2019-07-15T10:11:28+00:00","author":"Bati-journal","twitter_card":"summary_large_image","twitter_creator":"@bati_journal","twitter_site":"@bati_journal","twitter_misc":{"\u00c9crit par":"Bati-journal","Dur\u00e9e de lecture estim\u00e9e":"2 minutes"},"schema":{"@context":"https:\/\/schema.org","@graph":[{"@type":"Article","@id":"https:\/\/batijournal.com\/index.php\/angers-recoit-le-prix-de-l%c2%92urbanisme-durable\/70473\/#article","isPartOf":{"@id":"https:\/\/batijournal.com\/index.php\/angers-recoit-le-prix-de-l%c2%92urbanisme-durable\/70473\/"},"author":{"name":"Bati-journal","@id":"https:\/\/batijournal.com\/#\/schema\/person\/6a657e8967569e1b299972574848aa76"},"headline":"Angers re\u00e7oit le Prix de l\u0092&rsquo;Urbanisme durable","datePublished":"2009-06-17T22:00:00+00:00","dateModified":"2019-07-15T10:11:28+00:00","mainEntityOfPage":{"@id":"https:\/\/batijournal.com\/index.php\/angers-recoit-le-prix-de-l%c2%92urbanisme-durable\/70473\/"},"wordCount":366,"commentCount":0,"articleSection":["Architecture &amp; Conception"],"inLanguage":"fr-FR","potentialAction":[{"@type":"CommentAction","name":"Comment","target":["https:\/\/batijournal.com\/index.php\/angers-recoit-le-prix-de-l%c2%92urbanisme-durable\/70473\/#respond"]}]},{"@type":"WebPage","@id":"https:\/\/batijournal.com\/index.php\/angers-recoit-le-prix-de-l%c2%92urbanisme-durable\/70473\/","url":"https:\/\/batijournal.com\/index.php\/angers-recoit-le-prix-de-l%c2%92urbanisme-durable\/70473\/","name":"Angers re\u00e7oit le Prix de l\u0092'Urbanisme durable","isPartOf":{"@id":"https:\/\/batijournal.com\/#website"},"datePublished":"2009-06-17T22:00:00+00:00","dateModified":"2019-07-15T10:11:28+00:00","author":{"@id":"https:\/\/batijournal.com\/#\/schema\/person\/6a657e8967569e1b299972574848aa76"},"breadcrumb":{"@id":"https:\/\/batijournal.com\/index.php\/angers-recoit-le-prix-de-l%c2%92urbanisme-durable\/70473\/#breadcrumb"},"inLanguage":"fr-FR","potentialAction":[{"@type":"ReadAction","target":["https:\/\/batijournal.com\/index.php\/angers-recoit-le-prix-de-l%c2%92urbanisme-durable\/70473\/"]}]},{"@type":"BreadcrumbList","@id":"https:\/\/batijournal.com\/index.php\/angers-recoit-le-prix-de-l%c2%92urbanisme-durable\/70473\/#breadcrumb","itemListElement":[{"@type":"ListItem","position":1,"name":"Accueil","item":"https:\/\/batijournal.com\/"},{"@type":"ListItem","position":2,"name":"Actualit\u00e9s","item":"https:\/\/batijournal.com\/index.php\/category\/actualites\/"},{"@type":"ListItem","position":3,"name":"Architecture &amp; Conception","item":"https:\/\/batijournal.com\/index.php\/category\/actualites\/architecture-conception\/"},{"@type":"ListItem","position":4,"name":"Angers re\u00e7oit le Prix de l\u0092&rsquo;Urbanisme durable"}]},{"@type":"WebSite","@id":"https:\/\/batijournal.com\/#website","url":"https:\/\/batijournal.com\/","name":"Batijournal","description":"L&#039;actualit\u00e9 du b\u00e2timent","potentialAction":[{"@type":"SearchAction","target":{"@type":"EntryPoint","urlTemplate":"https:\/\/batijournal.com\/?s={search_term_string}"},"query-input":{"@type":"PropertyValueSpecification","valueRequired":true,"valueName":"search_term_string"}}],"inLanguage":"fr-FR"},{"@type":"Person","@id":"https:\/\/batijournal.com\/#\/schema\/person\/6a657e8967569e1b299972574848aa76","name":"Bati-journal","image":{"@type":"ImageObject","inLanguage":"fr-FR","@id":"https:\/\/secure.gravatar.com\/avatar\/a64364ea26392f9b4dd47e017ddaec74ff03aefc073b49e492e847201258f777?s=96&d=mm&r=g","url":"https:\/\/secure.gravatar.com\/avatar\/a64364ea26392f9b4dd47e017ddaec74ff03aefc073b49e492e847201258f777?s=96&d=mm&r=g","contentUrl":"https:\/\/secure.gravatar.com\/avatar\/a64364ea26392f9b4dd47e017ddaec74ff03aefc073b49e492e847201258f777?s=96&d=mm&r=g","caption":"Bati-journal"},"url":"https:\/\/batijournal.com\/index.php\/author\/elodie\/"}]}},"_links":{"self":[{"href":"https:\/\/batijournal.com\/index.php\/wp-json\/wp\/v2\/posts\/70473","targetHints":{"allow":["GET"]}}],"collection":[{"href":"https:\/\/batijournal.com\/index.php\/wp-json\/wp\/v2\/posts"}],"about":[{"href":"https:\/\/batijournal.com\/index.php\/wp-json\/wp\/v2\/types\/post"}],"author":[{"embeddable":true,"href":"https:\/\/batijournal.com\/index.php\/wp-json\/wp\/v2\/users\/1"}],"replies":[{"embeddable":true,"href":"https:\/\/batijournal.com\/index.php\/wp-json\/wp\/v2\/comments?post=70473"}],"version-history":[{"count":0,"href":"https:\/\/batijournal.com\/index.php\/wp-json\/wp\/v2\/posts\/70473\/revisions"}],"wp:attachment":[{"href":"https:\/\/batijournal.com\/index.php\/wp-json\/wp\/v2\/media?parent=70473"}],"wp:term":[{"taxonomy":"category","embeddable":true,"href":"https:\/\/batijournal.com\/index.php\/wp-json\/wp\/v2\/categories?post=70473"},{"taxonomy":"post_tag","embeddable":true,"href":"https:\/\/batijournal.com\/index.php\/wp-json\/wp\/v2\/tags?post=70473"}],"curies":[{"name":"wp","href":"https:\/\/api.w.org\/{rel}","templated":true}]}}