{"id":70492,"date":"2011-04-12T00:00:00","date_gmt":"2011-04-11T22:00:00","guid":{"rendered":"http:\/\/b.bati-journal.com\/un-datacenter-vert-a-grenoble\/70492"},"modified":"2019-07-15T12:11:25","modified_gmt":"2019-07-15T10:11:25","slug":"un-datacenter-vert-a-grenoble","status":"publish","type":"post","link":"https:\/\/batijournal.com\/index.php\/un-datacenter-vert-a-grenoble\/70492\/","title":{"rendered":"Un datacenter vert \u00e0 Grenoble"},"content":{"rendered":"<p><span class=\"lettrine\">L<\/span>e nouveau datacenter Business &amp; Decision, inaugur\u00e9 le 7 avril dernier \u00e0 Grenoble, est \u00e0 la fois vert et innovant. Construit au coeur d&rsquo;une ancienne friche industrielle, il a \u00e9t\u00e9 pens\u00e9 de mani\u00e8re \u00e9cologique, tout en exploitant les solutions les plus novatrices du moment. La virtualisation de l&rsquo;informatique, du stockage et des r\u00e9seaux est un axe important dans la strat\u00e9gie de Business &amp; Decision. Accompagn\u00e9 par Intel, le Groupe a donc choisi d&rsquo;\u00e9quiper le datacenter de fonctionnalit\u00e9s de virtualisation am\u00e9lior\u00e9es. Une des particularit\u00e9s de ce datacenter est \u00e9galement d&rsquo;utiliser la nappe phr\u00e9atique sur laquelle il est implant\u00e9, pour alimenter les climatiseurs des circuits de refroidissement de la salle blanche en \u00ab natural cooling \u00bb. L&rsquo;\u00e9lectricit\u00e9 verte provient des centrales hydro\u00e9lectriques et \u00e9oliennes du groupe GEG (Gaz \u00fblectricit\u00e9 de Grenoble). Le b\u00e2timent est \u00e9galement \u00e9quip\u00e9 de panneaux solaires photovolta\u00efques d&rsquo;une puissance de 75 kW cr\u00eate. \u00ab Avec son empreinte \u00e9cologique positive, le datacenter est la preuve que l&rsquo;on peut mener \u00e0 bien des projets d\u00e9carbon\u00e9s,\u00a0\u00bb d\u00e9clare G\u00e9rald Dulac, directeur du projet Green Datacenter pour Business &amp; Decision, qui souligne que \u00ab\u00a0la collaboration exemplaire avec Schneider Electric, APC by Schneider Electric et Intel nous a fourni une infrastructure fonctionnelle, fiable, modulaire et moins consommatrice d&rsquo;\u00e9nergie\u00a0\u00bb. Les installations informatiques occuperont progressivement les 800 m\u00b2 de surface du b\u00e2timent.<\/p>\n","protected":false},"excerpt":{"rendered":"<p>Le nouveau datacenter Business &amp; Decision, inaugur\u00e9 le 7 avril dernier \u00e0 Grenoble, est \u00e0 la fois vert et innovant. Construit au coeur d&rsquo;une ancienne friche industrielle, il a \u00e9t\u00e9 pens\u00e9 de mani\u00e8re \u00e9cologique, tout en exploitant les solutions les plus novatrices du moment. La virtualisation de l&rsquo;informatique, du stockage et des r\u00e9seaux est un [&hellip;]<\/p>\n","protected":false},"author":1,"featured_media":70493,"comment_status":"open","ping_status":"closed","sticky":false,"template":"","format":"standard","meta":{"_et_pb_use_builder":"","_et_pb_old_content":"","_et_gb_content_width":"","footnotes":""},"categories":[6340],"tags":[2777],"class_list":["post-70492","post","type-post","status-publish","format-standard","has-post-thumbnail","hentry","category-architecture-conception","tag-grenoble"],"yoast_head":"<!-- This site is optimized with the Yoast SEO plugin v27.4 - https:\/\/yoast.com\/product\/yoast-seo-wordpress\/ -->\n<title>Un datacenter vert \u00e0 Grenoble<\/title>\n<meta name=\"robots\" content=\"index, follow, max-snippet:-1, max-image-preview:large, max-video-preview:-1\" \/>\n<link rel=\"canonical\" href=\"https:\/\/batijournal.com\/index.php\/un-datacenter-vert-a-grenoble\/70492\/\" \/>\n<meta property=\"og:locale\" content=\"fr_FR\" \/>\n<meta property=\"og:type\" content=\"article\" \/>\n<meta property=\"og:title\" content=\"Un datacenter vert \u00e0 Grenoble\" \/>\n<meta property=\"og:description\" content=\"Le nouveau datacenter Business &amp; Decision, inaugur\u00e9 le 7 avril dernier \u00e0 Grenoble, est \u00e0 la fois vert et innovant. Construit au coeur d&rsquo;une ancienne friche industrielle, il a \u00e9t\u00e9 pens\u00e9 de mani\u00e8re \u00e9cologique, tout en exploitant les solutions les plus novatrices du moment. La virtualisation de l&rsquo;informatique, du stockage et des r\u00e9seaux est un [&hellip;]\" \/>\n<meta property=\"og:url\" content=\"https:\/\/batijournal.com\/index.php\/un-datacenter-vert-a-grenoble\/70492\/\" \/>\n<meta property=\"og:site_name\" content=\"Batijournal\" \/>\n<meta property=\"article:published_time\" content=\"2011-04-11T22:00:00+00:00\" \/>\n<meta property=\"article:modified_time\" content=\"2019-07-15T10:11:25+00:00\" \/>\n<meta property=\"og:image\" content=\"https:\/\/batijournal.com\/wp-content\/uploads\/2015\/03\/23078301.jpg\" \/>\n\t<meta property=\"og:image:width\" content=\"599\" \/>\n\t<meta property=\"og:image:height\" content=\"399\" \/>\n\t<meta property=\"og:image:type\" content=\"image\/jpeg\" \/>\n<meta name=\"author\" content=\"Bati-journal\" \/>\n<meta name=\"twitter:card\" content=\"summary_large_image\" \/>\n<meta name=\"twitter:creator\" content=\"@bati_journal\" \/>\n<meta name=\"twitter:site\" content=\"@bati_journal\" \/>\n<meta name=\"twitter:label1\" content=\"\u00c9crit par\" \/>\n\t<meta name=\"twitter:data1\" content=\"Bati-journal\" \/>\n\t<meta name=\"twitter:label2\" content=\"Dur\u00e9e de lecture estim\u00e9e\" \/>\n\t<meta name=\"twitter:data2\" content=\"1 minute\" \/>\n<script type=\"application\/ld+json\" class=\"yoast-schema-graph\">{\"@context\":\"https:\\\/\\\/schema.org\",\"@graph\":[{\"@type\":\"Article\",\"@id\":\"https:\\\/\\\/batijournal.com\\\/index.php\\\/un-datacenter-vert-a-grenoble\\\/70492\\\/#article\",\"isPartOf\":{\"@id\":\"https:\\\/\\\/batijournal.com\\\/index.php\\\/un-datacenter-vert-a-grenoble\\\/70492\\\/\"},\"author\":{\"name\":\"Bati-journal\",\"@id\":\"https:\\\/\\\/batijournal.com\\\/#\\\/schema\\\/person\\\/6a657e8967569e1b299972574848aa76\"},\"headline\":\"Un datacenter vert \u00e0 Grenoble\",\"datePublished\":\"2011-04-11T22:00:00+00:00\",\"dateModified\":\"2019-07-15T10:11:25+00:00\",\"mainEntityOfPage\":{\"@id\":\"https:\\\/\\\/batijournal.com\\\/index.php\\\/un-datacenter-vert-a-grenoble\\\/70492\\\/\"},\"wordCount\":235,\"commentCount\":0,\"image\":{\"@id\":\"https:\\\/\\\/batijournal.com\\\/index.php\\\/un-datacenter-vert-a-grenoble\\\/70492\\\/#primaryimage\"},\"thumbnailUrl\":\"https:\\\/\\\/batijournal.com\\\/wp-content\\\/uploads\\\/2015\\\/03\\\/23078301.jpg\",\"keywords\":[\"Grenoble\"],\"articleSection\":[\"Architecture &amp; Conception\"],\"inLanguage\":\"fr-FR\",\"potentialAction\":[{\"@type\":\"CommentAction\",\"name\":\"Comment\",\"target\":[\"https:\\\/\\\/batijournal.com\\\/index.php\\\/un-datacenter-vert-a-grenoble\\\/70492\\\/#respond\"]}]},{\"@type\":\"WebPage\",\"@id\":\"https:\\\/\\\/batijournal.com\\\/index.php\\\/un-datacenter-vert-a-grenoble\\\/70492\\\/\",\"url\":\"https:\\\/\\\/batijournal.com\\\/index.php\\\/un-datacenter-vert-a-grenoble\\\/70492\\\/\",\"name\":\"Un datacenter vert \u00e0 Grenoble\",\"isPartOf\":{\"@id\":\"https:\\\/\\\/batijournal.com\\\/#website\"},\"primaryImageOfPage\":{\"@id\":\"https:\\\/\\\/batijournal.com\\\/index.php\\\/un-datacenter-vert-a-grenoble\\\/70492\\\/#primaryimage\"},\"image\":{\"@id\":\"https:\\\/\\\/batijournal.com\\\/index.php\\\/un-datacenter-vert-a-grenoble\\\/70492\\\/#primaryimage\"},\"thumbnailUrl\":\"https:\\\/\\\/batijournal.com\\\/wp-content\\\/uploads\\\/2015\\\/03\\\/23078301.jpg\",\"datePublished\":\"2011-04-11T22:00:00+00:00\",\"dateModified\":\"2019-07-15T10:11:25+00:00\",\"author\":{\"@id\":\"https:\\\/\\\/batijournal.com\\\/#\\\/schema\\\/person\\\/6a657e8967569e1b299972574848aa76\"},\"breadcrumb\":{\"@id\":\"https:\\\/\\\/batijournal.com\\\/index.php\\\/un-datacenter-vert-a-grenoble\\\/70492\\\/#breadcrumb\"},\"inLanguage\":\"fr-FR\",\"potentialAction\":[{\"@type\":\"ReadAction\",\"target\":[\"https:\\\/\\\/batijournal.com\\\/index.php\\\/un-datacenter-vert-a-grenoble\\\/70492\\\/\"]}]},{\"@type\":\"ImageObject\",\"inLanguage\":\"fr-FR\",\"@id\":\"https:\\\/\\\/batijournal.com\\\/index.php\\\/un-datacenter-vert-a-grenoble\\\/70492\\\/#primaryimage\",\"url\":\"https:\\\/\\\/batijournal.com\\\/wp-content\\\/uploads\\\/2015\\\/03\\\/23078301.jpg\",\"contentUrl\":\"https:\\\/\\\/batijournal.com\\\/wp-content\\\/uploads\\\/2015\\\/03\\\/23078301.jpg\",\"width\":599,\"height\":399},{\"@type\":\"BreadcrumbList\",\"@id\":\"https:\\\/\\\/batijournal.com\\\/index.php\\\/un-datacenter-vert-a-grenoble\\\/70492\\\/#breadcrumb\",\"itemListElement\":[{\"@type\":\"ListItem\",\"position\":1,\"name\":\"Accueil\",\"item\":\"https:\\\/\\\/batijournal.com\\\/\"},{\"@type\":\"ListItem\",\"position\":2,\"name\":\"Actualit\u00e9s\",\"item\":\"https:\\\/\\\/batijournal.com\\\/index.php\\\/category\\\/actualites\\\/\"},{\"@type\":\"ListItem\",\"position\":3,\"name\":\"Architecture &amp; Conception\",\"item\":\"https:\\\/\\\/batijournal.com\\\/index.php\\\/category\\\/actualites\\\/architecture-conception\\\/\"},{\"@type\":\"ListItem\",\"position\":4,\"name\":\"Un datacenter vert \u00e0 Grenoble\"}]},{\"@type\":\"WebSite\",\"@id\":\"https:\\\/\\\/batijournal.com\\\/#website\",\"url\":\"https:\\\/\\\/batijournal.com\\\/\",\"name\":\"Batijournal\",\"description\":\"L&#039;actualit\u00e9 du b\u00e2timent\",\"potentialAction\":[{\"@type\":\"SearchAction\",\"target\":{\"@type\":\"EntryPoint\",\"urlTemplate\":\"https:\\\/\\\/batijournal.com\\\/?s={search_term_string}\"},\"query-input\":{\"@type\":\"PropertyValueSpecification\",\"valueRequired\":true,\"valueName\":\"search_term_string\"}}],\"inLanguage\":\"fr-FR\"},{\"@type\":\"Person\",\"@id\":\"https:\\\/\\\/batijournal.com\\\/#\\\/schema\\\/person\\\/6a657e8967569e1b299972574848aa76\",\"name\":\"Bati-journal\",\"image\":{\"@type\":\"ImageObject\",\"inLanguage\":\"fr-FR\",\"@id\":\"https:\\\/\\\/secure.gravatar.com\\\/avatar\\\/a64364ea26392f9b4dd47e017ddaec74ff03aefc073b49e492e847201258f777?s=96&d=mm&r=g\",\"url\":\"https:\\\/\\\/secure.gravatar.com\\\/avatar\\\/a64364ea26392f9b4dd47e017ddaec74ff03aefc073b49e492e847201258f777?s=96&d=mm&r=g\",\"contentUrl\":\"https:\\\/\\\/secure.gravatar.com\\\/avatar\\\/a64364ea26392f9b4dd47e017ddaec74ff03aefc073b49e492e847201258f777?s=96&d=mm&r=g\",\"caption\":\"Bati-journal\"},\"url\":\"https:\\\/\\\/batijournal.com\\\/index.php\\\/author\\\/elodie\\\/\"}]}<\/script>\n<!-- \/ Yoast SEO plugin. -->","yoast_head_json":{"title":"Un datacenter vert \u00e0 Grenoble","robots":{"index":"index","follow":"follow","max-snippet":"max-snippet:-1","max-image-preview":"max-image-preview:large","max-video-preview":"max-video-preview:-1"},"canonical":"https:\/\/batijournal.com\/index.php\/un-datacenter-vert-a-grenoble\/70492\/","og_locale":"fr_FR","og_type":"article","og_title":"Un datacenter vert \u00e0 Grenoble","og_description":"Le nouveau datacenter Business &amp; Decision, inaugur\u00e9 le 7 avril dernier \u00e0 Grenoble, est \u00e0 la fois vert et innovant. Construit au coeur d&rsquo;une ancienne friche industrielle, il a \u00e9t\u00e9 pens\u00e9 de mani\u00e8re \u00e9cologique, tout en exploitant les solutions les plus novatrices du moment. La virtualisation de l&rsquo;informatique, du stockage et des r\u00e9seaux est un [&hellip;]","og_url":"https:\/\/batijournal.com\/index.php\/un-datacenter-vert-a-grenoble\/70492\/","og_site_name":"Batijournal","article_published_time":"2011-04-11T22:00:00+00:00","article_modified_time":"2019-07-15T10:11:25+00:00","og_image":[{"width":599,"height":399,"url":"https:\/\/batijournal.com\/wp-content\/uploads\/2015\/03\/23078301.jpg","type":"image\/jpeg"}],"author":"Bati-journal","twitter_card":"summary_large_image","twitter_creator":"@bati_journal","twitter_site":"@bati_journal","twitter_misc":{"\u00c9crit par":"Bati-journal","Dur\u00e9e de lecture estim\u00e9e":"1 minute"},"schema":{"@context":"https:\/\/schema.org","@graph":[{"@type":"Article","@id":"https:\/\/batijournal.com\/index.php\/un-datacenter-vert-a-grenoble\/70492\/#article","isPartOf":{"@id":"https:\/\/batijournal.com\/index.php\/un-datacenter-vert-a-grenoble\/70492\/"},"author":{"name":"Bati-journal","@id":"https:\/\/batijournal.com\/#\/schema\/person\/6a657e8967569e1b299972574848aa76"},"headline":"Un datacenter vert \u00e0 Grenoble","datePublished":"2011-04-11T22:00:00+00:00","dateModified":"2019-07-15T10:11:25+00:00","mainEntityOfPage":{"@id":"https:\/\/batijournal.com\/index.php\/un-datacenter-vert-a-grenoble\/70492\/"},"wordCount":235,"commentCount":0,"image":{"@id":"https:\/\/batijournal.com\/index.php\/un-datacenter-vert-a-grenoble\/70492\/#primaryimage"},"thumbnailUrl":"https:\/\/batijournal.com\/wp-content\/uploads\/2015\/03\/23078301.jpg","keywords":["Grenoble"],"articleSection":["Architecture &amp; Conception"],"inLanguage":"fr-FR","potentialAction":[{"@type":"CommentAction","name":"Comment","target":["https:\/\/batijournal.com\/index.php\/un-datacenter-vert-a-grenoble\/70492\/#respond"]}]},{"@type":"WebPage","@id":"https:\/\/batijournal.com\/index.php\/un-datacenter-vert-a-grenoble\/70492\/","url":"https:\/\/batijournal.com\/index.php\/un-datacenter-vert-a-grenoble\/70492\/","name":"Un datacenter vert \u00e0 Grenoble","isPartOf":{"@id":"https:\/\/batijournal.com\/#website"},"primaryImageOfPage":{"@id":"https:\/\/batijournal.com\/index.php\/un-datacenter-vert-a-grenoble\/70492\/#primaryimage"},"image":{"@id":"https:\/\/batijournal.com\/index.php\/un-datacenter-vert-a-grenoble\/70492\/#primaryimage"},"thumbnailUrl":"https:\/\/batijournal.com\/wp-content\/uploads\/2015\/03\/23078301.jpg","datePublished":"2011-04-11T22:00:00+00:00","dateModified":"2019-07-15T10:11:25+00:00","author":{"@id":"https:\/\/batijournal.com\/#\/schema\/person\/6a657e8967569e1b299972574848aa76"},"breadcrumb":{"@id":"https:\/\/batijournal.com\/index.php\/un-datacenter-vert-a-grenoble\/70492\/#breadcrumb"},"inLanguage":"fr-FR","potentialAction":[{"@type":"ReadAction","target":["https:\/\/batijournal.com\/index.php\/un-datacenter-vert-a-grenoble\/70492\/"]}]},{"@type":"ImageObject","inLanguage":"fr-FR","@id":"https:\/\/batijournal.com\/index.php\/un-datacenter-vert-a-grenoble\/70492\/#primaryimage","url":"https:\/\/batijournal.com\/wp-content\/uploads\/2015\/03\/23078301.jpg","contentUrl":"https:\/\/batijournal.com\/wp-content\/uploads\/2015\/03\/23078301.jpg","width":599,"height":399},{"@type":"BreadcrumbList","@id":"https:\/\/batijournal.com\/index.php\/un-datacenter-vert-a-grenoble\/70492\/#breadcrumb","itemListElement":[{"@type":"ListItem","position":1,"name":"Accueil","item":"https:\/\/batijournal.com\/"},{"@type":"ListItem","position":2,"name":"Actualit\u00e9s","item":"https:\/\/batijournal.com\/index.php\/category\/actualites\/"},{"@type":"ListItem","position":3,"name":"Architecture &amp; Conception","item":"https:\/\/batijournal.com\/index.php\/category\/actualites\/architecture-conception\/"},{"@type":"ListItem","position":4,"name":"Un datacenter vert \u00e0 Grenoble"}]},{"@type":"WebSite","@id":"https:\/\/batijournal.com\/#website","url":"https:\/\/batijournal.com\/","name":"Batijournal","description":"L&#039;actualit\u00e9 du b\u00e2timent","potentialAction":[{"@type":"SearchAction","target":{"@type":"EntryPoint","urlTemplate":"https:\/\/batijournal.com\/?s={search_term_string}"},"query-input":{"@type":"PropertyValueSpecification","valueRequired":true,"valueName":"search_term_string"}}],"inLanguage":"fr-FR"},{"@type":"Person","@id":"https:\/\/batijournal.com\/#\/schema\/person\/6a657e8967569e1b299972574848aa76","name":"Bati-journal","image":{"@type":"ImageObject","inLanguage":"fr-FR","@id":"https:\/\/secure.gravatar.com\/avatar\/a64364ea26392f9b4dd47e017ddaec74ff03aefc073b49e492e847201258f777?s=96&d=mm&r=g","url":"https:\/\/secure.gravatar.com\/avatar\/a64364ea26392f9b4dd47e017ddaec74ff03aefc073b49e492e847201258f777?s=96&d=mm&r=g","contentUrl":"https:\/\/secure.gravatar.com\/avatar\/a64364ea26392f9b4dd47e017ddaec74ff03aefc073b49e492e847201258f777?s=96&d=mm&r=g","caption":"Bati-journal"},"url":"https:\/\/batijournal.com\/index.php\/author\/elodie\/"}]}},"_links":{"self":[{"href":"https:\/\/batijournal.com\/index.php\/wp-json\/wp\/v2\/posts\/70492","targetHints":{"allow":["GET"]}}],"collection":[{"href":"https:\/\/batijournal.com\/index.php\/wp-json\/wp\/v2\/posts"}],"about":[{"href":"https:\/\/batijournal.com\/index.php\/wp-json\/wp\/v2\/types\/post"}],"author":[{"embeddable":true,"href":"https:\/\/batijournal.com\/index.php\/wp-json\/wp\/v2\/users\/1"}],"replies":[{"embeddable":true,"href":"https:\/\/batijournal.com\/index.php\/wp-json\/wp\/v2\/comments?post=70492"}],"version-history":[{"count":0,"href":"https:\/\/batijournal.com\/index.php\/wp-json\/wp\/v2\/posts\/70492\/revisions"}],"wp:featuredmedia":[{"embeddable":true,"href":"https:\/\/batijournal.com\/index.php\/wp-json\/wp\/v2\/media\/70493"}],"wp:attachment":[{"href":"https:\/\/batijournal.com\/index.php\/wp-json\/wp\/v2\/media?parent=70492"}],"wp:term":[{"taxonomy":"category","embeddable":true,"href":"https:\/\/batijournal.com\/index.php\/wp-json\/wp\/v2\/categories?post=70492"},{"taxonomy":"post_tag","embeddable":true,"href":"https:\/\/batijournal.com\/index.php\/wp-json\/wp\/v2\/tags?post=70492"}],"curies":[{"name":"wp","href":"https:\/\/api.w.org\/{rel}","templated":true}]}}