{"id":70495,"date":"2011-09-14T00:00:00","date_gmt":"2011-09-13T22:00:00","guid":{"rendered":"http:\/\/b.bati-journal.com\/le-premier-ministre-francois-fillon-continue-de-penser-que-la-croissance-verte-sera-moteur-de-redressement-economique\/70495"},"modified":"2019-07-15T12:11:25","modified_gmt":"2019-07-15T10:11:25","slug":"le-premier-ministre-francois-fillon-continue-de-penser-que-la-croissance-verte-sera-moteur-de-redressement-economique","status":"publish","type":"post","link":"https:\/\/batijournal.com\/index.php\/le-premier-ministre-francois-fillon-continue-de-penser-que-la-croissance-verte-sera-moteur-de-redressement-economique\/70495\/","title":{"rendered":"Le Premier Ministre Fran\u00e7ois Fillon continue de penser que la croissance verte sera moteur de redressement \u00e9conomique"},"content":{"rendered":"<p>Le Premier Ministre a cl\u00f4tur\u00e9 le Colloque international, \u00ab La croissance de demain \u00bb, organis\u00e9 par le Centre d\u2019Analyse Strat\u00e9gique \u00e0 la Maison de la Chimie, le lundi 12 septembre 2011. Sans annoncer de nouvelles mesures d\u2019investissement dans l\u2019\u00e9conomie verte et le b\u00e2timent durable, Fran\u00e7ois Fillon a rappel\u00e9 l\u2019importance de ces secteurs dans le red\u00e9marrage de l\u2019\u00e9conomie. Il a notamment soulign\u00e9 le plan d\u2019investissement de plus de 5 milliards d&rsquo;euros dans les technologies du d\u00e9veloppement durable :\u00a0\u00ab Dans la comp\u00e9tition mondiale et face aux d\u00e9fis \u00e9conomiques, aucune situation n\u2019est jamais acquise. Dans tous les domaines qui nous int\u00e9ressent, le march\u00e9 dans 5 ans ne sera d\u00e9j\u00e0 plus le m\u00eame qu\u2019aujourd\u2019hui. L\u2019am\u00e9lioration de notre comp\u00e9titivit\u00e9 est par cons\u00e9quent la cl\u00e9 de la croissance de demain. Nous ne sommes pas install\u00e9s dans une trajectoire toute \u00e9crite de d\u00e9clin de l\u2019Europe face aux pays \u00e9mergents. Bien s\u00fbr, nos \u00e9conomies ne vont pas conna\u00eetre les \u00e9lans de rattrapage comparables \u00e0 ceux de ces pays. Mais entre les pays europ\u00e9ens, les innovations se propagent de plus en plus vite et offrent des potentiels de croissance \u00e9lev\u00e9s. D\u2019ores et d\u00e9j\u00e0, nous sommes \u00e0 la pointe de bien des technologies et je suis convaincu que l\u2019Europe a tous les atouts pour construire un chemin de croissance original. Je pense \u00e0 la croissance verte. A l\u2019\u00e9chelle mondiale, l\u2019imp\u00e9ratif \u00e9cologique cr\u00e9e des besoins nouveaux ; c\u2019est l\u00e0 que nos devons aller chercher l\u2019activit\u00e9. Et en se fixant des objectifs exigeants, l\u2019Europe acquiert une expertise qui la destine \u00e0 occuper le premier rang sur ce march\u00e9 en pleine expansion. Pour que la France compte parmi les champions, nous avons d\u00e9di\u00e9 plus de 5 milliards du programme d\u2019investissements d\u2019avenir aux nouvelles technologies dans le domaine du d\u00e9veloppement durable.\u00bb<\/p>\n","protected":false},"excerpt":{"rendered":"<p>Le Premier Ministre a cl\u00f4tur\u00e9 le Colloque international, \u00ab La croissance de demain \u00bb, organis\u00e9 par le Centre d\u2019Analyse Strat\u00e9gique \u00e0 la Maison de la Chimie, le lundi 12 septembre 2011. Sans annoncer de nouvelles mesures d\u2019investissement dans l\u2019\u00e9conomie verte et le b\u00e2timent durable, Fran\u00e7ois Fillon a rappel\u00e9 l\u2019importance de ces secteurs dans le red\u00e9marrage [&hellip;]<\/p>\n","protected":false},"author":1,"featured_media":70496,"comment_status":"open","ping_status":"closed","sticky":false,"template":"","format":"standard","meta":{"_et_pb_use_builder":"","_et_pb_old_content":"","_et_gb_content_width":"","footnotes":""},"categories":[6340],"tags":[7066],"class_list":["post-70495","post","type-post","status-publish","format-standard","has-post-thumbnail","hentry","category-architecture-conception","tag-francois-fillon"],"yoast_head":"<!-- This site is optimized with the Yoast SEO plugin v27.4 - https:\/\/yoast.com\/product\/yoast-seo-wordpress\/ -->\n<title>Le Premier Ministre Fran\u00e7ois Fillon continue de penser que la croissance verte sera moteur de redressement \u00e9conomique<\/title>\n<meta name=\"robots\" content=\"index, follow, max-snippet:-1, max-image-preview:large, max-video-preview:-1\" \/>\n<link rel=\"canonical\" href=\"https:\/\/batijournal.com\/index.php\/le-premier-ministre-francois-fillon-continue-de-penser-que-la-croissance-verte-sera-moteur-de-redressement-economique\/70495\/\" \/>\n<meta property=\"og:locale\" content=\"fr_FR\" \/>\n<meta property=\"og:type\" content=\"article\" \/>\n<meta property=\"og:title\" content=\"Le Premier Ministre Fran\u00e7ois Fillon continue de penser que la croissance verte sera moteur de redressement \u00e9conomique\" \/>\n<meta property=\"og:description\" content=\"Le Premier Ministre a cl\u00f4tur\u00e9 le Colloque international, \u00ab La croissance de demain \u00bb, organis\u00e9 par le Centre d\u2019Analyse Strat\u00e9gique \u00e0 la Maison de la Chimie, le lundi 12 septembre 2011. Sans annoncer de nouvelles mesures d\u2019investissement dans l\u2019\u00e9conomie verte et le b\u00e2timent durable, Fran\u00e7ois Fillon a rappel\u00e9 l\u2019importance de ces secteurs dans le red\u00e9marrage [&hellip;]\" \/>\n<meta property=\"og:url\" content=\"https:\/\/batijournal.com\/index.php\/le-premier-ministre-francois-fillon-continue-de-penser-que-la-croissance-verte-sera-moteur-de-redressement-economique\/70495\/\" \/>\n<meta property=\"og:site_name\" content=\"Batijournal\" \/>\n<meta property=\"article:published_time\" content=\"2011-09-13T22:00:00+00:00\" \/>\n<meta property=\"article:modified_time\" content=\"2019-07-15T10:11:25+00:00\" \/>\n<meta property=\"og:image\" content=\"https:\/\/batijournal.com\/wp-content\/uploads\/2015\/03\/30126872.jpg\" \/>\n\t<meta property=\"og:image:width\" content=\"600\" \/>\n\t<meta property=\"og:image:height\" content=\"399\" \/>\n\t<meta property=\"og:image:type\" content=\"image\/jpeg\" \/>\n<meta name=\"author\" content=\"Bati-journal\" \/>\n<meta name=\"twitter:card\" content=\"summary_large_image\" \/>\n<meta name=\"twitter:creator\" content=\"@bati_journal\" \/>\n<meta name=\"twitter:site\" content=\"@bati_journal\" \/>\n<meta name=\"twitter:label1\" content=\"\u00c9crit par\" \/>\n\t<meta name=\"twitter:data1\" content=\"Bati-journal\" \/>\n\t<meta name=\"twitter:label2\" content=\"Dur\u00e9e de lecture estim\u00e9e\" \/>\n\t<meta name=\"twitter:data2\" content=\"2 minutes\" \/>\n<script type=\"application\/ld+json\" class=\"yoast-schema-graph\">{\"@context\":\"https:\\\/\\\/schema.org\",\"@graph\":[{\"@type\":\"Article\",\"@id\":\"https:\\\/\\\/batijournal.com\\\/index.php\\\/le-premier-ministre-francois-fillon-continue-de-penser-que-la-croissance-verte-sera-moteur-de-redressement-economique\\\/70495\\\/#article\",\"isPartOf\":{\"@id\":\"https:\\\/\\\/batijournal.com\\\/index.php\\\/le-premier-ministre-francois-fillon-continue-de-penser-que-la-croissance-verte-sera-moteur-de-redressement-economique\\\/70495\\\/\"},\"author\":{\"name\":\"Bati-journal\",\"@id\":\"https:\\\/\\\/batijournal.com\\\/#\\\/schema\\\/person\\\/6a657e8967569e1b299972574848aa76\"},\"headline\":\"Le Premier Ministre Fran\u00e7ois Fillon continue de penser que la croissance verte sera moteur de redressement \u00e9conomique\",\"datePublished\":\"2011-09-13T22:00:00+00:00\",\"dateModified\":\"2019-07-15T10:11:25+00:00\",\"mainEntityOfPage\":{\"@id\":\"https:\\\/\\\/batijournal.com\\\/index.php\\\/le-premier-ministre-francois-fillon-continue-de-penser-que-la-croissance-verte-sera-moteur-de-redressement-economique\\\/70495\\\/\"},\"wordCount\":337,\"commentCount\":0,\"image\":{\"@id\":\"https:\\\/\\\/batijournal.com\\\/index.php\\\/le-premier-ministre-francois-fillon-continue-de-penser-que-la-croissance-verte-sera-moteur-de-redressement-economique\\\/70495\\\/#primaryimage\"},\"thumbnailUrl\":\"https:\\\/\\\/batijournal.com\\\/wp-content\\\/uploads\\\/2015\\\/03\\\/30126872.jpg\",\"keywords\":[\"francois fillon\"],\"articleSection\":[\"Architecture &amp; Conception\"],\"inLanguage\":\"fr-FR\",\"potentialAction\":[{\"@type\":\"CommentAction\",\"name\":\"Comment\",\"target\":[\"https:\\\/\\\/batijournal.com\\\/index.php\\\/le-premier-ministre-francois-fillon-continue-de-penser-que-la-croissance-verte-sera-moteur-de-redressement-economique\\\/70495\\\/#respond\"]}]},{\"@type\":\"WebPage\",\"@id\":\"https:\\\/\\\/batijournal.com\\\/index.php\\\/le-premier-ministre-francois-fillon-continue-de-penser-que-la-croissance-verte-sera-moteur-de-redressement-economique\\\/70495\\\/\",\"url\":\"https:\\\/\\\/batijournal.com\\\/index.php\\\/le-premier-ministre-francois-fillon-continue-de-penser-que-la-croissance-verte-sera-moteur-de-redressement-economique\\\/70495\\\/\",\"name\":\"Le Premier Ministre Fran\u00e7ois Fillon continue de penser que la croissance verte sera moteur de redressement \u00e9conomique\",\"isPartOf\":{\"@id\":\"https:\\\/\\\/batijournal.com\\\/#website\"},\"primaryImageOfPage\":{\"@id\":\"https:\\\/\\\/batijournal.com\\\/index.php\\\/le-premier-ministre-francois-fillon-continue-de-penser-que-la-croissance-verte-sera-moteur-de-redressement-economique\\\/70495\\\/#primaryimage\"},\"image\":{\"@id\":\"https:\\\/\\\/batijournal.com\\\/index.php\\\/le-premier-ministre-francois-fillon-continue-de-penser-que-la-croissance-verte-sera-moteur-de-redressement-economique\\\/70495\\\/#primaryimage\"},\"thumbnailUrl\":\"https:\\\/\\\/batijournal.com\\\/wp-content\\\/uploads\\\/2015\\\/03\\\/30126872.jpg\",\"datePublished\":\"2011-09-13T22:00:00+00:00\",\"dateModified\":\"2019-07-15T10:11:25+00:00\",\"author\":{\"@id\":\"https:\\\/\\\/batijournal.com\\\/#\\\/schema\\\/person\\\/6a657e8967569e1b299972574848aa76\"},\"breadcrumb\":{\"@id\":\"https:\\\/\\\/batijournal.com\\\/index.php\\\/le-premier-ministre-francois-fillon-continue-de-penser-que-la-croissance-verte-sera-moteur-de-redressement-economique\\\/70495\\\/#breadcrumb\"},\"inLanguage\":\"fr-FR\",\"potentialAction\":[{\"@type\":\"ReadAction\",\"target\":[\"https:\\\/\\\/batijournal.com\\\/index.php\\\/le-premier-ministre-francois-fillon-continue-de-penser-que-la-croissance-verte-sera-moteur-de-redressement-economique\\\/70495\\\/\"]}]},{\"@type\":\"ImageObject\",\"inLanguage\":\"fr-FR\",\"@id\":\"https:\\\/\\\/batijournal.com\\\/index.php\\\/le-premier-ministre-francois-fillon-continue-de-penser-que-la-croissance-verte-sera-moteur-de-redressement-economique\\\/70495\\\/#primaryimage\",\"url\":\"https:\\\/\\\/batijournal.com\\\/wp-content\\\/uploads\\\/2015\\\/03\\\/30126872.jpg\",\"contentUrl\":\"https:\\\/\\\/batijournal.com\\\/wp-content\\\/uploads\\\/2015\\\/03\\\/30126872.jpg\",\"width\":600,\"height\":399},{\"@type\":\"BreadcrumbList\",\"@id\":\"https:\\\/\\\/batijournal.com\\\/index.php\\\/le-premier-ministre-francois-fillon-continue-de-penser-que-la-croissance-verte-sera-moteur-de-redressement-economique\\\/70495\\\/#breadcrumb\",\"itemListElement\":[{\"@type\":\"ListItem\",\"position\":1,\"name\":\"Accueil\",\"item\":\"https:\\\/\\\/batijournal.com\\\/\"},{\"@type\":\"ListItem\",\"position\":2,\"name\":\"Actualit\u00e9s\",\"item\":\"https:\\\/\\\/batijournal.com\\\/index.php\\\/category\\\/actualites\\\/\"},{\"@type\":\"ListItem\",\"position\":3,\"name\":\"Architecture &amp; Conception\",\"item\":\"https:\\\/\\\/batijournal.com\\\/index.php\\\/category\\\/actualites\\\/architecture-conception\\\/\"},{\"@type\":\"ListItem\",\"position\":4,\"name\":\"Le Premier Ministre Fran\u00e7ois Fillon continue de penser que la croissance verte sera moteur de redressement \u00e9conomique\"}]},{\"@type\":\"WebSite\",\"@id\":\"https:\\\/\\\/batijournal.com\\\/#website\",\"url\":\"https:\\\/\\\/batijournal.com\\\/\",\"name\":\"Batijournal\",\"description\":\"L&#039;actualit\u00e9 du b\u00e2timent\",\"potentialAction\":[{\"@type\":\"SearchAction\",\"target\":{\"@type\":\"EntryPoint\",\"urlTemplate\":\"https:\\\/\\\/batijournal.com\\\/?s={search_term_string}\"},\"query-input\":{\"@type\":\"PropertyValueSpecification\",\"valueRequired\":true,\"valueName\":\"search_term_string\"}}],\"inLanguage\":\"fr-FR\"},{\"@type\":\"Person\",\"@id\":\"https:\\\/\\\/batijournal.com\\\/#\\\/schema\\\/person\\\/6a657e8967569e1b299972574848aa76\",\"name\":\"Bati-journal\",\"image\":{\"@type\":\"ImageObject\",\"inLanguage\":\"fr-FR\",\"@id\":\"https:\\\/\\\/secure.gravatar.com\\\/avatar\\\/a64364ea26392f9b4dd47e017ddaec74ff03aefc073b49e492e847201258f777?s=96&d=mm&r=g\",\"url\":\"https:\\\/\\\/secure.gravatar.com\\\/avatar\\\/a64364ea26392f9b4dd47e017ddaec74ff03aefc073b49e492e847201258f777?s=96&d=mm&r=g\",\"contentUrl\":\"https:\\\/\\\/secure.gravatar.com\\\/avatar\\\/a64364ea26392f9b4dd47e017ddaec74ff03aefc073b49e492e847201258f777?s=96&d=mm&r=g\",\"caption\":\"Bati-journal\"},\"url\":\"https:\\\/\\\/batijournal.com\\\/index.php\\\/author\\\/elodie\\\/\"}]}<\/script>\n<!-- \/ Yoast SEO plugin. -->","yoast_head_json":{"title":"Le Premier Ministre Fran\u00e7ois Fillon continue de penser que la croissance verte sera moteur de redressement \u00e9conomique","robots":{"index":"index","follow":"follow","max-snippet":"max-snippet:-1","max-image-preview":"max-image-preview:large","max-video-preview":"max-video-preview:-1"},"canonical":"https:\/\/batijournal.com\/index.php\/le-premier-ministre-francois-fillon-continue-de-penser-que-la-croissance-verte-sera-moteur-de-redressement-economique\/70495\/","og_locale":"fr_FR","og_type":"article","og_title":"Le Premier Ministre Fran\u00e7ois Fillon continue de penser que la croissance verte sera moteur de redressement \u00e9conomique","og_description":"Le Premier Ministre a cl\u00f4tur\u00e9 le Colloque international, \u00ab La croissance de demain \u00bb, organis\u00e9 par le Centre d\u2019Analyse Strat\u00e9gique \u00e0 la Maison de la Chimie, le lundi 12 septembre 2011. Sans annoncer de nouvelles mesures d\u2019investissement dans l\u2019\u00e9conomie verte et le b\u00e2timent durable, Fran\u00e7ois Fillon a rappel\u00e9 l\u2019importance de ces secteurs dans le red\u00e9marrage [&hellip;]","og_url":"https:\/\/batijournal.com\/index.php\/le-premier-ministre-francois-fillon-continue-de-penser-que-la-croissance-verte-sera-moteur-de-redressement-economique\/70495\/","og_site_name":"Batijournal","article_published_time":"2011-09-13T22:00:00+00:00","article_modified_time":"2019-07-15T10:11:25+00:00","og_image":[{"width":600,"height":399,"url":"https:\/\/batijournal.com\/wp-content\/uploads\/2015\/03\/30126872.jpg","type":"image\/jpeg"}],"author":"Bati-journal","twitter_card":"summary_large_image","twitter_creator":"@bati_journal","twitter_site":"@bati_journal","twitter_misc":{"\u00c9crit par":"Bati-journal","Dur\u00e9e de lecture estim\u00e9e":"2 minutes"},"schema":{"@context":"https:\/\/schema.org","@graph":[{"@type":"Article","@id":"https:\/\/batijournal.com\/index.php\/le-premier-ministre-francois-fillon-continue-de-penser-que-la-croissance-verte-sera-moteur-de-redressement-economique\/70495\/#article","isPartOf":{"@id":"https:\/\/batijournal.com\/index.php\/le-premier-ministre-francois-fillon-continue-de-penser-que-la-croissance-verte-sera-moteur-de-redressement-economique\/70495\/"},"author":{"name":"Bati-journal","@id":"https:\/\/batijournal.com\/#\/schema\/person\/6a657e8967569e1b299972574848aa76"},"headline":"Le Premier Ministre Fran\u00e7ois Fillon continue de penser que la croissance verte sera moteur de redressement \u00e9conomique","datePublished":"2011-09-13T22:00:00+00:00","dateModified":"2019-07-15T10:11:25+00:00","mainEntityOfPage":{"@id":"https:\/\/batijournal.com\/index.php\/le-premier-ministre-francois-fillon-continue-de-penser-que-la-croissance-verte-sera-moteur-de-redressement-economique\/70495\/"},"wordCount":337,"commentCount":0,"image":{"@id":"https:\/\/batijournal.com\/index.php\/le-premier-ministre-francois-fillon-continue-de-penser-que-la-croissance-verte-sera-moteur-de-redressement-economique\/70495\/#primaryimage"},"thumbnailUrl":"https:\/\/batijournal.com\/wp-content\/uploads\/2015\/03\/30126872.jpg","keywords":["francois fillon"],"articleSection":["Architecture &amp; Conception"],"inLanguage":"fr-FR","potentialAction":[{"@type":"CommentAction","name":"Comment","target":["https:\/\/batijournal.com\/index.php\/le-premier-ministre-francois-fillon-continue-de-penser-que-la-croissance-verte-sera-moteur-de-redressement-economique\/70495\/#respond"]}]},{"@type":"WebPage","@id":"https:\/\/batijournal.com\/index.php\/le-premier-ministre-francois-fillon-continue-de-penser-que-la-croissance-verte-sera-moteur-de-redressement-economique\/70495\/","url":"https:\/\/batijournal.com\/index.php\/le-premier-ministre-francois-fillon-continue-de-penser-que-la-croissance-verte-sera-moteur-de-redressement-economique\/70495\/","name":"Le Premier Ministre Fran\u00e7ois Fillon continue de penser que la croissance verte sera moteur de redressement \u00e9conomique","isPartOf":{"@id":"https:\/\/batijournal.com\/#website"},"primaryImageOfPage":{"@id":"https:\/\/batijournal.com\/index.php\/le-premier-ministre-francois-fillon-continue-de-penser-que-la-croissance-verte-sera-moteur-de-redressement-economique\/70495\/#primaryimage"},"image":{"@id":"https:\/\/batijournal.com\/index.php\/le-premier-ministre-francois-fillon-continue-de-penser-que-la-croissance-verte-sera-moteur-de-redressement-economique\/70495\/#primaryimage"},"thumbnailUrl":"https:\/\/batijournal.com\/wp-content\/uploads\/2015\/03\/30126872.jpg","datePublished":"2011-09-13T22:00:00+00:00","dateModified":"2019-07-15T10:11:25+00:00","author":{"@id":"https:\/\/batijournal.com\/#\/schema\/person\/6a657e8967569e1b299972574848aa76"},"breadcrumb":{"@id":"https:\/\/batijournal.com\/index.php\/le-premier-ministre-francois-fillon-continue-de-penser-que-la-croissance-verte-sera-moteur-de-redressement-economique\/70495\/#breadcrumb"},"inLanguage":"fr-FR","potentialAction":[{"@type":"ReadAction","target":["https:\/\/batijournal.com\/index.php\/le-premier-ministre-francois-fillon-continue-de-penser-que-la-croissance-verte-sera-moteur-de-redressement-economique\/70495\/"]}]},{"@type":"ImageObject","inLanguage":"fr-FR","@id":"https:\/\/batijournal.com\/index.php\/le-premier-ministre-francois-fillon-continue-de-penser-que-la-croissance-verte-sera-moteur-de-redressement-economique\/70495\/#primaryimage","url":"https:\/\/batijournal.com\/wp-content\/uploads\/2015\/03\/30126872.jpg","contentUrl":"https:\/\/batijournal.com\/wp-content\/uploads\/2015\/03\/30126872.jpg","width":600,"height":399},{"@type":"BreadcrumbList","@id":"https:\/\/batijournal.com\/index.php\/le-premier-ministre-francois-fillon-continue-de-penser-que-la-croissance-verte-sera-moteur-de-redressement-economique\/70495\/#breadcrumb","itemListElement":[{"@type":"ListItem","position":1,"name":"Accueil","item":"https:\/\/batijournal.com\/"},{"@type":"ListItem","position":2,"name":"Actualit\u00e9s","item":"https:\/\/batijournal.com\/index.php\/category\/actualites\/"},{"@type":"ListItem","position":3,"name":"Architecture &amp; Conception","item":"https:\/\/batijournal.com\/index.php\/category\/actualites\/architecture-conception\/"},{"@type":"ListItem","position":4,"name":"Le Premier Ministre Fran\u00e7ois Fillon continue de penser que la croissance verte sera moteur de redressement \u00e9conomique"}]},{"@type":"WebSite","@id":"https:\/\/batijournal.com\/#website","url":"https:\/\/batijournal.com\/","name":"Batijournal","description":"L&#039;actualit\u00e9 du b\u00e2timent","potentialAction":[{"@type":"SearchAction","target":{"@type":"EntryPoint","urlTemplate":"https:\/\/batijournal.com\/?s={search_term_string}"},"query-input":{"@type":"PropertyValueSpecification","valueRequired":true,"valueName":"search_term_string"}}],"inLanguage":"fr-FR"},{"@type":"Person","@id":"https:\/\/batijournal.com\/#\/schema\/person\/6a657e8967569e1b299972574848aa76","name":"Bati-journal","image":{"@type":"ImageObject","inLanguage":"fr-FR","@id":"https:\/\/secure.gravatar.com\/avatar\/a64364ea26392f9b4dd47e017ddaec74ff03aefc073b49e492e847201258f777?s=96&d=mm&r=g","url":"https:\/\/secure.gravatar.com\/avatar\/a64364ea26392f9b4dd47e017ddaec74ff03aefc073b49e492e847201258f777?s=96&d=mm&r=g","contentUrl":"https:\/\/secure.gravatar.com\/avatar\/a64364ea26392f9b4dd47e017ddaec74ff03aefc073b49e492e847201258f777?s=96&d=mm&r=g","caption":"Bati-journal"},"url":"https:\/\/batijournal.com\/index.php\/author\/elodie\/"}]}},"_links":{"self":[{"href":"https:\/\/batijournal.com\/index.php\/wp-json\/wp\/v2\/posts\/70495","targetHints":{"allow":["GET"]}}],"collection":[{"href":"https:\/\/batijournal.com\/index.php\/wp-json\/wp\/v2\/posts"}],"about":[{"href":"https:\/\/batijournal.com\/index.php\/wp-json\/wp\/v2\/types\/post"}],"author":[{"embeddable":true,"href":"https:\/\/batijournal.com\/index.php\/wp-json\/wp\/v2\/users\/1"}],"replies":[{"embeddable":true,"href":"https:\/\/batijournal.com\/index.php\/wp-json\/wp\/v2\/comments?post=70495"}],"version-history":[{"count":0,"href":"https:\/\/batijournal.com\/index.php\/wp-json\/wp\/v2\/posts\/70495\/revisions"}],"wp:featuredmedia":[{"embeddable":true,"href":"https:\/\/batijournal.com\/index.php\/wp-json\/wp\/v2\/media\/70496"}],"wp:attachment":[{"href":"https:\/\/batijournal.com\/index.php\/wp-json\/wp\/v2\/media?parent=70495"}],"wp:term":[{"taxonomy":"category","embeddable":true,"href":"https:\/\/batijournal.com\/index.php\/wp-json\/wp\/v2\/categories?post=70495"},{"taxonomy":"post_tag","embeddable":true,"href":"https:\/\/batijournal.com\/index.php\/wp-json\/wp\/v2\/tags?post=70495"}],"curies":[{"name":"wp","href":"https:\/\/api.w.org\/{rel}","templated":true}]}}