{"id":70506,"date":"2012-07-06T00:00:00","date_gmt":"2012-07-05T22:00:00","guid":{"rendered":"http:\/\/b.bati-journal.com\/la-ville-durable-et-intelligente-au-coeur-de-pollutec-2012\/70506"},"modified":"2019-07-15T12:11:24","modified_gmt":"2019-07-15T10:11:24","slug":"la-ville-durable-et-intelligente-au-coeur-de-pollutec-2012","status":"publish","type":"post","link":"https:\/\/batijournal.com\/index.php\/la-ville-durable-et-intelligente-au-coeur-de-pollutec-2012\/70506\/","title":{"rendered":"La ville durable et intelligente au coeur de Pollutec 2012"},"content":{"rendered":"<p>Pollutec, 25e salon international des \u00e9quipements, des technologies et des services de l&rsquo;environnement, du 27 au 30 novembre 2012, Lyon EurexpoPollutec a choisi de mettre l&rsquo;accent, cette ann\u00e9e, sur l&rsquo;enjeu du d\u00e9veloppement d&rsquo;un nouveau mod\u00e8le urbain en allant au-del\u00e0 de l&rsquo;offre de solutions d\u00e9j\u00e0 pr\u00e9sentes sur le salon. Aussi l&rsquo;\u00e9dition 2012 accueillera-t-elle, les 27 et 28 novembre, le Sustainable City Solutions, un \u00e9v\u00e9nement principalement ax\u00e9 sur les retours d&rsquo;exp\u00e9rience \u00e0 l&rsquo;\u00e9chelle mondiale, riche en conf\u00e9rences avec pl\u00e9ni\u00e8res et tables rondes autour de sp\u00e9cialistes internationaux, qui proposera aussi des visites de sites pilotes de la r\u00e9gion lyonnaise. Une large place sera faite aux solutions novatrices et prometteuses sur l&rsquo;espace sp\u00e9cifique Ville durable et r\u00e9seaux urbains intelligents qui associera par ailleurs zone d&rsquo;exposition et rencontres avec des experts. Au sein des secteurs traditionnels du salon, de tr\u00e8s nombreux exposants pr\u00e9senteront des solutions s&rsquo;int\u00e9grant aux d\u00e9marches vers une ville durable.<\/p>\n","protected":false},"excerpt":{"rendered":"<p>Pollutec, 25e salon international des \u00e9quipements, des technologies et des services de l&rsquo;environnement, du 27 au 30 novembre 2012, Lyon EurexpoPollutec a choisi de mettre l&rsquo;accent, cette ann\u00e9e, sur l&rsquo;enjeu du d\u00e9veloppement d&rsquo;un nouveau mod\u00e8le urbain en allant au-del\u00e0 de l&rsquo;offre de solutions d\u00e9j\u00e0 pr\u00e9sentes sur le salon. Aussi l&rsquo;\u00e9dition 2012 accueillera-t-elle, les 27 et [&hellip;]<\/p>\n","protected":false},"author":1,"featured_media":0,"comment_status":"open","ping_status":"closed","sticky":false,"template":"","format":"standard","meta":{"_et_pb_use_builder":"","_et_pb_old_content":"","_et_gb_content_width":"","footnotes":""},"categories":[6340],"tags":[2146],"class_list":["post-70506","post","type-post","status-publish","format-standard","hentry","category-architecture-conception","tag-pollutec"],"yoast_head":"<!-- This site is optimized with the Yoast SEO plugin v27.4 - https:\/\/yoast.com\/product\/yoast-seo-wordpress\/ -->\n<title>La ville durable et intelligente au coeur de Pollutec 2012<\/title>\n<meta name=\"robots\" content=\"index, follow, max-snippet:-1, max-image-preview:large, max-video-preview:-1\" \/>\n<link rel=\"canonical\" href=\"https:\/\/batijournal.com\/index.php\/la-ville-durable-et-intelligente-au-coeur-de-pollutec-2012\/70506\/\" \/>\n<meta property=\"og:locale\" content=\"fr_FR\" \/>\n<meta property=\"og:type\" content=\"article\" \/>\n<meta property=\"og:title\" content=\"La ville durable et intelligente au coeur de Pollutec 2012\" \/>\n<meta property=\"og:description\" content=\"Pollutec, 25e salon international des \u00e9quipements, des technologies et des services de l&rsquo;environnement, du 27 au 30 novembre 2012, Lyon EurexpoPollutec a choisi de mettre l&rsquo;accent, cette ann\u00e9e, sur l&rsquo;enjeu du d\u00e9veloppement d&rsquo;un nouveau mod\u00e8le urbain en allant au-del\u00e0 de l&rsquo;offre de solutions d\u00e9j\u00e0 pr\u00e9sentes sur le salon. Aussi l&rsquo;\u00e9dition 2012 accueillera-t-elle, les 27 et [&hellip;]\" \/>\n<meta property=\"og:url\" content=\"https:\/\/batijournal.com\/index.php\/la-ville-durable-et-intelligente-au-coeur-de-pollutec-2012\/70506\/\" \/>\n<meta property=\"og:site_name\" content=\"Batijournal\" \/>\n<meta property=\"article:published_time\" content=\"2012-07-05T22:00:00+00:00\" \/>\n<meta property=\"article:modified_time\" content=\"2019-07-15T10:11:24+00:00\" \/>\n<meta name=\"author\" content=\"Bati-journal\" \/>\n<meta name=\"twitter:card\" content=\"summary_large_image\" \/>\n<meta name=\"twitter:creator\" content=\"@bati_journal\" \/>\n<meta name=\"twitter:site\" content=\"@bati_journal\" \/>\n<meta name=\"twitter:label1\" content=\"\u00c9crit par\" \/>\n\t<meta name=\"twitter:data1\" content=\"Bati-journal\" \/>\n\t<meta name=\"twitter:label2\" content=\"Dur\u00e9e de lecture estim\u00e9e\" \/>\n\t<meta name=\"twitter:data2\" content=\"1 minute\" \/>\n<script type=\"application\/ld+json\" class=\"yoast-schema-graph\">{\"@context\":\"https:\\\/\\\/schema.org\",\"@graph\":[{\"@type\":\"Article\",\"@id\":\"https:\\\/\\\/batijournal.com\\\/index.php\\\/la-ville-durable-et-intelligente-au-coeur-de-pollutec-2012\\\/70506\\\/#article\",\"isPartOf\":{\"@id\":\"https:\\\/\\\/batijournal.com\\\/index.php\\\/la-ville-durable-et-intelligente-au-coeur-de-pollutec-2012\\\/70506\\\/\"},\"author\":{\"name\":\"Bati-journal\",\"@id\":\"https:\\\/\\\/batijournal.com\\\/#\\\/schema\\\/person\\\/6a657e8967569e1b299972574848aa76\"},\"headline\":\"La ville durable et intelligente au coeur de Pollutec 2012\",\"datePublished\":\"2012-07-05T22:00:00+00:00\",\"dateModified\":\"2019-07-15T10:11:24+00:00\",\"mainEntityOfPage\":{\"@id\":\"https:\\\/\\\/batijournal.com\\\/index.php\\\/la-ville-durable-et-intelligente-au-coeur-de-pollutec-2012\\\/70506\\\/\"},\"wordCount\":178,\"commentCount\":0,\"keywords\":[\"Pollutec\"],\"articleSection\":[\"Architecture &amp; Conception\"],\"inLanguage\":\"fr-FR\",\"potentialAction\":[{\"@type\":\"CommentAction\",\"name\":\"Comment\",\"target\":[\"https:\\\/\\\/batijournal.com\\\/index.php\\\/la-ville-durable-et-intelligente-au-coeur-de-pollutec-2012\\\/70506\\\/#respond\"]}]},{\"@type\":\"WebPage\",\"@id\":\"https:\\\/\\\/batijournal.com\\\/index.php\\\/la-ville-durable-et-intelligente-au-coeur-de-pollutec-2012\\\/70506\\\/\",\"url\":\"https:\\\/\\\/batijournal.com\\\/index.php\\\/la-ville-durable-et-intelligente-au-coeur-de-pollutec-2012\\\/70506\\\/\",\"name\":\"La ville durable et intelligente au coeur de Pollutec 2012\",\"isPartOf\":{\"@id\":\"https:\\\/\\\/batijournal.com\\\/#website\"},\"datePublished\":\"2012-07-05T22:00:00+00:00\",\"dateModified\":\"2019-07-15T10:11:24+00:00\",\"author\":{\"@id\":\"https:\\\/\\\/batijournal.com\\\/#\\\/schema\\\/person\\\/6a657e8967569e1b299972574848aa76\"},\"breadcrumb\":{\"@id\":\"https:\\\/\\\/batijournal.com\\\/index.php\\\/la-ville-durable-et-intelligente-au-coeur-de-pollutec-2012\\\/70506\\\/#breadcrumb\"},\"inLanguage\":\"fr-FR\",\"potentialAction\":[{\"@type\":\"ReadAction\",\"target\":[\"https:\\\/\\\/batijournal.com\\\/index.php\\\/la-ville-durable-et-intelligente-au-coeur-de-pollutec-2012\\\/70506\\\/\"]}]},{\"@type\":\"BreadcrumbList\",\"@id\":\"https:\\\/\\\/batijournal.com\\\/index.php\\\/la-ville-durable-et-intelligente-au-coeur-de-pollutec-2012\\\/70506\\\/#breadcrumb\",\"itemListElement\":[{\"@type\":\"ListItem\",\"position\":1,\"name\":\"Accueil\",\"item\":\"https:\\\/\\\/batijournal.com\\\/\"},{\"@type\":\"ListItem\",\"position\":2,\"name\":\"Actualit\u00e9s\",\"item\":\"https:\\\/\\\/batijournal.com\\\/index.php\\\/category\\\/actualites\\\/\"},{\"@type\":\"ListItem\",\"position\":3,\"name\":\"Architecture &amp; Conception\",\"item\":\"https:\\\/\\\/batijournal.com\\\/index.php\\\/category\\\/actualites\\\/architecture-conception\\\/\"},{\"@type\":\"ListItem\",\"position\":4,\"name\":\"La ville durable et intelligente au coeur de Pollutec 2012\"}]},{\"@type\":\"WebSite\",\"@id\":\"https:\\\/\\\/batijournal.com\\\/#website\",\"url\":\"https:\\\/\\\/batijournal.com\\\/\",\"name\":\"Batijournal\",\"description\":\"L&#039;actualit\u00e9 du b\u00e2timent\",\"potentialAction\":[{\"@type\":\"SearchAction\",\"target\":{\"@type\":\"EntryPoint\",\"urlTemplate\":\"https:\\\/\\\/batijournal.com\\\/?s={search_term_string}\"},\"query-input\":{\"@type\":\"PropertyValueSpecification\",\"valueRequired\":true,\"valueName\":\"search_term_string\"}}],\"inLanguage\":\"fr-FR\"},{\"@type\":\"Person\",\"@id\":\"https:\\\/\\\/batijournal.com\\\/#\\\/schema\\\/person\\\/6a657e8967569e1b299972574848aa76\",\"name\":\"Bati-journal\",\"image\":{\"@type\":\"ImageObject\",\"inLanguage\":\"fr-FR\",\"@id\":\"https:\\\/\\\/secure.gravatar.com\\\/avatar\\\/a64364ea26392f9b4dd47e017ddaec74ff03aefc073b49e492e847201258f777?s=96&d=mm&r=g\",\"url\":\"https:\\\/\\\/secure.gravatar.com\\\/avatar\\\/a64364ea26392f9b4dd47e017ddaec74ff03aefc073b49e492e847201258f777?s=96&d=mm&r=g\",\"contentUrl\":\"https:\\\/\\\/secure.gravatar.com\\\/avatar\\\/a64364ea26392f9b4dd47e017ddaec74ff03aefc073b49e492e847201258f777?s=96&d=mm&r=g\",\"caption\":\"Bati-journal\"},\"url\":\"https:\\\/\\\/batijournal.com\\\/index.php\\\/author\\\/elodie\\\/\"}]}<\/script>\n<!-- \/ Yoast SEO plugin. -->","yoast_head_json":{"title":"La ville durable et intelligente au coeur de Pollutec 2012","robots":{"index":"index","follow":"follow","max-snippet":"max-snippet:-1","max-image-preview":"max-image-preview:large","max-video-preview":"max-video-preview:-1"},"canonical":"https:\/\/batijournal.com\/index.php\/la-ville-durable-et-intelligente-au-coeur-de-pollutec-2012\/70506\/","og_locale":"fr_FR","og_type":"article","og_title":"La ville durable et intelligente au coeur de Pollutec 2012","og_description":"Pollutec, 25e salon international des \u00e9quipements, des technologies et des services de l&rsquo;environnement, du 27 au 30 novembre 2012, Lyon EurexpoPollutec a choisi de mettre l&rsquo;accent, cette ann\u00e9e, sur l&rsquo;enjeu du d\u00e9veloppement d&rsquo;un nouveau mod\u00e8le urbain en allant au-del\u00e0 de l&rsquo;offre de solutions d\u00e9j\u00e0 pr\u00e9sentes sur le salon. Aussi l&rsquo;\u00e9dition 2012 accueillera-t-elle, les 27 et [&hellip;]","og_url":"https:\/\/batijournal.com\/index.php\/la-ville-durable-et-intelligente-au-coeur-de-pollutec-2012\/70506\/","og_site_name":"Batijournal","article_published_time":"2012-07-05T22:00:00+00:00","article_modified_time":"2019-07-15T10:11:24+00:00","author":"Bati-journal","twitter_card":"summary_large_image","twitter_creator":"@bati_journal","twitter_site":"@bati_journal","twitter_misc":{"\u00c9crit par":"Bati-journal","Dur\u00e9e de lecture estim\u00e9e":"1 minute"},"schema":{"@context":"https:\/\/schema.org","@graph":[{"@type":"Article","@id":"https:\/\/batijournal.com\/index.php\/la-ville-durable-et-intelligente-au-coeur-de-pollutec-2012\/70506\/#article","isPartOf":{"@id":"https:\/\/batijournal.com\/index.php\/la-ville-durable-et-intelligente-au-coeur-de-pollutec-2012\/70506\/"},"author":{"name":"Bati-journal","@id":"https:\/\/batijournal.com\/#\/schema\/person\/6a657e8967569e1b299972574848aa76"},"headline":"La ville durable et intelligente au coeur de Pollutec 2012","datePublished":"2012-07-05T22:00:00+00:00","dateModified":"2019-07-15T10:11:24+00:00","mainEntityOfPage":{"@id":"https:\/\/batijournal.com\/index.php\/la-ville-durable-et-intelligente-au-coeur-de-pollutec-2012\/70506\/"},"wordCount":178,"commentCount":0,"keywords":["Pollutec"],"articleSection":["Architecture &amp; Conception"],"inLanguage":"fr-FR","potentialAction":[{"@type":"CommentAction","name":"Comment","target":["https:\/\/batijournal.com\/index.php\/la-ville-durable-et-intelligente-au-coeur-de-pollutec-2012\/70506\/#respond"]}]},{"@type":"WebPage","@id":"https:\/\/batijournal.com\/index.php\/la-ville-durable-et-intelligente-au-coeur-de-pollutec-2012\/70506\/","url":"https:\/\/batijournal.com\/index.php\/la-ville-durable-et-intelligente-au-coeur-de-pollutec-2012\/70506\/","name":"La ville durable et intelligente au coeur de Pollutec 2012","isPartOf":{"@id":"https:\/\/batijournal.com\/#website"},"datePublished":"2012-07-05T22:00:00+00:00","dateModified":"2019-07-15T10:11:24+00:00","author":{"@id":"https:\/\/batijournal.com\/#\/schema\/person\/6a657e8967569e1b299972574848aa76"},"breadcrumb":{"@id":"https:\/\/batijournal.com\/index.php\/la-ville-durable-et-intelligente-au-coeur-de-pollutec-2012\/70506\/#breadcrumb"},"inLanguage":"fr-FR","potentialAction":[{"@type":"ReadAction","target":["https:\/\/batijournal.com\/index.php\/la-ville-durable-et-intelligente-au-coeur-de-pollutec-2012\/70506\/"]}]},{"@type":"BreadcrumbList","@id":"https:\/\/batijournal.com\/index.php\/la-ville-durable-et-intelligente-au-coeur-de-pollutec-2012\/70506\/#breadcrumb","itemListElement":[{"@type":"ListItem","position":1,"name":"Accueil","item":"https:\/\/batijournal.com\/"},{"@type":"ListItem","position":2,"name":"Actualit\u00e9s","item":"https:\/\/batijournal.com\/index.php\/category\/actualites\/"},{"@type":"ListItem","position":3,"name":"Architecture &amp; Conception","item":"https:\/\/batijournal.com\/index.php\/category\/actualites\/architecture-conception\/"},{"@type":"ListItem","position":4,"name":"La ville durable et intelligente au coeur de Pollutec 2012"}]},{"@type":"WebSite","@id":"https:\/\/batijournal.com\/#website","url":"https:\/\/batijournal.com\/","name":"Batijournal","description":"L&#039;actualit\u00e9 du b\u00e2timent","potentialAction":[{"@type":"SearchAction","target":{"@type":"EntryPoint","urlTemplate":"https:\/\/batijournal.com\/?s={search_term_string}"},"query-input":{"@type":"PropertyValueSpecification","valueRequired":true,"valueName":"search_term_string"}}],"inLanguage":"fr-FR"},{"@type":"Person","@id":"https:\/\/batijournal.com\/#\/schema\/person\/6a657e8967569e1b299972574848aa76","name":"Bati-journal","image":{"@type":"ImageObject","inLanguage":"fr-FR","@id":"https:\/\/secure.gravatar.com\/avatar\/a64364ea26392f9b4dd47e017ddaec74ff03aefc073b49e492e847201258f777?s=96&d=mm&r=g","url":"https:\/\/secure.gravatar.com\/avatar\/a64364ea26392f9b4dd47e017ddaec74ff03aefc073b49e492e847201258f777?s=96&d=mm&r=g","contentUrl":"https:\/\/secure.gravatar.com\/avatar\/a64364ea26392f9b4dd47e017ddaec74ff03aefc073b49e492e847201258f777?s=96&d=mm&r=g","caption":"Bati-journal"},"url":"https:\/\/batijournal.com\/index.php\/author\/elodie\/"}]}},"_links":{"self":[{"href":"https:\/\/batijournal.com\/index.php\/wp-json\/wp\/v2\/posts\/70506","targetHints":{"allow":["GET"]}}],"collection":[{"href":"https:\/\/batijournal.com\/index.php\/wp-json\/wp\/v2\/posts"}],"about":[{"href":"https:\/\/batijournal.com\/index.php\/wp-json\/wp\/v2\/types\/post"}],"author":[{"embeddable":true,"href":"https:\/\/batijournal.com\/index.php\/wp-json\/wp\/v2\/users\/1"}],"replies":[{"embeddable":true,"href":"https:\/\/batijournal.com\/index.php\/wp-json\/wp\/v2\/comments?post=70506"}],"version-history":[{"count":0,"href":"https:\/\/batijournal.com\/index.php\/wp-json\/wp\/v2\/posts\/70506\/revisions"}],"wp:attachment":[{"href":"https:\/\/batijournal.com\/index.php\/wp-json\/wp\/v2\/media?parent=70506"}],"wp:term":[{"taxonomy":"category","embeddable":true,"href":"https:\/\/batijournal.com\/index.php\/wp-json\/wp\/v2\/categories?post=70506"},{"taxonomy":"post_tag","embeddable":true,"href":"https:\/\/batijournal.com\/index.php\/wp-json\/wp\/v2\/tags?post=70506"}],"curies":[{"name":"wp","href":"https:\/\/api.w.org\/{rel}","templated":true}]}}