{"id":70532,"date":"2009-06-16T16:06:21","date_gmt":"2009-06-16T14:06:21","guid":{"rendered":"http:\/\/b.bati-journal.com\/les-charpentiers-et-les-agenceurs-ne-se-serrent-pas-la-vis-en-juin\/70532"},"modified":"2019-07-15T12:02:34","modified_gmt":"2019-07-15T10:02:34","slug":"les-charpentiers-et-les-agenceurs-ne-se-serrent-pas-la-vis-en-juin","status":"publish","type":"post","link":"https:\/\/batijournal.com\/index.php\/les-charpentiers-et-les-agenceurs-ne-se-serrent-pas-la-vis-en-juin\/70532\/","title":{"rendered":"Les charpentiers et les agenceurs ne se serrent pas la vis en juin"},"content":{"rendered":"<p>Agenceurs et charpentiers ont le mois de juin pour profiter de lots d\u00e9couvertes des nouvelles vis \u00e0 bois de la gamme Assy 3.0 de W\u00fcrth. Plusieurs formes de t\u00eates sont propos\u00e9es : frais\u00e9e, fraisoirs \u00e0 facette, cylindrique bomb\u00e9e, r\u00e9duite et perc\u00e9e. \u00c0 empreinte AW, les vis ont diff\u00e9rentes finitions : acier zingu\u00e9, inox A2, inox A4 et inox HCR.<\/p>\n","protected":false},"excerpt":{"rendered":"<p>Agenceurs et charpentiers ont le mois de juin pour profiter de lots d\u00e9couvertes des nouvelles vis \u00e0 bois de la gamme Assy 3.0 de W\u00fcrth. Plusieurs formes de t\u00eates sont propos\u00e9es : frais\u00e9e, fraisoirs \u00e0 facette, cylindrique bomb\u00e9e, r\u00e9duite et perc\u00e9e. \u00c0 empreinte AW, les vis ont diff\u00e9rentes finitions : acier zingu\u00e9, inox A2, inox [&hellip;]<\/p>\n","protected":false},"author":1,"featured_media":70533,"comment_status":"open","ping_status":"closed","sticky":false,"template":"","format":"standard","meta":{"_et_pb_use_builder":"","_et_pb_old_content":"","_et_gb_content_width":"","footnotes":""},"categories":[6345],"tags":[],"class_list":["post-70532","post","type-post","status-publish","format-standard","has-post-thumbnail","hentry","category-economie-marches"],"yoast_head":"<!-- This site is optimized with the Yoast SEO plugin v27.4 - https:\/\/yoast.com\/product\/yoast-seo-wordpress\/ -->\n<title>Les charpentiers et les agenceurs ne se serrent pas la vis en juin<\/title>\n<meta name=\"robots\" content=\"index, follow, max-snippet:-1, max-image-preview:large, max-video-preview:-1\" \/>\n<link rel=\"canonical\" href=\"https:\/\/batijournal.com\/index.php\/les-charpentiers-et-les-agenceurs-ne-se-serrent-pas-la-vis-en-juin\/70532\/\" \/>\n<meta property=\"og:locale\" content=\"fr_FR\" \/>\n<meta property=\"og:type\" content=\"article\" \/>\n<meta property=\"og:title\" content=\"Les charpentiers et les agenceurs ne se serrent pas la vis en juin\" \/>\n<meta property=\"og:description\" content=\"Agenceurs et charpentiers ont le mois de juin pour profiter de lots d\u00e9couvertes des nouvelles vis \u00e0 bois de la gamme Assy 3.0 de W\u00fcrth. Plusieurs formes de t\u00eates sont propos\u00e9es : frais\u00e9e, fraisoirs \u00e0 facette, cylindrique bomb\u00e9e, r\u00e9duite et perc\u00e9e. \u00c0 empreinte AW, les vis ont diff\u00e9rentes finitions : acier zingu\u00e9, inox A2, inox [&hellip;]\" \/>\n<meta property=\"og:url\" content=\"https:\/\/batijournal.com\/index.php\/les-charpentiers-et-les-agenceurs-ne-se-serrent-pas-la-vis-en-juin\/70532\/\" \/>\n<meta property=\"og:site_name\" content=\"Batijournal\" \/>\n<meta property=\"article:published_time\" content=\"2009-06-16T14:06:21+00:00\" \/>\n<meta property=\"article:modified_time\" content=\"2019-07-15T10:02:34+00:00\" \/>\n<meta property=\"og:image\" content=\"https:\/\/batijournal.com\/wp-content\/uploads\/2015\/03\/05121887.jpg\" \/>\n\t<meta property=\"og:image:width\" content=\"599\" \/>\n\t<meta property=\"og:image:height\" content=\"354\" \/>\n\t<meta property=\"og:image:type\" content=\"image\/jpeg\" \/>\n<meta name=\"author\" content=\"Bati-journal\" \/>\n<meta name=\"twitter:card\" content=\"summary_large_image\" \/>\n<meta name=\"twitter:creator\" content=\"@bati_journal\" \/>\n<meta name=\"twitter:site\" content=\"@bati_journal\" \/>\n<meta name=\"twitter:label1\" content=\"\u00c9crit par\" \/>\n\t<meta name=\"twitter:data1\" content=\"Bati-journal\" \/>\n<script type=\"application\/ld+json\" class=\"yoast-schema-graph\">{\"@context\":\"https:\\\/\\\/schema.org\",\"@graph\":[{\"@type\":\"Article\",\"@id\":\"https:\\\/\\\/batijournal.com\\\/index.php\\\/les-charpentiers-et-les-agenceurs-ne-se-serrent-pas-la-vis-en-juin\\\/70532\\\/#article\",\"isPartOf\":{\"@id\":\"https:\\\/\\\/batijournal.com\\\/index.php\\\/les-charpentiers-et-les-agenceurs-ne-se-serrent-pas-la-vis-en-juin\\\/70532\\\/\"},\"author\":{\"name\":\"Bati-journal\",\"@id\":\"https:\\\/\\\/batijournal.com\\\/#\\\/schema\\\/person\\\/6a657e8967569e1b299972574848aa76\"},\"headline\":\"Les charpentiers et les agenceurs ne se serrent pas la vis en juin\",\"datePublished\":\"2009-06-16T14:06:21+00:00\",\"dateModified\":\"2019-07-15T10:02:34+00:00\",\"mainEntityOfPage\":{\"@id\":\"https:\\\/\\\/batijournal.com\\\/index.php\\\/les-charpentiers-et-les-agenceurs-ne-se-serrent-pas-la-vis-en-juin\\\/70532\\\/\"},\"wordCount\":75,\"commentCount\":0,\"image\":{\"@id\":\"https:\\\/\\\/batijournal.com\\\/index.php\\\/les-charpentiers-et-les-agenceurs-ne-se-serrent-pas-la-vis-en-juin\\\/70532\\\/#primaryimage\"},\"thumbnailUrl\":\"https:\\\/\\\/batijournal.com\\\/wp-content\\\/uploads\\\/2015\\\/03\\\/05121887.jpg\",\"articleSection\":[\"\u00c9conomie &amp; March\u00e9s\"],\"inLanguage\":\"fr-FR\",\"potentialAction\":[{\"@type\":\"CommentAction\",\"name\":\"Comment\",\"target\":[\"https:\\\/\\\/batijournal.com\\\/index.php\\\/les-charpentiers-et-les-agenceurs-ne-se-serrent-pas-la-vis-en-juin\\\/70532\\\/#respond\"]}]},{\"@type\":\"WebPage\",\"@id\":\"https:\\\/\\\/batijournal.com\\\/index.php\\\/les-charpentiers-et-les-agenceurs-ne-se-serrent-pas-la-vis-en-juin\\\/70532\\\/\",\"url\":\"https:\\\/\\\/batijournal.com\\\/index.php\\\/les-charpentiers-et-les-agenceurs-ne-se-serrent-pas-la-vis-en-juin\\\/70532\\\/\",\"name\":\"Les charpentiers et les agenceurs ne se serrent pas la vis en juin\",\"isPartOf\":{\"@id\":\"https:\\\/\\\/batijournal.com\\\/#website\"},\"primaryImageOfPage\":{\"@id\":\"https:\\\/\\\/batijournal.com\\\/index.php\\\/les-charpentiers-et-les-agenceurs-ne-se-serrent-pas-la-vis-en-juin\\\/70532\\\/#primaryimage\"},\"image\":{\"@id\":\"https:\\\/\\\/batijournal.com\\\/index.php\\\/les-charpentiers-et-les-agenceurs-ne-se-serrent-pas-la-vis-en-juin\\\/70532\\\/#primaryimage\"},\"thumbnailUrl\":\"https:\\\/\\\/batijournal.com\\\/wp-content\\\/uploads\\\/2015\\\/03\\\/05121887.jpg\",\"datePublished\":\"2009-06-16T14:06:21+00:00\",\"dateModified\":\"2019-07-15T10:02:34+00:00\",\"author\":{\"@id\":\"https:\\\/\\\/batijournal.com\\\/#\\\/schema\\\/person\\\/6a657e8967569e1b299972574848aa76\"},\"breadcrumb\":{\"@id\":\"https:\\\/\\\/batijournal.com\\\/index.php\\\/les-charpentiers-et-les-agenceurs-ne-se-serrent-pas-la-vis-en-juin\\\/70532\\\/#breadcrumb\"},\"inLanguage\":\"fr-FR\",\"potentialAction\":[{\"@type\":\"ReadAction\",\"target\":[\"https:\\\/\\\/batijournal.com\\\/index.php\\\/les-charpentiers-et-les-agenceurs-ne-se-serrent-pas-la-vis-en-juin\\\/70532\\\/\"]}]},{\"@type\":\"ImageObject\",\"inLanguage\":\"fr-FR\",\"@id\":\"https:\\\/\\\/batijournal.com\\\/index.php\\\/les-charpentiers-et-les-agenceurs-ne-se-serrent-pas-la-vis-en-juin\\\/70532\\\/#primaryimage\",\"url\":\"https:\\\/\\\/batijournal.com\\\/wp-content\\\/uploads\\\/2015\\\/03\\\/05121887.jpg\",\"contentUrl\":\"https:\\\/\\\/batijournal.com\\\/wp-content\\\/uploads\\\/2015\\\/03\\\/05121887.jpg\",\"width\":599,\"height\":354},{\"@type\":\"BreadcrumbList\",\"@id\":\"https:\\\/\\\/batijournal.com\\\/index.php\\\/les-charpentiers-et-les-agenceurs-ne-se-serrent-pas-la-vis-en-juin\\\/70532\\\/#breadcrumb\",\"itemListElement\":[{\"@type\":\"ListItem\",\"position\":1,\"name\":\"Accueil\",\"item\":\"https:\\\/\\\/batijournal.com\\\/\"},{\"@type\":\"ListItem\",\"position\":2,\"name\":\"Actualit\u00e9s\",\"item\":\"https:\\\/\\\/batijournal.com\\\/index.php\\\/category\\\/actualites\\\/\"},{\"@type\":\"ListItem\",\"position\":3,\"name\":\"\u00c9conomie &amp; March\u00e9s\",\"item\":\"https:\\\/\\\/batijournal.com\\\/index.php\\\/category\\\/actualites\\\/economie-marches\\\/\"},{\"@type\":\"ListItem\",\"position\":4,\"name\":\"Les charpentiers et les agenceurs ne se serrent pas la vis en juin\"}]},{\"@type\":\"WebSite\",\"@id\":\"https:\\\/\\\/batijournal.com\\\/#website\",\"url\":\"https:\\\/\\\/batijournal.com\\\/\",\"name\":\"Batijournal\",\"description\":\"L&#039;actualit\u00e9 du b\u00e2timent\",\"potentialAction\":[{\"@type\":\"SearchAction\",\"target\":{\"@type\":\"EntryPoint\",\"urlTemplate\":\"https:\\\/\\\/batijournal.com\\\/?s={search_term_string}\"},\"query-input\":{\"@type\":\"PropertyValueSpecification\",\"valueRequired\":true,\"valueName\":\"search_term_string\"}}],\"inLanguage\":\"fr-FR\"},{\"@type\":\"Person\",\"@id\":\"https:\\\/\\\/batijournal.com\\\/#\\\/schema\\\/person\\\/6a657e8967569e1b299972574848aa76\",\"name\":\"Bati-journal\",\"image\":{\"@type\":\"ImageObject\",\"inLanguage\":\"fr-FR\",\"@id\":\"https:\\\/\\\/secure.gravatar.com\\\/avatar\\\/a64364ea26392f9b4dd47e017ddaec74ff03aefc073b49e492e847201258f777?s=96&d=mm&r=g\",\"url\":\"https:\\\/\\\/secure.gravatar.com\\\/avatar\\\/a64364ea26392f9b4dd47e017ddaec74ff03aefc073b49e492e847201258f777?s=96&d=mm&r=g\",\"contentUrl\":\"https:\\\/\\\/secure.gravatar.com\\\/avatar\\\/a64364ea26392f9b4dd47e017ddaec74ff03aefc073b49e492e847201258f777?s=96&d=mm&r=g\",\"caption\":\"Bati-journal\"},\"url\":\"https:\\\/\\\/batijournal.com\\\/index.php\\\/author\\\/elodie\\\/\"}]}<\/script>\n<!-- \/ Yoast SEO plugin. -->","yoast_head_json":{"title":"Les charpentiers et les agenceurs ne se serrent pas la vis en juin","robots":{"index":"index","follow":"follow","max-snippet":"max-snippet:-1","max-image-preview":"max-image-preview:large","max-video-preview":"max-video-preview:-1"},"canonical":"https:\/\/batijournal.com\/index.php\/les-charpentiers-et-les-agenceurs-ne-se-serrent-pas-la-vis-en-juin\/70532\/","og_locale":"fr_FR","og_type":"article","og_title":"Les charpentiers et les agenceurs ne se serrent pas la vis en juin","og_description":"Agenceurs et charpentiers ont le mois de juin pour profiter de lots d\u00e9couvertes des nouvelles vis \u00e0 bois de la gamme Assy 3.0 de W\u00fcrth. Plusieurs formes de t\u00eates sont propos\u00e9es : frais\u00e9e, fraisoirs \u00e0 facette, cylindrique bomb\u00e9e, r\u00e9duite et perc\u00e9e. \u00c0 empreinte AW, les vis ont diff\u00e9rentes finitions : acier zingu\u00e9, inox A2, inox [&hellip;]","og_url":"https:\/\/batijournal.com\/index.php\/les-charpentiers-et-les-agenceurs-ne-se-serrent-pas-la-vis-en-juin\/70532\/","og_site_name":"Batijournal","article_published_time":"2009-06-16T14:06:21+00:00","article_modified_time":"2019-07-15T10:02:34+00:00","og_image":[{"width":599,"height":354,"url":"https:\/\/batijournal.com\/wp-content\/uploads\/2015\/03\/05121887.jpg","type":"image\/jpeg"}],"author":"Bati-journal","twitter_card":"summary_large_image","twitter_creator":"@bati_journal","twitter_site":"@bati_journal","twitter_misc":{"\u00c9crit par":"Bati-journal"},"schema":{"@context":"https:\/\/schema.org","@graph":[{"@type":"Article","@id":"https:\/\/batijournal.com\/index.php\/les-charpentiers-et-les-agenceurs-ne-se-serrent-pas-la-vis-en-juin\/70532\/#article","isPartOf":{"@id":"https:\/\/batijournal.com\/index.php\/les-charpentiers-et-les-agenceurs-ne-se-serrent-pas-la-vis-en-juin\/70532\/"},"author":{"name":"Bati-journal","@id":"https:\/\/batijournal.com\/#\/schema\/person\/6a657e8967569e1b299972574848aa76"},"headline":"Les charpentiers et les agenceurs ne se serrent pas la vis en juin","datePublished":"2009-06-16T14:06:21+00:00","dateModified":"2019-07-15T10:02:34+00:00","mainEntityOfPage":{"@id":"https:\/\/batijournal.com\/index.php\/les-charpentiers-et-les-agenceurs-ne-se-serrent-pas-la-vis-en-juin\/70532\/"},"wordCount":75,"commentCount":0,"image":{"@id":"https:\/\/batijournal.com\/index.php\/les-charpentiers-et-les-agenceurs-ne-se-serrent-pas-la-vis-en-juin\/70532\/#primaryimage"},"thumbnailUrl":"https:\/\/batijournal.com\/wp-content\/uploads\/2015\/03\/05121887.jpg","articleSection":["\u00c9conomie &amp; March\u00e9s"],"inLanguage":"fr-FR","potentialAction":[{"@type":"CommentAction","name":"Comment","target":["https:\/\/batijournal.com\/index.php\/les-charpentiers-et-les-agenceurs-ne-se-serrent-pas-la-vis-en-juin\/70532\/#respond"]}]},{"@type":"WebPage","@id":"https:\/\/batijournal.com\/index.php\/les-charpentiers-et-les-agenceurs-ne-se-serrent-pas-la-vis-en-juin\/70532\/","url":"https:\/\/batijournal.com\/index.php\/les-charpentiers-et-les-agenceurs-ne-se-serrent-pas-la-vis-en-juin\/70532\/","name":"Les charpentiers et les agenceurs ne se serrent pas la vis en juin","isPartOf":{"@id":"https:\/\/batijournal.com\/#website"},"primaryImageOfPage":{"@id":"https:\/\/batijournal.com\/index.php\/les-charpentiers-et-les-agenceurs-ne-se-serrent-pas-la-vis-en-juin\/70532\/#primaryimage"},"image":{"@id":"https:\/\/batijournal.com\/index.php\/les-charpentiers-et-les-agenceurs-ne-se-serrent-pas-la-vis-en-juin\/70532\/#primaryimage"},"thumbnailUrl":"https:\/\/batijournal.com\/wp-content\/uploads\/2015\/03\/05121887.jpg","datePublished":"2009-06-16T14:06:21+00:00","dateModified":"2019-07-15T10:02:34+00:00","author":{"@id":"https:\/\/batijournal.com\/#\/schema\/person\/6a657e8967569e1b299972574848aa76"},"breadcrumb":{"@id":"https:\/\/batijournal.com\/index.php\/les-charpentiers-et-les-agenceurs-ne-se-serrent-pas-la-vis-en-juin\/70532\/#breadcrumb"},"inLanguage":"fr-FR","potentialAction":[{"@type":"ReadAction","target":["https:\/\/batijournal.com\/index.php\/les-charpentiers-et-les-agenceurs-ne-se-serrent-pas-la-vis-en-juin\/70532\/"]}]},{"@type":"ImageObject","inLanguage":"fr-FR","@id":"https:\/\/batijournal.com\/index.php\/les-charpentiers-et-les-agenceurs-ne-se-serrent-pas-la-vis-en-juin\/70532\/#primaryimage","url":"https:\/\/batijournal.com\/wp-content\/uploads\/2015\/03\/05121887.jpg","contentUrl":"https:\/\/batijournal.com\/wp-content\/uploads\/2015\/03\/05121887.jpg","width":599,"height":354},{"@type":"BreadcrumbList","@id":"https:\/\/batijournal.com\/index.php\/les-charpentiers-et-les-agenceurs-ne-se-serrent-pas-la-vis-en-juin\/70532\/#breadcrumb","itemListElement":[{"@type":"ListItem","position":1,"name":"Accueil","item":"https:\/\/batijournal.com\/"},{"@type":"ListItem","position":2,"name":"Actualit\u00e9s","item":"https:\/\/batijournal.com\/index.php\/category\/actualites\/"},{"@type":"ListItem","position":3,"name":"\u00c9conomie &amp; March\u00e9s","item":"https:\/\/batijournal.com\/index.php\/category\/actualites\/economie-marches\/"},{"@type":"ListItem","position":4,"name":"Les charpentiers et les agenceurs ne se serrent pas la vis en juin"}]},{"@type":"WebSite","@id":"https:\/\/batijournal.com\/#website","url":"https:\/\/batijournal.com\/","name":"Batijournal","description":"L&#039;actualit\u00e9 du b\u00e2timent","potentialAction":[{"@type":"SearchAction","target":{"@type":"EntryPoint","urlTemplate":"https:\/\/batijournal.com\/?s={search_term_string}"},"query-input":{"@type":"PropertyValueSpecification","valueRequired":true,"valueName":"search_term_string"}}],"inLanguage":"fr-FR"},{"@type":"Person","@id":"https:\/\/batijournal.com\/#\/schema\/person\/6a657e8967569e1b299972574848aa76","name":"Bati-journal","image":{"@type":"ImageObject","inLanguage":"fr-FR","@id":"https:\/\/secure.gravatar.com\/avatar\/a64364ea26392f9b4dd47e017ddaec74ff03aefc073b49e492e847201258f777?s=96&d=mm&r=g","url":"https:\/\/secure.gravatar.com\/avatar\/a64364ea26392f9b4dd47e017ddaec74ff03aefc073b49e492e847201258f777?s=96&d=mm&r=g","contentUrl":"https:\/\/secure.gravatar.com\/avatar\/a64364ea26392f9b4dd47e017ddaec74ff03aefc073b49e492e847201258f777?s=96&d=mm&r=g","caption":"Bati-journal"},"url":"https:\/\/batijournal.com\/index.php\/author\/elodie\/"}]}},"_links":{"self":[{"href":"https:\/\/batijournal.com\/index.php\/wp-json\/wp\/v2\/posts\/70532","targetHints":{"allow":["GET"]}}],"collection":[{"href":"https:\/\/batijournal.com\/index.php\/wp-json\/wp\/v2\/posts"}],"about":[{"href":"https:\/\/batijournal.com\/index.php\/wp-json\/wp\/v2\/types\/post"}],"author":[{"embeddable":true,"href":"https:\/\/batijournal.com\/index.php\/wp-json\/wp\/v2\/users\/1"}],"replies":[{"embeddable":true,"href":"https:\/\/batijournal.com\/index.php\/wp-json\/wp\/v2\/comments?post=70532"}],"version-history":[{"count":0,"href":"https:\/\/batijournal.com\/index.php\/wp-json\/wp\/v2\/posts\/70532\/revisions"}],"wp:featuredmedia":[{"embeddable":true,"href":"https:\/\/batijournal.com\/index.php\/wp-json\/wp\/v2\/media\/70533"}],"wp:attachment":[{"href":"https:\/\/batijournal.com\/index.php\/wp-json\/wp\/v2\/media?parent=70532"}],"wp:term":[{"taxonomy":"category","embeddable":true,"href":"https:\/\/batijournal.com\/index.php\/wp-json\/wp\/v2\/categories?post=70532"},{"taxonomy":"post_tag","embeddable":true,"href":"https:\/\/batijournal.com\/index.php\/wp-json\/wp\/v2\/tags?post=70532"}],"curies":[{"name":"wp","href":"https:\/\/api.w.org\/{rel}","templated":true}]}}