{"id":70549,"date":"2011-08-29T00:00:00","date_gmt":"2011-08-28T22:00:00","guid":{"rendered":"http:\/\/b.bati-journal.com\/en-france-l%c2%92urbanisation-ne-faiblit-pas\/70549"},"modified":"2019-07-15T12:02:32","modified_gmt":"2019-07-15T10:02:32","slug":"en-france-l%c2%92urbanisation-ne-faiblit-pas","status":"publish","type":"post","link":"https:\/\/batijournal.com\/index.php\/en-france-l%c2%92urbanisation-ne-faiblit-pas\/70549\/","title":{"rendered":"En France, l\u0092&rsquo;urbanisation ne faiblit pas"},"content":{"rendered":"<p>Selon une r\u00e9cente \u00e9tude INSEE, la superficie de l\u0092&rsquo;espace urbain en m\u00e9tropole progresse de 19\u00a0% en 10 ans. Les villes occupent d\u00e9sormais 22\u00a0% du territoire et abritent 47,9 millions d&rsquo;\u0092habitants, soit 77,5\u00a0% de la population. La densit\u00e9 des territoires urbains diminue \u00e0 cause de l\u0092&rsquo;\u00e9talement urbain. On compte aujourd&rsquo;\u0092hui 400 habitants au km\u00b2 en moyenne dans l\u0092espace urbain, contre 600 jusqu&rsquo;\u0092en 1962. De nouvelles petites unit\u00e9s urbaines sont apparues, et le p\u00e9rim\u00e8tre de certaines grandes unit\u00e9s urbaines s&rsquo;\u0092est agrandi. Entre 1999 et 2010, 1\u00a0368 communes sont pass\u00e9es de l\u0092&rsquo;espace rural \u00e0 l\u0092espace urbain, le plus souvent par int\u00e9gration \u00e0 une agglom\u00e9ration. 10,3 millions de personnes habitent dans l\u0092&rsquo;agglom\u00e9ration parisienne et plus de 1,5 million dans celles de Marseille et de Lyon. Entre 1999 et 2010, le mouvement d&rsquo;\u0092expansion urbaine est particuli\u00e8rement fort sur les littoraux atlantique et m\u00e9diterran\u00e9en, mais aussi dans les r\u00e9gions alpines. La part de la population situ\u00e9e dans des communes nouvellement urbaines est \u00e9lev\u00e9e en Bretagne, Loire-Atlantique et Vend\u00e9e, ainsi qu&rsquo;\u0092en Ari\u00e8ge, dans les Pyr\u00e9n\u00e9es-Orientales, l\u0092&rsquo;Aude, le Gard et le Vaucluse. Ces d\u00e9partements, d\u00e9j\u00e0 en forte urbanisation dans les ann\u00e9es 1990, ont depuis confirm\u00e9 leur important dynamisme d\u00e9mographique. D\u0092&rsquo;autres d\u00e9partements s\u0092&rsquo;urbanisent davantage que dans la d\u00e9cennie pr\u00e9c\u00e9dente\u00a0: les Alpes-de-Haute-Provence, les Hautes-Alpes, la Savoie et la Haute-Savoie, mais aussi la Corr\u00e8ze, le Lot, le Tarn-et-Garonne, la Loz\u00e8re, l\u0092&rsquo;Ard\u00e8che et le Jura. Tous ces d\u00e9partements se caract\u00e9risent soit par une forte croissance de la population, soit par une proportion importante des r\u00e9sidences secondaires. C\u0092est \u00e0 la campagne que la croissance d\u00e9mographique est la plus importante. Elle est aussi plus forte dans les petites unit\u00e9s urbaines que dans les grandes.<\/p>\n","protected":false},"excerpt":{"rendered":"<p>Selon une r\u00e9cente \u00e9tude INSEE, la superficie de l\u0092&rsquo;espace urbain en m\u00e9tropole progresse de 19\u00a0% en 10 ans. Les villes occupent d\u00e9sormais 22\u00a0% du territoire et abritent 47,9 millions d&rsquo;\u0092habitants, soit 77,5\u00a0% de la population. La densit\u00e9 des territoires urbains diminue \u00e0 cause de l\u0092&rsquo;\u00e9talement urbain. On compte aujourd&rsquo;\u0092hui 400 habitants au km\u00b2 en moyenne [&hellip;]<\/p>\n","protected":false},"author":1,"featured_media":70550,"comment_status":"open","ping_status":"closed","sticky":false,"template":"","format":"standard","meta":{"_et_pb_use_builder":"","_et_pb_old_content":"","_et_gb_content_width":"","footnotes":""},"categories":[6345],"tags":[7081,1558],"class_list":["post-70549","post","type-post","status-publish","format-standard","has-post-thumbnail","hentry","category-economie-marches","tag-insee","tag-urbanisation"],"yoast_head":"<!-- This site is optimized with the Yoast SEO plugin v27.4 - https:\/\/yoast.com\/product\/yoast-seo-wordpress\/ -->\n<title>En France, l\u0092&#039;urbanisation ne faiblit pas<\/title>\n<meta name=\"robots\" content=\"index, follow, max-snippet:-1, max-image-preview:large, max-video-preview:-1\" \/>\n<link rel=\"canonical\" href=\"https:\/\/batijournal.com\/index.php\/en-france-l\u0092urbanisation-ne-faiblit-pas\/70549\/\" \/>\n<meta property=\"og:locale\" content=\"fr_FR\" \/>\n<meta property=\"og:type\" content=\"article\" \/>\n<meta property=\"og:title\" content=\"En France, l\u0092&#039;urbanisation ne faiblit pas\" \/>\n<meta property=\"og:description\" content=\"Selon une r\u00e9cente \u00e9tude INSEE, la superficie de l\u0092&rsquo;espace urbain en m\u00e9tropole progresse de 19\u00a0% en 10 ans. Les villes occupent d\u00e9sormais 22\u00a0% du territoire et abritent 47,9 millions d&rsquo;\u0092habitants, soit 77,5\u00a0% de la population. La densit\u00e9 des territoires urbains diminue \u00e0 cause de l\u0092&rsquo;\u00e9talement urbain. On compte aujourd&rsquo;\u0092hui 400 habitants au km\u00b2 en moyenne [&hellip;]\" \/>\n<meta property=\"og:url\" content=\"https:\/\/batijournal.com\/index.php\/en-france-l\u0092urbanisation-ne-faiblit-pas\/70549\/\" \/>\n<meta property=\"og:site_name\" content=\"Batijournal\" \/>\n<meta property=\"article:published_time\" content=\"2011-08-28T22:00:00+00:00\" \/>\n<meta property=\"article:modified_time\" content=\"2019-07-15T10:02:32+00:00\" \/>\n<meta property=\"og:image\" content=\"https:\/\/batijournal.com\/wp-content\/uploads\/2015\/03\/29558754.jpg\" \/>\n\t<meta property=\"og:image:width\" content=\"600\" \/>\n\t<meta property=\"og:image:height\" content=\"519\" \/>\n\t<meta property=\"og:image:type\" content=\"image\/jpeg\" \/>\n<meta name=\"author\" content=\"Bati-journal\" \/>\n<meta name=\"twitter:card\" content=\"summary_large_image\" \/>\n<meta name=\"twitter:creator\" content=\"@bati_journal\" \/>\n<meta name=\"twitter:site\" content=\"@bati_journal\" \/>\n<meta name=\"twitter:label1\" content=\"\u00c9crit par\" \/>\n\t<meta name=\"twitter:data1\" content=\"Bati-journal\" \/>\n\t<meta name=\"twitter:label2\" content=\"Dur\u00e9e de lecture estim\u00e9e\" \/>\n\t<meta name=\"twitter:data2\" content=\"2 minutes\" \/>\n<script type=\"application\/ld+json\" class=\"yoast-schema-graph\">{\"@context\":\"https:\\\/\\\/schema.org\",\"@graph\":[{\"@type\":\"Article\",\"@id\":\"https:\\\/\\\/batijournal.com\\\/index.php\\\/en-france-l%c2%92urbanisation-ne-faiblit-pas\\\/70549\\\/#article\",\"isPartOf\":{\"@id\":\"https:\\\/\\\/batijournal.com\\\/index.php\\\/en-france-l%c2%92urbanisation-ne-faiblit-pas\\\/70549\\\/\"},\"author\":{\"name\":\"Bati-journal\",\"@id\":\"https:\\\/\\\/batijournal.com\\\/#\\\/schema\\\/person\\\/6a657e8967569e1b299972574848aa76\"},\"headline\":\"En France, l\u0092&rsquo;urbanisation ne faiblit pas\",\"datePublished\":\"2011-08-28T22:00:00+00:00\",\"dateModified\":\"2019-07-15T10:02:32+00:00\",\"mainEntityOfPage\":{\"@id\":\"https:\\\/\\\/batijournal.com\\\/index.php\\\/en-france-l%c2%92urbanisation-ne-faiblit-pas\\\/70549\\\/\"},\"wordCount\":311,\"commentCount\":0,\"image\":{\"@id\":\"https:\\\/\\\/batijournal.com\\\/index.php\\\/en-france-l%c2%92urbanisation-ne-faiblit-pas\\\/70549\\\/#primaryimage\"},\"thumbnailUrl\":\"https:\\\/\\\/batijournal.com\\\/wp-content\\\/uploads\\\/2015\\\/03\\\/29558754.jpg\",\"keywords\":[\"insee\",\"urbanisation\"],\"articleSection\":[\"\u00c9conomie &amp; March\u00e9s\"],\"inLanguage\":\"fr-FR\",\"potentialAction\":[{\"@type\":\"CommentAction\",\"name\":\"Comment\",\"target\":[\"https:\\\/\\\/batijournal.com\\\/index.php\\\/en-france-l%c2%92urbanisation-ne-faiblit-pas\\\/70549\\\/#respond\"]}]},{\"@type\":\"WebPage\",\"@id\":\"https:\\\/\\\/batijournal.com\\\/index.php\\\/en-france-l%c2%92urbanisation-ne-faiblit-pas\\\/70549\\\/\",\"url\":\"https:\\\/\\\/batijournal.com\\\/index.php\\\/en-france-l%c2%92urbanisation-ne-faiblit-pas\\\/70549\\\/\",\"name\":\"En France, l\u0092'urbanisation ne faiblit pas\",\"isPartOf\":{\"@id\":\"https:\\\/\\\/batijournal.com\\\/#website\"},\"primaryImageOfPage\":{\"@id\":\"https:\\\/\\\/batijournal.com\\\/index.php\\\/en-france-l%c2%92urbanisation-ne-faiblit-pas\\\/70549\\\/#primaryimage\"},\"image\":{\"@id\":\"https:\\\/\\\/batijournal.com\\\/index.php\\\/en-france-l%c2%92urbanisation-ne-faiblit-pas\\\/70549\\\/#primaryimage\"},\"thumbnailUrl\":\"https:\\\/\\\/batijournal.com\\\/wp-content\\\/uploads\\\/2015\\\/03\\\/29558754.jpg\",\"datePublished\":\"2011-08-28T22:00:00+00:00\",\"dateModified\":\"2019-07-15T10:02:32+00:00\",\"author\":{\"@id\":\"https:\\\/\\\/batijournal.com\\\/#\\\/schema\\\/person\\\/6a657e8967569e1b299972574848aa76\"},\"breadcrumb\":{\"@id\":\"https:\\\/\\\/batijournal.com\\\/index.php\\\/en-france-l%c2%92urbanisation-ne-faiblit-pas\\\/70549\\\/#breadcrumb\"},\"inLanguage\":\"fr-FR\",\"potentialAction\":[{\"@type\":\"ReadAction\",\"target\":[\"https:\\\/\\\/batijournal.com\\\/index.php\\\/en-france-l%c2%92urbanisation-ne-faiblit-pas\\\/70549\\\/\"]}]},{\"@type\":\"ImageObject\",\"inLanguage\":\"fr-FR\",\"@id\":\"https:\\\/\\\/batijournal.com\\\/index.php\\\/en-france-l%c2%92urbanisation-ne-faiblit-pas\\\/70549\\\/#primaryimage\",\"url\":\"https:\\\/\\\/batijournal.com\\\/wp-content\\\/uploads\\\/2015\\\/03\\\/29558754.jpg\",\"contentUrl\":\"https:\\\/\\\/batijournal.com\\\/wp-content\\\/uploads\\\/2015\\\/03\\\/29558754.jpg\",\"width\":600,\"height\":519},{\"@type\":\"BreadcrumbList\",\"@id\":\"https:\\\/\\\/batijournal.com\\\/index.php\\\/en-france-l%c2%92urbanisation-ne-faiblit-pas\\\/70549\\\/#breadcrumb\",\"itemListElement\":[{\"@type\":\"ListItem\",\"position\":1,\"name\":\"Accueil\",\"item\":\"https:\\\/\\\/batijournal.com\\\/\"},{\"@type\":\"ListItem\",\"position\":2,\"name\":\"Actualit\u00e9s\",\"item\":\"https:\\\/\\\/batijournal.com\\\/index.php\\\/category\\\/actualites\\\/\"},{\"@type\":\"ListItem\",\"position\":3,\"name\":\"\u00c9conomie &amp; March\u00e9s\",\"item\":\"https:\\\/\\\/batijournal.com\\\/index.php\\\/category\\\/actualites\\\/economie-marches\\\/\"},{\"@type\":\"ListItem\",\"position\":4,\"name\":\"En France, l\u0092&rsquo;urbanisation ne faiblit pas\"}]},{\"@type\":\"WebSite\",\"@id\":\"https:\\\/\\\/batijournal.com\\\/#website\",\"url\":\"https:\\\/\\\/batijournal.com\\\/\",\"name\":\"Batijournal\",\"description\":\"L&#039;actualit\u00e9 du b\u00e2timent\",\"potentialAction\":[{\"@type\":\"SearchAction\",\"target\":{\"@type\":\"EntryPoint\",\"urlTemplate\":\"https:\\\/\\\/batijournal.com\\\/?s={search_term_string}\"},\"query-input\":{\"@type\":\"PropertyValueSpecification\",\"valueRequired\":true,\"valueName\":\"search_term_string\"}}],\"inLanguage\":\"fr-FR\"},{\"@type\":\"Person\",\"@id\":\"https:\\\/\\\/batijournal.com\\\/#\\\/schema\\\/person\\\/6a657e8967569e1b299972574848aa76\",\"name\":\"Bati-journal\",\"image\":{\"@type\":\"ImageObject\",\"inLanguage\":\"fr-FR\",\"@id\":\"https:\\\/\\\/secure.gravatar.com\\\/avatar\\\/a64364ea26392f9b4dd47e017ddaec74ff03aefc073b49e492e847201258f777?s=96&d=mm&r=g\",\"url\":\"https:\\\/\\\/secure.gravatar.com\\\/avatar\\\/a64364ea26392f9b4dd47e017ddaec74ff03aefc073b49e492e847201258f777?s=96&d=mm&r=g\",\"contentUrl\":\"https:\\\/\\\/secure.gravatar.com\\\/avatar\\\/a64364ea26392f9b4dd47e017ddaec74ff03aefc073b49e492e847201258f777?s=96&d=mm&r=g\",\"caption\":\"Bati-journal\"},\"url\":\"https:\\\/\\\/batijournal.com\\\/index.php\\\/author\\\/elodie\\\/\"}]}<\/script>\n<!-- \/ Yoast SEO plugin. -->","yoast_head_json":{"title":"En France, l\u0092'urbanisation ne faiblit pas","robots":{"index":"index","follow":"follow","max-snippet":"max-snippet:-1","max-image-preview":"max-image-preview:large","max-video-preview":"max-video-preview:-1"},"canonical":"https:\/\/batijournal.com\/index.php\/en-france-l\u0092urbanisation-ne-faiblit-pas\/70549\/","og_locale":"fr_FR","og_type":"article","og_title":"En France, l\u0092'urbanisation ne faiblit pas","og_description":"Selon une r\u00e9cente \u00e9tude INSEE, la superficie de l\u0092&rsquo;espace urbain en m\u00e9tropole progresse de 19\u00a0% en 10 ans. Les villes occupent d\u00e9sormais 22\u00a0% du territoire et abritent 47,9 millions d&rsquo;\u0092habitants, soit 77,5\u00a0% de la population. La densit\u00e9 des territoires urbains diminue \u00e0 cause de l\u0092&rsquo;\u00e9talement urbain. On compte aujourd&rsquo;\u0092hui 400 habitants au km\u00b2 en moyenne [&hellip;]","og_url":"https:\/\/batijournal.com\/index.php\/en-france-l\u0092urbanisation-ne-faiblit-pas\/70549\/","og_site_name":"Batijournal","article_published_time":"2011-08-28T22:00:00+00:00","article_modified_time":"2019-07-15T10:02:32+00:00","og_image":[{"width":600,"height":519,"url":"https:\/\/batijournal.com\/wp-content\/uploads\/2015\/03\/29558754.jpg","type":"image\/jpeg"}],"author":"Bati-journal","twitter_card":"summary_large_image","twitter_creator":"@bati_journal","twitter_site":"@bati_journal","twitter_misc":{"\u00c9crit par":"Bati-journal","Dur\u00e9e de lecture estim\u00e9e":"2 minutes"},"schema":{"@context":"https:\/\/schema.org","@graph":[{"@type":"Article","@id":"https:\/\/batijournal.com\/index.php\/en-france-l%c2%92urbanisation-ne-faiblit-pas\/70549\/#article","isPartOf":{"@id":"https:\/\/batijournal.com\/index.php\/en-france-l%c2%92urbanisation-ne-faiblit-pas\/70549\/"},"author":{"name":"Bati-journal","@id":"https:\/\/batijournal.com\/#\/schema\/person\/6a657e8967569e1b299972574848aa76"},"headline":"En France, l\u0092&rsquo;urbanisation ne faiblit pas","datePublished":"2011-08-28T22:00:00+00:00","dateModified":"2019-07-15T10:02:32+00:00","mainEntityOfPage":{"@id":"https:\/\/batijournal.com\/index.php\/en-france-l%c2%92urbanisation-ne-faiblit-pas\/70549\/"},"wordCount":311,"commentCount":0,"image":{"@id":"https:\/\/batijournal.com\/index.php\/en-france-l%c2%92urbanisation-ne-faiblit-pas\/70549\/#primaryimage"},"thumbnailUrl":"https:\/\/batijournal.com\/wp-content\/uploads\/2015\/03\/29558754.jpg","keywords":["insee","urbanisation"],"articleSection":["\u00c9conomie &amp; March\u00e9s"],"inLanguage":"fr-FR","potentialAction":[{"@type":"CommentAction","name":"Comment","target":["https:\/\/batijournal.com\/index.php\/en-france-l%c2%92urbanisation-ne-faiblit-pas\/70549\/#respond"]}]},{"@type":"WebPage","@id":"https:\/\/batijournal.com\/index.php\/en-france-l%c2%92urbanisation-ne-faiblit-pas\/70549\/","url":"https:\/\/batijournal.com\/index.php\/en-france-l%c2%92urbanisation-ne-faiblit-pas\/70549\/","name":"En France, l\u0092'urbanisation ne faiblit pas","isPartOf":{"@id":"https:\/\/batijournal.com\/#website"},"primaryImageOfPage":{"@id":"https:\/\/batijournal.com\/index.php\/en-france-l%c2%92urbanisation-ne-faiblit-pas\/70549\/#primaryimage"},"image":{"@id":"https:\/\/batijournal.com\/index.php\/en-france-l%c2%92urbanisation-ne-faiblit-pas\/70549\/#primaryimage"},"thumbnailUrl":"https:\/\/batijournal.com\/wp-content\/uploads\/2015\/03\/29558754.jpg","datePublished":"2011-08-28T22:00:00+00:00","dateModified":"2019-07-15T10:02:32+00:00","author":{"@id":"https:\/\/batijournal.com\/#\/schema\/person\/6a657e8967569e1b299972574848aa76"},"breadcrumb":{"@id":"https:\/\/batijournal.com\/index.php\/en-france-l%c2%92urbanisation-ne-faiblit-pas\/70549\/#breadcrumb"},"inLanguage":"fr-FR","potentialAction":[{"@type":"ReadAction","target":["https:\/\/batijournal.com\/index.php\/en-france-l%c2%92urbanisation-ne-faiblit-pas\/70549\/"]}]},{"@type":"ImageObject","inLanguage":"fr-FR","@id":"https:\/\/batijournal.com\/index.php\/en-france-l%c2%92urbanisation-ne-faiblit-pas\/70549\/#primaryimage","url":"https:\/\/batijournal.com\/wp-content\/uploads\/2015\/03\/29558754.jpg","contentUrl":"https:\/\/batijournal.com\/wp-content\/uploads\/2015\/03\/29558754.jpg","width":600,"height":519},{"@type":"BreadcrumbList","@id":"https:\/\/batijournal.com\/index.php\/en-france-l%c2%92urbanisation-ne-faiblit-pas\/70549\/#breadcrumb","itemListElement":[{"@type":"ListItem","position":1,"name":"Accueil","item":"https:\/\/batijournal.com\/"},{"@type":"ListItem","position":2,"name":"Actualit\u00e9s","item":"https:\/\/batijournal.com\/index.php\/category\/actualites\/"},{"@type":"ListItem","position":3,"name":"\u00c9conomie &amp; March\u00e9s","item":"https:\/\/batijournal.com\/index.php\/category\/actualites\/economie-marches\/"},{"@type":"ListItem","position":4,"name":"En France, l\u0092&rsquo;urbanisation ne faiblit pas"}]},{"@type":"WebSite","@id":"https:\/\/batijournal.com\/#website","url":"https:\/\/batijournal.com\/","name":"Batijournal","description":"L&#039;actualit\u00e9 du b\u00e2timent","potentialAction":[{"@type":"SearchAction","target":{"@type":"EntryPoint","urlTemplate":"https:\/\/batijournal.com\/?s={search_term_string}"},"query-input":{"@type":"PropertyValueSpecification","valueRequired":true,"valueName":"search_term_string"}}],"inLanguage":"fr-FR"},{"@type":"Person","@id":"https:\/\/batijournal.com\/#\/schema\/person\/6a657e8967569e1b299972574848aa76","name":"Bati-journal","image":{"@type":"ImageObject","inLanguage":"fr-FR","@id":"https:\/\/secure.gravatar.com\/avatar\/a64364ea26392f9b4dd47e017ddaec74ff03aefc073b49e492e847201258f777?s=96&d=mm&r=g","url":"https:\/\/secure.gravatar.com\/avatar\/a64364ea26392f9b4dd47e017ddaec74ff03aefc073b49e492e847201258f777?s=96&d=mm&r=g","contentUrl":"https:\/\/secure.gravatar.com\/avatar\/a64364ea26392f9b4dd47e017ddaec74ff03aefc073b49e492e847201258f777?s=96&d=mm&r=g","caption":"Bati-journal"},"url":"https:\/\/batijournal.com\/index.php\/author\/elodie\/"}]}},"_links":{"self":[{"href":"https:\/\/batijournal.com\/index.php\/wp-json\/wp\/v2\/posts\/70549","targetHints":{"allow":["GET"]}}],"collection":[{"href":"https:\/\/batijournal.com\/index.php\/wp-json\/wp\/v2\/posts"}],"about":[{"href":"https:\/\/batijournal.com\/index.php\/wp-json\/wp\/v2\/types\/post"}],"author":[{"embeddable":true,"href":"https:\/\/batijournal.com\/index.php\/wp-json\/wp\/v2\/users\/1"}],"replies":[{"embeddable":true,"href":"https:\/\/batijournal.com\/index.php\/wp-json\/wp\/v2\/comments?post=70549"}],"version-history":[{"count":0,"href":"https:\/\/batijournal.com\/index.php\/wp-json\/wp\/v2\/posts\/70549\/revisions"}],"wp:featuredmedia":[{"embeddable":true,"href":"https:\/\/batijournal.com\/index.php\/wp-json\/wp\/v2\/media\/70550"}],"wp:attachment":[{"href":"https:\/\/batijournal.com\/index.php\/wp-json\/wp\/v2\/media?parent=70549"}],"wp:term":[{"taxonomy":"category","embeddable":true,"href":"https:\/\/batijournal.com\/index.php\/wp-json\/wp\/v2\/categories?post=70549"},{"taxonomy":"post_tag","embeddable":true,"href":"https:\/\/batijournal.com\/index.php\/wp-json\/wp\/v2\/tags?post=70549"}],"curies":[{"name":"wp","href":"https:\/\/api.w.org\/{rel}","templated":true}]}}