{"id":70551,"date":"2011-09-13T00:00:00","date_gmt":"2011-09-12T22:00:00","guid":{"rendered":"http:\/\/b.bati-journal.com\/les-prix-de-l%c2%92energie-sont-en-hausse-en-aout\/70551"},"modified":"2019-07-15T12:02:32","modified_gmt":"2019-07-15T10:02:32","slug":"les-prix-de-l%c2%92energie-sont-en-hausse-en-aout","status":"publish","type":"post","link":"https:\/\/batijournal.com\/index.php\/les-prix-de-l%c2%92energie-sont-en-hausse-en-aout\/70551\/","title":{"rendered":"Les prix de l\u0092&rsquo;\u00e9nergie sont en hausse en ao\u00fbt"},"content":{"rendered":"<p>L&rsquo;\u0092INSEE vient de publier l\u0092&rsquo;indice des prix \u00e0 la consommation (IPC). En ao\u00fbt 2011, les prix de l\u0092&rsquo;\u00e9nergie sont en hausse de 0,4 %, apr\u00e8s une stabilit\u00e9 en juillet. Sur un an, ils augmentent de 11,9\u00a0%. En ao\u00fbt 2011, les tarifs de l\u0092&rsquo;\u00e9lectricit\u00e9 s\u0092&rsquo;accroissent de 1,4\u00a0%\u00a0(+7,7\u00a0% sur un an) et les prix des produits p\u00e9troliers augmentent l\u00e9g\u00e8rement de 0,1\u00a0%\u00a0(+15,5\u00a0% sur un an).<\/p>\n","protected":false},"excerpt":{"rendered":"<p>L&rsquo;\u0092INSEE vient de publier l\u0092&rsquo;indice des prix \u00e0 la consommation (IPC). En ao\u00fbt 2011, les prix de l\u0092&rsquo;\u00e9nergie sont en hausse de 0,4 %, apr\u00e8s une stabilit\u00e9 en juillet. Sur un an, ils augmentent de 11,9\u00a0%. En ao\u00fbt 2011, les tarifs de l\u0092&rsquo;\u00e9lectricit\u00e9 s\u0092&rsquo;accroissent de 1,4\u00a0%\u00a0(+7,7\u00a0% sur un an) et les prix des produits p\u00e9troliers [&hellip;]<\/p>\n","protected":false},"author":1,"featured_media":0,"comment_status":"open","ping_status":"closed","sticky":false,"template":"","format":"standard","meta":{"_et_pb_use_builder":"","_et_pb_old_content":"","_et_gb_content_width":"","footnotes":""},"categories":[6345],"tags":[60,7081],"class_list":["post-70551","post","type-post","status-publish","format-standard","hentry","category-economie-marches","tag-energie","tag-insee"],"yoast_head":"<!-- This site is optimized with the Yoast SEO plugin v27.4 - https:\/\/yoast.com\/product\/yoast-seo-wordpress\/ -->\n<title>Les prix de l\u0092&#039;\u00e9nergie sont en hausse en ao\u00fbt<\/title>\n<meta name=\"robots\" content=\"index, follow, max-snippet:-1, max-image-preview:large, max-video-preview:-1\" \/>\n<link rel=\"canonical\" href=\"https:\/\/batijournal.com\/index.php\/les-prix-de-l\u0092energie-sont-en-hausse-en-aout\/70551\/\" \/>\n<meta property=\"og:locale\" content=\"fr_FR\" \/>\n<meta property=\"og:type\" content=\"article\" \/>\n<meta property=\"og:title\" content=\"Les prix de l\u0092&#039;\u00e9nergie sont en hausse en ao\u00fbt\" \/>\n<meta property=\"og:description\" content=\"L&rsquo;\u0092INSEE vient de publier l\u0092&rsquo;indice des prix \u00e0 la consommation (IPC). En ao\u00fbt 2011, les prix de l\u0092&rsquo;\u00e9nergie sont en hausse de 0,4 %, apr\u00e8s une stabilit\u00e9 en juillet. Sur un an, ils augmentent de 11,9\u00a0%. En ao\u00fbt 2011, les tarifs de l\u0092&rsquo;\u00e9lectricit\u00e9 s\u0092&rsquo;accroissent de 1,4\u00a0%\u00a0(+7,7\u00a0% sur un an) et les prix des produits p\u00e9troliers [&hellip;]\" \/>\n<meta property=\"og:url\" content=\"https:\/\/batijournal.com\/index.php\/les-prix-de-l\u0092energie-sont-en-hausse-en-aout\/70551\/\" \/>\n<meta property=\"og:site_name\" content=\"Batijournal\" \/>\n<meta property=\"article:published_time\" content=\"2011-09-12T22:00:00+00:00\" \/>\n<meta property=\"article:modified_time\" content=\"2019-07-15T10:02:32+00:00\" \/>\n<meta name=\"author\" content=\"Bati-journal\" \/>\n<meta name=\"twitter:card\" content=\"summary_large_image\" \/>\n<meta name=\"twitter:creator\" content=\"@bati_journal\" \/>\n<meta name=\"twitter:site\" content=\"@bati_journal\" \/>\n<meta name=\"twitter:label1\" content=\"\u00c9crit par\" \/>\n\t<meta name=\"twitter:data1\" content=\"Bati-journal\" \/>\n<script type=\"application\/ld+json\" class=\"yoast-schema-graph\">{\"@context\":\"https:\\\/\\\/schema.org\",\"@graph\":[{\"@type\":\"Article\",\"@id\":\"https:\\\/\\\/batijournal.com\\\/index.php\\\/les-prix-de-l%c2%92energie-sont-en-hausse-en-aout\\\/70551\\\/#article\",\"isPartOf\":{\"@id\":\"https:\\\/\\\/batijournal.com\\\/index.php\\\/les-prix-de-l%c2%92energie-sont-en-hausse-en-aout\\\/70551\\\/\"},\"author\":{\"name\":\"Bati-journal\",\"@id\":\"https:\\\/\\\/batijournal.com\\\/#\\\/schema\\\/person\\\/6a657e8967569e1b299972574848aa76\"},\"headline\":\"Les prix de l\u0092&rsquo;\u00e9nergie sont en hausse en ao\u00fbt\",\"datePublished\":\"2011-09-12T22:00:00+00:00\",\"dateModified\":\"2019-07-15T10:02:32+00:00\",\"mainEntityOfPage\":{\"@id\":\"https:\\\/\\\/batijournal.com\\\/index.php\\\/les-prix-de-l%c2%92energie-sont-en-hausse-en-aout\\\/70551\\\/\"},\"wordCount\":76,\"commentCount\":0,\"keywords\":[\"\u00e9nergie\",\"insee\"],\"articleSection\":[\"\u00c9conomie &amp; March\u00e9s\"],\"inLanguage\":\"fr-FR\",\"potentialAction\":[{\"@type\":\"CommentAction\",\"name\":\"Comment\",\"target\":[\"https:\\\/\\\/batijournal.com\\\/index.php\\\/les-prix-de-l%c2%92energie-sont-en-hausse-en-aout\\\/70551\\\/#respond\"]}]},{\"@type\":\"WebPage\",\"@id\":\"https:\\\/\\\/batijournal.com\\\/index.php\\\/les-prix-de-l%c2%92energie-sont-en-hausse-en-aout\\\/70551\\\/\",\"url\":\"https:\\\/\\\/batijournal.com\\\/index.php\\\/les-prix-de-l%c2%92energie-sont-en-hausse-en-aout\\\/70551\\\/\",\"name\":\"Les prix de l\u0092'\u00e9nergie sont en hausse en ao\u00fbt\",\"isPartOf\":{\"@id\":\"https:\\\/\\\/batijournal.com\\\/#website\"},\"datePublished\":\"2011-09-12T22:00:00+00:00\",\"dateModified\":\"2019-07-15T10:02:32+00:00\",\"author\":{\"@id\":\"https:\\\/\\\/batijournal.com\\\/#\\\/schema\\\/person\\\/6a657e8967569e1b299972574848aa76\"},\"breadcrumb\":{\"@id\":\"https:\\\/\\\/batijournal.com\\\/index.php\\\/les-prix-de-l%c2%92energie-sont-en-hausse-en-aout\\\/70551\\\/#breadcrumb\"},\"inLanguage\":\"fr-FR\",\"potentialAction\":[{\"@type\":\"ReadAction\",\"target\":[\"https:\\\/\\\/batijournal.com\\\/index.php\\\/les-prix-de-l%c2%92energie-sont-en-hausse-en-aout\\\/70551\\\/\"]}]},{\"@type\":\"BreadcrumbList\",\"@id\":\"https:\\\/\\\/batijournal.com\\\/index.php\\\/les-prix-de-l%c2%92energie-sont-en-hausse-en-aout\\\/70551\\\/#breadcrumb\",\"itemListElement\":[{\"@type\":\"ListItem\",\"position\":1,\"name\":\"Accueil\",\"item\":\"https:\\\/\\\/batijournal.com\\\/\"},{\"@type\":\"ListItem\",\"position\":2,\"name\":\"Actualit\u00e9s\",\"item\":\"https:\\\/\\\/batijournal.com\\\/index.php\\\/category\\\/actualites\\\/\"},{\"@type\":\"ListItem\",\"position\":3,\"name\":\"\u00c9conomie &amp; March\u00e9s\",\"item\":\"https:\\\/\\\/batijournal.com\\\/index.php\\\/category\\\/actualites\\\/economie-marches\\\/\"},{\"@type\":\"ListItem\",\"position\":4,\"name\":\"Les prix de l\u0092&rsquo;\u00e9nergie sont en hausse en ao\u00fbt\"}]},{\"@type\":\"WebSite\",\"@id\":\"https:\\\/\\\/batijournal.com\\\/#website\",\"url\":\"https:\\\/\\\/batijournal.com\\\/\",\"name\":\"Batijournal\",\"description\":\"L&#039;actualit\u00e9 du b\u00e2timent\",\"potentialAction\":[{\"@type\":\"SearchAction\",\"target\":{\"@type\":\"EntryPoint\",\"urlTemplate\":\"https:\\\/\\\/batijournal.com\\\/?s={search_term_string}\"},\"query-input\":{\"@type\":\"PropertyValueSpecification\",\"valueRequired\":true,\"valueName\":\"search_term_string\"}}],\"inLanguage\":\"fr-FR\"},{\"@type\":\"Person\",\"@id\":\"https:\\\/\\\/batijournal.com\\\/#\\\/schema\\\/person\\\/6a657e8967569e1b299972574848aa76\",\"name\":\"Bati-journal\",\"image\":{\"@type\":\"ImageObject\",\"inLanguage\":\"fr-FR\",\"@id\":\"https:\\\/\\\/secure.gravatar.com\\\/avatar\\\/a64364ea26392f9b4dd47e017ddaec74ff03aefc073b49e492e847201258f777?s=96&d=mm&r=g\",\"url\":\"https:\\\/\\\/secure.gravatar.com\\\/avatar\\\/a64364ea26392f9b4dd47e017ddaec74ff03aefc073b49e492e847201258f777?s=96&d=mm&r=g\",\"contentUrl\":\"https:\\\/\\\/secure.gravatar.com\\\/avatar\\\/a64364ea26392f9b4dd47e017ddaec74ff03aefc073b49e492e847201258f777?s=96&d=mm&r=g\",\"caption\":\"Bati-journal\"},\"url\":\"https:\\\/\\\/batijournal.com\\\/index.php\\\/author\\\/elodie\\\/\"}]}<\/script>\n<!-- \/ Yoast SEO plugin. -->","yoast_head_json":{"title":"Les prix de l\u0092'\u00e9nergie sont en hausse en ao\u00fbt","robots":{"index":"index","follow":"follow","max-snippet":"max-snippet:-1","max-image-preview":"max-image-preview:large","max-video-preview":"max-video-preview:-1"},"canonical":"https:\/\/batijournal.com\/index.php\/les-prix-de-l\u0092energie-sont-en-hausse-en-aout\/70551\/","og_locale":"fr_FR","og_type":"article","og_title":"Les prix de l\u0092'\u00e9nergie sont en hausse en ao\u00fbt","og_description":"L&rsquo;\u0092INSEE vient de publier l\u0092&rsquo;indice des prix \u00e0 la consommation (IPC). En ao\u00fbt 2011, les prix de l\u0092&rsquo;\u00e9nergie sont en hausse de 0,4 %, apr\u00e8s une stabilit\u00e9 en juillet. Sur un an, ils augmentent de 11,9\u00a0%. En ao\u00fbt 2011, les tarifs de l\u0092&rsquo;\u00e9lectricit\u00e9 s\u0092&rsquo;accroissent de 1,4\u00a0%\u00a0(+7,7\u00a0% sur un an) et les prix des produits p\u00e9troliers [&hellip;]","og_url":"https:\/\/batijournal.com\/index.php\/les-prix-de-l\u0092energie-sont-en-hausse-en-aout\/70551\/","og_site_name":"Batijournal","article_published_time":"2011-09-12T22:00:00+00:00","article_modified_time":"2019-07-15T10:02:32+00:00","author":"Bati-journal","twitter_card":"summary_large_image","twitter_creator":"@bati_journal","twitter_site":"@bati_journal","twitter_misc":{"\u00c9crit par":"Bati-journal"},"schema":{"@context":"https:\/\/schema.org","@graph":[{"@type":"Article","@id":"https:\/\/batijournal.com\/index.php\/les-prix-de-l%c2%92energie-sont-en-hausse-en-aout\/70551\/#article","isPartOf":{"@id":"https:\/\/batijournal.com\/index.php\/les-prix-de-l%c2%92energie-sont-en-hausse-en-aout\/70551\/"},"author":{"name":"Bati-journal","@id":"https:\/\/batijournal.com\/#\/schema\/person\/6a657e8967569e1b299972574848aa76"},"headline":"Les prix de l\u0092&rsquo;\u00e9nergie sont en hausse en ao\u00fbt","datePublished":"2011-09-12T22:00:00+00:00","dateModified":"2019-07-15T10:02:32+00:00","mainEntityOfPage":{"@id":"https:\/\/batijournal.com\/index.php\/les-prix-de-l%c2%92energie-sont-en-hausse-en-aout\/70551\/"},"wordCount":76,"commentCount":0,"keywords":["\u00e9nergie","insee"],"articleSection":["\u00c9conomie &amp; March\u00e9s"],"inLanguage":"fr-FR","potentialAction":[{"@type":"CommentAction","name":"Comment","target":["https:\/\/batijournal.com\/index.php\/les-prix-de-l%c2%92energie-sont-en-hausse-en-aout\/70551\/#respond"]}]},{"@type":"WebPage","@id":"https:\/\/batijournal.com\/index.php\/les-prix-de-l%c2%92energie-sont-en-hausse-en-aout\/70551\/","url":"https:\/\/batijournal.com\/index.php\/les-prix-de-l%c2%92energie-sont-en-hausse-en-aout\/70551\/","name":"Les prix de l\u0092'\u00e9nergie sont en hausse en ao\u00fbt","isPartOf":{"@id":"https:\/\/batijournal.com\/#website"},"datePublished":"2011-09-12T22:00:00+00:00","dateModified":"2019-07-15T10:02:32+00:00","author":{"@id":"https:\/\/batijournal.com\/#\/schema\/person\/6a657e8967569e1b299972574848aa76"},"breadcrumb":{"@id":"https:\/\/batijournal.com\/index.php\/les-prix-de-l%c2%92energie-sont-en-hausse-en-aout\/70551\/#breadcrumb"},"inLanguage":"fr-FR","potentialAction":[{"@type":"ReadAction","target":["https:\/\/batijournal.com\/index.php\/les-prix-de-l%c2%92energie-sont-en-hausse-en-aout\/70551\/"]}]},{"@type":"BreadcrumbList","@id":"https:\/\/batijournal.com\/index.php\/les-prix-de-l%c2%92energie-sont-en-hausse-en-aout\/70551\/#breadcrumb","itemListElement":[{"@type":"ListItem","position":1,"name":"Accueil","item":"https:\/\/batijournal.com\/"},{"@type":"ListItem","position":2,"name":"Actualit\u00e9s","item":"https:\/\/batijournal.com\/index.php\/category\/actualites\/"},{"@type":"ListItem","position":3,"name":"\u00c9conomie &amp; March\u00e9s","item":"https:\/\/batijournal.com\/index.php\/category\/actualites\/economie-marches\/"},{"@type":"ListItem","position":4,"name":"Les prix de l\u0092&rsquo;\u00e9nergie sont en hausse en ao\u00fbt"}]},{"@type":"WebSite","@id":"https:\/\/batijournal.com\/#website","url":"https:\/\/batijournal.com\/","name":"Batijournal","description":"L&#039;actualit\u00e9 du b\u00e2timent","potentialAction":[{"@type":"SearchAction","target":{"@type":"EntryPoint","urlTemplate":"https:\/\/batijournal.com\/?s={search_term_string}"},"query-input":{"@type":"PropertyValueSpecification","valueRequired":true,"valueName":"search_term_string"}}],"inLanguage":"fr-FR"},{"@type":"Person","@id":"https:\/\/batijournal.com\/#\/schema\/person\/6a657e8967569e1b299972574848aa76","name":"Bati-journal","image":{"@type":"ImageObject","inLanguage":"fr-FR","@id":"https:\/\/secure.gravatar.com\/avatar\/a64364ea26392f9b4dd47e017ddaec74ff03aefc073b49e492e847201258f777?s=96&d=mm&r=g","url":"https:\/\/secure.gravatar.com\/avatar\/a64364ea26392f9b4dd47e017ddaec74ff03aefc073b49e492e847201258f777?s=96&d=mm&r=g","contentUrl":"https:\/\/secure.gravatar.com\/avatar\/a64364ea26392f9b4dd47e017ddaec74ff03aefc073b49e492e847201258f777?s=96&d=mm&r=g","caption":"Bati-journal"},"url":"https:\/\/batijournal.com\/index.php\/author\/elodie\/"}]}},"_links":{"self":[{"href":"https:\/\/batijournal.com\/index.php\/wp-json\/wp\/v2\/posts\/70551","targetHints":{"allow":["GET"]}}],"collection":[{"href":"https:\/\/batijournal.com\/index.php\/wp-json\/wp\/v2\/posts"}],"about":[{"href":"https:\/\/batijournal.com\/index.php\/wp-json\/wp\/v2\/types\/post"}],"author":[{"embeddable":true,"href":"https:\/\/batijournal.com\/index.php\/wp-json\/wp\/v2\/users\/1"}],"replies":[{"embeddable":true,"href":"https:\/\/batijournal.com\/index.php\/wp-json\/wp\/v2\/comments?post=70551"}],"version-history":[{"count":0,"href":"https:\/\/batijournal.com\/index.php\/wp-json\/wp\/v2\/posts\/70551\/revisions"}],"wp:attachment":[{"href":"https:\/\/batijournal.com\/index.php\/wp-json\/wp\/v2\/media?parent=70551"}],"wp:term":[{"taxonomy":"category","embeddable":true,"href":"https:\/\/batijournal.com\/index.php\/wp-json\/wp\/v2\/categories?post=70551"},{"taxonomy":"post_tag","embeddable":true,"href":"https:\/\/batijournal.com\/index.php\/wp-json\/wp\/v2\/tags?post=70551"}],"curies":[{"name":"wp","href":"https:\/\/api.w.org\/{rel}","templated":true}]}}