{"id":70612,"date":"2013-06-25T16:04:13","date_gmt":"2013-06-25T14:04:13","guid":{"rendered":"http:\/\/b.bati-journal.com\/barometre-europeen-darchitecture-les-architectes-francais-prefereraient-davantage-les-batis-en-bois-2\/70612"},"modified":"2019-07-15T12:02:27","modified_gmt":"2019-07-15T10:02:27","slug":"barometre-europeen-darchitecture-les-architectes-francais-prefereraient-davantage-les-batis-en-bois-2","status":"publish","type":"post","link":"https:\/\/batijournal.com\/index.php\/barometre-europeen-darchitecture-les-architectes-francais-prefereraient-davantage-les-batis-en-bois-2\/70612\/","title":{"rendered":"Barom\u00e8tre europ\u00e9en d&rsquo;architecture : les architectes fran\u00e7ais pr\u00e9f\u00e9reraient davantage les b\u00e2tis en bois"},"content":{"rendered":"<p>L&rsquo;utilisation de constructions sur b\u00e2ti en bois va augmenter dans chacun des pays dans lesquels Arch-Vision a r\u00e9alis\u00e9 des travaux sur le terrain (au Royaume-Uni, en Allemagne, en France, en Espagne en Italie et aux Pays-Bas). Ce sont quelques-unes des conclusions du rapport du 2<sup>e<\/sup> trimestre 2012 du Barom\u00e8tre europ\u00e9en de l&rsquo;architecture, une \u00e9tude trimestrielle r\u00e9alis\u00e9e aupr\u00e8s de 1 200 architectes dans six pays europ\u00e9ens. Les architectes europ\u00e9ens ont un r\u00f4le d&rsquo;indicateur de tendance pour les activit\u00e9s de la construction.<\/p>\n<p>Dans chacun des pays, tous les architectes confirment, \u00e0 l&rsquo;heure actuelle, une tendance pour les m\u00e9thodes de construction \u00e0 mur sec \u00e0 la place des constructions \u00e0 mur mouill\u00e9 en ce qui concerne les murs int\u00e9rieurs. Cependant, lorsqu&rsquo;il s&rsquo;agit de techniques de construction en g\u00e9n\u00e9ral, l&rsquo;utilisation du b\u00e9ton sur le chantier restera plut\u00f4t stable dans chacun des pays. Les Pays-Bas font exception \u00e0 la r\u00e8gle, puisque 53 % des architectes pr\u00e9voient une diminution de son utilisation pour les cinq prochaines ann\u00e9es.<\/p>\n<p>La tendance en faveur de solutions plus durables, de produits naturels ainsi que de mat\u00e9riaux plus l\u00e9gers peut \u00e9galement s&rsquo;observer dans les techniques de construction. Les pr\u00e9visions du r\u00f4le accru des constructions sur b\u00e2ti en bois devraient s&rsquo;observer dans cinq pays. Les architectes pr\u00e9voient une pr\u00e9f\u00e9rence accrue pour la construction de panneaux en b\u00e9ton pr\u00e9fabriqu\u00e9 uniquement en Espagne. En Allemagne et au Royaume-Uni, outre l&rsquo;importance accrue des constructions en bois, d&rsquo;autres techniques vont \u00e9galement accro\u00eetre leur part de march\u00e9, notamment la construction de panneaux en b\u00e9ton pr\u00e9fabriqu\u00e9 et la construction \u00e0 structure en m\u00e9tal. Ce sont les architectes fran\u00e7ais qui pr\u00e9f\u00e8rent davantage les b\u00e2tis en bois. Sept architectes sur dix, soit le pourcentage le plus important parmi tous les pays et pour tout type de construction, ont indiqu\u00e9 qu&rsquo;ils utiliseraient davantage cette m\u00e9thode de construction.<\/p>\n<p>Les murs creux en briques seront moins utilis\u00e9s en Espagne, et selon les architectes fran\u00e7ais et italiens, l&rsquo;utilisation des solutions d&rsquo;enveloppe de bloc en b\u00e9ton diminuera durant les cinq prochaines ann\u00e9es. Ce ph\u00e9nom\u00e8ne sera probablement d\u00fb au fait que de nombreux architectes pr\u00e9voient d&rsquo;utiliser davantage le bois. En Italie, selon 46 % des architectes italiens, la construction en b\u00e9ton pr\u00e9fabriqu\u00e9 sera \u00e9galement moins utilis\u00e9e.<\/p>\n<p>Il est \u00e9galement \u00e0 noter que les architectes britanniques sont bien plus satisfaits de l&rsquo;utilisation de structures en m\u00e9tal. Seuls 3 % d&rsquo;entre eux pensent r\u00e9duire son utilisation, alors que 55 % sont m\u00eame convaincus qu&rsquo;ils l&rsquo;utiliseront davantage \u00e0 l&rsquo;avenir.<\/p>\n","protected":false},"excerpt":{"rendered":"<p>L&rsquo;utilisation de constructions sur b\u00e2ti en bois va augmenter dans chacun des pays dans lesquels Arch-Vision a r\u00e9alis\u00e9 des travaux sur le terrain (au Royaume-Uni, en Allemagne, en France, en Espagne en Italie et aux Pays-Bas). Ce sont quelques-unes des conclusions du rapport du 2e trimestre 2012 du Barom\u00e8tre europ\u00e9en de l&rsquo;architecture, une \u00e9tude trimestrielle [&hellip;]<\/p>\n","protected":false},"author":1,"featured_media":0,"comment_status":"open","ping_status":"closed","sticky":false,"template":"","format":"standard","meta":{"_et_pb_use_builder":"","_et_pb_old_content":"","_et_gb_content_width":"","footnotes":""},"categories":[6345],"tags":[],"class_list":["post-70612","post","type-post","status-publish","format-standard","hentry","category-economie-marches"],"yoast_head":"<!-- This site is optimized with the Yoast SEO plugin v27.4 - https:\/\/yoast.com\/product\/yoast-seo-wordpress\/ -->\n<title>Barom\u00e8tre europ\u00e9en d&#039;architecture : les architectes fran\u00e7ais pr\u00e9f\u00e9reraient davantage les b\u00e2tis en bois<\/title>\n<meta name=\"robots\" content=\"index, follow, max-snippet:-1, max-image-preview:large, max-video-preview:-1\" \/>\n<link rel=\"canonical\" href=\"https:\/\/batijournal.com\/index.php\/barometre-europeen-darchitecture-les-architectes-francais-prefereraient-davantage-les-batis-en-bois-2\/70612\/\" \/>\n<meta property=\"og:locale\" content=\"fr_FR\" \/>\n<meta property=\"og:type\" content=\"article\" \/>\n<meta property=\"og:title\" content=\"Barom\u00e8tre europ\u00e9en d&#039;architecture : les architectes fran\u00e7ais pr\u00e9f\u00e9reraient davantage les b\u00e2tis en bois\" \/>\n<meta property=\"og:description\" content=\"L&rsquo;utilisation de constructions sur b\u00e2ti en bois va augmenter dans chacun des pays dans lesquels Arch-Vision a r\u00e9alis\u00e9 des travaux sur le terrain (au Royaume-Uni, en Allemagne, en France, en Espagne en Italie et aux Pays-Bas). Ce sont quelques-unes des conclusions du rapport du 2e trimestre 2012 du Barom\u00e8tre europ\u00e9en de l&rsquo;architecture, une \u00e9tude trimestrielle [&hellip;]\" \/>\n<meta property=\"og:url\" content=\"https:\/\/batijournal.com\/index.php\/barometre-europeen-darchitecture-les-architectes-francais-prefereraient-davantage-les-batis-en-bois-2\/70612\/\" \/>\n<meta property=\"og:site_name\" content=\"Batijournal\" \/>\n<meta property=\"article:published_time\" content=\"2013-06-25T14:04:13+00:00\" \/>\n<meta property=\"article:modified_time\" content=\"2019-07-15T10:02:27+00:00\" \/>\n<meta name=\"author\" content=\"Bati-journal\" \/>\n<meta name=\"twitter:card\" content=\"summary_large_image\" \/>\n<meta name=\"twitter:creator\" content=\"@bati_journal\" \/>\n<meta name=\"twitter:site\" content=\"@bati_journal\" \/>\n<meta name=\"twitter:label1\" content=\"\u00c9crit par\" \/>\n\t<meta name=\"twitter:data1\" content=\"Bati-journal\" \/>\n\t<meta name=\"twitter:label2\" content=\"Dur\u00e9e de lecture estim\u00e9e\" \/>\n\t<meta name=\"twitter:data2\" content=\"2 minutes\" \/>\n<script type=\"application\/ld+json\" class=\"yoast-schema-graph\">{\"@context\":\"https:\\\/\\\/schema.org\",\"@graph\":[{\"@type\":\"Article\",\"@id\":\"https:\\\/\\\/batijournal.com\\\/index.php\\\/barometre-europeen-darchitecture-les-architectes-francais-prefereraient-davantage-les-batis-en-bois-2\\\/70612\\\/#article\",\"isPartOf\":{\"@id\":\"https:\\\/\\\/batijournal.com\\\/index.php\\\/barometre-europeen-darchitecture-les-architectes-francais-prefereraient-davantage-les-batis-en-bois-2\\\/70612\\\/\"},\"author\":{\"name\":\"Bati-journal\",\"@id\":\"https:\\\/\\\/batijournal.com\\\/#\\\/schema\\\/person\\\/6a657e8967569e1b299972574848aa76\"},\"headline\":\"Barom\u00e8tre europ\u00e9en d&rsquo;architecture : les architectes fran\u00e7ais pr\u00e9f\u00e9reraient davantage les b\u00e2tis en bois\",\"datePublished\":\"2013-06-25T14:04:13+00:00\",\"dateModified\":\"2019-07-15T10:02:27+00:00\",\"mainEntityOfPage\":{\"@id\":\"https:\\\/\\\/batijournal.com\\\/index.php\\\/barometre-europeen-darchitecture-les-architectes-francais-prefereraient-davantage-les-batis-en-bois-2\\\/70612\\\/\"},\"wordCount\":472,\"commentCount\":0,\"articleSection\":[\"\u00c9conomie &amp; March\u00e9s\"],\"inLanguage\":\"fr-FR\",\"potentialAction\":[{\"@type\":\"CommentAction\",\"name\":\"Comment\",\"target\":[\"https:\\\/\\\/batijournal.com\\\/index.php\\\/barometre-europeen-darchitecture-les-architectes-francais-prefereraient-davantage-les-batis-en-bois-2\\\/70612\\\/#respond\"]}]},{\"@type\":\"WebPage\",\"@id\":\"https:\\\/\\\/batijournal.com\\\/index.php\\\/barometre-europeen-darchitecture-les-architectes-francais-prefereraient-davantage-les-batis-en-bois-2\\\/70612\\\/\",\"url\":\"https:\\\/\\\/batijournal.com\\\/index.php\\\/barometre-europeen-darchitecture-les-architectes-francais-prefereraient-davantage-les-batis-en-bois-2\\\/70612\\\/\",\"name\":\"Barom\u00e8tre europ\u00e9en d'architecture : les architectes fran\u00e7ais pr\u00e9f\u00e9reraient davantage les b\u00e2tis en bois\",\"isPartOf\":{\"@id\":\"https:\\\/\\\/batijournal.com\\\/#website\"},\"datePublished\":\"2013-06-25T14:04:13+00:00\",\"dateModified\":\"2019-07-15T10:02:27+00:00\",\"author\":{\"@id\":\"https:\\\/\\\/batijournal.com\\\/#\\\/schema\\\/person\\\/6a657e8967569e1b299972574848aa76\"},\"breadcrumb\":{\"@id\":\"https:\\\/\\\/batijournal.com\\\/index.php\\\/barometre-europeen-darchitecture-les-architectes-francais-prefereraient-davantage-les-batis-en-bois-2\\\/70612\\\/#breadcrumb\"},\"inLanguage\":\"fr-FR\",\"potentialAction\":[{\"@type\":\"ReadAction\",\"target\":[\"https:\\\/\\\/batijournal.com\\\/index.php\\\/barometre-europeen-darchitecture-les-architectes-francais-prefereraient-davantage-les-batis-en-bois-2\\\/70612\\\/\"]}]},{\"@type\":\"BreadcrumbList\",\"@id\":\"https:\\\/\\\/batijournal.com\\\/index.php\\\/barometre-europeen-darchitecture-les-architectes-francais-prefereraient-davantage-les-batis-en-bois-2\\\/70612\\\/#breadcrumb\",\"itemListElement\":[{\"@type\":\"ListItem\",\"position\":1,\"name\":\"Accueil\",\"item\":\"https:\\\/\\\/batijournal.com\\\/\"},{\"@type\":\"ListItem\",\"position\":2,\"name\":\"Actualit\u00e9s\",\"item\":\"https:\\\/\\\/batijournal.com\\\/index.php\\\/category\\\/actualites\\\/\"},{\"@type\":\"ListItem\",\"position\":3,\"name\":\"\u00c9conomie &amp; March\u00e9s\",\"item\":\"https:\\\/\\\/batijournal.com\\\/index.php\\\/category\\\/actualites\\\/economie-marches\\\/\"},{\"@type\":\"ListItem\",\"position\":4,\"name\":\"Barom\u00e8tre europ\u00e9en d&rsquo;architecture : les architectes fran\u00e7ais pr\u00e9f\u00e9reraient davantage les b\u00e2tis en bois\"}]},{\"@type\":\"WebSite\",\"@id\":\"https:\\\/\\\/batijournal.com\\\/#website\",\"url\":\"https:\\\/\\\/batijournal.com\\\/\",\"name\":\"Batijournal\",\"description\":\"L&#039;actualit\u00e9 du b\u00e2timent\",\"potentialAction\":[{\"@type\":\"SearchAction\",\"target\":{\"@type\":\"EntryPoint\",\"urlTemplate\":\"https:\\\/\\\/batijournal.com\\\/?s={search_term_string}\"},\"query-input\":{\"@type\":\"PropertyValueSpecification\",\"valueRequired\":true,\"valueName\":\"search_term_string\"}}],\"inLanguage\":\"fr-FR\"},{\"@type\":\"Person\",\"@id\":\"https:\\\/\\\/batijournal.com\\\/#\\\/schema\\\/person\\\/6a657e8967569e1b299972574848aa76\",\"name\":\"Bati-journal\",\"image\":{\"@type\":\"ImageObject\",\"inLanguage\":\"fr-FR\",\"@id\":\"https:\\\/\\\/secure.gravatar.com\\\/avatar\\\/a64364ea26392f9b4dd47e017ddaec74ff03aefc073b49e492e847201258f777?s=96&d=mm&r=g\",\"url\":\"https:\\\/\\\/secure.gravatar.com\\\/avatar\\\/a64364ea26392f9b4dd47e017ddaec74ff03aefc073b49e492e847201258f777?s=96&d=mm&r=g\",\"contentUrl\":\"https:\\\/\\\/secure.gravatar.com\\\/avatar\\\/a64364ea26392f9b4dd47e017ddaec74ff03aefc073b49e492e847201258f777?s=96&d=mm&r=g\",\"caption\":\"Bati-journal\"},\"url\":\"https:\\\/\\\/batijournal.com\\\/index.php\\\/author\\\/elodie\\\/\"}]}<\/script>\n<!-- \/ Yoast SEO plugin. -->","yoast_head_json":{"title":"Barom\u00e8tre europ\u00e9en d'architecture : les architectes fran\u00e7ais pr\u00e9f\u00e9reraient davantage les b\u00e2tis en bois","robots":{"index":"index","follow":"follow","max-snippet":"max-snippet:-1","max-image-preview":"max-image-preview:large","max-video-preview":"max-video-preview:-1"},"canonical":"https:\/\/batijournal.com\/index.php\/barometre-europeen-darchitecture-les-architectes-francais-prefereraient-davantage-les-batis-en-bois-2\/70612\/","og_locale":"fr_FR","og_type":"article","og_title":"Barom\u00e8tre europ\u00e9en d'architecture : les architectes fran\u00e7ais pr\u00e9f\u00e9reraient davantage les b\u00e2tis en bois","og_description":"L&rsquo;utilisation de constructions sur b\u00e2ti en bois va augmenter dans chacun des pays dans lesquels Arch-Vision a r\u00e9alis\u00e9 des travaux sur le terrain (au Royaume-Uni, en Allemagne, en France, en Espagne en Italie et aux Pays-Bas). Ce sont quelques-unes des conclusions du rapport du 2e trimestre 2012 du Barom\u00e8tre europ\u00e9en de l&rsquo;architecture, une \u00e9tude trimestrielle [&hellip;]","og_url":"https:\/\/batijournal.com\/index.php\/barometre-europeen-darchitecture-les-architectes-francais-prefereraient-davantage-les-batis-en-bois-2\/70612\/","og_site_name":"Batijournal","article_published_time":"2013-06-25T14:04:13+00:00","article_modified_time":"2019-07-15T10:02:27+00:00","author":"Bati-journal","twitter_card":"summary_large_image","twitter_creator":"@bati_journal","twitter_site":"@bati_journal","twitter_misc":{"\u00c9crit par":"Bati-journal","Dur\u00e9e de lecture estim\u00e9e":"2 minutes"},"schema":{"@context":"https:\/\/schema.org","@graph":[{"@type":"Article","@id":"https:\/\/batijournal.com\/index.php\/barometre-europeen-darchitecture-les-architectes-francais-prefereraient-davantage-les-batis-en-bois-2\/70612\/#article","isPartOf":{"@id":"https:\/\/batijournal.com\/index.php\/barometre-europeen-darchitecture-les-architectes-francais-prefereraient-davantage-les-batis-en-bois-2\/70612\/"},"author":{"name":"Bati-journal","@id":"https:\/\/batijournal.com\/#\/schema\/person\/6a657e8967569e1b299972574848aa76"},"headline":"Barom\u00e8tre europ\u00e9en d&rsquo;architecture : les architectes fran\u00e7ais pr\u00e9f\u00e9reraient davantage les b\u00e2tis en bois","datePublished":"2013-06-25T14:04:13+00:00","dateModified":"2019-07-15T10:02:27+00:00","mainEntityOfPage":{"@id":"https:\/\/batijournal.com\/index.php\/barometre-europeen-darchitecture-les-architectes-francais-prefereraient-davantage-les-batis-en-bois-2\/70612\/"},"wordCount":472,"commentCount":0,"articleSection":["\u00c9conomie &amp; March\u00e9s"],"inLanguage":"fr-FR","potentialAction":[{"@type":"CommentAction","name":"Comment","target":["https:\/\/batijournal.com\/index.php\/barometre-europeen-darchitecture-les-architectes-francais-prefereraient-davantage-les-batis-en-bois-2\/70612\/#respond"]}]},{"@type":"WebPage","@id":"https:\/\/batijournal.com\/index.php\/barometre-europeen-darchitecture-les-architectes-francais-prefereraient-davantage-les-batis-en-bois-2\/70612\/","url":"https:\/\/batijournal.com\/index.php\/barometre-europeen-darchitecture-les-architectes-francais-prefereraient-davantage-les-batis-en-bois-2\/70612\/","name":"Barom\u00e8tre europ\u00e9en d'architecture : les architectes fran\u00e7ais pr\u00e9f\u00e9reraient davantage les b\u00e2tis en bois","isPartOf":{"@id":"https:\/\/batijournal.com\/#website"},"datePublished":"2013-06-25T14:04:13+00:00","dateModified":"2019-07-15T10:02:27+00:00","author":{"@id":"https:\/\/batijournal.com\/#\/schema\/person\/6a657e8967569e1b299972574848aa76"},"breadcrumb":{"@id":"https:\/\/batijournal.com\/index.php\/barometre-europeen-darchitecture-les-architectes-francais-prefereraient-davantage-les-batis-en-bois-2\/70612\/#breadcrumb"},"inLanguage":"fr-FR","potentialAction":[{"@type":"ReadAction","target":["https:\/\/batijournal.com\/index.php\/barometre-europeen-darchitecture-les-architectes-francais-prefereraient-davantage-les-batis-en-bois-2\/70612\/"]}]},{"@type":"BreadcrumbList","@id":"https:\/\/batijournal.com\/index.php\/barometre-europeen-darchitecture-les-architectes-francais-prefereraient-davantage-les-batis-en-bois-2\/70612\/#breadcrumb","itemListElement":[{"@type":"ListItem","position":1,"name":"Accueil","item":"https:\/\/batijournal.com\/"},{"@type":"ListItem","position":2,"name":"Actualit\u00e9s","item":"https:\/\/batijournal.com\/index.php\/category\/actualites\/"},{"@type":"ListItem","position":3,"name":"\u00c9conomie &amp; March\u00e9s","item":"https:\/\/batijournal.com\/index.php\/category\/actualites\/economie-marches\/"},{"@type":"ListItem","position":4,"name":"Barom\u00e8tre europ\u00e9en d&rsquo;architecture : les architectes fran\u00e7ais pr\u00e9f\u00e9reraient davantage les b\u00e2tis en bois"}]},{"@type":"WebSite","@id":"https:\/\/batijournal.com\/#website","url":"https:\/\/batijournal.com\/","name":"Batijournal","description":"L&#039;actualit\u00e9 du b\u00e2timent","potentialAction":[{"@type":"SearchAction","target":{"@type":"EntryPoint","urlTemplate":"https:\/\/batijournal.com\/?s={search_term_string}"},"query-input":{"@type":"PropertyValueSpecification","valueRequired":true,"valueName":"search_term_string"}}],"inLanguage":"fr-FR"},{"@type":"Person","@id":"https:\/\/batijournal.com\/#\/schema\/person\/6a657e8967569e1b299972574848aa76","name":"Bati-journal","image":{"@type":"ImageObject","inLanguage":"fr-FR","@id":"https:\/\/secure.gravatar.com\/avatar\/a64364ea26392f9b4dd47e017ddaec74ff03aefc073b49e492e847201258f777?s=96&d=mm&r=g","url":"https:\/\/secure.gravatar.com\/avatar\/a64364ea26392f9b4dd47e017ddaec74ff03aefc073b49e492e847201258f777?s=96&d=mm&r=g","contentUrl":"https:\/\/secure.gravatar.com\/avatar\/a64364ea26392f9b4dd47e017ddaec74ff03aefc073b49e492e847201258f777?s=96&d=mm&r=g","caption":"Bati-journal"},"url":"https:\/\/batijournal.com\/index.php\/author\/elodie\/"}]}},"_links":{"self":[{"href":"https:\/\/batijournal.com\/index.php\/wp-json\/wp\/v2\/posts\/70612","targetHints":{"allow":["GET"]}}],"collection":[{"href":"https:\/\/batijournal.com\/index.php\/wp-json\/wp\/v2\/posts"}],"about":[{"href":"https:\/\/batijournal.com\/index.php\/wp-json\/wp\/v2\/types\/post"}],"author":[{"embeddable":true,"href":"https:\/\/batijournal.com\/index.php\/wp-json\/wp\/v2\/users\/1"}],"replies":[{"embeddable":true,"href":"https:\/\/batijournal.com\/index.php\/wp-json\/wp\/v2\/comments?post=70612"}],"version-history":[{"count":0,"href":"https:\/\/batijournal.com\/index.php\/wp-json\/wp\/v2\/posts\/70612\/revisions"}],"wp:attachment":[{"href":"https:\/\/batijournal.com\/index.php\/wp-json\/wp\/v2\/media?parent=70612"}],"wp:term":[{"taxonomy":"category","embeddable":true,"href":"https:\/\/batijournal.com\/index.php\/wp-json\/wp\/v2\/categories?post=70612"},{"taxonomy":"post_tag","embeddable":true,"href":"https:\/\/batijournal.com\/index.php\/wp-json\/wp\/v2\/tags?post=70612"}],"curies":[{"name":"wp","href":"https:\/\/api.w.org\/{rel}","templated":true}]}}