{"id":70703,"date":"2007-08-22T00:00:00","date_gmt":"2007-08-21T22:00:00","guid":{"rendered":"http:\/\/b.bati-journal.com\/engagements-pour-linsertion-professionnelle\/70703"},"modified":"2019-07-15T12:09:28","modified_gmt":"2019-07-15T10:09:28","slug":"engagements-pour-linsertion-professionnelle","status":"publish","type":"post","link":"https:\/\/batijournal.com\/index.php\/engagements-pour-linsertion-professionnelle\/70703\/","title":{"rendered":"Engagements pour l&rsquo;insertion professionnelle"},"content":{"rendered":"<p>La charte ANRU est une charte d&rsquo;insertion qui int\u00e8gre au programme national de r\u00e9novation urbaine des exigences d&rsquo;insertion professionnelle des habitants des zones urbaines sensibles. Un accord-cadre national sur la mise en oeuvre de la charte ANRU a \u00e9t\u00e9 sign\u00e9 \u00e0 Angers le 16 juillet par Christine Boutin, ministre du Logement et de la Ville, Philippe Van de Maele, directeur g\u00e9n\u00e9ral de l&rsquo;Agence nationale pour la r\u00e9novation urbaine (ANRU), et Christian Baffy, pr\u00e9sident de la F\u00e9d\u00e9ration fran\u00e7aise du b\u00e2timent (FFB). L&rsquo;objectif est d&rsquo;associer les f\u00e9d\u00e9rations locales de la FFB \u00e0 la mise en oeuvre de la charte. Le minist\u00e8re du Logement et de la Ville s&rsquo;engage \u00e0 mener \u00e0 bien le programme et \u00e0 faciliter les recrutements, tout particuli\u00e8rement dans le b\u00e2timent. L&rsquo;ANRU s&rsquo;engage \u00e0 renseigner les f\u00e9d\u00e9rations locales de la FFB sur le programme et le calendrier des travaux, ainsi qu&rsquo;\u00e0 veiller \u00e0 ce qu&rsquo;elles soient associ\u00e9es \u00e0 la mise en oeuvre des plans locaux d&rsquo;application de la charte. La FFB va promouvoir la charte aupr\u00e8s de ses adh\u00e9rents et susciter la cr\u00e9ation de GEIQ BTP afin de mettre \u00e0 la disposition des entreprises des moyens pour recruter, former et accompagner les demandeurs d&#8217;emploi en r\u00e9insertion.<\/p>\n","protected":false},"excerpt":{"rendered":"<p>La charte ANRU est une charte d&rsquo;insertion qui int\u00e8gre au programme national de r\u00e9novation urbaine des exigences d&rsquo;insertion professionnelle des habitants des zones urbaines sensibles. Un accord-cadre national sur la mise en oeuvre de la charte ANRU a \u00e9t\u00e9 sign\u00e9 \u00e0 Angers le 16 juillet par Christine Boutin, ministre du Logement et de la Ville, [&hellip;]<\/p>\n","protected":false},"author":1,"featured_media":0,"comment_status":"open","ping_status":"closed","sticky":false,"template":"","format":"standard","meta":{"_et_pb_use_builder":"","_et_pb_old_content":"","_et_gb_content_width":"","footnotes":""},"categories":[6345],"tags":[7114],"class_list":["post-70703","post","type-post","status-publish","format-standard","hentry","category-economie-marches","tag-insertion-professionnelle"],"yoast_head":"<!-- This site is optimized with the Yoast SEO plugin v27.4 - https:\/\/yoast.com\/product\/yoast-seo-wordpress\/ -->\n<title>Engagements pour l&#039;insertion professionnelle<\/title>\n<meta name=\"robots\" content=\"index, follow, max-snippet:-1, max-image-preview:large, max-video-preview:-1\" \/>\n<link rel=\"canonical\" href=\"https:\/\/batijournal.com\/index.php\/engagements-pour-linsertion-professionnelle\/70703\/\" \/>\n<meta property=\"og:locale\" content=\"fr_FR\" \/>\n<meta property=\"og:type\" content=\"article\" \/>\n<meta property=\"og:title\" content=\"Engagements pour l&#039;insertion professionnelle\" \/>\n<meta property=\"og:description\" content=\"La charte ANRU est une charte d&rsquo;insertion qui int\u00e8gre au programme national de r\u00e9novation urbaine des exigences d&rsquo;insertion professionnelle des habitants des zones urbaines sensibles. Un accord-cadre national sur la mise en oeuvre de la charte ANRU a \u00e9t\u00e9 sign\u00e9 \u00e0 Angers le 16 juillet par Christine Boutin, ministre du Logement et de la Ville, [&hellip;]\" \/>\n<meta property=\"og:url\" content=\"https:\/\/batijournal.com\/index.php\/engagements-pour-linsertion-professionnelle\/70703\/\" \/>\n<meta property=\"og:site_name\" content=\"Batijournal\" \/>\n<meta property=\"article:published_time\" content=\"2007-08-21T22:00:00+00:00\" \/>\n<meta property=\"article:modified_time\" content=\"2019-07-15T10:09:28+00:00\" \/>\n<meta name=\"author\" content=\"Bati-journal\" \/>\n<meta name=\"twitter:card\" content=\"summary_large_image\" \/>\n<meta name=\"twitter:creator\" content=\"@bati_journal\" \/>\n<meta name=\"twitter:site\" content=\"@bati_journal\" \/>\n<meta name=\"twitter:label1\" content=\"\u00c9crit par\" \/>\n\t<meta name=\"twitter:data1\" content=\"Bati-journal\" \/>\n\t<meta name=\"twitter:label2\" content=\"Dur\u00e9e de lecture estim\u00e9e\" \/>\n\t<meta name=\"twitter:data2\" content=\"1 minute\" \/>\n<script type=\"application\/ld+json\" class=\"yoast-schema-graph\">{\"@context\":\"https:\\\/\\\/schema.org\",\"@graph\":[{\"@type\":\"Article\",\"@id\":\"https:\\\/\\\/batijournal.com\\\/index.php\\\/engagements-pour-linsertion-professionnelle\\\/70703\\\/#article\",\"isPartOf\":{\"@id\":\"https:\\\/\\\/batijournal.com\\\/index.php\\\/engagements-pour-linsertion-professionnelle\\\/70703\\\/\"},\"author\":{\"name\":\"Bati-journal\",\"@id\":\"https:\\\/\\\/batijournal.com\\\/#\\\/schema\\\/person\\\/6a657e8967569e1b299972574848aa76\"},\"headline\":\"Engagements pour l&rsquo;insertion professionnelle\",\"datePublished\":\"2007-08-21T22:00:00+00:00\",\"dateModified\":\"2019-07-15T10:09:28+00:00\",\"mainEntityOfPage\":{\"@id\":\"https:\\\/\\\/batijournal.com\\\/index.php\\\/engagements-pour-linsertion-professionnelle\\\/70703\\\/\"},\"wordCount\":225,\"commentCount\":0,\"keywords\":[\"insertion professionnelle\"],\"articleSection\":[\"\u00c9conomie &amp; March\u00e9s\"],\"inLanguage\":\"fr-FR\",\"potentialAction\":[{\"@type\":\"CommentAction\",\"name\":\"Comment\",\"target\":[\"https:\\\/\\\/batijournal.com\\\/index.php\\\/engagements-pour-linsertion-professionnelle\\\/70703\\\/#respond\"]}]},{\"@type\":\"WebPage\",\"@id\":\"https:\\\/\\\/batijournal.com\\\/index.php\\\/engagements-pour-linsertion-professionnelle\\\/70703\\\/\",\"url\":\"https:\\\/\\\/batijournal.com\\\/index.php\\\/engagements-pour-linsertion-professionnelle\\\/70703\\\/\",\"name\":\"Engagements pour l'insertion professionnelle\",\"isPartOf\":{\"@id\":\"https:\\\/\\\/batijournal.com\\\/#website\"},\"datePublished\":\"2007-08-21T22:00:00+00:00\",\"dateModified\":\"2019-07-15T10:09:28+00:00\",\"author\":{\"@id\":\"https:\\\/\\\/batijournal.com\\\/#\\\/schema\\\/person\\\/6a657e8967569e1b299972574848aa76\"},\"breadcrumb\":{\"@id\":\"https:\\\/\\\/batijournal.com\\\/index.php\\\/engagements-pour-linsertion-professionnelle\\\/70703\\\/#breadcrumb\"},\"inLanguage\":\"fr-FR\",\"potentialAction\":[{\"@type\":\"ReadAction\",\"target\":[\"https:\\\/\\\/batijournal.com\\\/index.php\\\/engagements-pour-linsertion-professionnelle\\\/70703\\\/\"]}]},{\"@type\":\"BreadcrumbList\",\"@id\":\"https:\\\/\\\/batijournal.com\\\/index.php\\\/engagements-pour-linsertion-professionnelle\\\/70703\\\/#breadcrumb\",\"itemListElement\":[{\"@type\":\"ListItem\",\"position\":1,\"name\":\"Accueil\",\"item\":\"https:\\\/\\\/batijournal.com\\\/\"},{\"@type\":\"ListItem\",\"position\":2,\"name\":\"Actualit\u00e9s\",\"item\":\"https:\\\/\\\/batijournal.com\\\/index.php\\\/category\\\/actualites\\\/\"},{\"@type\":\"ListItem\",\"position\":3,\"name\":\"\u00c9conomie &amp; March\u00e9s\",\"item\":\"https:\\\/\\\/batijournal.com\\\/index.php\\\/category\\\/actualites\\\/economie-marches\\\/\"},{\"@type\":\"ListItem\",\"position\":4,\"name\":\"Engagements pour l&rsquo;insertion professionnelle\"}]},{\"@type\":\"WebSite\",\"@id\":\"https:\\\/\\\/batijournal.com\\\/#website\",\"url\":\"https:\\\/\\\/batijournal.com\\\/\",\"name\":\"Batijournal\",\"description\":\"L&#039;actualit\u00e9 du b\u00e2timent\",\"potentialAction\":[{\"@type\":\"SearchAction\",\"target\":{\"@type\":\"EntryPoint\",\"urlTemplate\":\"https:\\\/\\\/batijournal.com\\\/?s={search_term_string}\"},\"query-input\":{\"@type\":\"PropertyValueSpecification\",\"valueRequired\":true,\"valueName\":\"search_term_string\"}}],\"inLanguage\":\"fr-FR\"},{\"@type\":\"Person\",\"@id\":\"https:\\\/\\\/batijournal.com\\\/#\\\/schema\\\/person\\\/6a657e8967569e1b299972574848aa76\",\"name\":\"Bati-journal\",\"image\":{\"@type\":\"ImageObject\",\"inLanguage\":\"fr-FR\",\"@id\":\"https:\\\/\\\/secure.gravatar.com\\\/avatar\\\/a64364ea26392f9b4dd47e017ddaec74ff03aefc073b49e492e847201258f777?s=96&d=mm&r=g\",\"url\":\"https:\\\/\\\/secure.gravatar.com\\\/avatar\\\/a64364ea26392f9b4dd47e017ddaec74ff03aefc073b49e492e847201258f777?s=96&d=mm&r=g\",\"contentUrl\":\"https:\\\/\\\/secure.gravatar.com\\\/avatar\\\/a64364ea26392f9b4dd47e017ddaec74ff03aefc073b49e492e847201258f777?s=96&d=mm&r=g\",\"caption\":\"Bati-journal\"},\"url\":\"https:\\\/\\\/batijournal.com\\\/index.php\\\/author\\\/elodie\\\/\"}]}<\/script>\n<!-- \/ Yoast SEO plugin. -->","yoast_head_json":{"title":"Engagements pour l'insertion professionnelle","robots":{"index":"index","follow":"follow","max-snippet":"max-snippet:-1","max-image-preview":"max-image-preview:large","max-video-preview":"max-video-preview:-1"},"canonical":"https:\/\/batijournal.com\/index.php\/engagements-pour-linsertion-professionnelle\/70703\/","og_locale":"fr_FR","og_type":"article","og_title":"Engagements pour l'insertion professionnelle","og_description":"La charte ANRU est une charte d&rsquo;insertion qui int\u00e8gre au programme national de r\u00e9novation urbaine des exigences d&rsquo;insertion professionnelle des habitants des zones urbaines sensibles. Un accord-cadre national sur la mise en oeuvre de la charte ANRU a \u00e9t\u00e9 sign\u00e9 \u00e0 Angers le 16 juillet par Christine Boutin, ministre du Logement et de la Ville, [&hellip;]","og_url":"https:\/\/batijournal.com\/index.php\/engagements-pour-linsertion-professionnelle\/70703\/","og_site_name":"Batijournal","article_published_time":"2007-08-21T22:00:00+00:00","article_modified_time":"2019-07-15T10:09:28+00:00","author":"Bati-journal","twitter_card":"summary_large_image","twitter_creator":"@bati_journal","twitter_site":"@bati_journal","twitter_misc":{"\u00c9crit par":"Bati-journal","Dur\u00e9e de lecture estim\u00e9e":"1 minute"},"schema":{"@context":"https:\/\/schema.org","@graph":[{"@type":"Article","@id":"https:\/\/batijournal.com\/index.php\/engagements-pour-linsertion-professionnelle\/70703\/#article","isPartOf":{"@id":"https:\/\/batijournal.com\/index.php\/engagements-pour-linsertion-professionnelle\/70703\/"},"author":{"name":"Bati-journal","@id":"https:\/\/batijournal.com\/#\/schema\/person\/6a657e8967569e1b299972574848aa76"},"headline":"Engagements pour l&rsquo;insertion professionnelle","datePublished":"2007-08-21T22:00:00+00:00","dateModified":"2019-07-15T10:09:28+00:00","mainEntityOfPage":{"@id":"https:\/\/batijournal.com\/index.php\/engagements-pour-linsertion-professionnelle\/70703\/"},"wordCount":225,"commentCount":0,"keywords":["insertion professionnelle"],"articleSection":["\u00c9conomie &amp; March\u00e9s"],"inLanguage":"fr-FR","potentialAction":[{"@type":"CommentAction","name":"Comment","target":["https:\/\/batijournal.com\/index.php\/engagements-pour-linsertion-professionnelle\/70703\/#respond"]}]},{"@type":"WebPage","@id":"https:\/\/batijournal.com\/index.php\/engagements-pour-linsertion-professionnelle\/70703\/","url":"https:\/\/batijournal.com\/index.php\/engagements-pour-linsertion-professionnelle\/70703\/","name":"Engagements pour l'insertion professionnelle","isPartOf":{"@id":"https:\/\/batijournal.com\/#website"},"datePublished":"2007-08-21T22:00:00+00:00","dateModified":"2019-07-15T10:09:28+00:00","author":{"@id":"https:\/\/batijournal.com\/#\/schema\/person\/6a657e8967569e1b299972574848aa76"},"breadcrumb":{"@id":"https:\/\/batijournal.com\/index.php\/engagements-pour-linsertion-professionnelle\/70703\/#breadcrumb"},"inLanguage":"fr-FR","potentialAction":[{"@type":"ReadAction","target":["https:\/\/batijournal.com\/index.php\/engagements-pour-linsertion-professionnelle\/70703\/"]}]},{"@type":"BreadcrumbList","@id":"https:\/\/batijournal.com\/index.php\/engagements-pour-linsertion-professionnelle\/70703\/#breadcrumb","itemListElement":[{"@type":"ListItem","position":1,"name":"Accueil","item":"https:\/\/batijournal.com\/"},{"@type":"ListItem","position":2,"name":"Actualit\u00e9s","item":"https:\/\/batijournal.com\/index.php\/category\/actualites\/"},{"@type":"ListItem","position":3,"name":"\u00c9conomie &amp; March\u00e9s","item":"https:\/\/batijournal.com\/index.php\/category\/actualites\/economie-marches\/"},{"@type":"ListItem","position":4,"name":"Engagements pour l&rsquo;insertion professionnelle"}]},{"@type":"WebSite","@id":"https:\/\/batijournal.com\/#website","url":"https:\/\/batijournal.com\/","name":"Batijournal","description":"L&#039;actualit\u00e9 du b\u00e2timent","potentialAction":[{"@type":"SearchAction","target":{"@type":"EntryPoint","urlTemplate":"https:\/\/batijournal.com\/?s={search_term_string}"},"query-input":{"@type":"PropertyValueSpecification","valueRequired":true,"valueName":"search_term_string"}}],"inLanguage":"fr-FR"},{"@type":"Person","@id":"https:\/\/batijournal.com\/#\/schema\/person\/6a657e8967569e1b299972574848aa76","name":"Bati-journal","image":{"@type":"ImageObject","inLanguage":"fr-FR","@id":"https:\/\/secure.gravatar.com\/avatar\/a64364ea26392f9b4dd47e017ddaec74ff03aefc073b49e492e847201258f777?s=96&d=mm&r=g","url":"https:\/\/secure.gravatar.com\/avatar\/a64364ea26392f9b4dd47e017ddaec74ff03aefc073b49e492e847201258f777?s=96&d=mm&r=g","contentUrl":"https:\/\/secure.gravatar.com\/avatar\/a64364ea26392f9b4dd47e017ddaec74ff03aefc073b49e492e847201258f777?s=96&d=mm&r=g","caption":"Bati-journal"},"url":"https:\/\/batijournal.com\/index.php\/author\/elodie\/"}]}},"_links":{"self":[{"href":"https:\/\/batijournal.com\/index.php\/wp-json\/wp\/v2\/posts\/70703","targetHints":{"allow":["GET"]}}],"collection":[{"href":"https:\/\/batijournal.com\/index.php\/wp-json\/wp\/v2\/posts"}],"about":[{"href":"https:\/\/batijournal.com\/index.php\/wp-json\/wp\/v2\/types\/post"}],"author":[{"embeddable":true,"href":"https:\/\/batijournal.com\/index.php\/wp-json\/wp\/v2\/users\/1"}],"replies":[{"embeddable":true,"href":"https:\/\/batijournal.com\/index.php\/wp-json\/wp\/v2\/comments?post=70703"}],"version-history":[{"count":0,"href":"https:\/\/batijournal.com\/index.php\/wp-json\/wp\/v2\/posts\/70703\/revisions"}],"wp:attachment":[{"href":"https:\/\/batijournal.com\/index.php\/wp-json\/wp\/v2\/media?parent=70703"}],"wp:term":[{"taxonomy":"category","embeddable":true,"href":"https:\/\/batijournal.com\/index.php\/wp-json\/wp\/v2\/categories?post=70703"},{"taxonomy":"post_tag","embeddable":true,"href":"https:\/\/batijournal.com\/index.php\/wp-json\/wp\/v2\/tags?post=70703"}],"curies":[{"name":"wp","href":"https:\/\/api.w.org\/{rel}","templated":true}]}}