{"id":70718,"date":"2008-04-18T17:08:41","date_gmt":"2008-04-18T15:08:41","guid":{"rendered":"http:\/\/b.bati-journal.com\/lancement-du-label-eco-artisan\/70718"},"modified":"2019-07-15T12:09:26","modified_gmt":"2019-07-15T10:09:26","slug":"lancement-du-label-eco-artisan","status":"publish","type":"post","link":"https:\/\/batijournal.com\/index.php\/lancement-du-label-eco-artisan\/70718\/","title":{"rendered":"Lancement du label \u00e9co-artisan"},"content":{"rendered":"<p>Lanc\u00e9 par la Capeb \u00e0 l\u2019occasion de son assembl\u00e9e g\u00e9n\u00e9rale annuelle \u00e0 Perpignan, le label Eco-artisan distinguera les artisans du b\u00e2timent capables de conseiller les particuliers en mati\u00e8re d\u2019efficacit\u00e9 \u00e9nerg\u00e9tique, en toute ind\u00e9pendance. Il repose sur trois crit\u00e8res de qualit\u00e9 : l\u2019artisan devra \u00eatre capable de proposer \u00e0 son client une \u00e9valuation des performances thermiques globales de son logement, de conseiller au client des techniques coh\u00e9rentes am\u00e9liorant l\u2019efficacit\u00e9 thermique de son logement et devra \u00e9galement \u00eatre en mesure de proposer des solutions adapt\u00e9es et efficaces dans son corps de m\u00e9tier&#8230; \u00ab Il ne s\u2019agit pas d\u2019inventer de nouveaux m\u00e9tiers mais de mobiliser les entreprises artisanales afin qu\u2019elles soient exemplaires sur le march\u00e9 de la r\u00e9novation thermique des logements \u00e0 travers toute la France. J\u2019insiste mais il s\u2019agit bien de tous les m\u00e9tiers du b\u00e2timent, le peintre et autres professions de la finition y compris \u00bb, explique Jean Lardin, pr\u00e9sident de la Capeb. La conf\u00e9d\u00e9ration accompagnera les artisans en mettant \u00e0 leur disposition des formations. Le label Eco-artisan sera d\u00e9ploy\u00e9 sur l\u2019ensemble du territoire d\u2019ici d\u00e9but 2009.<\/p>\n","protected":false},"excerpt":{"rendered":"<p>Lanc\u00e9 par la Capeb \u00e0 l\u2019occasion de son assembl\u00e9e g\u00e9n\u00e9rale annuelle \u00e0 Perpignan, le label Eco-artisan distinguera les artisans du b\u00e2timent capables de conseiller les particuliers en mati\u00e8re d\u2019efficacit\u00e9 \u00e9nerg\u00e9tique, en toute ind\u00e9pendance. Il repose sur trois crit\u00e8res de qualit\u00e9 : l\u2019artisan devra \u00eatre capable de proposer \u00e0 son client une \u00e9valuation des performances thermiques [&hellip;]<\/p>\n","protected":false},"author":1,"featured_media":0,"comment_status":"open","ping_status":"closed","sticky":false,"template":"","format":"standard","meta":{"_et_pb_use_builder":"","_et_pb_old_content":"","_et_gb_content_width":"","footnotes":""},"categories":[6345],"tags":[6552,1037],"class_list":["post-70718","post","type-post","status-publish","format-standard","hentry","category-economie-marches","tag-eco-artisan","tag-label"],"yoast_head":"<!-- This site is optimized with the Yoast SEO plugin v27.4 - https:\/\/yoast.com\/product\/yoast-seo-wordpress\/ -->\n<title>Lancement du label \u00e9co-artisan<\/title>\n<meta name=\"robots\" content=\"index, follow, max-snippet:-1, max-image-preview:large, max-video-preview:-1\" \/>\n<link rel=\"canonical\" href=\"https:\/\/batijournal.com\/index.php\/lancement-du-label-eco-artisan\/70718\/\" \/>\n<meta property=\"og:locale\" content=\"fr_FR\" \/>\n<meta property=\"og:type\" content=\"article\" \/>\n<meta property=\"og:title\" content=\"Lancement du label \u00e9co-artisan\" \/>\n<meta property=\"og:description\" content=\"Lanc\u00e9 par la Capeb \u00e0 l\u2019occasion de son assembl\u00e9e g\u00e9n\u00e9rale annuelle \u00e0 Perpignan, le label Eco-artisan distinguera les artisans du b\u00e2timent capables de conseiller les particuliers en mati\u00e8re d\u2019efficacit\u00e9 \u00e9nerg\u00e9tique, en toute ind\u00e9pendance. Il repose sur trois crit\u00e8res de qualit\u00e9 : l\u2019artisan devra \u00eatre capable de proposer \u00e0 son client une \u00e9valuation des performances thermiques [&hellip;]\" \/>\n<meta property=\"og:url\" content=\"https:\/\/batijournal.com\/index.php\/lancement-du-label-eco-artisan\/70718\/\" \/>\n<meta property=\"og:site_name\" content=\"Batijournal\" \/>\n<meta property=\"article:published_time\" content=\"2008-04-18T15:08:41+00:00\" \/>\n<meta property=\"article:modified_time\" content=\"2019-07-15T10:09:26+00:00\" \/>\n<meta name=\"author\" content=\"Bati-journal\" \/>\n<meta name=\"twitter:card\" content=\"summary_large_image\" \/>\n<meta name=\"twitter:creator\" content=\"@bati_journal\" \/>\n<meta name=\"twitter:site\" content=\"@bati_journal\" \/>\n<meta name=\"twitter:label1\" content=\"\u00c9crit par\" \/>\n\t<meta name=\"twitter:data1\" content=\"Bati-journal\" \/>\n\t<meta name=\"twitter:label2\" content=\"Dur\u00e9e de lecture estim\u00e9e\" \/>\n\t<meta name=\"twitter:data2\" content=\"1 minute\" \/>\n<script type=\"application\/ld+json\" class=\"yoast-schema-graph\">{\"@context\":\"https:\\\/\\\/schema.org\",\"@graph\":[{\"@type\":\"Article\",\"@id\":\"https:\\\/\\\/batijournal.com\\\/index.php\\\/lancement-du-label-eco-artisan\\\/70718\\\/#article\",\"isPartOf\":{\"@id\":\"https:\\\/\\\/batijournal.com\\\/index.php\\\/lancement-du-label-eco-artisan\\\/70718\\\/\"},\"author\":{\"name\":\"Bati-journal\",\"@id\":\"https:\\\/\\\/batijournal.com\\\/#\\\/schema\\\/person\\\/6a657e8967569e1b299972574848aa76\"},\"headline\":\"Lancement du label \u00e9co-artisan\",\"datePublished\":\"2008-04-18T15:08:41+00:00\",\"dateModified\":\"2019-07-15T10:09:26+00:00\",\"mainEntityOfPage\":{\"@id\":\"https:\\\/\\\/batijournal.com\\\/index.php\\\/lancement-du-label-eco-artisan\\\/70718\\\/\"},\"wordCount\":203,\"commentCount\":0,\"keywords\":[\"eco artisan\",\"label\"],\"articleSection\":[\"\u00c9conomie &amp; March\u00e9s\"],\"inLanguage\":\"fr-FR\",\"potentialAction\":[{\"@type\":\"CommentAction\",\"name\":\"Comment\",\"target\":[\"https:\\\/\\\/batijournal.com\\\/index.php\\\/lancement-du-label-eco-artisan\\\/70718\\\/#respond\"]}]},{\"@type\":\"WebPage\",\"@id\":\"https:\\\/\\\/batijournal.com\\\/index.php\\\/lancement-du-label-eco-artisan\\\/70718\\\/\",\"url\":\"https:\\\/\\\/batijournal.com\\\/index.php\\\/lancement-du-label-eco-artisan\\\/70718\\\/\",\"name\":\"Lancement du label \u00e9co-artisan\",\"isPartOf\":{\"@id\":\"https:\\\/\\\/batijournal.com\\\/#website\"},\"datePublished\":\"2008-04-18T15:08:41+00:00\",\"dateModified\":\"2019-07-15T10:09:26+00:00\",\"author\":{\"@id\":\"https:\\\/\\\/batijournal.com\\\/#\\\/schema\\\/person\\\/6a657e8967569e1b299972574848aa76\"},\"breadcrumb\":{\"@id\":\"https:\\\/\\\/batijournal.com\\\/index.php\\\/lancement-du-label-eco-artisan\\\/70718\\\/#breadcrumb\"},\"inLanguage\":\"fr-FR\",\"potentialAction\":[{\"@type\":\"ReadAction\",\"target\":[\"https:\\\/\\\/batijournal.com\\\/index.php\\\/lancement-du-label-eco-artisan\\\/70718\\\/\"]}]},{\"@type\":\"BreadcrumbList\",\"@id\":\"https:\\\/\\\/batijournal.com\\\/index.php\\\/lancement-du-label-eco-artisan\\\/70718\\\/#breadcrumb\",\"itemListElement\":[{\"@type\":\"ListItem\",\"position\":1,\"name\":\"Accueil\",\"item\":\"https:\\\/\\\/batijournal.com\\\/\"},{\"@type\":\"ListItem\",\"position\":2,\"name\":\"Actualit\u00e9s\",\"item\":\"https:\\\/\\\/batijournal.com\\\/index.php\\\/category\\\/actualites\\\/\"},{\"@type\":\"ListItem\",\"position\":3,\"name\":\"\u00c9conomie &amp; March\u00e9s\",\"item\":\"https:\\\/\\\/batijournal.com\\\/index.php\\\/category\\\/actualites\\\/economie-marches\\\/\"},{\"@type\":\"ListItem\",\"position\":4,\"name\":\"Lancement du label \u00e9co-artisan\"}]},{\"@type\":\"WebSite\",\"@id\":\"https:\\\/\\\/batijournal.com\\\/#website\",\"url\":\"https:\\\/\\\/batijournal.com\\\/\",\"name\":\"Batijournal\",\"description\":\"L&#039;actualit\u00e9 du b\u00e2timent\",\"potentialAction\":[{\"@type\":\"SearchAction\",\"target\":{\"@type\":\"EntryPoint\",\"urlTemplate\":\"https:\\\/\\\/batijournal.com\\\/?s={search_term_string}\"},\"query-input\":{\"@type\":\"PropertyValueSpecification\",\"valueRequired\":true,\"valueName\":\"search_term_string\"}}],\"inLanguage\":\"fr-FR\"},{\"@type\":\"Person\",\"@id\":\"https:\\\/\\\/batijournal.com\\\/#\\\/schema\\\/person\\\/6a657e8967569e1b299972574848aa76\",\"name\":\"Bati-journal\",\"image\":{\"@type\":\"ImageObject\",\"inLanguage\":\"fr-FR\",\"@id\":\"https:\\\/\\\/secure.gravatar.com\\\/avatar\\\/a64364ea26392f9b4dd47e017ddaec74ff03aefc073b49e492e847201258f777?s=96&d=mm&r=g\",\"url\":\"https:\\\/\\\/secure.gravatar.com\\\/avatar\\\/a64364ea26392f9b4dd47e017ddaec74ff03aefc073b49e492e847201258f777?s=96&d=mm&r=g\",\"contentUrl\":\"https:\\\/\\\/secure.gravatar.com\\\/avatar\\\/a64364ea26392f9b4dd47e017ddaec74ff03aefc073b49e492e847201258f777?s=96&d=mm&r=g\",\"caption\":\"Bati-journal\"},\"url\":\"https:\\\/\\\/batijournal.com\\\/index.php\\\/author\\\/elodie\\\/\"}]}<\/script>\n<!-- \/ Yoast SEO plugin. -->","yoast_head_json":{"title":"Lancement du label \u00e9co-artisan","robots":{"index":"index","follow":"follow","max-snippet":"max-snippet:-1","max-image-preview":"max-image-preview:large","max-video-preview":"max-video-preview:-1"},"canonical":"https:\/\/batijournal.com\/index.php\/lancement-du-label-eco-artisan\/70718\/","og_locale":"fr_FR","og_type":"article","og_title":"Lancement du label \u00e9co-artisan","og_description":"Lanc\u00e9 par la Capeb \u00e0 l\u2019occasion de son assembl\u00e9e g\u00e9n\u00e9rale annuelle \u00e0 Perpignan, le label Eco-artisan distinguera les artisans du b\u00e2timent capables de conseiller les particuliers en mati\u00e8re d\u2019efficacit\u00e9 \u00e9nerg\u00e9tique, en toute ind\u00e9pendance. Il repose sur trois crit\u00e8res de qualit\u00e9 : l\u2019artisan devra \u00eatre capable de proposer \u00e0 son client une \u00e9valuation des performances thermiques [&hellip;]","og_url":"https:\/\/batijournal.com\/index.php\/lancement-du-label-eco-artisan\/70718\/","og_site_name":"Batijournal","article_published_time":"2008-04-18T15:08:41+00:00","article_modified_time":"2019-07-15T10:09:26+00:00","author":"Bati-journal","twitter_card":"summary_large_image","twitter_creator":"@bati_journal","twitter_site":"@bati_journal","twitter_misc":{"\u00c9crit par":"Bati-journal","Dur\u00e9e de lecture estim\u00e9e":"1 minute"},"schema":{"@context":"https:\/\/schema.org","@graph":[{"@type":"Article","@id":"https:\/\/batijournal.com\/index.php\/lancement-du-label-eco-artisan\/70718\/#article","isPartOf":{"@id":"https:\/\/batijournal.com\/index.php\/lancement-du-label-eco-artisan\/70718\/"},"author":{"name":"Bati-journal","@id":"https:\/\/batijournal.com\/#\/schema\/person\/6a657e8967569e1b299972574848aa76"},"headline":"Lancement du label \u00e9co-artisan","datePublished":"2008-04-18T15:08:41+00:00","dateModified":"2019-07-15T10:09:26+00:00","mainEntityOfPage":{"@id":"https:\/\/batijournal.com\/index.php\/lancement-du-label-eco-artisan\/70718\/"},"wordCount":203,"commentCount":0,"keywords":["eco artisan","label"],"articleSection":["\u00c9conomie &amp; March\u00e9s"],"inLanguage":"fr-FR","potentialAction":[{"@type":"CommentAction","name":"Comment","target":["https:\/\/batijournal.com\/index.php\/lancement-du-label-eco-artisan\/70718\/#respond"]}]},{"@type":"WebPage","@id":"https:\/\/batijournal.com\/index.php\/lancement-du-label-eco-artisan\/70718\/","url":"https:\/\/batijournal.com\/index.php\/lancement-du-label-eco-artisan\/70718\/","name":"Lancement du label \u00e9co-artisan","isPartOf":{"@id":"https:\/\/batijournal.com\/#website"},"datePublished":"2008-04-18T15:08:41+00:00","dateModified":"2019-07-15T10:09:26+00:00","author":{"@id":"https:\/\/batijournal.com\/#\/schema\/person\/6a657e8967569e1b299972574848aa76"},"breadcrumb":{"@id":"https:\/\/batijournal.com\/index.php\/lancement-du-label-eco-artisan\/70718\/#breadcrumb"},"inLanguage":"fr-FR","potentialAction":[{"@type":"ReadAction","target":["https:\/\/batijournal.com\/index.php\/lancement-du-label-eco-artisan\/70718\/"]}]},{"@type":"BreadcrumbList","@id":"https:\/\/batijournal.com\/index.php\/lancement-du-label-eco-artisan\/70718\/#breadcrumb","itemListElement":[{"@type":"ListItem","position":1,"name":"Accueil","item":"https:\/\/batijournal.com\/"},{"@type":"ListItem","position":2,"name":"Actualit\u00e9s","item":"https:\/\/batijournal.com\/index.php\/category\/actualites\/"},{"@type":"ListItem","position":3,"name":"\u00c9conomie &amp; March\u00e9s","item":"https:\/\/batijournal.com\/index.php\/category\/actualites\/economie-marches\/"},{"@type":"ListItem","position":4,"name":"Lancement du label \u00e9co-artisan"}]},{"@type":"WebSite","@id":"https:\/\/batijournal.com\/#website","url":"https:\/\/batijournal.com\/","name":"Batijournal","description":"L&#039;actualit\u00e9 du b\u00e2timent","potentialAction":[{"@type":"SearchAction","target":{"@type":"EntryPoint","urlTemplate":"https:\/\/batijournal.com\/?s={search_term_string}"},"query-input":{"@type":"PropertyValueSpecification","valueRequired":true,"valueName":"search_term_string"}}],"inLanguage":"fr-FR"},{"@type":"Person","@id":"https:\/\/batijournal.com\/#\/schema\/person\/6a657e8967569e1b299972574848aa76","name":"Bati-journal","image":{"@type":"ImageObject","inLanguage":"fr-FR","@id":"https:\/\/secure.gravatar.com\/avatar\/a64364ea26392f9b4dd47e017ddaec74ff03aefc073b49e492e847201258f777?s=96&d=mm&r=g","url":"https:\/\/secure.gravatar.com\/avatar\/a64364ea26392f9b4dd47e017ddaec74ff03aefc073b49e492e847201258f777?s=96&d=mm&r=g","contentUrl":"https:\/\/secure.gravatar.com\/avatar\/a64364ea26392f9b4dd47e017ddaec74ff03aefc073b49e492e847201258f777?s=96&d=mm&r=g","caption":"Bati-journal"},"url":"https:\/\/batijournal.com\/index.php\/author\/elodie\/"}]}},"_links":{"self":[{"href":"https:\/\/batijournal.com\/index.php\/wp-json\/wp\/v2\/posts\/70718","targetHints":{"allow":["GET"]}}],"collection":[{"href":"https:\/\/batijournal.com\/index.php\/wp-json\/wp\/v2\/posts"}],"about":[{"href":"https:\/\/batijournal.com\/index.php\/wp-json\/wp\/v2\/types\/post"}],"author":[{"embeddable":true,"href":"https:\/\/batijournal.com\/index.php\/wp-json\/wp\/v2\/users\/1"}],"replies":[{"embeddable":true,"href":"https:\/\/batijournal.com\/index.php\/wp-json\/wp\/v2\/comments?post=70718"}],"version-history":[{"count":0,"href":"https:\/\/batijournal.com\/index.php\/wp-json\/wp\/v2\/posts\/70718\/revisions"}],"wp:attachment":[{"href":"https:\/\/batijournal.com\/index.php\/wp-json\/wp\/v2\/media?parent=70718"}],"wp:term":[{"taxonomy":"category","embeddable":true,"href":"https:\/\/batijournal.com\/index.php\/wp-json\/wp\/v2\/categories?post=70718"},{"taxonomy":"post_tag","embeddable":true,"href":"https:\/\/batijournal.com\/index.php\/wp-json\/wp\/v2\/tags?post=70718"}],"curies":[{"name":"wp","href":"https:\/\/api.w.org\/{rel}","templated":true}]}}