{"id":70735,"date":"2009-03-16T00:00:00","date_gmt":"2009-03-15T23:00:00","guid":{"rendered":"http:\/\/b.bati-journal.com\/lecopret-a-taux-zero-a-partir-du-1er-avril\/70735"},"modified":"2019-07-15T12:09:24","modified_gmt":"2019-07-15T10:09:24","slug":"lecopret-a-taux-zero-a-partir-du-1er-avril","status":"publish","type":"post","link":"https:\/\/batijournal.com\/index.php\/lecopret-a-taux-zero-a-partir-du-1er-avril\/70735\/","title":{"rendered":"L&rsquo;\u00e9copr\u00eat \u00e0 taux z\u00e9ro \u00e0 partir du 1er avril"},"content":{"rendered":"<p>La F\u00e9d\u00e9ration fran\u00e7aise du b\u00e2timent (FFB) salue le lancement par Jean-Louis Borloo, ministre de l&rsquo;Ecologie, de l&rsquo;\u00e9copr\u00eat \u00e0 taux z\u00e9ro pour encourager les \u00e9conomies d&rsquo;\u00e9nergie dont la mise en place sera effective \u00e0 partir du 1er avril 2009. Jean-Louis Borloo, Christine Boutin, ministre du Logement, et Chantal Jouanno, secr\u00e9taire d&rsquo;Etat charg\u00e9e de l&rsquo;Ecologie, ont sign\u00e9, le 26 f\u00e9vrier dernier, avec les banques, les professionnels du b\u00e2timent et de l&rsquo;immobilier, les organismes HLM et la Caisse des d\u00e9p\u00f4ts, des conventions d\u00e9finissant les modalit\u00e9s de mise en \u0153uvre de deux des principales mesures du Grenelle de l&rsquo;environnement : l&rsquo;\u00e9copr\u00eat \u00e0 taux z\u00e9ro, destin\u00e9 \u00e0 financer la r\u00e9novation thermique des logements priv\u00e9s, et l&rsquo;\u00e9copr\u00eat logement social, qui financera l&rsquo;am\u00e9lioration de la performance \u00e9nerg\u00e9tique des logements sociaux. Pour la FFB, ces incitations \u00e0 faire r\u00e9aliser des travaux par des entrepreneurs et artisans est une r\u00e9ponse concr\u00e8te au Grenelle de l&rsquo;environnement et \u00e0 la dynamisation de l&rsquo;activit\u00e9 du secteur de l&rsquo;am\u00e9lioration-entretien. Depuis plusieurs ann\u00e9es, la FFB se pr\u00e9pare \u00e0 ces march\u00e9s. Elle a en particulier lanc\u00e9 en 2008 le programme de Formation aux \u00e9conomies d&rsquo;\u00e9nergies des entreprises et artisans du B\u00e2timent (FEEBat). Au 1er janvier 2009, plus de 7 000 stagiaires ont ainsi \u00e9t\u00e9 form\u00e9s \u00e0 l&rsquo;approche globale et multim\u00e9tier de la r\u00e9novation \u00e9nerg\u00e9tique. A terme, l&rsquo;objectif est de former 35 000 stagiaires par an. La FFB a, par ailleurs, lanc\u00e9, en octobre 2008, \u00ab B\u00e2tir avec l\u2019environnement \u00bb, une campagne de sensibilisation aupr\u00e8s de ses chefs d\u2019entreprises et artisans adh\u00e9rents, sur le th\u00e8me de la construction durable. Elle s\u2019appuie notamment sur une charte d\u2019engagements. Avec la signature de la convention sur la mise en place de l\u2019\u00e9co-PTZ, les entreprises s\u2019engagent toujours plus \u00e0 b\u00e2tir avec l\u2019environnement.<\/p>\n","protected":false},"excerpt":{"rendered":"<p>La F\u00e9d\u00e9ration fran\u00e7aise du b\u00e2timent (FFB) salue le lancement par Jean-Louis Borloo, ministre de l&rsquo;Ecologie, de l&rsquo;\u00e9copr\u00eat \u00e0 taux z\u00e9ro pour encourager les \u00e9conomies d&rsquo;\u00e9nergie dont la mise en place sera effective \u00e0 partir du 1er avril 2009. Jean-Louis Borloo, Christine Boutin, ministre du Logement, et Chantal Jouanno, secr\u00e9taire d&rsquo;Etat charg\u00e9e de l&rsquo;Ecologie, ont sign\u00e9, [&hellip;]<\/p>\n","protected":false},"author":1,"featured_media":0,"comment_status":"open","ping_status":"closed","sticky":false,"template":"","format":"standard","meta":{"_et_pb_use_builder":"","_et_pb_old_content":"","_et_gb_content_width":"","footnotes":""},"categories":[6345],"tags":[1188,373],"class_list":["post-70735","post","type-post","status-publish","format-standard","hentry","category-economie-marches","tag-ecopret","tag-ffb"],"yoast_head":"<!-- This site is optimized with the Yoast SEO plugin v27.4 - https:\/\/yoast.com\/product\/yoast-seo-wordpress\/ -->\n<title>L&#039;\u00e9copr\u00eat \u00e0 taux z\u00e9ro \u00e0 partir du 1er avril<\/title>\n<meta name=\"robots\" content=\"index, follow, max-snippet:-1, max-image-preview:large, max-video-preview:-1\" \/>\n<link rel=\"canonical\" href=\"https:\/\/batijournal.com\/index.php\/lecopret-a-taux-zero-a-partir-du-1er-avril\/70735\/\" \/>\n<meta property=\"og:locale\" content=\"fr_FR\" \/>\n<meta property=\"og:type\" content=\"article\" \/>\n<meta property=\"og:title\" content=\"L&#039;\u00e9copr\u00eat \u00e0 taux z\u00e9ro \u00e0 partir du 1er avril\" \/>\n<meta property=\"og:description\" content=\"La F\u00e9d\u00e9ration fran\u00e7aise du b\u00e2timent (FFB) salue le lancement par Jean-Louis Borloo, ministre de l&rsquo;Ecologie, de l&rsquo;\u00e9copr\u00eat \u00e0 taux z\u00e9ro pour encourager les \u00e9conomies d&rsquo;\u00e9nergie dont la mise en place sera effective \u00e0 partir du 1er avril 2009. Jean-Louis Borloo, Christine Boutin, ministre du Logement, et Chantal Jouanno, secr\u00e9taire d&rsquo;Etat charg\u00e9e de l&rsquo;Ecologie, ont sign\u00e9, [&hellip;]\" \/>\n<meta property=\"og:url\" content=\"https:\/\/batijournal.com\/index.php\/lecopret-a-taux-zero-a-partir-du-1er-avril\/70735\/\" \/>\n<meta property=\"og:site_name\" content=\"Batijournal\" \/>\n<meta property=\"article:published_time\" content=\"2009-03-15T23:00:00+00:00\" \/>\n<meta property=\"article:modified_time\" content=\"2019-07-15T10:09:24+00:00\" \/>\n<meta name=\"author\" content=\"Bati-journal\" \/>\n<meta name=\"twitter:card\" content=\"summary_large_image\" \/>\n<meta name=\"twitter:creator\" content=\"@bati_journal\" \/>\n<meta name=\"twitter:site\" content=\"@bati_journal\" \/>\n<meta name=\"twitter:label1\" content=\"\u00c9crit par\" \/>\n\t<meta name=\"twitter:data1\" content=\"Bati-journal\" \/>\n\t<meta name=\"twitter:label2\" content=\"Dur\u00e9e de lecture estim\u00e9e\" \/>\n\t<meta name=\"twitter:data2\" content=\"2 minutes\" \/>\n<script type=\"application\/ld+json\" class=\"yoast-schema-graph\">{\"@context\":\"https:\\\/\\\/schema.org\",\"@graph\":[{\"@type\":\"Article\",\"@id\":\"https:\\\/\\\/batijournal.com\\\/index.php\\\/lecopret-a-taux-zero-a-partir-du-1er-avril\\\/70735\\\/#article\",\"isPartOf\":{\"@id\":\"https:\\\/\\\/batijournal.com\\\/index.php\\\/lecopret-a-taux-zero-a-partir-du-1er-avril\\\/70735\\\/\"},\"author\":{\"name\":\"Bati-journal\",\"@id\":\"https:\\\/\\\/batijournal.com\\\/#\\\/schema\\\/person\\\/6a657e8967569e1b299972574848aa76\"},\"headline\":\"L&rsquo;\u00e9copr\u00eat \u00e0 taux z\u00e9ro \u00e0 partir du 1er avril\",\"datePublished\":\"2009-03-15T23:00:00+00:00\",\"dateModified\":\"2019-07-15T10:09:24+00:00\",\"mainEntityOfPage\":{\"@id\":\"https:\\\/\\\/batijournal.com\\\/index.php\\\/lecopret-a-taux-zero-a-partir-du-1er-avril\\\/70735\\\/\"},\"wordCount\":332,\"commentCount\":0,\"keywords\":[\"ecopr\u00eat\",\"ffb\"],\"articleSection\":[\"\u00c9conomie &amp; March\u00e9s\"],\"inLanguage\":\"fr-FR\",\"potentialAction\":[{\"@type\":\"CommentAction\",\"name\":\"Comment\",\"target\":[\"https:\\\/\\\/batijournal.com\\\/index.php\\\/lecopret-a-taux-zero-a-partir-du-1er-avril\\\/70735\\\/#respond\"]}]},{\"@type\":\"WebPage\",\"@id\":\"https:\\\/\\\/batijournal.com\\\/index.php\\\/lecopret-a-taux-zero-a-partir-du-1er-avril\\\/70735\\\/\",\"url\":\"https:\\\/\\\/batijournal.com\\\/index.php\\\/lecopret-a-taux-zero-a-partir-du-1er-avril\\\/70735\\\/\",\"name\":\"L'\u00e9copr\u00eat \u00e0 taux z\u00e9ro \u00e0 partir du 1er avril\",\"isPartOf\":{\"@id\":\"https:\\\/\\\/batijournal.com\\\/#website\"},\"datePublished\":\"2009-03-15T23:00:00+00:00\",\"dateModified\":\"2019-07-15T10:09:24+00:00\",\"author\":{\"@id\":\"https:\\\/\\\/batijournal.com\\\/#\\\/schema\\\/person\\\/6a657e8967569e1b299972574848aa76\"},\"breadcrumb\":{\"@id\":\"https:\\\/\\\/batijournal.com\\\/index.php\\\/lecopret-a-taux-zero-a-partir-du-1er-avril\\\/70735\\\/#breadcrumb\"},\"inLanguage\":\"fr-FR\",\"potentialAction\":[{\"@type\":\"ReadAction\",\"target\":[\"https:\\\/\\\/batijournal.com\\\/index.php\\\/lecopret-a-taux-zero-a-partir-du-1er-avril\\\/70735\\\/\"]}]},{\"@type\":\"BreadcrumbList\",\"@id\":\"https:\\\/\\\/batijournal.com\\\/index.php\\\/lecopret-a-taux-zero-a-partir-du-1er-avril\\\/70735\\\/#breadcrumb\",\"itemListElement\":[{\"@type\":\"ListItem\",\"position\":1,\"name\":\"Accueil\",\"item\":\"https:\\\/\\\/batijournal.com\\\/\"},{\"@type\":\"ListItem\",\"position\":2,\"name\":\"Actualit\u00e9s\",\"item\":\"https:\\\/\\\/batijournal.com\\\/index.php\\\/category\\\/actualites\\\/\"},{\"@type\":\"ListItem\",\"position\":3,\"name\":\"\u00c9conomie &amp; March\u00e9s\",\"item\":\"https:\\\/\\\/batijournal.com\\\/index.php\\\/category\\\/actualites\\\/economie-marches\\\/\"},{\"@type\":\"ListItem\",\"position\":4,\"name\":\"L&rsquo;\u00e9copr\u00eat \u00e0 taux z\u00e9ro \u00e0 partir du 1er avril\"}]},{\"@type\":\"WebSite\",\"@id\":\"https:\\\/\\\/batijournal.com\\\/#website\",\"url\":\"https:\\\/\\\/batijournal.com\\\/\",\"name\":\"Batijournal\",\"description\":\"L&#039;actualit\u00e9 du b\u00e2timent\",\"potentialAction\":[{\"@type\":\"SearchAction\",\"target\":{\"@type\":\"EntryPoint\",\"urlTemplate\":\"https:\\\/\\\/batijournal.com\\\/?s={search_term_string}\"},\"query-input\":{\"@type\":\"PropertyValueSpecification\",\"valueRequired\":true,\"valueName\":\"search_term_string\"}}],\"inLanguage\":\"fr-FR\"},{\"@type\":\"Person\",\"@id\":\"https:\\\/\\\/batijournal.com\\\/#\\\/schema\\\/person\\\/6a657e8967569e1b299972574848aa76\",\"name\":\"Bati-journal\",\"image\":{\"@type\":\"ImageObject\",\"inLanguage\":\"fr-FR\",\"@id\":\"https:\\\/\\\/secure.gravatar.com\\\/avatar\\\/a64364ea26392f9b4dd47e017ddaec74ff03aefc073b49e492e847201258f777?s=96&d=mm&r=g\",\"url\":\"https:\\\/\\\/secure.gravatar.com\\\/avatar\\\/a64364ea26392f9b4dd47e017ddaec74ff03aefc073b49e492e847201258f777?s=96&d=mm&r=g\",\"contentUrl\":\"https:\\\/\\\/secure.gravatar.com\\\/avatar\\\/a64364ea26392f9b4dd47e017ddaec74ff03aefc073b49e492e847201258f777?s=96&d=mm&r=g\",\"caption\":\"Bati-journal\"},\"url\":\"https:\\\/\\\/batijournal.com\\\/index.php\\\/author\\\/elodie\\\/\"}]}<\/script>\n<!-- \/ Yoast SEO plugin. -->","yoast_head_json":{"title":"L'\u00e9copr\u00eat \u00e0 taux z\u00e9ro \u00e0 partir du 1er avril","robots":{"index":"index","follow":"follow","max-snippet":"max-snippet:-1","max-image-preview":"max-image-preview:large","max-video-preview":"max-video-preview:-1"},"canonical":"https:\/\/batijournal.com\/index.php\/lecopret-a-taux-zero-a-partir-du-1er-avril\/70735\/","og_locale":"fr_FR","og_type":"article","og_title":"L'\u00e9copr\u00eat \u00e0 taux z\u00e9ro \u00e0 partir du 1er avril","og_description":"La F\u00e9d\u00e9ration fran\u00e7aise du b\u00e2timent (FFB) salue le lancement par Jean-Louis Borloo, ministre de l&rsquo;Ecologie, de l&rsquo;\u00e9copr\u00eat \u00e0 taux z\u00e9ro pour encourager les \u00e9conomies d&rsquo;\u00e9nergie dont la mise en place sera effective \u00e0 partir du 1er avril 2009. Jean-Louis Borloo, Christine Boutin, ministre du Logement, et Chantal Jouanno, secr\u00e9taire d&rsquo;Etat charg\u00e9e de l&rsquo;Ecologie, ont sign\u00e9, [&hellip;]","og_url":"https:\/\/batijournal.com\/index.php\/lecopret-a-taux-zero-a-partir-du-1er-avril\/70735\/","og_site_name":"Batijournal","article_published_time":"2009-03-15T23:00:00+00:00","article_modified_time":"2019-07-15T10:09:24+00:00","author":"Bati-journal","twitter_card":"summary_large_image","twitter_creator":"@bati_journal","twitter_site":"@bati_journal","twitter_misc":{"\u00c9crit par":"Bati-journal","Dur\u00e9e de lecture estim\u00e9e":"2 minutes"},"schema":{"@context":"https:\/\/schema.org","@graph":[{"@type":"Article","@id":"https:\/\/batijournal.com\/index.php\/lecopret-a-taux-zero-a-partir-du-1er-avril\/70735\/#article","isPartOf":{"@id":"https:\/\/batijournal.com\/index.php\/lecopret-a-taux-zero-a-partir-du-1er-avril\/70735\/"},"author":{"name":"Bati-journal","@id":"https:\/\/batijournal.com\/#\/schema\/person\/6a657e8967569e1b299972574848aa76"},"headline":"L&rsquo;\u00e9copr\u00eat \u00e0 taux z\u00e9ro \u00e0 partir du 1er avril","datePublished":"2009-03-15T23:00:00+00:00","dateModified":"2019-07-15T10:09:24+00:00","mainEntityOfPage":{"@id":"https:\/\/batijournal.com\/index.php\/lecopret-a-taux-zero-a-partir-du-1er-avril\/70735\/"},"wordCount":332,"commentCount":0,"keywords":["ecopr\u00eat","ffb"],"articleSection":["\u00c9conomie &amp; March\u00e9s"],"inLanguage":"fr-FR","potentialAction":[{"@type":"CommentAction","name":"Comment","target":["https:\/\/batijournal.com\/index.php\/lecopret-a-taux-zero-a-partir-du-1er-avril\/70735\/#respond"]}]},{"@type":"WebPage","@id":"https:\/\/batijournal.com\/index.php\/lecopret-a-taux-zero-a-partir-du-1er-avril\/70735\/","url":"https:\/\/batijournal.com\/index.php\/lecopret-a-taux-zero-a-partir-du-1er-avril\/70735\/","name":"L'\u00e9copr\u00eat \u00e0 taux z\u00e9ro \u00e0 partir du 1er avril","isPartOf":{"@id":"https:\/\/batijournal.com\/#website"},"datePublished":"2009-03-15T23:00:00+00:00","dateModified":"2019-07-15T10:09:24+00:00","author":{"@id":"https:\/\/batijournal.com\/#\/schema\/person\/6a657e8967569e1b299972574848aa76"},"breadcrumb":{"@id":"https:\/\/batijournal.com\/index.php\/lecopret-a-taux-zero-a-partir-du-1er-avril\/70735\/#breadcrumb"},"inLanguage":"fr-FR","potentialAction":[{"@type":"ReadAction","target":["https:\/\/batijournal.com\/index.php\/lecopret-a-taux-zero-a-partir-du-1er-avril\/70735\/"]}]},{"@type":"BreadcrumbList","@id":"https:\/\/batijournal.com\/index.php\/lecopret-a-taux-zero-a-partir-du-1er-avril\/70735\/#breadcrumb","itemListElement":[{"@type":"ListItem","position":1,"name":"Accueil","item":"https:\/\/batijournal.com\/"},{"@type":"ListItem","position":2,"name":"Actualit\u00e9s","item":"https:\/\/batijournal.com\/index.php\/category\/actualites\/"},{"@type":"ListItem","position":3,"name":"\u00c9conomie &amp; March\u00e9s","item":"https:\/\/batijournal.com\/index.php\/category\/actualites\/economie-marches\/"},{"@type":"ListItem","position":4,"name":"L&rsquo;\u00e9copr\u00eat \u00e0 taux z\u00e9ro \u00e0 partir du 1er avril"}]},{"@type":"WebSite","@id":"https:\/\/batijournal.com\/#website","url":"https:\/\/batijournal.com\/","name":"Batijournal","description":"L&#039;actualit\u00e9 du b\u00e2timent","potentialAction":[{"@type":"SearchAction","target":{"@type":"EntryPoint","urlTemplate":"https:\/\/batijournal.com\/?s={search_term_string}"},"query-input":{"@type":"PropertyValueSpecification","valueRequired":true,"valueName":"search_term_string"}}],"inLanguage":"fr-FR"},{"@type":"Person","@id":"https:\/\/batijournal.com\/#\/schema\/person\/6a657e8967569e1b299972574848aa76","name":"Bati-journal","image":{"@type":"ImageObject","inLanguage":"fr-FR","@id":"https:\/\/secure.gravatar.com\/avatar\/a64364ea26392f9b4dd47e017ddaec74ff03aefc073b49e492e847201258f777?s=96&d=mm&r=g","url":"https:\/\/secure.gravatar.com\/avatar\/a64364ea26392f9b4dd47e017ddaec74ff03aefc073b49e492e847201258f777?s=96&d=mm&r=g","contentUrl":"https:\/\/secure.gravatar.com\/avatar\/a64364ea26392f9b4dd47e017ddaec74ff03aefc073b49e492e847201258f777?s=96&d=mm&r=g","caption":"Bati-journal"},"url":"https:\/\/batijournal.com\/index.php\/author\/elodie\/"}]}},"_links":{"self":[{"href":"https:\/\/batijournal.com\/index.php\/wp-json\/wp\/v2\/posts\/70735","targetHints":{"allow":["GET"]}}],"collection":[{"href":"https:\/\/batijournal.com\/index.php\/wp-json\/wp\/v2\/posts"}],"about":[{"href":"https:\/\/batijournal.com\/index.php\/wp-json\/wp\/v2\/types\/post"}],"author":[{"embeddable":true,"href":"https:\/\/batijournal.com\/index.php\/wp-json\/wp\/v2\/users\/1"}],"replies":[{"embeddable":true,"href":"https:\/\/batijournal.com\/index.php\/wp-json\/wp\/v2\/comments?post=70735"}],"version-history":[{"count":0,"href":"https:\/\/batijournal.com\/index.php\/wp-json\/wp\/v2\/posts\/70735\/revisions"}],"wp:attachment":[{"href":"https:\/\/batijournal.com\/index.php\/wp-json\/wp\/v2\/media?parent=70735"}],"wp:term":[{"taxonomy":"category","embeddable":true,"href":"https:\/\/batijournal.com\/index.php\/wp-json\/wp\/v2\/categories?post=70735"},{"taxonomy":"post_tag","embeddable":true,"href":"https:\/\/batijournal.com\/index.php\/wp-json\/wp\/v2\/tags?post=70735"}],"curies":[{"name":"wp","href":"https:\/\/api.w.org\/{rel}","templated":true}]}}