{"id":70767,"date":"2010-06-16T00:00:00","date_gmt":"2010-06-15T22:00:00","guid":{"rendered":"http:\/\/b.bati-journal.com\/un-nouveau-protocole-pour-le-developpement-du-mecenat-culturel\/70767"},"modified":"2019-07-15T12:09:21","modified_gmt":"2019-07-15T10:09:21","slug":"un-nouveau-protocole-pour-le-developpement-du-mecenat-culturel","status":"publish","type":"post","link":"https:\/\/batijournal.com\/index.php\/un-nouveau-protocole-pour-le-developpement-du-mecenat-culturel\/70767\/","title":{"rendered":"Un nouveau protocole pour le d\u00e9veloppement du m\u00e9c\u00e9nat culturel"},"content":{"rendered":"<p>Fr\u00e9d\u00e9ric Mitterrand, ministre de la Culture et de la Communication et Jean-Pierre Ferret, pr\u00e9sident du Conseil sup\u00e9rieur du notariat viennent de signer un deuxi\u00e8me protocole national pour le d\u00e9veloppement du m\u00e9c\u00e9nat culturel.Le premier protocole, sign\u00e9 en octobre 2005, avait pour objectifs la d\u00e9signation d&rsquo;un correspondant m\u00e9c\u00e9nat dans chaque Chambre des notaires, l&rsquo;\u00e9laboration d&rsquo;un document d&rsquo;information la valorisation aupr\u00e8s des chefs d&rsquo;entreprises, des \u00e9lus et des particuliers les dispositifs incitatifs de la loi du 1er ao\u00fbt 2003 et de favoriser les contacts entre les Chambres des notaires et le milieu culturel de leur d\u00e9partement. Afin de poursuivre ce travail, le nouveau protocole vise \u00e0 la signature de nouvelles conventions r\u00e9gionales ou d\u00e9partementales afin de relayer le protocole national, la mise \u00e0 jour et la diffusion d&rsquo;un document d&rsquo;information \u00e0 l&rsquo;intention des particuliers. Les Chambres de notaires sont invit\u00e9es, en liaison avec les DRAC, \u00e0 promouvoir ces outils afin de soutenir de mani\u00e8re durable et renforc\u00e9e le financement de la vie culturelle et de la sauvegarde du patrimoine. Cet accord soutient aussi l&rsquo;organisation de rencontres et d&rsquo;\u00e9v\u00e8nements de nature \u00e0 promouvoir le m\u00e9c\u00e9nat culturel et s&rsquo;engage \u00e0 d\u00e9finir, promouvoir, accompagner et valoriser des microprojets de m\u00e9c\u00e9nat culturel. Ce nouveau protocole est sign\u00e9 pour une dur\u00e9e de cinq ans. Un suivi r\u00e9gulier des actions sera assur\u00e9. (Source : Minist\u00e8re de la Culture et de la Communication)<\/p>\n","protected":false},"excerpt":{"rendered":"<p>Fr\u00e9d\u00e9ric Mitterrand, ministre de la Culture et de la Communication et Jean-Pierre Ferret, pr\u00e9sident du Conseil sup\u00e9rieur du notariat viennent de signer un deuxi\u00e8me protocole national pour le d\u00e9veloppement du m\u00e9c\u00e9nat culturel.Le premier protocole, sign\u00e9 en octobre 2005, avait pour objectifs la d\u00e9signation d&rsquo;un correspondant m\u00e9c\u00e9nat dans chaque Chambre des notaires, l&rsquo;\u00e9laboration d&rsquo;un document d&rsquo;information [&hellip;]<\/p>\n","protected":false},"author":1,"featured_media":70768,"comment_status":"open","ping_status":"closed","sticky":false,"template":"","format":"standard","meta":{"_et_pb_use_builder":"","_et_pb_old_content":"","_et_gb_content_width":"","footnotes":""},"categories":[6345],"tags":[7133],"class_list":["post-70767","post","type-post","status-publish","format-standard","has-post-thumbnail","hentry","category-economie-marches","tag-mecenat-culturel"],"yoast_head":"<!-- This site is optimized with the Yoast SEO plugin v27.4 - https:\/\/yoast.com\/product\/yoast-seo-wordpress\/ -->\n<title>Un nouveau protocole pour le d\u00e9veloppement du m\u00e9c\u00e9nat culturel<\/title>\n<meta name=\"robots\" content=\"index, follow, max-snippet:-1, max-image-preview:large, max-video-preview:-1\" \/>\n<link rel=\"canonical\" href=\"https:\/\/batijournal.com\/index.php\/un-nouveau-protocole-pour-le-developpement-du-mecenat-culturel\/70767\/\" \/>\n<meta property=\"og:locale\" content=\"fr_FR\" \/>\n<meta property=\"og:type\" content=\"article\" \/>\n<meta property=\"og:title\" content=\"Un nouveau protocole pour le d\u00e9veloppement du m\u00e9c\u00e9nat culturel\" \/>\n<meta property=\"og:description\" content=\"Fr\u00e9d\u00e9ric Mitterrand, ministre de la Culture et de la Communication et Jean-Pierre Ferret, pr\u00e9sident du Conseil sup\u00e9rieur du notariat viennent de signer un deuxi\u00e8me protocole national pour le d\u00e9veloppement du m\u00e9c\u00e9nat culturel.Le premier protocole, sign\u00e9 en octobre 2005, avait pour objectifs la d\u00e9signation d&rsquo;un correspondant m\u00e9c\u00e9nat dans chaque Chambre des notaires, l&rsquo;\u00e9laboration d&rsquo;un document d&rsquo;information [&hellip;]\" \/>\n<meta property=\"og:url\" content=\"https:\/\/batijournal.com\/index.php\/un-nouveau-protocole-pour-le-developpement-du-mecenat-culturel\/70767\/\" \/>\n<meta property=\"og:site_name\" content=\"Batijournal\" \/>\n<meta property=\"article:published_time\" content=\"2010-06-15T22:00:00+00:00\" \/>\n<meta property=\"article:modified_time\" content=\"2019-07-15T10:09:21+00:00\" \/>\n<meta property=\"og:image\" content=\"https:\/\/batijournal.com\/wp-content\/uploads\/2015\/03\/13621705.jpg\" \/>\n\t<meta property=\"og:image:width\" content=\"600\" \/>\n\t<meta property=\"og:image:height\" content=\"501\" \/>\n\t<meta property=\"og:image:type\" content=\"image\/jpeg\" \/>\n<meta name=\"author\" content=\"Bati-journal\" \/>\n<meta name=\"twitter:card\" content=\"summary_large_image\" \/>\n<meta name=\"twitter:creator\" content=\"@bati_journal\" \/>\n<meta name=\"twitter:site\" content=\"@bati_journal\" \/>\n<meta name=\"twitter:label1\" content=\"\u00c9crit par\" \/>\n\t<meta name=\"twitter:data1\" content=\"Bati-journal\" \/>\n\t<meta name=\"twitter:label2\" content=\"Dur\u00e9e de lecture estim\u00e9e\" \/>\n\t<meta name=\"twitter:data2\" content=\"1 minute\" \/>\n<script type=\"application\/ld+json\" class=\"yoast-schema-graph\">{\"@context\":\"https:\\\/\\\/schema.org\",\"@graph\":[{\"@type\":\"Article\",\"@id\":\"https:\\\/\\\/batijournal.com\\\/index.php\\\/un-nouveau-protocole-pour-le-developpement-du-mecenat-culturel\\\/70767\\\/#article\",\"isPartOf\":{\"@id\":\"https:\\\/\\\/batijournal.com\\\/index.php\\\/un-nouveau-protocole-pour-le-developpement-du-mecenat-culturel\\\/70767\\\/\"},\"author\":{\"name\":\"Bati-journal\",\"@id\":\"https:\\\/\\\/batijournal.com\\\/#\\\/schema\\\/person\\\/6a657e8967569e1b299972574848aa76\"},\"headline\":\"Un nouveau protocole pour le d\u00e9veloppement du m\u00e9c\u00e9nat culturel\",\"datePublished\":\"2010-06-15T22:00:00+00:00\",\"dateModified\":\"2019-07-15T10:09:21+00:00\",\"mainEntityOfPage\":{\"@id\":\"https:\\\/\\\/batijournal.com\\\/index.php\\\/un-nouveau-protocole-pour-le-developpement-du-mecenat-culturel\\\/70767\\\/\"},\"wordCount\":266,\"commentCount\":0,\"image\":{\"@id\":\"https:\\\/\\\/batijournal.com\\\/index.php\\\/un-nouveau-protocole-pour-le-developpement-du-mecenat-culturel\\\/70767\\\/#primaryimage\"},\"thumbnailUrl\":\"https:\\\/\\\/batijournal.com\\\/wp-content\\\/uploads\\\/2015\\\/03\\\/13621705.jpg\",\"keywords\":[\"mecenat culturel\"],\"articleSection\":[\"\u00c9conomie &amp; March\u00e9s\"],\"inLanguage\":\"fr-FR\",\"potentialAction\":[{\"@type\":\"CommentAction\",\"name\":\"Comment\",\"target\":[\"https:\\\/\\\/batijournal.com\\\/index.php\\\/un-nouveau-protocole-pour-le-developpement-du-mecenat-culturel\\\/70767\\\/#respond\"]}]},{\"@type\":\"WebPage\",\"@id\":\"https:\\\/\\\/batijournal.com\\\/index.php\\\/un-nouveau-protocole-pour-le-developpement-du-mecenat-culturel\\\/70767\\\/\",\"url\":\"https:\\\/\\\/batijournal.com\\\/index.php\\\/un-nouveau-protocole-pour-le-developpement-du-mecenat-culturel\\\/70767\\\/\",\"name\":\"Un nouveau protocole pour le d\u00e9veloppement du m\u00e9c\u00e9nat culturel\",\"isPartOf\":{\"@id\":\"https:\\\/\\\/batijournal.com\\\/#website\"},\"primaryImageOfPage\":{\"@id\":\"https:\\\/\\\/batijournal.com\\\/index.php\\\/un-nouveau-protocole-pour-le-developpement-du-mecenat-culturel\\\/70767\\\/#primaryimage\"},\"image\":{\"@id\":\"https:\\\/\\\/batijournal.com\\\/index.php\\\/un-nouveau-protocole-pour-le-developpement-du-mecenat-culturel\\\/70767\\\/#primaryimage\"},\"thumbnailUrl\":\"https:\\\/\\\/batijournal.com\\\/wp-content\\\/uploads\\\/2015\\\/03\\\/13621705.jpg\",\"datePublished\":\"2010-06-15T22:00:00+00:00\",\"dateModified\":\"2019-07-15T10:09:21+00:00\",\"author\":{\"@id\":\"https:\\\/\\\/batijournal.com\\\/#\\\/schema\\\/person\\\/6a657e8967569e1b299972574848aa76\"},\"breadcrumb\":{\"@id\":\"https:\\\/\\\/batijournal.com\\\/index.php\\\/un-nouveau-protocole-pour-le-developpement-du-mecenat-culturel\\\/70767\\\/#breadcrumb\"},\"inLanguage\":\"fr-FR\",\"potentialAction\":[{\"@type\":\"ReadAction\",\"target\":[\"https:\\\/\\\/batijournal.com\\\/index.php\\\/un-nouveau-protocole-pour-le-developpement-du-mecenat-culturel\\\/70767\\\/\"]}]},{\"@type\":\"ImageObject\",\"inLanguage\":\"fr-FR\",\"@id\":\"https:\\\/\\\/batijournal.com\\\/index.php\\\/un-nouveau-protocole-pour-le-developpement-du-mecenat-culturel\\\/70767\\\/#primaryimage\",\"url\":\"https:\\\/\\\/batijournal.com\\\/wp-content\\\/uploads\\\/2015\\\/03\\\/13621705.jpg\",\"contentUrl\":\"https:\\\/\\\/batijournal.com\\\/wp-content\\\/uploads\\\/2015\\\/03\\\/13621705.jpg\",\"width\":600,\"height\":501},{\"@type\":\"BreadcrumbList\",\"@id\":\"https:\\\/\\\/batijournal.com\\\/index.php\\\/un-nouveau-protocole-pour-le-developpement-du-mecenat-culturel\\\/70767\\\/#breadcrumb\",\"itemListElement\":[{\"@type\":\"ListItem\",\"position\":1,\"name\":\"Accueil\",\"item\":\"https:\\\/\\\/batijournal.com\\\/\"},{\"@type\":\"ListItem\",\"position\":2,\"name\":\"Actualit\u00e9s\",\"item\":\"https:\\\/\\\/batijournal.com\\\/index.php\\\/category\\\/actualites\\\/\"},{\"@type\":\"ListItem\",\"position\":3,\"name\":\"\u00c9conomie &amp; March\u00e9s\",\"item\":\"https:\\\/\\\/batijournal.com\\\/index.php\\\/category\\\/actualites\\\/economie-marches\\\/\"},{\"@type\":\"ListItem\",\"position\":4,\"name\":\"Un nouveau protocole pour le d\u00e9veloppement du m\u00e9c\u00e9nat culturel\"}]},{\"@type\":\"WebSite\",\"@id\":\"https:\\\/\\\/batijournal.com\\\/#website\",\"url\":\"https:\\\/\\\/batijournal.com\\\/\",\"name\":\"Batijournal\",\"description\":\"L&#039;actualit\u00e9 du b\u00e2timent\",\"potentialAction\":[{\"@type\":\"SearchAction\",\"target\":{\"@type\":\"EntryPoint\",\"urlTemplate\":\"https:\\\/\\\/batijournal.com\\\/?s={search_term_string}\"},\"query-input\":{\"@type\":\"PropertyValueSpecification\",\"valueRequired\":true,\"valueName\":\"search_term_string\"}}],\"inLanguage\":\"fr-FR\"},{\"@type\":\"Person\",\"@id\":\"https:\\\/\\\/batijournal.com\\\/#\\\/schema\\\/person\\\/6a657e8967569e1b299972574848aa76\",\"name\":\"Bati-journal\",\"image\":{\"@type\":\"ImageObject\",\"inLanguage\":\"fr-FR\",\"@id\":\"https:\\\/\\\/secure.gravatar.com\\\/avatar\\\/a64364ea26392f9b4dd47e017ddaec74ff03aefc073b49e492e847201258f777?s=96&d=mm&r=g\",\"url\":\"https:\\\/\\\/secure.gravatar.com\\\/avatar\\\/a64364ea26392f9b4dd47e017ddaec74ff03aefc073b49e492e847201258f777?s=96&d=mm&r=g\",\"contentUrl\":\"https:\\\/\\\/secure.gravatar.com\\\/avatar\\\/a64364ea26392f9b4dd47e017ddaec74ff03aefc073b49e492e847201258f777?s=96&d=mm&r=g\",\"caption\":\"Bati-journal\"},\"url\":\"https:\\\/\\\/batijournal.com\\\/index.php\\\/author\\\/elodie\\\/\"}]}<\/script>\n<!-- \/ Yoast SEO plugin. -->","yoast_head_json":{"title":"Un nouveau protocole pour le d\u00e9veloppement du m\u00e9c\u00e9nat culturel","robots":{"index":"index","follow":"follow","max-snippet":"max-snippet:-1","max-image-preview":"max-image-preview:large","max-video-preview":"max-video-preview:-1"},"canonical":"https:\/\/batijournal.com\/index.php\/un-nouveau-protocole-pour-le-developpement-du-mecenat-culturel\/70767\/","og_locale":"fr_FR","og_type":"article","og_title":"Un nouveau protocole pour le d\u00e9veloppement du m\u00e9c\u00e9nat culturel","og_description":"Fr\u00e9d\u00e9ric Mitterrand, ministre de la Culture et de la Communication et Jean-Pierre Ferret, pr\u00e9sident du Conseil sup\u00e9rieur du notariat viennent de signer un deuxi\u00e8me protocole national pour le d\u00e9veloppement du m\u00e9c\u00e9nat culturel.Le premier protocole, sign\u00e9 en octobre 2005, avait pour objectifs la d\u00e9signation d&rsquo;un correspondant m\u00e9c\u00e9nat dans chaque Chambre des notaires, l&rsquo;\u00e9laboration d&rsquo;un document d&rsquo;information [&hellip;]","og_url":"https:\/\/batijournal.com\/index.php\/un-nouveau-protocole-pour-le-developpement-du-mecenat-culturel\/70767\/","og_site_name":"Batijournal","article_published_time":"2010-06-15T22:00:00+00:00","article_modified_time":"2019-07-15T10:09:21+00:00","og_image":[{"width":600,"height":501,"url":"https:\/\/batijournal.com\/wp-content\/uploads\/2015\/03\/13621705.jpg","type":"image\/jpeg"}],"author":"Bati-journal","twitter_card":"summary_large_image","twitter_creator":"@bati_journal","twitter_site":"@bati_journal","twitter_misc":{"\u00c9crit par":"Bati-journal","Dur\u00e9e de lecture estim\u00e9e":"1 minute"},"schema":{"@context":"https:\/\/schema.org","@graph":[{"@type":"Article","@id":"https:\/\/batijournal.com\/index.php\/un-nouveau-protocole-pour-le-developpement-du-mecenat-culturel\/70767\/#article","isPartOf":{"@id":"https:\/\/batijournal.com\/index.php\/un-nouveau-protocole-pour-le-developpement-du-mecenat-culturel\/70767\/"},"author":{"name":"Bati-journal","@id":"https:\/\/batijournal.com\/#\/schema\/person\/6a657e8967569e1b299972574848aa76"},"headline":"Un nouveau protocole pour le d\u00e9veloppement du m\u00e9c\u00e9nat culturel","datePublished":"2010-06-15T22:00:00+00:00","dateModified":"2019-07-15T10:09:21+00:00","mainEntityOfPage":{"@id":"https:\/\/batijournal.com\/index.php\/un-nouveau-protocole-pour-le-developpement-du-mecenat-culturel\/70767\/"},"wordCount":266,"commentCount":0,"image":{"@id":"https:\/\/batijournal.com\/index.php\/un-nouveau-protocole-pour-le-developpement-du-mecenat-culturel\/70767\/#primaryimage"},"thumbnailUrl":"https:\/\/batijournal.com\/wp-content\/uploads\/2015\/03\/13621705.jpg","keywords":["mecenat culturel"],"articleSection":["\u00c9conomie &amp; March\u00e9s"],"inLanguage":"fr-FR","potentialAction":[{"@type":"CommentAction","name":"Comment","target":["https:\/\/batijournal.com\/index.php\/un-nouveau-protocole-pour-le-developpement-du-mecenat-culturel\/70767\/#respond"]}]},{"@type":"WebPage","@id":"https:\/\/batijournal.com\/index.php\/un-nouveau-protocole-pour-le-developpement-du-mecenat-culturel\/70767\/","url":"https:\/\/batijournal.com\/index.php\/un-nouveau-protocole-pour-le-developpement-du-mecenat-culturel\/70767\/","name":"Un nouveau protocole pour le d\u00e9veloppement du m\u00e9c\u00e9nat culturel","isPartOf":{"@id":"https:\/\/batijournal.com\/#website"},"primaryImageOfPage":{"@id":"https:\/\/batijournal.com\/index.php\/un-nouveau-protocole-pour-le-developpement-du-mecenat-culturel\/70767\/#primaryimage"},"image":{"@id":"https:\/\/batijournal.com\/index.php\/un-nouveau-protocole-pour-le-developpement-du-mecenat-culturel\/70767\/#primaryimage"},"thumbnailUrl":"https:\/\/batijournal.com\/wp-content\/uploads\/2015\/03\/13621705.jpg","datePublished":"2010-06-15T22:00:00+00:00","dateModified":"2019-07-15T10:09:21+00:00","author":{"@id":"https:\/\/batijournal.com\/#\/schema\/person\/6a657e8967569e1b299972574848aa76"},"breadcrumb":{"@id":"https:\/\/batijournal.com\/index.php\/un-nouveau-protocole-pour-le-developpement-du-mecenat-culturel\/70767\/#breadcrumb"},"inLanguage":"fr-FR","potentialAction":[{"@type":"ReadAction","target":["https:\/\/batijournal.com\/index.php\/un-nouveau-protocole-pour-le-developpement-du-mecenat-culturel\/70767\/"]}]},{"@type":"ImageObject","inLanguage":"fr-FR","@id":"https:\/\/batijournal.com\/index.php\/un-nouveau-protocole-pour-le-developpement-du-mecenat-culturel\/70767\/#primaryimage","url":"https:\/\/batijournal.com\/wp-content\/uploads\/2015\/03\/13621705.jpg","contentUrl":"https:\/\/batijournal.com\/wp-content\/uploads\/2015\/03\/13621705.jpg","width":600,"height":501},{"@type":"BreadcrumbList","@id":"https:\/\/batijournal.com\/index.php\/un-nouveau-protocole-pour-le-developpement-du-mecenat-culturel\/70767\/#breadcrumb","itemListElement":[{"@type":"ListItem","position":1,"name":"Accueil","item":"https:\/\/batijournal.com\/"},{"@type":"ListItem","position":2,"name":"Actualit\u00e9s","item":"https:\/\/batijournal.com\/index.php\/category\/actualites\/"},{"@type":"ListItem","position":3,"name":"\u00c9conomie &amp; March\u00e9s","item":"https:\/\/batijournal.com\/index.php\/category\/actualites\/economie-marches\/"},{"@type":"ListItem","position":4,"name":"Un nouveau protocole pour le d\u00e9veloppement du m\u00e9c\u00e9nat culturel"}]},{"@type":"WebSite","@id":"https:\/\/batijournal.com\/#website","url":"https:\/\/batijournal.com\/","name":"Batijournal","description":"L&#039;actualit\u00e9 du b\u00e2timent","potentialAction":[{"@type":"SearchAction","target":{"@type":"EntryPoint","urlTemplate":"https:\/\/batijournal.com\/?s={search_term_string}"},"query-input":{"@type":"PropertyValueSpecification","valueRequired":true,"valueName":"search_term_string"}}],"inLanguage":"fr-FR"},{"@type":"Person","@id":"https:\/\/batijournal.com\/#\/schema\/person\/6a657e8967569e1b299972574848aa76","name":"Bati-journal","image":{"@type":"ImageObject","inLanguage":"fr-FR","@id":"https:\/\/secure.gravatar.com\/avatar\/a64364ea26392f9b4dd47e017ddaec74ff03aefc073b49e492e847201258f777?s=96&d=mm&r=g","url":"https:\/\/secure.gravatar.com\/avatar\/a64364ea26392f9b4dd47e017ddaec74ff03aefc073b49e492e847201258f777?s=96&d=mm&r=g","contentUrl":"https:\/\/secure.gravatar.com\/avatar\/a64364ea26392f9b4dd47e017ddaec74ff03aefc073b49e492e847201258f777?s=96&d=mm&r=g","caption":"Bati-journal"},"url":"https:\/\/batijournal.com\/index.php\/author\/elodie\/"}]}},"_links":{"self":[{"href":"https:\/\/batijournal.com\/index.php\/wp-json\/wp\/v2\/posts\/70767","targetHints":{"allow":["GET"]}}],"collection":[{"href":"https:\/\/batijournal.com\/index.php\/wp-json\/wp\/v2\/posts"}],"about":[{"href":"https:\/\/batijournal.com\/index.php\/wp-json\/wp\/v2\/types\/post"}],"author":[{"embeddable":true,"href":"https:\/\/batijournal.com\/index.php\/wp-json\/wp\/v2\/users\/1"}],"replies":[{"embeddable":true,"href":"https:\/\/batijournal.com\/index.php\/wp-json\/wp\/v2\/comments?post=70767"}],"version-history":[{"count":0,"href":"https:\/\/batijournal.com\/index.php\/wp-json\/wp\/v2\/posts\/70767\/revisions"}],"wp:featuredmedia":[{"embeddable":true,"href":"https:\/\/batijournal.com\/index.php\/wp-json\/wp\/v2\/media\/70768"}],"wp:attachment":[{"href":"https:\/\/batijournal.com\/index.php\/wp-json\/wp\/v2\/media?parent=70767"}],"wp:term":[{"taxonomy":"category","embeddable":true,"href":"https:\/\/batijournal.com\/index.php\/wp-json\/wp\/v2\/categories?post=70767"},{"taxonomy":"post_tag","embeddable":true,"href":"https:\/\/batijournal.com\/index.php\/wp-json\/wp\/v2\/tags?post=70767"}],"curies":[{"name":"wp","href":"https:\/\/api.w.org\/{rel}","templated":true}]}}