{"id":71003,"date":"2007-11-23T00:00:00","date_gmt":"2007-11-22T23:00:00","guid":{"rendered":"http:\/\/b.bati-journal.com\/formation-theorique-charpentes-et-pans-de-bois\/71003"},"modified":"2019-07-15T12:07:46","modified_gmt":"2019-07-15T10:07:46","slug":"formation-theorique-charpentes-et-pans-de-bois","status":"publish","type":"post","link":"https:\/\/batijournal.com\/index.php\/formation-theorique-charpentes-et-pans-de-bois\/71003\/","title":{"rendered":"Formation th\u00e9orique\u00a0: Charpentes et pans de bois"},"content":{"rendered":"<p>Le Centre de formation et de perfectionnement de Maisons Paysannes de France organise les 28, 29 et 30 novembre 2007 une formation th\u00e9orique consacr\u00e9e \u00e0 l&rsquo;\u00e9tude, \u00e0 la compr\u00e9hension et \u00e0 la restauration des charpentes, pans de bois et planchers anciens. La formation dispens\u00e9e par St\u00e9phane Berhault, que les lecteurs d&rsquo;Atrium Construction connaissent bien, se d\u00e9roule \u00e0 Paris. L&rsquo;\u00e9volution, les pathologies, le diagnostic et les techniques d&rsquo;intervention sur les charpentes, les pans de bois et les planchers y seront \u00e9tudi\u00e9s. Seront \u00e9galement abord\u00e9s essences de bois, typologie, vocabulaire et marques de charpentes. Cette session s&rsquo;adresse tout particuli\u00e8rement aux artisans, architectes et autres professionnels de la restauration. Pour en savoir plus, contacter le Centre de formation de Maisons Paysannes de France au 01 44 83 63 66.<\/p>\n","protected":false},"excerpt":{"rendered":"<p>Le Centre de formation et de perfectionnement de Maisons Paysannes de France organise les 28, 29 et 30 novembre 2007 une formation th\u00e9orique consacr\u00e9e \u00e0 l&rsquo;\u00e9tude, \u00e0 la compr\u00e9hension et \u00e0 la restauration des charpentes, pans de bois et planchers anciens. La formation dispens\u00e9e par St\u00e9phane Berhault, que les lecteurs d&rsquo;Atrium Construction connaissent bien, se [&hellip;]<\/p>\n","protected":false},"author":1,"featured_media":0,"comment_status":"open","ping_status":"closed","sticky":false,"template":"","format":"standard","meta":{"_et_pb_use_builder":"","_et_pb_old_content":"","_et_gb_content_width":"","footnotes":""},"categories":[6345],"tags":[570],"class_list":["post-71003","post","type-post","status-publish","format-standard","hentry","category-economie-marches","tag-charpentes"],"yoast_head":"<!-- This site is optimized with the Yoast SEO plugin v27.4 - https:\/\/yoast.com\/product\/yoast-seo-wordpress\/ -->\n<title>Formation th\u00e9orique\u00a0: Charpentes et pans de bois<\/title>\n<meta name=\"robots\" content=\"index, follow, max-snippet:-1, max-image-preview:large, max-video-preview:-1\" \/>\n<link rel=\"canonical\" href=\"https:\/\/batijournal.com\/index.php\/formation-theorique-charpentes-et-pans-de-bois\/71003\/\" \/>\n<meta property=\"og:locale\" content=\"fr_FR\" \/>\n<meta property=\"og:type\" content=\"article\" \/>\n<meta property=\"og:title\" content=\"Formation th\u00e9orique\u00a0: Charpentes et pans de bois\" \/>\n<meta property=\"og:description\" content=\"Le Centre de formation et de perfectionnement de Maisons Paysannes de France organise les 28, 29 et 30 novembre 2007 une formation th\u00e9orique consacr\u00e9e \u00e0 l&rsquo;\u00e9tude, \u00e0 la compr\u00e9hension et \u00e0 la restauration des charpentes, pans de bois et planchers anciens. La formation dispens\u00e9e par St\u00e9phane Berhault, que les lecteurs d&rsquo;Atrium Construction connaissent bien, se [&hellip;]\" \/>\n<meta property=\"og:url\" content=\"https:\/\/batijournal.com\/index.php\/formation-theorique-charpentes-et-pans-de-bois\/71003\/\" \/>\n<meta property=\"og:site_name\" content=\"Batijournal\" \/>\n<meta property=\"article:published_time\" content=\"2007-11-22T23:00:00+00:00\" \/>\n<meta property=\"article:modified_time\" content=\"2019-07-15T10:07:46+00:00\" \/>\n<meta name=\"author\" content=\"Bati-journal\" \/>\n<meta name=\"twitter:card\" content=\"summary_large_image\" \/>\n<meta name=\"twitter:creator\" content=\"@bati_journal\" \/>\n<meta name=\"twitter:site\" content=\"@bati_journal\" \/>\n<meta name=\"twitter:label1\" content=\"\u00c9crit par\" \/>\n\t<meta name=\"twitter:data1\" content=\"Bati-journal\" \/>\n\t<meta name=\"twitter:label2\" content=\"Dur\u00e9e de lecture estim\u00e9e\" \/>\n\t<meta name=\"twitter:data2\" content=\"1 minute\" \/>\n<script type=\"application\/ld+json\" class=\"yoast-schema-graph\">{\"@context\":\"https:\\\/\\\/schema.org\",\"@graph\":[{\"@type\":\"Article\",\"@id\":\"https:\\\/\\\/batijournal.com\\\/index.php\\\/formation-theorique-charpentes-et-pans-de-bois\\\/71003\\\/#article\",\"isPartOf\":{\"@id\":\"https:\\\/\\\/batijournal.com\\\/index.php\\\/formation-theorique-charpentes-et-pans-de-bois\\\/71003\\\/\"},\"author\":{\"name\":\"Bati-journal\",\"@id\":\"https:\\\/\\\/batijournal.com\\\/#\\\/schema\\\/person\\\/6a657e8967569e1b299972574848aa76\"},\"headline\":\"Formation th\u00e9orique\u00a0: Charpentes et pans de bois\",\"datePublished\":\"2007-11-22T23:00:00+00:00\",\"dateModified\":\"2019-07-15T10:07:46+00:00\",\"mainEntityOfPage\":{\"@id\":\"https:\\\/\\\/batijournal.com\\\/index.php\\\/formation-theorique-charpentes-et-pans-de-bois\\\/71003\\\/\"},\"wordCount\":135,\"commentCount\":0,\"keywords\":[\"charpentes\"],\"articleSection\":[\"\u00c9conomie &amp; March\u00e9s\"],\"inLanguage\":\"fr-FR\",\"potentialAction\":[{\"@type\":\"CommentAction\",\"name\":\"Comment\",\"target\":[\"https:\\\/\\\/batijournal.com\\\/index.php\\\/formation-theorique-charpentes-et-pans-de-bois\\\/71003\\\/#respond\"]}]},{\"@type\":\"WebPage\",\"@id\":\"https:\\\/\\\/batijournal.com\\\/index.php\\\/formation-theorique-charpentes-et-pans-de-bois\\\/71003\\\/\",\"url\":\"https:\\\/\\\/batijournal.com\\\/index.php\\\/formation-theorique-charpentes-et-pans-de-bois\\\/71003\\\/\",\"name\":\"Formation th\u00e9orique\u00a0: Charpentes et pans de bois\",\"isPartOf\":{\"@id\":\"https:\\\/\\\/batijournal.com\\\/#website\"},\"datePublished\":\"2007-11-22T23:00:00+00:00\",\"dateModified\":\"2019-07-15T10:07:46+00:00\",\"author\":{\"@id\":\"https:\\\/\\\/batijournal.com\\\/#\\\/schema\\\/person\\\/6a657e8967569e1b299972574848aa76\"},\"breadcrumb\":{\"@id\":\"https:\\\/\\\/batijournal.com\\\/index.php\\\/formation-theorique-charpentes-et-pans-de-bois\\\/71003\\\/#breadcrumb\"},\"inLanguage\":\"fr-FR\",\"potentialAction\":[{\"@type\":\"ReadAction\",\"target\":[\"https:\\\/\\\/batijournal.com\\\/index.php\\\/formation-theorique-charpentes-et-pans-de-bois\\\/71003\\\/\"]}]},{\"@type\":\"BreadcrumbList\",\"@id\":\"https:\\\/\\\/batijournal.com\\\/index.php\\\/formation-theorique-charpentes-et-pans-de-bois\\\/71003\\\/#breadcrumb\",\"itemListElement\":[{\"@type\":\"ListItem\",\"position\":1,\"name\":\"Accueil\",\"item\":\"https:\\\/\\\/batijournal.com\\\/\"},{\"@type\":\"ListItem\",\"position\":2,\"name\":\"Actualit\u00e9s\",\"item\":\"https:\\\/\\\/batijournal.com\\\/index.php\\\/category\\\/actualites\\\/\"},{\"@type\":\"ListItem\",\"position\":3,\"name\":\"\u00c9conomie &amp; March\u00e9s\",\"item\":\"https:\\\/\\\/batijournal.com\\\/index.php\\\/category\\\/actualites\\\/economie-marches\\\/\"},{\"@type\":\"ListItem\",\"position\":4,\"name\":\"Formation th\u00e9orique\u00a0: Charpentes et pans de bois\"}]},{\"@type\":\"WebSite\",\"@id\":\"https:\\\/\\\/batijournal.com\\\/#website\",\"url\":\"https:\\\/\\\/batijournal.com\\\/\",\"name\":\"Batijournal\",\"description\":\"L&#039;actualit\u00e9 du b\u00e2timent\",\"potentialAction\":[{\"@type\":\"SearchAction\",\"target\":{\"@type\":\"EntryPoint\",\"urlTemplate\":\"https:\\\/\\\/batijournal.com\\\/?s={search_term_string}\"},\"query-input\":{\"@type\":\"PropertyValueSpecification\",\"valueRequired\":true,\"valueName\":\"search_term_string\"}}],\"inLanguage\":\"fr-FR\"},{\"@type\":\"Person\",\"@id\":\"https:\\\/\\\/batijournal.com\\\/#\\\/schema\\\/person\\\/6a657e8967569e1b299972574848aa76\",\"name\":\"Bati-journal\",\"image\":{\"@type\":\"ImageObject\",\"inLanguage\":\"fr-FR\",\"@id\":\"https:\\\/\\\/secure.gravatar.com\\\/avatar\\\/a64364ea26392f9b4dd47e017ddaec74ff03aefc073b49e492e847201258f777?s=96&d=mm&r=g\",\"url\":\"https:\\\/\\\/secure.gravatar.com\\\/avatar\\\/a64364ea26392f9b4dd47e017ddaec74ff03aefc073b49e492e847201258f777?s=96&d=mm&r=g\",\"contentUrl\":\"https:\\\/\\\/secure.gravatar.com\\\/avatar\\\/a64364ea26392f9b4dd47e017ddaec74ff03aefc073b49e492e847201258f777?s=96&d=mm&r=g\",\"caption\":\"Bati-journal\"},\"url\":\"https:\\\/\\\/batijournal.com\\\/index.php\\\/author\\\/elodie\\\/\"}]}<\/script>\n<!-- \/ Yoast SEO plugin. -->","yoast_head_json":{"title":"Formation th\u00e9orique\u00a0: Charpentes et pans de bois","robots":{"index":"index","follow":"follow","max-snippet":"max-snippet:-1","max-image-preview":"max-image-preview:large","max-video-preview":"max-video-preview:-1"},"canonical":"https:\/\/batijournal.com\/index.php\/formation-theorique-charpentes-et-pans-de-bois\/71003\/","og_locale":"fr_FR","og_type":"article","og_title":"Formation th\u00e9orique\u00a0: Charpentes et pans de bois","og_description":"Le Centre de formation et de perfectionnement de Maisons Paysannes de France organise les 28, 29 et 30 novembre 2007 une formation th\u00e9orique consacr\u00e9e \u00e0 l&rsquo;\u00e9tude, \u00e0 la compr\u00e9hension et \u00e0 la restauration des charpentes, pans de bois et planchers anciens. La formation dispens\u00e9e par St\u00e9phane Berhault, que les lecteurs d&rsquo;Atrium Construction connaissent bien, se [&hellip;]","og_url":"https:\/\/batijournal.com\/index.php\/formation-theorique-charpentes-et-pans-de-bois\/71003\/","og_site_name":"Batijournal","article_published_time":"2007-11-22T23:00:00+00:00","article_modified_time":"2019-07-15T10:07:46+00:00","author":"Bati-journal","twitter_card":"summary_large_image","twitter_creator":"@bati_journal","twitter_site":"@bati_journal","twitter_misc":{"\u00c9crit par":"Bati-journal","Dur\u00e9e de lecture estim\u00e9e":"1 minute"},"schema":{"@context":"https:\/\/schema.org","@graph":[{"@type":"Article","@id":"https:\/\/batijournal.com\/index.php\/formation-theorique-charpentes-et-pans-de-bois\/71003\/#article","isPartOf":{"@id":"https:\/\/batijournal.com\/index.php\/formation-theorique-charpentes-et-pans-de-bois\/71003\/"},"author":{"name":"Bati-journal","@id":"https:\/\/batijournal.com\/#\/schema\/person\/6a657e8967569e1b299972574848aa76"},"headline":"Formation th\u00e9orique\u00a0: Charpentes et pans de bois","datePublished":"2007-11-22T23:00:00+00:00","dateModified":"2019-07-15T10:07:46+00:00","mainEntityOfPage":{"@id":"https:\/\/batijournal.com\/index.php\/formation-theorique-charpentes-et-pans-de-bois\/71003\/"},"wordCount":135,"commentCount":0,"keywords":["charpentes"],"articleSection":["\u00c9conomie &amp; March\u00e9s"],"inLanguage":"fr-FR","potentialAction":[{"@type":"CommentAction","name":"Comment","target":["https:\/\/batijournal.com\/index.php\/formation-theorique-charpentes-et-pans-de-bois\/71003\/#respond"]}]},{"@type":"WebPage","@id":"https:\/\/batijournal.com\/index.php\/formation-theorique-charpentes-et-pans-de-bois\/71003\/","url":"https:\/\/batijournal.com\/index.php\/formation-theorique-charpentes-et-pans-de-bois\/71003\/","name":"Formation th\u00e9orique\u00a0: Charpentes et pans de bois","isPartOf":{"@id":"https:\/\/batijournal.com\/#website"},"datePublished":"2007-11-22T23:00:00+00:00","dateModified":"2019-07-15T10:07:46+00:00","author":{"@id":"https:\/\/batijournal.com\/#\/schema\/person\/6a657e8967569e1b299972574848aa76"},"breadcrumb":{"@id":"https:\/\/batijournal.com\/index.php\/formation-theorique-charpentes-et-pans-de-bois\/71003\/#breadcrumb"},"inLanguage":"fr-FR","potentialAction":[{"@type":"ReadAction","target":["https:\/\/batijournal.com\/index.php\/formation-theorique-charpentes-et-pans-de-bois\/71003\/"]}]},{"@type":"BreadcrumbList","@id":"https:\/\/batijournal.com\/index.php\/formation-theorique-charpentes-et-pans-de-bois\/71003\/#breadcrumb","itemListElement":[{"@type":"ListItem","position":1,"name":"Accueil","item":"https:\/\/batijournal.com\/"},{"@type":"ListItem","position":2,"name":"Actualit\u00e9s","item":"https:\/\/batijournal.com\/index.php\/category\/actualites\/"},{"@type":"ListItem","position":3,"name":"\u00c9conomie &amp; March\u00e9s","item":"https:\/\/batijournal.com\/index.php\/category\/actualites\/economie-marches\/"},{"@type":"ListItem","position":4,"name":"Formation th\u00e9orique\u00a0: Charpentes et pans de bois"}]},{"@type":"WebSite","@id":"https:\/\/batijournal.com\/#website","url":"https:\/\/batijournal.com\/","name":"Batijournal","description":"L&#039;actualit\u00e9 du b\u00e2timent","potentialAction":[{"@type":"SearchAction","target":{"@type":"EntryPoint","urlTemplate":"https:\/\/batijournal.com\/?s={search_term_string}"},"query-input":{"@type":"PropertyValueSpecification","valueRequired":true,"valueName":"search_term_string"}}],"inLanguage":"fr-FR"},{"@type":"Person","@id":"https:\/\/batijournal.com\/#\/schema\/person\/6a657e8967569e1b299972574848aa76","name":"Bati-journal","image":{"@type":"ImageObject","inLanguage":"fr-FR","@id":"https:\/\/secure.gravatar.com\/avatar\/a64364ea26392f9b4dd47e017ddaec74ff03aefc073b49e492e847201258f777?s=96&d=mm&r=g","url":"https:\/\/secure.gravatar.com\/avatar\/a64364ea26392f9b4dd47e017ddaec74ff03aefc073b49e492e847201258f777?s=96&d=mm&r=g","contentUrl":"https:\/\/secure.gravatar.com\/avatar\/a64364ea26392f9b4dd47e017ddaec74ff03aefc073b49e492e847201258f777?s=96&d=mm&r=g","caption":"Bati-journal"},"url":"https:\/\/batijournal.com\/index.php\/author\/elodie\/"}]}},"_links":{"self":[{"href":"https:\/\/batijournal.com\/index.php\/wp-json\/wp\/v2\/posts\/71003","targetHints":{"allow":["GET"]}}],"collection":[{"href":"https:\/\/batijournal.com\/index.php\/wp-json\/wp\/v2\/posts"}],"about":[{"href":"https:\/\/batijournal.com\/index.php\/wp-json\/wp\/v2\/types\/post"}],"author":[{"embeddable":true,"href":"https:\/\/batijournal.com\/index.php\/wp-json\/wp\/v2\/users\/1"}],"replies":[{"embeddable":true,"href":"https:\/\/batijournal.com\/index.php\/wp-json\/wp\/v2\/comments?post=71003"}],"version-history":[{"count":0,"href":"https:\/\/batijournal.com\/index.php\/wp-json\/wp\/v2\/posts\/71003\/revisions"}],"wp:attachment":[{"href":"https:\/\/batijournal.com\/index.php\/wp-json\/wp\/v2\/media?parent=71003"}],"wp:term":[{"taxonomy":"category","embeddable":true,"href":"https:\/\/batijournal.com\/index.php\/wp-json\/wp\/v2\/categories?post=71003"},{"taxonomy":"post_tag","embeddable":true,"href":"https:\/\/batijournal.com\/index.php\/wp-json\/wp\/v2\/tags?post=71003"}],"curies":[{"name":"wp","href":"https:\/\/api.w.org\/{rel}","templated":true}]}}