{"id":71025,"date":"2008-09-15T12:07:07","date_gmt":"2008-09-15T10:07:07","guid":{"rendered":"http:\/\/b.bati-journal.com\/formation-etancheite-a-l%c2%92air-dans-les-batiments-bois-a-basse-consommation\/71025"},"modified":"2019-07-15T12:07:44","modified_gmt":"2019-07-15T10:07:44","slug":"formation-etancheite-a-l%c2%92air-dans-les-batiments-bois-a-basse-consommation","status":"publish","type":"post","link":"https:\/\/batijournal.com\/index.php\/formation-etancheite-a-l%c2%92air-dans-les-batiments-bois-a-basse-consommation\/71025\/","title":{"rendered":"Formation \u00ab\u00a0Etanch\u00e9it\u00e9 \u00e0 l\u0092&rsquo;air dans les b\u00e2timents bois \u00e0 basse consommation\u00a0\u00bb"},"content":{"rendered":"<p>La soci\u00e9t\u00e9 \u00a0Wigwam (44), sp\u00e9cialis\u00e9e dans le conseil sur les b\u00e2timents \u00e0 faible impact environnemental et sanitaire, organise deux sessions de formation sur l&rsquo;\u00e9tanch\u00e9it\u00e9 \u00e0 l&rsquo;air dans les b\u00e2timents bois \u00e0 basse consommation : les 7 et 8 octobre, et les 18 et 19 d\u00e9cembre, \u00e0 Suc\u00e9-sur-Erdre, pr\u00e8s de Nantes. La ma\u00eetrise de l&rsquo;\u0092\u00e9tanch\u00e9it\u00e9 \u00e0 l\u0092&rsquo;air est aujourd&rsquo;\u0092hui indispensable pour construire des b\u00e2timents performants d\u0092un point de vue \u00e9nerg\u00e9tique et environnemental, sains et confortables. Les formations sont con\u00e7ues pour marier la th\u00e9orie \u00e0 la m\u00e9thodologie et \u00e0 la pratique : travail sur maquette, d\u00e9monstration sur chantier, etc. Elles permettent \u00e9galement l\u0092&rsquo;\u00e9change entre les diff\u00e9rents professionnels du b\u00e2timent et s\u0092&rsquo;adressent aux architectes, ma\u00eetres d&rsquo;\u009coeuvre, charpentiers, menuisiers, \u00e9lectriciens&#8230; Renseignements : Delphine Saint-Quentin au 02 40 50 30 04<\/p>\n","protected":false},"excerpt":{"rendered":"<p>La soci\u00e9t\u00e9 \u00a0Wigwam (44), sp\u00e9cialis\u00e9e dans le conseil sur les b\u00e2timents \u00e0 faible impact environnemental et sanitaire, organise deux sessions de formation sur l&rsquo;\u00e9tanch\u00e9it\u00e9 \u00e0 l&rsquo;air dans les b\u00e2timents bois \u00e0 basse consommation : les 7 et 8 octobre, et les 18 et 19 d\u00e9cembre, \u00e0 Suc\u00e9-sur-Erdre, pr\u00e8s de Nantes. La ma\u00eetrise de l&rsquo;\u0092\u00e9tanch\u00e9it\u00e9 \u00e0 [&hellip;]<\/p>\n","protected":false},"author":1,"featured_media":71026,"comment_status":"open","ping_status":"closed","sticky":false,"template":"","format":"standard","meta":{"_et_pb_use_builder":"","_et_pb_old_content":"","_et_gb_content_width":"","footnotes":""},"categories":[6345],"tags":[393,517],"class_list":["post-71025","post","type-post","status-publish","format-standard","has-post-thumbnail","hentry","category-economie-marches","tag-etancheite-2","tag-formation"],"yoast_head":"<!-- This site is optimized with the Yoast SEO plugin v27.4 - https:\/\/yoast.com\/product\/yoast-seo-wordpress\/ -->\n<title>Formation &quot;Etanch\u00e9it\u00e9 \u00e0 l\u0092&#039;air dans les b\u00e2timents bois \u00e0 basse consommation&quot;<\/title>\n<meta name=\"robots\" content=\"index, follow, max-snippet:-1, max-image-preview:large, max-video-preview:-1\" \/>\n<link rel=\"canonical\" href=\"https:\/\/batijournal.com\/index.php\/formation-etancheite-a-l\u0092air-dans-les-batiments-bois-a-basse-consommation\/71025\/\" \/>\n<meta property=\"og:locale\" content=\"fr_FR\" \/>\n<meta property=\"og:type\" content=\"article\" \/>\n<meta property=\"og:title\" content=\"Formation &quot;Etanch\u00e9it\u00e9 \u00e0 l\u0092&#039;air dans les b\u00e2timents bois \u00e0 basse consommation&quot;\" \/>\n<meta property=\"og:description\" content=\"La soci\u00e9t\u00e9 \u00a0Wigwam (44), sp\u00e9cialis\u00e9e dans le conseil sur les b\u00e2timents \u00e0 faible impact environnemental et sanitaire, organise deux sessions de formation sur l&rsquo;\u00e9tanch\u00e9it\u00e9 \u00e0 l&rsquo;air dans les b\u00e2timents bois \u00e0 basse consommation : les 7 et 8 octobre, et les 18 et 19 d\u00e9cembre, \u00e0 Suc\u00e9-sur-Erdre, pr\u00e8s de Nantes. La ma\u00eetrise de l&rsquo;\u0092\u00e9tanch\u00e9it\u00e9 \u00e0 [&hellip;]\" \/>\n<meta property=\"og:url\" content=\"https:\/\/batijournal.com\/index.php\/formation-etancheite-a-l\u0092air-dans-les-batiments-bois-a-basse-consommation\/71025\/\" \/>\n<meta property=\"og:site_name\" content=\"Batijournal\" \/>\n<meta property=\"article:published_time\" content=\"2008-09-15T10:07:07+00:00\" \/>\n<meta property=\"article:modified_time\" content=\"2019-07-15T10:07:44+00:00\" \/>\n<meta property=\"og:image\" content=\"https:\/\/batijournal.com\/wp-content\/uploads\/2015\/03\/00755645.jpg\" \/>\n\t<meta property=\"og:image:width\" content=\"599\" \/>\n\t<meta property=\"og:image:height\" content=\"399\" \/>\n\t<meta property=\"og:image:type\" content=\"image\/jpeg\" \/>\n<meta name=\"author\" content=\"Bati-journal\" \/>\n<meta name=\"twitter:card\" content=\"summary_large_image\" \/>\n<meta name=\"twitter:creator\" content=\"@bati_journal\" \/>\n<meta name=\"twitter:site\" content=\"@bati_journal\" \/>\n<meta name=\"twitter:label1\" content=\"\u00c9crit par\" \/>\n\t<meta name=\"twitter:data1\" content=\"Bati-journal\" \/>\n\t<meta name=\"twitter:label2\" content=\"Dur\u00e9e de lecture estim\u00e9e\" \/>\n\t<meta name=\"twitter:data2\" content=\"1 minute\" \/>\n<script type=\"application\/ld+json\" class=\"yoast-schema-graph\">{\"@context\":\"https:\\\/\\\/schema.org\",\"@graph\":[{\"@type\":\"Article\",\"@id\":\"https:\\\/\\\/batijournal.com\\\/index.php\\\/formation-etancheite-a-l%c2%92air-dans-les-batiments-bois-a-basse-consommation\\\/71025\\\/#article\",\"isPartOf\":{\"@id\":\"https:\\\/\\\/batijournal.com\\\/index.php\\\/formation-etancheite-a-l%c2%92air-dans-les-batiments-bois-a-basse-consommation\\\/71025\\\/\"},\"author\":{\"name\":\"Bati-journal\",\"@id\":\"https:\\\/\\\/batijournal.com\\\/#\\\/schema\\\/person\\\/6a657e8967569e1b299972574848aa76\"},\"headline\":\"Formation \u00ab\u00a0Etanch\u00e9it\u00e9 \u00e0 l\u0092&rsquo;air dans les b\u00e2timents bois \u00e0 basse consommation\u00a0\u00bb\",\"datePublished\":\"2008-09-15T10:07:07+00:00\",\"dateModified\":\"2019-07-15T10:07:44+00:00\",\"mainEntityOfPage\":{\"@id\":\"https:\\\/\\\/batijournal.com\\\/index.php\\\/formation-etancheite-a-l%c2%92air-dans-les-batiments-bois-a-basse-consommation\\\/71025\\\/\"},\"wordCount\":147,\"commentCount\":0,\"image\":{\"@id\":\"https:\\\/\\\/batijournal.com\\\/index.php\\\/formation-etancheite-a-l%c2%92air-dans-les-batiments-bois-a-basse-consommation\\\/71025\\\/#primaryimage\"},\"thumbnailUrl\":\"https:\\\/\\\/batijournal.com\\\/wp-content\\\/uploads\\\/2015\\\/03\\\/00755645.jpg\",\"keywords\":[\"\u00e9tanch\u00e9it\u00e9\",\"formation\"],\"articleSection\":[\"\u00c9conomie &amp; March\u00e9s\"],\"inLanguage\":\"fr-FR\",\"potentialAction\":[{\"@type\":\"CommentAction\",\"name\":\"Comment\",\"target\":[\"https:\\\/\\\/batijournal.com\\\/index.php\\\/formation-etancheite-a-l%c2%92air-dans-les-batiments-bois-a-basse-consommation\\\/71025\\\/#respond\"]}]},{\"@type\":\"WebPage\",\"@id\":\"https:\\\/\\\/batijournal.com\\\/index.php\\\/formation-etancheite-a-l%c2%92air-dans-les-batiments-bois-a-basse-consommation\\\/71025\\\/\",\"url\":\"https:\\\/\\\/batijournal.com\\\/index.php\\\/formation-etancheite-a-l%c2%92air-dans-les-batiments-bois-a-basse-consommation\\\/71025\\\/\",\"name\":\"Formation \\\"Etanch\u00e9it\u00e9 \u00e0 l\u0092'air dans les b\u00e2timents bois \u00e0 basse consommation\\\"\",\"isPartOf\":{\"@id\":\"https:\\\/\\\/batijournal.com\\\/#website\"},\"primaryImageOfPage\":{\"@id\":\"https:\\\/\\\/batijournal.com\\\/index.php\\\/formation-etancheite-a-l%c2%92air-dans-les-batiments-bois-a-basse-consommation\\\/71025\\\/#primaryimage\"},\"image\":{\"@id\":\"https:\\\/\\\/batijournal.com\\\/index.php\\\/formation-etancheite-a-l%c2%92air-dans-les-batiments-bois-a-basse-consommation\\\/71025\\\/#primaryimage\"},\"thumbnailUrl\":\"https:\\\/\\\/batijournal.com\\\/wp-content\\\/uploads\\\/2015\\\/03\\\/00755645.jpg\",\"datePublished\":\"2008-09-15T10:07:07+00:00\",\"dateModified\":\"2019-07-15T10:07:44+00:00\",\"author\":{\"@id\":\"https:\\\/\\\/batijournal.com\\\/#\\\/schema\\\/person\\\/6a657e8967569e1b299972574848aa76\"},\"breadcrumb\":{\"@id\":\"https:\\\/\\\/batijournal.com\\\/index.php\\\/formation-etancheite-a-l%c2%92air-dans-les-batiments-bois-a-basse-consommation\\\/71025\\\/#breadcrumb\"},\"inLanguage\":\"fr-FR\",\"potentialAction\":[{\"@type\":\"ReadAction\",\"target\":[\"https:\\\/\\\/batijournal.com\\\/index.php\\\/formation-etancheite-a-l%c2%92air-dans-les-batiments-bois-a-basse-consommation\\\/71025\\\/\"]}]},{\"@type\":\"ImageObject\",\"inLanguage\":\"fr-FR\",\"@id\":\"https:\\\/\\\/batijournal.com\\\/index.php\\\/formation-etancheite-a-l%c2%92air-dans-les-batiments-bois-a-basse-consommation\\\/71025\\\/#primaryimage\",\"url\":\"https:\\\/\\\/batijournal.com\\\/wp-content\\\/uploads\\\/2015\\\/03\\\/00755645.jpg\",\"contentUrl\":\"https:\\\/\\\/batijournal.com\\\/wp-content\\\/uploads\\\/2015\\\/03\\\/00755645.jpg\",\"width\":599,\"height\":399},{\"@type\":\"BreadcrumbList\",\"@id\":\"https:\\\/\\\/batijournal.com\\\/index.php\\\/formation-etancheite-a-l%c2%92air-dans-les-batiments-bois-a-basse-consommation\\\/71025\\\/#breadcrumb\",\"itemListElement\":[{\"@type\":\"ListItem\",\"position\":1,\"name\":\"Accueil\",\"item\":\"https:\\\/\\\/batijournal.com\\\/\"},{\"@type\":\"ListItem\",\"position\":2,\"name\":\"Actualit\u00e9s\",\"item\":\"https:\\\/\\\/batijournal.com\\\/index.php\\\/category\\\/actualites\\\/\"},{\"@type\":\"ListItem\",\"position\":3,\"name\":\"\u00c9conomie &amp; March\u00e9s\",\"item\":\"https:\\\/\\\/batijournal.com\\\/index.php\\\/category\\\/actualites\\\/economie-marches\\\/\"},{\"@type\":\"ListItem\",\"position\":4,\"name\":\"Formation \u00ab\u00a0Etanch\u00e9it\u00e9 \u00e0 l\u0092&rsquo;air dans les b\u00e2timents bois \u00e0 basse consommation\u00a0\u00bb\"}]},{\"@type\":\"WebSite\",\"@id\":\"https:\\\/\\\/batijournal.com\\\/#website\",\"url\":\"https:\\\/\\\/batijournal.com\\\/\",\"name\":\"Batijournal\",\"description\":\"L&#039;actualit\u00e9 du b\u00e2timent\",\"potentialAction\":[{\"@type\":\"SearchAction\",\"target\":{\"@type\":\"EntryPoint\",\"urlTemplate\":\"https:\\\/\\\/batijournal.com\\\/?s={search_term_string}\"},\"query-input\":{\"@type\":\"PropertyValueSpecification\",\"valueRequired\":true,\"valueName\":\"search_term_string\"}}],\"inLanguage\":\"fr-FR\"},{\"@type\":\"Person\",\"@id\":\"https:\\\/\\\/batijournal.com\\\/#\\\/schema\\\/person\\\/6a657e8967569e1b299972574848aa76\",\"name\":\"Bati-journal\",\"image\":{\"@type\":\"ImageObject\",\"inLanguage\":\"fr-FR\",\"@id\":\"https:\\\/\\\/secure.gravatar.com\\\/avatar\\\/a64364ea26392f9b4dd47e017ddaec74ff03aefc073b49e492e847201258f777?s=96&d=mm&r=g\",\"url\":\"https:\\\/\\\/secure.gravatar.com\\\/avatar\\\/a64364ea26392f9b4dd47e017ddaec74ff03aefc073b49e492e847201258f777?s=96&d=mm&r=g\",\"contentUrl\":\"https:\\\/\\\/secure.gravatar.com\\\/avatar\\\/a64364ea26392f9b4dd47e017ddaec74ff03aefc073b49e492e847201258f777?s=96&d=mm&r=g\",\"caption\":\"Bati-journal\"},\"url\":\"https:\\\/\\\/batijournal.com\\\/index.php\\\/author\\\/elodie\\\/\"}]}<\/script>\n<!-- \/ Yoast SEO plugin. -->","yoast_head_json":{"title":"Formation \"Etanch\u00e9it\u00e9 \u00e0 l\u0092'air dans les b\u00e2timents bois \u00e0 basse consommation\"","robots":{"index":"index","follow":"follow","max-snippet":"max-snippet:-1","max-image-preview":"max-image-preview:large","max-video-preview":"max-video-preview:-1"},"canonical":"https:\/\/batijournal.com\/index.php\/formation-etancheite-a-l\u0092air-dans-les-batiments-bois-a-basse-consommation\/71025\/","og_locale":"fr_FR","og_type":"article","og_title":"Formation \"Etanch\u00e9it\u00e9 \u00e0 l\u0092'air dans les b\u00e2timents bois \u00e0 basse consommation\"","og_description":"La soci\u00e9t\u00e9 \u00a0Wigwam (44), sp\u00e9cialis\u00e9e dans le conseil sur les b\u00e2timents \u00e0 faible impact environnemental et sanitaire, organise deux sessions de formation sur l&rsquo;\u00e9tanch\u00e9it\u00e9 \u00e0 l&rsquo;air dans les b\u00e2timents bois \u00e0 basse consommation : les 7 et 8 octobre, et les 18 et 19 d\u00e9cembre, \u00e0 Suc\u00e9-sur-Erdre, pr\u00e8s de Nantes. La ma\u00eetrise de l&rsquo;\u0092\u00e9tanch\u00e9it\u00e9 \u00e0 [&hellip;]","og_url":"https:\/\/batijournal.com\/index.php\/formation-etancheite-a-l\u0092air-dans-les-batiments-bois-a-basse-consommation\/71025\/","og_site_name":"Batijournal","article_published_time":"2008-09-15T10:07:07+00:00","article_modified_time":"2019-07-15T10:07:44+00:00","og_image":[{"width":599,"height":399,"url":"https:\/\/batijournal.com\/wp-content\/uploads\/2015\/03\/00755645.jpg","type":"image\/jpeg"}],"author":"Bati-journal","twitter_card":"summary_large_image","twitter_creator":"@bati_journal","twitter_site":"@bati_journal","twitter_misc":{"\u00c9crit par":"Bati-journal","Dur\u00e9e de lecture estim\u00e9e":"1 minute"},"schema":{"@context":"https:\/\/schema.org","@graph":[{"@type":"Article","@id":"https:\/\/batijournal.com\/index.php\/formation-etancheite-a-l%c2%92air-dans-les-batiments-bois-a-basse-consommation\/71025\/#article","isPartOf":{"@id":"https:\/\/batijournal.com\/index.php\/formation-etancheite-a-l%c2%92air-dans-les-batiments-bois-a-basse-consommation\/71025\/"},"author":{"name":"Bati-journal","@id":"https:\/\/batijournal.com\/#\/schema\/person\/6a657e8967569e1b299972574848aa76"},"headline":"Formation \u00ab\u00a0Etanch\u00e9it\u00e9 \u00e0 l\u0092&rsquo;air dans les b\u00e2timents bois \u00e0 basse consommation\u00a0\u00bb","datePublished":"2008-09-15T10:07:07+00:00","dateModified":"2019-07-15T10:07:44+00:00","mainEntityOfPage":{"@id":"https:\/\/batijournal.com\/index.php\/formation-etancheite-a-l%c2%92air-dans-les-batiments-bois-a-basse-consommation\/71025\/"},"wordCount":147,"commentCount":0,"image":{"@id":"https:\/\/batijournal.com\/index.php\/formation-etancheite-a-l%c2%92air-dans-les-batiments-bois-a-basse-consommation\/71025\/#primaryimage"},"thumbnailUrl":"https:\/\/batijournal.com\/wp-content\/uploads\/2015\/03\/00755645.jpg","keywords":["\u00e9tanch\u00e9it\u00e9","formation"],"articleSection":["\u00c9conomie &amp; March\u00e9s"],"inLanguage":"fr-FR","potentialAction":[{"@type":"CommentAction","name":"Comment","target":["https:\/\/batijournal.com\/index.php\/formation-etancheite-a-l%c2%92air-dans-les-batiments-bois-a-basse-consommation\/71025\/#respond"]}]},{"@type":"WebPage","@id":"https:\/\/batijournal.com\/index.php\/formation-etancheite-a-l%c2%92air-dans-les-batiments-bois-a-basse-consommation\/71025\/","url":"https:\/\/batijournal.com\/index.php\/formation-etancheite-a-l%c2%92air-dans-les-batiments-bois-a-basse-consommation\/71025\/","name":"Formation \"Etanch\u00e9it\u00e9 \u00e0 l\u0092'air dans les b\u00e2timents bois \u00e0 basse consommation\"","isPartOf":{"@id":"https:\/\/batijournal.com\/#website"},"primaryImageOfPage":{"@id":"https:\/\/batijournal.com\/index.php\/formation-etancheite-a-l%c2%92air-dans-les-batiments-bois-a-basse-consommation\/71025\/#primaryimage"},"image":{"@id":"https:\/\/batijournal.com\/index.php\/formation-etancheite-a-l%c2%92air-dans-les-batiments-bois-a-basse-consommation\/71025\/#primaryimage"},"thumbnailUrl":"https:\/\/batijournal.com\/wp-content\/uploads\/2015\/03\/00755645.jpg","datePublished":"2008-09-15T10:07:07+00:00","dateModified":"2019-07-15T10:07:44+00:00","author":{"@id":"https:\/\/batijournal.com\/#\/schema\/person\/6a657e8967569e1b299972574848aa76"},"breadcrumb":{"@id":"https:\/\/batijournal.com\/index.php\/formation-etancheite-a-l%c2%92air-dans-les-batiments-bois-a-basse-consommation\/71025\/#breadcrumb"},"inLanguage":"fr-FR","potentialAction":[{"@type":"ReadAction","target":["https:\/\/batijournal.com\/index.php\/formation-etancheite-a-l%c2%92air-dans-les-batiments-bois-a-basse-consommation\/71025\/"]}]},{"@type":"ImageObject","inLanguage":"fr-FR","@id":"https:\/\/batijournal.com\/index.php\/formation-etancheite-a-l%c2%92air-dans-les-batiments-bois-a-basse-consommation\/71025\/#primaryimage","url":"https:\/\/batijournal.com\/wp-content\/uploads\/2015\/03\/00755645.jpg","contentUrl":"https:\/\/batijournal.com\/wp-content\/uploads\/2015\/03\/00755645.jpg","width":599,"height":399},{"@type":"BreadcrumbList","@id":"https:\/\/batijournal.com\/index.php\/formation-etancheite-a-l%c2%92air-dans-les-batiments-bois-a-basse-consommation\/71025\/#breadcrumb","itemListElement":[{"@type":"ListItem","position":1,"name":"Accueil","item":"https:\/\/batijournal.com\/"},{"@type":"ListItem","position":2,"name":"Actualit\u00e9s","item":"https:\/\/batijournal.com\/index.php\/category\/actualites\/"},{"@type":"ListItem","position":3,"name":"\u00c9conomie &amp; March\u00e9s","item":"https:\/\/batijournal.com\/index.php\/category\/actualites\/economie-marches\/"},{"@type":"ListItem","position":4,"name":"Formation \u00ab\u00a0Etanch\u00e9it\u00e9 \u00e0 l\u0092&rsquo;air dans les b\u00e2timents bois \u00e0 basse consommation\u00a0\u00bb"}]},{"@type":"WebSite","@id":"https:\/\/batijournal.com\/#website","url":"https:\/\/batijournal.com\/","name":"Batijournal","description":"L&#039;actualit\u00e9 du b\u00e2timent","potentialAction":[{"@type":"SearchAction","target":{"@type":"EntryPoint","urlTemplate":"https:\/\/batijournal.com\/?s={search_term_string}"},"query-input":{"@type":"PropertyValueSpecification","valueRequired":true,"valueName":"search_term_string"}}],"inLanguage":"fr-FR"},{"@type":"Person","@id":"https:\/\/batijournal.com\/#\/schema\/person\/6a657e8967569e1b299972574848aa76","name":"Bati-journal","image":{"@type":"ImageObject","inLanguage":"fr-FR","@id":"https:\/\/secure.gravatar.com\/avatar\/a64364ea26392f9b4dd47e017ddaec74ff03aefc073b49e492e847201258f777?s=96&d=mm&r=g","url":"https:\/\/secure.gravatar.com\/avatar\/a64364ea26392f9b4dd47e017ddaec74ff03aefc073b49e492e847201258f777?s=96&d=mm&r=g","contentUrl":"https:\/\/secure.gravatar.com\/avatar\/a64364ea26392f9b4dd47e017ddaec74ff03aefc073b49e492e847201258f777?s=96&d=mm&r=g","caption":"Bati-journal"},"url":"https:\/\/batijournal.com\/index.php\/author\/elodie\/"}]}},"_links":{"self":[{"href":"https:\/\/batijournal.com\/index.php\/wp-json\/wp\/v2\/posts\/71025","targetHints":{"allow":["GET"]}}],"collection":[{"href":"https:\/\/batijournal.com\/index.php\/wp-json\/wp\/v2\/posts"}],"about":[{"href":"https:\/\/batijournal.com\/index.php\/wp-json\/wp\/v2\/types\/post"}],"author":[{"embeddable":true,"href":"https:\/\/batijournal.com\/index.php\/wp-json\/wp\/v2\/users\/1"}],"replies":[{"embeddable":true,"href":"https:\/\/batijournal.com\/index.php\/wp-json\/wp\/v2\/comments?post=71025"}],"version-history":[{"count":0,"href":"https:\/\/batijournal.com\/index.php\/wp-json\/wp\/v2\/posts\/71025\/revisions"}],"wp:featuredmedia":[{"embeddable":true,"href":"https:\/\/batijournal.com\/index.php\/wp-json\/wp\/v2\/media\/71026"}],"wp:attachment":[{"href":"https:\/\/batijournal.com\/index.php\/wp-json\/wp\/v2\/media?parent=71025"}],"wp:term":[{"taxonomy":"category","embeddable":true,"href":"https:\/\/batijournal.com\/index.php\/wp-json\/wp\/v2\/categories?post=71025"},{"taxonomy":"post_tag","embeddable":true,"href":"https:\/\/batijournal.com\/index.php\/wp-json\/wp\/v2\/tags?post=71025"}],"curies":[{"name":"wp","href":"https:\/\/api.w.org\/{rel}","templated":true}]}}