{"id":71032,"date":"2008-12-08T16:25:03","date_gmt":"2008-12-08T15:25:03","guid":{"rendered":"http:\/\/b.bati-journal.com\/formations-aux-energies-renouvelables-pour-les-jeunes-picards\/71032"},"modified":"2019-07-15T12:07:43","modified_gmt":"2019-07-15T10:07:43","slug":"formations-aux-energies-renouvelables-pour-les-jeunes-picards","status":"publish","type":"post","link":"https:\/\/batijournal.com\/index.php\/formations-aux-energies-renouvelables-pour-les-jeunes-picards\/71032\/","title":{"rendered":"Formations aux \u00e9nergies renouvelables pour les jeunes Picards"},"content":{"rendered":"<p>D\u00e8s l&rsquo;ann\u00e9e scolaire 2006-2007, les jeunes pr\u00e9parant un dipl\u00f4me de chauffagiste ainsi que les jeunes en formation \u201ccouverture\u201c ont pu suivre un module de formation sur l\u0092&rsquo;installation de chauffe-eau solaires individuels (CESI) dans trois centres de formation d&rsquo;\u0092apprentis-CFA et trois lyc\u00e9es professionnels de Picardie. Une seconde phase est amorc\u00e9e pour int\u00e9grer \u00e0 ces cursus la ma\u00eetrise de l\u0092&rsquo;\u00e9nergie dans le b\u00e2timent, et une formation sur les installations photovolta\u00efques et la ma\u00eetrise de l&rsquo;\u0092\u00e9nergie dans le b\u00e2timent (isolation, \u00e9clairage, MDE) sera propos\u00e9e \u00e9galement \u00e0 29 enseignants qui forment des jeunes \u00e9lectriciens et couvreurs sur neuf \u00e9tablissements picards au cours de l&rsquo;\u0092ann\u00e9e 2009. Pr\u00e8s de 70 enseignants et onze \u00e9tablissements de formation initiale de la r\u00e9gion sont d\u00e9sormais concern\u00e9s par ce programme lanc\u00e9 par l&rsquo;\u0092ADEME Picardie en partenariat avec le conseil r\u00e9gional et le rectorat de l\u0092&rsquo;acad\u00e9mie d\u0092&rsquo;Amiens. Plus de 600 jeunes seront form\u00e9s \u00e0 la pose d\u0092un chauffe-eau solaire individuel (CESI) d\u0092ici 2009.<\/p>\n","protected":false},"excerpt":{"rendered":"<p>D\u00e8s l&rsquo;ann\u00e9e scolaire 2006-2007, les jeunes pr\u00e9parant un dipl\u00f4me de chauffagiste ainsi que les jeunes en formation \u201ccouverture\u201c ont pu suivre un module de formation sur l\u0092&rsquo;installation de chauffe-eau solaires individuels (CESI) dans trois centres de formation d&rsquo;\u0092apprentis-CFA et trois lyc\u00e9es professionnels de Picardie. Une seconde phase est amorc\u00e9e pour int\u00e9grer \u00e0 ces cursus la [&hellip;]<\/p>\n","protected":false},"author":1,"featured_media":71033,"comment_status":"open","ping_status":"closed","sticky":false,"template":"","format":"standard","meta":{"_et_pb_use_builder":"","_et_pb_old_content":"","_et_gb_content_width":"","footnotes":""},"categories":[6345],"tags":[1628,517,3998],"class_list":["post-71032","post","type-post","status-publish","format-standard","has-post-thumbnail","hentry","category-economie-marches","tag-energies-renouvelables","tag-formation","tag-picardie"],"yoast_head":"<!-- This site is optimized with the Yoast SEO plugin v27.4 - https:\/\/yoast.com\/product\/yoast-seo-wordpress\/ -->\n<title>Formations aux \u00e9nergies renouvelables pour les jeunes Picards<\/title>\n<meta name=\"robots\" content=\"index, follow, max-snippet:-1, max-image-preview:large, max-video-preview:-1\" \/>\n<link rel=\"canonical\" href=\"https:\/\/batijournal.com\/index.php\/formations-aux-energies-renouvelables-pour-les-jeunes-picards\/71032\/\" \/>\n<meta property=\"og:locale\" content=\"fr_FR\" \/>\n<meta property=\"og:type\" content=\"article\" \/>\n<meta property=\"og:title\" content=\"Formations aux \u00e9nergies renouvelables pour les jeunes Picards\" \/>\n<meta property=\"og:description\" content=\"D\u00e8s l&rsquo;ann\u00e9e scolaire 2006-2007, les jeunes pr\u00e9parant un dipl\u00f4me de chauffagiste ainsi que les jeunes en formation \u201ccouverture\u201c ont pu suivre un module de formation sur l\u0092&rsquo;installation de chauffe-eau solaires individuels (CESI) dans trois centres de formation d&rsquo;\u0092apprentis-CFA et trois lyc\u00e9es professionnels de Picardie. Une seconde phase est amorc\u00e9e pour int\u00e9grer \u00e0 ces cursus la [&hellip;]\" \/>\n<meta property=\"og:url\" content=\"https:\/\/batijournal.com\/index.php\/formations-aux-energies-renouvelables-pour-les-jeunes-picards\/71032\/\" \/>\n<meta property=\"og:site_name\" content=\"Batijournal\" \/>\n<meta property=\"article:published_time\" content=\"2008-12-08T15:25:03+00:00\" \/>\n<meta property=\"article:modified_time\" content=\"2019-07-15T10:07:43+00:00\" \/>\n<meta property=\"og:image\" content=\"https:\/\/batijournal.com\/wp-content\/uploads\/2015\/03\/01636070.jpg\" \/>\n\t<meta property=\"og:image:width\" content=\"600\" \/>\n\t<meta property=\"og:image:height\" content=\"450\" \/>\n\t<meta property=\"og:image:type\" content=\"image\/jpeg\" \/>\n<meta name=\"author\" content=\"Bati-journal\" \/>\n<meta name=\"twitter:card\" content=\"summary_large_image\" \/>\n<meta name=\"twitter:creator\" content=\"@bati_journal\" \/>\n<meta name=\"twitter:site\" content=\"@bati_journal\" \/>\n<meta name=\"twitter:label1\" content=\"\u00c9crit par\" \/>\n\t<meta name=\"twitter:data1\" content=\"Bati-journal\" \/>\n\t<meta name=\"twitter:label2\" content=\"Dur\u00e9e de lecture estim\u00e9e\" \/>\n\t<meta name=\"twitter:data2\" content=\"1 minute\" \/>\n<script type=\"application\/ld+json\" class=\"yoast-schema-graph\">{\"@context\":\"https:\\\/\\\/schema.org\",\"@graph\":[{\"@type\":\"Article\",\"@id\":\"https:\\\/\\\/batijournal.com\\\/index.php\\\/formations-aux-energies-renouvelables-pour-les-jeunes-picards\\\/71032\\\/#article\",\"isPartOf\":{\"@id\":\"https:\\\/\\\/batijournal.com\\\/index.php\\\/formations-aux-energies-renouvelables-pour-les-jeunes-picards\\\/71032\\\/\"},\"author\":{\"name\":\"Bati-journal\",\"@id\":\"https:\\\/\\\/batijournal.com\\\/#\\\/schema\\\/person\\\/6a657e8967569e1b299972574848aa76\"},\"headline\":\"Formations aux \u00e9nergies renouvelables pour les jeunes Picards\",\"datePublished\":\"2008-12-08T15:25:03+00:00\",\"dateModified\":\"2019-07-15T10:07:43+00:00\",\"mainEntityOfPage\":{\"@id\":\"https:\\\/\\\/batijournal.com\\\/index.php\\\/formations-aux-energies-renouvelables-pour-les-jeunes-picards\\\/71032\\\/\"},\"wordCount\":184,\"commentCount\":0,\"image\":{\"@id\":\"https:\\\/\\\/batijournal.com\\\/index.php\\\/formations-aux-energies-renouvelables-pour-les-jeunes-picards\\\/71032\\\/#primaryimage\"},\"thumbnailUrl\":\"https:\\\/\\\/batijournal.com\\\/wp-content\\\/uploads\\\/2015\\\/03\\\/01636070.jpg\",\"keywords\":[\"\u00e9nergies renouvelables\",\"formation\",\"Picardie\"],\"articleSection\":[\"\u00c9conomie &amp; March\u00e9s\"],\"inLanguage\":\"fr-FR\",\"potentialAction\":[{\"@type\":\"CommentAction\",\"name\":\"Comment\",\"target\":[\"https:\\\/\\\/batijournal.com\\\/index.php\\\/formations-aux-energies-renouvelables-pour-les-jeunes-picards\\\/71032\\\/#respond\"]}]},{\"@type\":\"WebPage\",\"@id\":\"https:\\\/\\\/batijournal.com\\\/index.php\\\/formations-aux-energies-renouvelables-pour-les-jeunes-picards\\\/71032\\\/\",\"url\":\"https:\\\/\\\/batijournal.com\\\/index.php\\\/formations-aux-energies-renouvelables-pour-les-jeunes-picards\\\/71032\\\/\",\"name\":\"Formations aux \u00e9nergies renouvelables pour les jeunes Picards\",\"isPartOf\":{\"@id\":\"https:\\\/\\\/batijournal.com\\\/#website\"},\"primaryImageOfPage\":{\"@id\":\"https:\\\/\\\/batijournal.com\\\/index.php\\\/formations-aux-energies-renouvelables-pour-les-jeunes-picards\\\/71032\\\/#primaryimage\"},\"image\":{\"@id\":\"https:\\\/\\\/batijournal.com\\\/index.php\\\/formations-aux-energies-renouvelables-pour-les-jeunes-picards\\\/71032\\\/#primaryimage\"},\"thumbnailUrl\":\"https:\\\/\\\/batijournal.com\\\/wp-content\\\/uploads\\\/2015\\\/03\\\/01636070.jpg\",\"datePublished\":\"2008-12-08T15:25:03+00:00\",\"dateModified\":\"2019-07-15T10:07:43+00:00\",\"author\":{\"@id\":\"https:\\\/\\\/batijournal.com\\\/#\\\/schema\\\/person\\\/6a657e8967569e1b299972574848aa76\"},\"breadcrumb\":{\"@id\":\"https:\\\/\\\/batijournal.com\\\/index.php\\\/formations-aux-energies-renouvelables-pour-les-jeunes-picards\\\/71032\\\/#breadcrumb\"},\"inLanguage\":\"fr-FR\",\"potentialAction\":[{\"@type\":\"ReadAction\",\"target\":[\"https:\\\/\\\/batijournal.com\\\/index.php\\\/formations-aux-energies-renouvelables-pour-les-jeunes-picards\\\/71032\\\/\"]}]},{\"@type\":\"ImageObject\",\"inLanguage\":\"fr-FR\",\"@id\":\"https:\\\/\\\/batijournal.com\\\/index.php\\\/formations-aux-energies-renouvelables-pour-les-jeunes-picards\\\/71032\\\/#primaryimage\",\"url\":\"https:\\\/\\\/batijournal.com\\\/wp-content\\\/uploads\\\/2015\\\/03\\\/01636070.jpg\",\"contentUrl\":\"https:\\\/\\\/batijournal.com\\\/wp-content\\\/uploads\\\/2015\\\/03\\\/01636070.jpg\",\"width\":600,\"height\":450},{\"@type\":\"BreadcrumbList\",\"@id\":\"https:\\\/\\\/batijournal.com\\\/index.php\\\/formations-aux-energies-renouvelables-pour-les-jeunes-picards\\\/71032\\\/#breadcrumb\",\"itemListElement\":[{\"@type\":\"ListItem\",\"position\":1,\"name\":\"Accueil\",\"item\":\"https:\\\/\\\/batijournal.com\\\/\"},{\"@type\":\"ListItem\",\"position\":2,\"name\":\"Actualit\u00e9s\",\"item\":\"https:\\\/\\\/batijournal.com\\\/index.php\\\/category\\\/actualites\\\/\"},{\"@type\":\"ListItem\",\"position\":3,\"name\":\"\u00c9conomie &amp; March\u00e9s\",\"item\":\"https:\\\/\\\/batijournal.com\\\/index.php\\\/category\\\/actualites\\\/economie-marches\\\/\"},{\"@type\":\"ListItem\",\"position\":4,\"name\":\"Formations aux \u00e9nergies renouvelables pour les jeunes Picards\"}]},{\"@type\":\"WebSite\",\"@id\":\"https:\\\/\\\/batijournal.com\\\/#website\",\"url\":\"https:\\\/\\\/batijournal.com\\\/\",\"name\":\"Batijournal\",\"description\":\"L&#039;actualit\u00e9 du b\u00e2timent\",\"potentialAction\":[{\"@type\":\"SearchAction\",\"target\":{\"@type\":\"EntryPoint\",\"urlTemplate\":\"https:\\\/\\\/batijournal.com\\\/?s={search_term_string}\"},\"query-input\":{\"@type\":\"PropertyValueSpecification\",\"valueRequired\":true,\"valueName\":\"search_term_string\"}}],\"inLanguage\":\"fr-FR\"},{\"@type\":\"Person\",\"@id\":\"https:\\\/\\\/batijournal.com\\\/#\\\/schema\\\/person\\\/6a657e8967569e1b299972574848aa76\",\"name\":\"Bati-journal\",\"image\":{\"@type\":\"ImageObject\",\"inLanguage\":\"fr-FR\",\"@id\":\"https:\\\/\\\/secure.gravatar.com\\\/avatar\\\/a64364ea26392f9b4dd47e017ddaec74ff03aefc073b49e492e847201258f777?s=96&d=mm&r=g\",\"url\":\"https:\\\/\\\/secure.gravatar.com\\\/avatar\\\/a64364ea26392f9b4dd47e017ddaec74ff03aefc073b49e492e847201258f777?s=96&d=mm&r=g\",\"contentUrl\":\"https:\\\/\\\/secure.gravatar.com\\\/avatar\\\/a64364ea26392f9b4dd47e017ddaec74ff03aefc073b49e492e847201258f777?s=96&d=mm&r=g\",\"caption\":\"Bati-journal\"},\"url\":\"https:\\\/\\\/batijournal.com\\\/index.php\\\/author\\\/elodie\\\/\"}]}<\/script>\n<!-- \/ Yoast SEO plugin. -->","yoast_head_json":{"title":"Formations aux \u00e9nergies renouvelables pour les jeunes Picards","robots":{"index":"index","follow":"follow","max-snippet":"max-snippet:-1","max-image-preview":"max-image-preview:large","max-video-preview":"max-video-preview:-1"},"canonical":"https:\/\/batijournal.com\/index.php\/formations-aux-energies-renouvelables-pour-les-jeunes-picards\/71032\/","og_locale":"fr_FR","og_type":"article","og_title":"Formations aux \u00e9nergies renouvelables pour les jeunes Picards","og_description":"D\u00e8s l&rsquo;ann\u00e9e scolaire 2006-2007, les jeunes pr\u00e9parant un dipl\u00f4me de chauffagiste ainsi que les jeunes en formation \u201ccouverture\u201c ont pu suivre un module de formation sur l\u0092&rsquo;installation de chauffe-eau solaires individuels (CESI) dans trois centres de formation d&rsquo;\u0092apprentis-CFA et trois lyc\u00e9es professionnels de Picardie. Une seconde phase est amorc\u00e9e pour int\u00e9grer \u00e0 ces cursus la [&hellip;]","og_url":"https:\/\/batijournal.com\/index.php\/formations-aux-energies-renouvelables-pour-les-jeunes-picards\/71032\/","og_site_name":"Batijournal","article_published_time":"2008-12-08T15:25:03+00:00","article_modified_time":"2019-07-15T10:07:43+00:00","og_image":[{"width":600,"height":450,"url":"https:\/\/batijournal.com\/wp-content\/uploads\/2015\/03\/01636070.jpg","type":"image\/jpeg"}],"author":"Bati-journal","twitter_card":"summary_large_image","twitter_creator":"@bati_journal","twitter_site":"@bati_journal","twitter_misc":{"\u00c9crit par":"Bati-journal","Dur\u00e9e de lecture estim\u00e9e":"1 minute"},"schema":{"@context":"https:\/\/schema.org","@graph":[{"@type":"Article","@id":"https:\/\/batijournal.com\/index.php\/formations-aux-energies-renouvelables-pour-les-jeunes-picards\/71032\/#article","isPartOf":{"@id":"https:\/\/batijournal.com\/index.php\/formations-aux-energies-renouvelables-pour-les-jeunes-picards\/71032\/"},"author":{"name":"Bati-journal","@id":"https:\/\/batijournal.com\/#\/schema\/person\/6a657e8967569e1b299972574848aa76"},"headline":"Formations aux \u00e9nergies renouvelables pour les jeunes Picards","datePublished":"2008-12-08T15:25:03+00:00","dateModified":"2019-07-15T10:07:43+00:00","mainEntityOfPage":{"@id":"https:\/\/batijournal.com\/index.php\/formations-aux-energies-renouvelables-pour-les-jeunes-picards\/71032\/"},"wordCount":184,"commentCount":0,"image":{"@id":"https:\/\/batijournal.com\/index.php\/formations-aux-energies-renouvelables-pour-les-jeunes-picards\/71032\/#primaryimage"},"thumbnailUrl":"https:\/\/batijournal.com\/wp-content\/uploads\/2015\/03\/01636070.jpg","keywords":["\u00e9nergies renouvelables","formation","Picardie"],"articleSection":["\u00c9conomie &amp; March\u00e9s"],"inLanguage":"fr-FR","potentialAction":[{"@type":"CommentAction","name":"Comment","target":["https:\/\/batijournal.com\/index.php\/formations-aux-energies-renouvelables-pour-les-jeunes-picards\/71032\/#respond"]}]},{"@type":"WebPage","@id":"https:\/\/batijournal.com\/index.php\/formations-aux-energies-renouvelables-pour-les-jeunes-picards\/71032\/","url":"https:\/\/batijournal.com\/index.php\/formations-aux-energies-renouvelables-pour-les-jeunes-picards\/71032\/","name":"Formations aux \u00e9nergies renouvelables pour les jeunes Picards","isPartOf":{"@id":"https:\/\/batijournal.com\/#website"},"primaryImageOfPage":{"@id":"https:\/\/batijournal.com\/index.php\/formations-aux-energies-renouvelables-pour-les-jeunes-picards\/71032\/#primaryimage"},"image":{"@id":"https:\/\/batijournal.com\/index.php\/formations-aux-energies-renouvelables-pour-les-jeunes-picards\/71032\/#primaryimage"},"thumbnailUrl":"https:\/\/batijournal.com\/wp-content\/uploads\/2015\/03\/01636070.jpg","datePublished":"2008-12-08T15:25:03+00:00","dateModified":"2019-07-15T10:07:43+00:00","author":{"@id":"https:\/\/batijournal.com\/#\/schema\/person\/6a657e8967569e1b299972574848aa76"},"breadcrumb":{"@id":"https:\/\/batijournal.com\/index.php\/formations-aux-energies-renouvelables-pour-les-jeunes-picards\/71032\/#breadcrumb"},"inLanguage":"fr-FR","potentialAction":[{"@type":"ReadAction","target":["https:\/\/batijournal.com\/index.php\/formations-aux-energies-renouvelables-pour-les-jeunes-picards\/71032\/"]}]},{"@type":"ImageObject","inLanguage":"fr-FR","@id":"https:\/\/batijournal.com\/index.php\/formations-aux-energies-renouvelables-pour-les-jeunes-picards\/71032\/#primaryimage","url":"https:\/\/batijournal.com\/wp-content\/uploads\/2015\/03\/01636070.jpg","contentUrl":"https:\/\/batijournal.com\/wp-content\/uploads\/2015\/03\/01636070.jpg","width":600,"height":450},{"@type":"BreadcrumbList","@id":"https:\/\/batijournal.com\/index.php\/formations-aux-energies-renouvelables-pour-les-jeunes-picards\/71032\/#breadcrumb","itemListElement":[{"@type":"ListItem","position":1,"name":"Accueil","item":"https:\/\/batijournal.com\/"},{"@type":"ListItem","position":2,"name":"Actualit\u00e9s","item":"https:\/\/batijournal.com\/index.php\/category\/actualites\/"},{"@type":"ListItem","position":3,"name":"\u00c9conomie &amp; March\u00e9s","item":"https:\/\/batijournal.com\/index.php\/category\/actualites\/economie-marches\/"},{"@type":"ListItem","position":4,"name":"Formations aux \u00e9nergies renouvelables pour les jeunes Picards"}]},{"@type":"WebSite","@id":"https:\/\/batijournal.com\/#website","url":"https:\/\/batijournal.com\/","name":"Batijournal","description":"L&#039;actualit\u00e9 du b\u00e2timent","potentialAction":[{"@type":"SearchAction","target":{"@type":"EntryPoint","urlTemplate":"https:\/\/batijournal.com\/?s={search_term_string}"},"query-input":{"@type":"PropertyValueSpecification","valueRequired":true,"valueName":"search_term_string"}}],"inLanguage":"fr-FR"},{"@type":"Person","@id":"https:\/\/batijournal.com\/#\/schema\/person\/6a657e8967569e1b299972574848aa76","name":"Bati-journal","image":{"@type":"ImageObject","inLanguage":"fr-FR","@id":"https:\/\/secure.gravatar.com\/avatar\/a64364ea26392f9b4dd47e017ddaec74ff03aefc073b49e492e847201258f777?s=96&d=mm&r=g","url":"https:\/\/secure.gravatar.com\/avatar\/a64364ea26392f9b4dd47e017ddaec74ff03aefc073b49e492e847201258f777?s=96&d=mm&r=g","contentUrl":"https:\/\/secure.gravatar.com\/avatar\/a64364ea26392f9b4dd47e017ddaec74ff03aefc073b49e492e847201258f777?s=96&d=mm&r=g","caption":"Bati-journal"},"url":"https:\/\/batijournal.com\/index.php\/author\/elodie\/"}]}},"_links":{"self":[{"href":"https:\/\/batijournal.com\/index.php\/wp-json\/wp\/v2\/posts\/71032","targetHints":{"allow":["GET"]}}],"collection":[{"href":"https:\/\/batijournal.com\/index.php\/wp-json\/wp\/v2\/posts"}],"about":[{"href":"https:\/\/batijournal.com\/index.php\/wp-json\/wp\/v2\/types\/post"}],"author":[{"embeddable":true,"href":"https:\/\/batijournal.com\/index.php\/wp-json\/wp\/v2\/users\/1"}],"replies":[{"embeddable":true,"href":"https:\/\/batijournal.com\/index.php\/wp-json\/wp\/v2\/comments?post=71032"}],"version-history":[{"count":0,"href":"https:\/\/batijournal.com\/index.php\/wp-json\/wp\/v2\/posts\/71032\/revisions"}],"wp:featuredmedia":[{"embeddable":true,"href":"https:\/\/batijournal.com\/index.php\/wp-json\/wp\/v2\/media\/71033"}],"wp:attachment":[{"href":"https:\/\/batijournal.com\/index.php\/wp-json\/wp\/v2\/media?parent=71032"}],"wp:term":[{"taxonomy":"category","embeddable":true,"href":"https:\/\/batijournal.com\/index.php\/wp-json\/wp\/v2\/categories?post=71032"},{"taxonomy":"post_tag","embeddable":true,"href":"https:\/\/batijournal.com\/index.php\/wp-json\/wp\/v2\/tags?post=71032"}],"curies":[{"name":"wp","href":"https:\/\/api.w.org\/{rel}","templated":true}]}}